{"id":106150,"date":"2025-10-02T16:59:13","date_gmt":"2025-10-02T16:59:13","guid":{"rendered":"https:\/\/www.africa-press.net\/cotedivoire\/politique\/bictogo-appelle-deputes-a-promouvoir-paix-et-cohesion"},"modified":"2025-10-02T17:46:45","modified_gmt":"2025-10-02T17:46:45","slug":"bictogo-appelle-deputes-a-promouvoir-paix-et-cohesion","status":"publish","type":"post","link":"https:\/\/www.africa-press.net\/cotedivoire\/politique\/bictogo-appelle-deputes-a-promouvoir-paix-et-cohesion","title":{"rendered":"Bictogo Appelle D\u00e9put\u00e9s \u00e0 Promouvoir Paix et Coh\u00e9sion"},"content":{"rendered":"<p><span style=\"color: #ff6600\"><strong>Africa-Press &#8211; C\u00f4te d&rsquo;Ivoire. <\/strong><\/span>L\u2019Assemble\u0301e Nationale de Co\u0302te d\u2019Ivoire a proce\u0301de\u0301, ce mercredi 1er octobre 2025 a\u0300 l\u2019ouverture de sa deuxie\u0300me session ordinaire de l\u2019anne\u0301e. L\u2019e\u0301ve\u0301nement a e\u0301te\u0301 re\u0301hausse\u0301e de la pre\u0301sence de nombreuses personnalite\u0301s de haut rang, parmi lesquelles Gilbert Kafa Kone\u0301, Haut Repre\u0301sentant du chef de l\u2019Etat, Kandia Camara, pre\u0301sidente du Se\u0301nat, et Aka Aoue\u0301le\u0301, pre\u0301sident du Conseil e\u0301conomique, social, environnemental et culturel (CESEC), ainsi que de plusieurs ambassadeurs accre\u0301dite\u0301s et des membres du gouvernement.<\/p>\n<p>Le pre\u0301sident de l\u2019Assemble\u0301e Nationale, Adama Bictogo, a prononce\u0301 un discours qui a mis en lumie\u0300re des enjeux cruciaux tant au niveau national qu\u2019international.<\/p>\n<p>Dans son allocution, Adama Bictogo a souligne\u0301 le contexte mondial pre\u0301occupant, marque\u0301 par des conflits persistants et des mutations ge\u0301opolitiques profondes. Il a e\u0301voque\u0301 les conse\u0301quences tragiques de ces crises sur des re\u0301gions comme l\u2019Est de la Re\u0301publique De\u0301mocratique du Congo, le Soudan et le Proche-Orient, ainsi que la guerre russo-ukrainienne, insistant sur la ne\u0301cessite\u0301 pour les repre\u0301sentants du peuple d\u2019analyser ces mutations avec lucidite\u0301 afin de renforcer la de\u0301mocratie en Co\u0302te d\u2019Ivoire.<\/p>\n<p>Le pre\u0301sident Bictogo a e\u0301galement mis en avant les re\u0301percussions de ces conflits sur la vie quotidienne des Ivoiriens, notamment a\u0300 travers la hausse des prix des denre\u0301es alimentaires et l\u2019inse\u0301curite\u0301 e\u0301nerge\u0301tique. En paralle\u0300le, il a alerte\u0301 sur les effets du changement climatique, qui aggravent les conditions de vie et compromettent la stabilite\u0301 sociale.<\/p>\n<p>Face a\u0300 ces de\u0301fis, l\u2019Assemble\u0301e Nationale a re\u0301affirme\u0301 son engagement envers le respect du droit international, la paix et le dialogue entre les peuples. Bictogo a appele\u0301 a\u0300 un re\u0300glement pacifique des conflits et a\u0300 une mobilisation accrue contre les enjeux environnementaux, tout en plaidant pour une re\u0301forme \u00ab sereine de l\u2019ONU, afin qu\u2019elle puisse mieux jouer son ro\u0302le de pre\u0301vention des conflits \u00bb.<\/p>\n<p>Sur le plan national, l\u2019ouverture de cette session coi\u0308ncide avec les pre\u0301paratifs en vue de l\u2019e\u0301lection pre\u0301sidentielle pre\u0301vue le 25 octobre 2025. A\u0300 quelques semaines de ce scrutin crucial, Bictogo a note\u0301 l\u2019absence des groupes parlementaires PDCI-RDA et PPA-CI lors de la ce\u0301re\u0301monie, soulignant la diversite\u0301 des opinions qui caracte\u0301rise la de\u0301mocratie ivoirienne. \u00ab J\u2019en prends acte et ainsi va notre de\u0301mocratie \u00bb, a-t-il la\u0302che\u0301. Il a exprime\u0301 sa pre\u0301occupation face a\u0300 la monte\u0301e des tensions et des violences verbales, appelant a\u0300 la responsabilite\u0301 et a\u0300 la retenue de tous les acteurs politiques.<\/p>\n<p>Le pre\u0301sident a insiste\u0301 sur l\u2019importance de transcender les inte\u0301re\u0302ts partisans au profit de l\u2019unite\u0301 nationale, rappelant que la Co\u0302te d\u2019Ivoire doit rester au c\u0153ur de toutes les pre\u0301occupations. Il a exhorte\u0301 les de\u0301pute\u0301s a\u0300 e\u0302tre des ambassadeurs de la paix et du dialogue dans leurs circonscriptions, afin d\u2019assurer un climat serein pendant cette pe\u0301riode e\u0301lectorale.<\/p>\n<p>\u00ab Que chaque De\u0301pute\u0301 soit un soldat de la paix et de la cohe\u0301sion sociale afin que nous offrons a\u0300 la Co\u0302te d\u2019Ivoire et aux Ivoiriens des e\u0301lections apaise\u0301es et de\u0301mocratiques \u00bb, a-t-il exhorte\u0301.<\/p>\n<p>Outre l\u2019e\u0301lection pre\u0301sidentielle, Bictogo a mentionne\u0301 que les e\u0301lections le\u0301gislatives se tiendront le 27 de\u0301cembre 2025, et il a souhaite\u0301 que ces e\u0301lections soient e\u0301galement marque\u0301es par la tranquillite\u0301 et la fraternite\u0301.<\/p>\n<p>La session qui de\u0301bute se concentrera principalement sur l\u2019examen du budget de l\u2019E\u0301tat pour 2026, ainsi que sur dix-huit projets de lois en attente. Le pre\u0301sident a promis que les choix financiers du gouvernement refle\u0301teront les aspirations du peuple et contribueront a\u0300 un de\u0301veloppement harmonieux du pays.<\/p>\n<p>Adama Bictogo a termine\u0301 son intervention en remerciant les de\u0301pute\u0301s pour leur engagement envers les institutions de la Re\u0301publique et a appele\u0301 a\u0300 ba\u0302tir un destin commun base\u0301 sur la confiance mutuelle et le respect re\u0301ciproque.<\/p>\n<p><strong>Pour plus d&rsquo;informations et d&rsquo;analyses sur la <span style=\"color: #ff6600\">C\u00f4te d&rsquo;Ivoire<\/span>, suivez <span style=\"color: #ff6600\">Africa-Press<\/span><\/strong><\/p>\n","protected":false},"excerpt":{"rendered":"<p>Africa-Press &#8211; C\u00f4te d&rsquo;Ivoire. L\u2019Assemble\u0301e Nationale de Co\u0302te d\u2019Ivoire a proce\u0301de\u0301, ce mercredi 1er octobre 2025 a\u0300 l\u2019ouverture de sa deuxie\u0300me session ordinaire de l\u2019anne\u0301e. L\u2019e\u0301ve\u0301nement a e\u0301te\u0301 re\u0301hausse\u0301e de la pre\u0301sence de nombreuses personnalite\u0301s de haut rang, parmi lesquelles Gilbert Kafa Kone\u0301, Haut Repre\u0301sentant du chef de l\u2019Etat, Kandia Camara, pre\u0301sidente du Se\u0301nat, et [&hellip;]<\/p>\n","protected":false},"author":82,"featured_media":106149,"comment_status":"open","ping_status":"closed","sticky":false,"template":"","format":"standard","meta":{"footnotes":""},"categories":[2,20,10],"tags":[3020,1930,19053,3107,29,1738,600,2846],"class_list":["post-106150","post","type-post","status-publish","format-standard","has-post-thumbnail","hentry","category-politique","category-top-nouvelles","category-toutes-les-actualites","tag-ambassadeurs","tag-bictogo","tag-circonscriptions","tag-cohesion","tag-cote-divoire","tag-deputes","tag-paix","tag-sociale"],"yoast_head":"<!-- This site is optimized with the Yoast SEO Premium plugin v26.1 (Yoast SEO v27.0) - https:\/\/yoast.com\/product\/yoast-seo-premium-wordpress\/ -->\n<title>Bictogo Appelle D\u00e9put\u00e9s \u00e0 Promouvoir Paix et Coh\u00e9sion - C\u00f4te d&#039;Ivoire<\/title>\n<meta name=\"description\" content=\"L\u2019Assemble\u0301e Nationale de Co\u0302te d\u2019Ivoire a proce\u0301de\u0301, ce mercredi 1er octobre 2025 a\u0300 l\u2019ouverture de sa deuxie\u0300me sessio ...\" \/>\n<meta name=\"robots\" content=\"index, follow, max-snippet:-1, max-image-preview:large, max-video-preview:-1\" \/>\n<link rel=\"canonical\" href=\"https:\/\/www.africa-press.net\/cotedivoire\/politique\/bictogo-appelle-deputes-a-promouvoir-paix-et-cohesion\" \/>\n<meta property=\"og:locale\" content=\"fr_FR\" \/>\n<meta property=\"og:type\" content=\"article\" \/>\n<meta property=\"og:title\" content=\"Bictogo Appelle D\u00e9put\u00e9s \u00e0 Promouvoir Paix et Coh\u00e9sion\" \/>\n<meta property=\"og:description\" content=\"L\u2019Assemble\u0301e Nationale de Co\u0302te d\u2019Ivoire a proce\u0301de\u0301, ce mercredi 1er octobre 2025 a\u0300 l\u2019ouverture de sa deuxie\u0300me sessio ...\" \/>\n<meta property=\"og:url\" content=\"https:\/\/www.africa-press.net\/cotedivoire\/politique\/bictogo-appelle-deputes-a-promouvoir-paix-et-cohesion\" \/>\n<meta property=\"og:site_name\" content=\"C\u00f4te d&#039;Ivoire\" \/>\n<meta property=\"article:published_time\" content=\"2025-10-02T16:59:13+00:00\" \/>\n<meta property=\"article:modified_time\" content=\"2025-10-02T17:46:45+00:00\" \/>\n<meta property=\"og:image\" content=\"https:\/\/static.africa-press.net\/cote\/sites\/43\/2025\/10\/sm_1759414531.972743.jpg\" \/>\n\t<meta property=\"og:image:width\" content=\"720\" \/>\n\t<meta property=\"og:image:height\" content=\"480\" \/>\n\t<meta property=\"og:image:type\" content=\"image\/jpeg\" \/>\n<meta name=\"author\" content=\"cfeditorfr\" \/>\n<meta name=\"twitter:card\" content=\"summary_large_image\" \/>\n<meta name=\"twitter:label1\" content=\"\u00c9crit par\" \/>\n\t<meta name=\"twitter:data1\" content=\"cfeditorfr\" \/>\n\t<meta name=\"twitter:label2\" content=\"Dur\u00e9e de lecture estim\u00e9e\" \/>\n\t<meta name=\"twitter:data2\" content=\"4 minutes\" \/>\n<script type=\"application\/ld+json\" class=\"yoast-schema-graph\">{\"@context\":\"https:\/\/schema.org\",\"@graph\":[{\"@type\":\"Article\",\"@id\":\"https:\/\/www.africa-press.net\/cotedivoire\/politique\/bictogo-appelle-deputes-a-promouvoir-paix-et-cohesion#article\",\"isPartOf\":{\"@id\":\"https:\/\/www.africa-press.net\/cotedivoire\/politique\/bictogo-appelle-deputes-a-promouvoir-paix-et-cohesion\"},\"author\":{\"name\":\"cfeditorfr\",\"@id\":\"https:\/\/www.africa-press.net\/cotedivoire\/#\/schema\/person\/2b1cf3cd81a31e3cd26889ca66d677f1\"},\"headline\":\"Bictogo Appelle D\u00e9put\u00e9s \u00e0 Promouvoir Paix et Coh\u00e9sion\",\"datePublished\":\"2025-10-02T16:59:13+00:00\",\"dateModified\":\"2025-10-02T17:46:45+00:00\",\"mainEntityOfPage\":{\"@id\":\"https:\/\/www.africa-press.net\/cotedivoire\/politique\/bictogo-appelle-deputes-a-promouvoir-paix-et-cohesion\"},\"wordCount\":729,\"commentCount\":0,\"image\":{\"@id\":\"https:\/\/www.africa-press.net\/cotedivoire\/politique\/bictogo-appelle-deputes-a-promouvoir-paix-et-cohesion#primaryimage\"},\"thumbnailUrl\":\"https:\/\/static.africa-press.net\/cote\/sites\/43\/2025\/10\/sm_1759414531.972743.jpg\",\"keywords\":[\"Ambassadeurs\",\"Bictogo\",\"circonscriptions\",\"coh\u00e9sion\",\"C\u00d4TE D'IVOIRE\",\"d\u00e9put\u00e9s\",\"paix\",\"sociale\"],\"articleSection\":[\"Politique\",\"Top Nouvelles\",\"Toutes les actualit\u00e9s\"],\"inLanguage\":\"fr-FR\",\"potentialAction\":[{\"@type\":\"CommentAction\",\"name\":\"Comment\",\"target\":[\"https:\/\/www.africa-press.net\/cotedivoire\/politique\/bictogo-appelle-deputes-a-promouvoir-paix-et-cohesion#respond\"]}]},{\"@type\":\"WebPage\",\"@id\":\"https:\/\/www.africa-press.net\/cotedivoire\/politique\/bictogo-appelle-deputes-a-promouvoir-paix-et-cohesion\",\"url\":\"https:\/\/www.africa-press.net\/cotedivoire\/politique\/bictogo-appelle-deputes-a-promouvoir-paix-et-cohesion\",\"name\":\"Bictogo Appelle D\u00e9put\u00e9s \u00e0 Promouvoir Paix et Coh\u00e9sion - C\u00f4te d&#039;Ivoire\",\"isPartOf\":{\"@id\":\"https:\/\/www.africa-press.net\/cotedivoire\/#website\"},\"primaryImageOfPage\":{\"@id\":\"https:\/\/www.africa-press.net\/cotedivoire\/politique\/bictogo-appelle-deputes-a-promouvoir-paix-et-cohesion#primaryimage\"},\"image\":{\"@id\":\"https:\/\/www.africa-press.net\/cotedivoire\/politique\/bictogo-appelle-deputes-a-promouvoir-paix-et-cohesion#primaryimage\"},\"thumbnailUrl\":\"https:\/\/static.africa-press.net\/cote\/sites\/43\/2025\/10\/sm_1759414531.972743.jpg\",\"datePublished\":\"2025-10-02T16:59:13+00:00\",\"dateModified\":\"2025-10-02T17:46:45+00:00\",\"author\":{\"@id\":\"https:\/\/www.africa-press.net\/cotedivoire\/#\/schema\/person\/2b1cf3cd81a31e3cd26889ca66d677f1\"},\"description\":\"L\u2019Assemble\u0301e Nationale de Co\u0302te d\u2019Ivoire a proce\u0301de\u0301, ce mercredi 1er octobre 2025 a\u0300 l\u2019ouverture de sa deuxie\u0300me sessio ...\",\"breadcrumb\":{\"@id\":\"https:\/\/www.africa-press.net\/cotedivoire\/politique\/bictogo-appelle-deputes-a-promouvoir-paix-et-cohesion#breadcrumb\"},\"inLanguage\":\"fr-FR\",\"potentialAction\":[{\"@type\":\"ReadAction\",\"target\":[\"https:\/\/www.africa-press.net\/cotedivoire\/politique\/bictogo-appelle-deputes-a-promouvoir-paix-et-cohesion\"]}]},{\"@type\":\"ImageObject\",\"inLanguage\":\"fr-FR\",\"@id\":\"https:\/\/www.africa-press.net\/cotedivoire\/politique\/bictogo-appelle-deputes-a-promouvoir-paix-et-cohesion#primaryimage\",\"url\":\"https:\/\/static.africa-press.net\/cote\/sites\/43\/2025\/10\/sm_1759414531.972743.jpg\",\"contentUrl\":\"https:\/\/static.africa-press.net\/cote\/sites\/43\/2025\/10\/sm_1759414531.972743.jpg\",\"width\":720,\"height\":480,\"caption\":\"Bictogo Appelle D\u00e9put\u00e9s \u00e0 Promouvoir Paix et Coh\u00e9sion\"},{\"@type\":\"BreadcrumbList\",\"@id\":\"https:\/\/www.africa-press.net\/cotedivoire\/politique\/bictogo-appelle-deputes-a-promouvoir-paix-et-cohesion#breadcrumb\",\"itemListElement\":[{\"@type\":\"ListItem\",\"position\":1,\"name\":\"Accueil\",\"item\":\"https:\/\/www.africa-press.net\/cotedivoire\/\"},{\"@type\":\"ListItem\",\"position\":2,\"name\":\"Bictogo Appelle D\u00e9put\u00e9s \u00e0 Promouvoir Paix et Coh\u00e9sion\"}]},{\"@type\":\"WebSite\",\"@id\":\"https:\/\/www.africa-press.net\/cotedivoire\/#website\",\"url\":\"https:\/\/www.africa-press.net\/cotedivoire\/\",\"name\":\"C\u00f4te d&#039;Ivoire\",\"description\":\"Just another Africa News Agency Sites site\",\"potentialAction\":[{\"@type\":\"SearchAction\",\"target\":{\"@type\":\"EntryPoint\",\"urlTemplate\":\"https:\/\/www.africa-press.net\/cotedivoire\/?s={search_term_string}\"},\"query-input\":{\"@type\":\"PropertyValueSpecification\",\"valueRequired\":true,\"valueName\":\"search_term_string\"}}],\"inLanguage\":\"fr-FR\"},{\"@type\":\"Person\",\"@id\":\"https:\/\/www.africa-press.net\/cotedivoire\/#\/schema\/person\/2b1cf3cd81a31e3cd26889ca66d677f1\",\"name\":\"cfeditorfr\"}]}<\/script>\n<!-- \/ Yoast SEO Premium plugin. -->","yoast_head_json":{"title":"Bictogo Appelle D\u00e9put\u00e9s \u00e0 Promouvoir Paix et Coh\u00e9sion - C\u00f4te d&#039;Ivoire","description":"L\u2019Assemble\u0301e Nationale de Co\u0302te d\u2019Ivoire a proce\u0301de\u0301, ce mercredi 1er octobre 2025 a\u0300 l\u2019ouverture de sa deuxie\u0300me sessio ...","robots":{"index":"index","follow":"follow","max-snippet":"max-snippet:-1","max-image-preview":"max-image-preview:large","max-video-preview":"max-video-preview:-1"},"canonical":"https:\/\/www.africa-press.net\/cotedivoire\/politique\/bictogo-appelle-deputes-a-promouvoir-paix-et-cohesion","og_locale":"fr_FR","og_type":"article","og_title":"Bictogo Appelle D\u00e9put\u00e9s \u00e0 Promouvoir Paix et Coh\u00e9sion","og_description":"L\u2019Assemble\u0301e Nationale de Co\u0302te d\u2019Ivoire a proce\u0301de\u0301, ce mercredi 1er octobre 2025 a\u0300 l\u2019ouverture de sa deuxie\u0300me sessio ...","og_url":"https:\/\/www.africa-press.net\/cotedivoire\/politique\/bictogo-appelle-deputes-a-promouvoir-paix-et-cohesion","og_site_name":"C\u00f4te d&#039;Ivoire","article_published_time":"2025-10-02T16:59:13+00:00","article_modified_time":"2025-10-02T17:46:45+00:00","og_image":[{"width":720,"height":480,"url":"https:\/\/static.africa-press.net\/cote\/sites\/43\/2025\/10\/sm_1759414531.972743.jpg","type":"image\/jpeg"}],"author":"cfeditorfr","twitter_card":"summary_large_image","twitter_misc":{"\u00c9crit par":"cfeditorfr","Dur\u00e9e de lecture estim\u00e9e":"4 minutes"},"schema":{"@context":"https:\/\/schema.org","@graph":[{"@type":"Article","@id":"https:\/\/www.africa-press.net\/cotedivoire\/politique\/bictogo-appelle-deputes-a-promouvoir-paix-et-cohesion#article","isPartOf":{"@id":"https:\/\/www.africa-press.net\/cotedivoire\/politique\/bictogo-appelle-deputes-a-promouvoir-paix-et-cohesion"},"author":{"name":"cfeditorfr","@id":"https:\/\/www.africa-press.net\/cotedivoire\/#\/schema\/person\/2b1cf3cd81a31e3cd26889ca66d677f1"},"headline":"Bictogo Appelle D\u00e9put\u00e9s \u00e0 Promouvoir Paix et Coh\u00e9sion","datePublished":"2025-10-02T16:59:13+00:00","dateModified":"2025-10-02T17:46:45+00:00","mainEntityOfPage":{"@id":"https:\/\/www.africa-press.net\/cotedivoire\/politique\/bictogo-appelle-deputes-a-promouvoir-paix-et-cohesion"},"wordCount":729,"commentCount":0,"image":{"@id":"https:\/\/www.africa-press.net\/cotedivoire\/politique\/bictogo-appelle-deputes-a-promouvoir-paix-et-cohesion#primaryimage"},"thumbnailUrl":"https:\/\/static.africa-press.net\/cote\/sites\/43\/2025\/10\/sm_1759414531.972743.jpg","keywords":["Ambassadeurs","Bictogo","circonscriptions","coh\u00e9sion","C\u00d4TE D'IVOIRE","d\u00e9put\u00e9s","paix","sociale"],"articleSection":["Politique","Top Nouvelles","Toutes les actualit\u00e9s"],"inLanguage":"fr-FR","potentialAction":[{"@type":"CommentAction","name":"Comment","target":["https:\/\/www.africa-press.net\/cotedivoire\/politique\/bictogo-appelle-deputes-a-promouvoir-paix-et-cohesion#respond"]}]},{"@type":"WebPage","@id":"https:\/\/www.africa-press.net\/cotedivoire\/politique\/bictogo-appelle-deputes-a-promouvoir-paix-et-cohesion","url":"https:\/\/www.africa-press.net\/cotedivoire\/politique\/bictogo-appelle-deputes-a-promouvoir-paix-et-cohesion","name":"Bictogo Appelle D\u00e9put\u00e9s \u00e0 Promouvoir Paix et Coh\u00e9sion - C\u00f4te d&#039;Ivoire","isPartOf":{"@id":"https:\/\/www.africa-press.net\/cotedivoire\/#website"},"primaryImageOfPage":{"@id":"https:\/\/www.africa-press.net\/cotedivoire\/politique\/bictogo-appelle-deputes-a-promouvoir-paix-et-cohesion#primaryimage"},"image":{"@id":"https:\/\/www.africa-press.net\/cotedivoire\/politique\/bictogo-appelle-deputes-a-promouvoir-paix-et-cohesion#primaryimage"},"thumbnailUrl":"https:\/\/static.africa-press.net\/cote\/sites\/43\/2025\/10\/sm_1759414531.972743.jpg","datePublished":"2025-10-02T16:59:13+00:00","dateModified":"2025-10-02T17:46:45+00:00","author":{"@id":"https:\/\/www.africa-press.net\/cotedivoire\/#\/schema\/person\/2b1cf3cd81a31e3cd26889ca66d677f1"},"description":"L\u2019Assemble\u0301e Nationale de Co\u0302te d\u2019Ivoire a proce\u0301de\u0301, ce mercredi 1er octobre 2025 a\u0300 l\u2019ouverture de sa deuxie\u0300me sessio ...","breadcrumb":{"@id":"https:\/\/www.africa-press.net\/cotedivoire\/politique\/bictogo-appelle-deputes-a-promouvoir-paix-et-cohesion#breadcrumb"},"inLanguage":"fr-FR","potentialAction":[{"@type":"ReadAction","target":["https:\/\/www.africa-press.net\/cotedivoire\/politique\/bictogo-appelle-deputes-a-promouvoir-paix-et-cohesion"]}]},{"@type":"ImageObject","inLanguage":"fr-FR","@id":"https:\/\/www.africa-press.net\/cotedivoire\/politique\/bictogo-appelle-deputes-a-promouvoir-paix-et-cohesion#primaryimage","url":"https:\/\/static.africa-press.net\/cote\/sites\/43\/2025\/10\/sm_1759414531.972743.jpg","contentUrl":"https:\/\/static.africa-press.net\/cote\/sites\/43\/2025\/10\/sm_1759414531.972743.jpg","width":720,"height":480,"caption":"Bictogo Appelle D\u00e9put\u00e9s \u00e0 Promouvoir Paix et Coh\u00e9sion"},{"@type":"BreadcrumbList","@id":"https:\/\/www.africa-press.net\/cotedivoire\/politique\/bictogo-appelle-deputes-a-promouvoir-paix-et-cohesion#breadcrumb","itemListElement":[{"@type":"ListItem","position":1,"name":"Accueil","item":"https:\/\/www.africa-press.net\/cotedivoire\/"},{"@type":"ListItem","position":2,"name":"Bictogo Appelle D\u00e9put\u00e9s \u00e0 Promouvoir Paix et Coh\u00e9sion"}]},{"@type":"WebSite","@id":"https:\/\/www.africa-press.net\/cotedivoire\/#website","url":"https:\/\/www.africa-press.net\/cotedivoire\/","name":"C\u00f4te d&#039;Ivoire","description":"Just another Africa News Agency Sites site","potentialAction":[{"@type":"SearchAction","target":{"@type":"EntryPoint","urlTemplate":"https:\/\/www.africa-press.net\/cotedivoire\/?s={search_term_string}"},"query-input":{"@type":"PropertyValueSpecification","valueRequired":true,"valueName":"search_term_string"}}],"inLanguage":"fr-FR"},{"@type":"Person","@id":"https:\/\/www.africa-press.net\/cotedivoire\/#\/schema\/person\/2b1cf3cd81a31e3cd26889ca66d677f1","name":"cfeditorfr"}]}},"_links":{"self":[{"href":"https:\/\/www.africa-press.net\/cotedivoire\/wp-json\/wp\/v2\/posts\/106150","targetHints":{"allow":["GET"]}}],"collection":[{"href":"https:\/\/www.africa-press.net\/cotedivoire\/wp-json\/wp\/v2\/posts"}],"about":[{"href":"https:\/\/www.africa-press.net\/cotedivoire\/wp-json\/wp\/v2\/types\/post"}],"author":[{"embeddable":true,"href":"https:\/\/www.africa-press.net\/cotedivoire\/wp-json\/wp\/v2\/users\/82"}],"replies":[{"embeddable":true,"href":"https:\/\/www.africa-press.net\/cotedivoire\/wp-json\/wp\/v2\/comments?post=106150"}],"version-history":[{"count":0,"href":"https:\/\/www.africa-press.net\/cotedivoire\/wp-json\/wp\/v2\/posts\/106150\/revisions"}],"wp:featuredmedia":[{"embeddable":true,"href":"https:\/\/www.africa-press.net\/cotedivoire\/wp-json\/wp\/v2\/media\/106149"}],"wp:attachment":[{"href":"https:\/\/www.africa-press.net\/cotedivoire\/wp-json\/wp\/v2\/media?parent=106150"}],"wp:term":[{"taxonomy":"category","embeddable":true,"href":"https:\/\/www.africa-press.net\/cotedivoire\/wp-json\/wp\/v2\/categories?post=106150"},{"taxonomy":"post_tag","embeddable":true,"href":"https:\/\/www.africa-press.net\/cotedivoire\/wp-json\/wp\/v2\/tags?post=106150"}],"curies":[{"name":"wp","href":"https:\/\/api.w.org\/{rel}","templated":true}]}}