{"id":106164,"date":"2025-10-03T14:26:22","date_gmt":"2025-10-03T14:26:22","guid":{"rendered":"https:\/\/www.africa-press.net\/cotedivoire\/politique\/prix-record-du-cacao-et-systeme-de-commercialisation"},"modified":"2025-10-03T14:58:34","modified_gmt":"2025-10-03T14:58:34","slug":"prix-record-du-cacao-et-systeme-de-commercialisation","status":"publish","type":"post","link":"https:\/\/www.africa-press.net\/cotedivoire\/economie\/prix-record-du-cacao-et-systeme-de-commercialisation","title":{"rendered":"Prix Record du Cacao et Syst\u00e8me de Commercialisation"},"content":{"rendered":"<p><span style=\"color: #ff6600\"><strong>Africa-Press &#8211; C\u00f4te d&rsquo;Ivoire. <\/strong><\/span>Le pre\u0301sident de la Re\u0301publique, Alassane Ouattara, a annonce\u0301 mercredi dernier le prix de la commercialisation du cacao a\u0300 2800 FCFA\/ Kg et celui du Cafe\u0301 a\u0300 1700 FCFA\/Kg.<\/p>\n<p>Si cette annonce a e\u0301te\u0301 salue\u0301e par les producteurs, cependant des experts de la vie e\u0301conomique font des observations.<\/p>\n<p>C\u2019est le cas de M. Guillaume Liby, ancien Directeur Ge\u0301ne\u0301ral de UBA Bank Co\u0302te d\u2019Ivoire. Selon l\u2019actuel DG d\u2019un me\u0301dia ivoirien, le vrai proble\u0300me de la Co\u0302te d\u2019Ivoire avec le cacao est justement son syste\u0300me de commercialisation.<\/p>\n<p>\u00ab (&#8230;) J&rsquo;avais de\u0301ja\u0300 pre\u0301dit ce cours en 2024. Avec le syste\u0300me de commercialisation actuelle, ce qui vient d&rsquo;e\u0302tre fait est la conse\u0301quence logique du marche\u0301 actuelle du cacao. Cela dit, le vrai proble\u0300me de la Co\u0302te d\u2019Ivoire avec le cacao est justement son syste\u0300me de commercialisation \u00bb, a-t-il fait observer via sa page officielle.<\/p>\n<p>Pour le cadre du Front Populaire Ivoirien (FPI), on ne peut pas faire plus de 50% de l&rsquo;offre mondiale d&rsquo;un produit et de\u0301pendre des marche\u0301s a\u0300 terme pour fixer son prix me\u0302me s&rsquo;il s&rsquo;agit d&rsquo;une matie\u0300re premie\u0300re agricole.<\/p>\n<p>\u00ab Les marche\u0301s a\u0300 terme sont pour les produits dont l&rsquo;offre est he\u0301te\u0301roge\u0300ne comme le pe\u0301trole ou\u0300 personne ne domine vraiment, me\u0302me si l\u2019OPEP a cre\u0301e\u0301 un cartel. Le vrai point du marche\u0301 du cacao est que la Co\u0302te d\u2019Ivoire fasse son prix et l&rsquo;indique a\u0300 ses acheteurs.<\/p>\n<p>Si c&rsquo;est trop lourd pour le pays, il peut s&rsquo;entendre avec le Ghana. Avec une offre mondiale de plus 60%, ces deux pays feraient exactement le marche\u0301, c&rsquo;est-a\u0300-dire moduleraient le prix en fonction de leur cou\u0302t de revient et les producteurs seraient nettement mieux re\u0301mune\u0301re\u0301s que dans la situation actuelle \u00bb, a-t-il conclu.<\/p>\n<p><strong>Pour plus d&rsquo;informations et d&rsquo;analyses sur la <span style=\"color: #ff6600\">C\u00f4te d&rsquo;Ivoire<\/span>, suivez <span style=\"color: #ff6600\">Africa-Press<\/span><\/strong><\/p>\n","protected":false},"excerpt":{"rendered":"<p>Africa-Press &#8211; C\u00f4te d&rsquo;Ivoire. Le pre\u0301sident de la Re\u0301publique, Alassane Ouattara, a annonce\u0301 mercredi dernier le prix de la commercialisation du cacao a\u0300 2800 FCFA\/ Kg et celui du Cafe\u0301 a\u0300 1700 FCFA\/Kg. Si cette annonce a e\u0301te\u0301 salue\u0301e par les producteurs, cependant des experts de la vie e\u0301conomique font des observations. C\u2019est le cas [&hellip;]<\/p>\n","protected":false},"author":82,"featured_media":106163,"comment_status":"open","ping_status":"closed","sticky":false,"template":"","format":"standard","meta":{"footnotes":""},"categories":[3,10],"tags":[1685,3949,29,19054,727,280],"class_list":["post-106164","post","type-post","status-publish","format-standard","has-post-thumbnail","hentry","category-economie","category-toutes-les-actualites","tag-cacao","tag-commercialisation","tag-cote-divoire","tag-liby-guillaume","tag-ouattara","tag-systeme"],"yoast_head":"<!-- This site is optimized with the Yoast SEO Premium plugin v26.1 (Yoast SEO v27.0) - https:\/\/yoast.com\/product\/yoast-seo-premium-wordpress\/ -->\n<title>Prix Record du Cacao et Syst\u00e8me de Commercialisation - C\u00f4te d&#039;Ivoire<\/title>\n<meta name=\"description\" content=\"Le pre\u0301sident de la Re\u0301publique, Alassane Ouattara, a annonce\u0301 mercredi dernier le prix de la commercialisation du cacao ...\" \/>\n<meta name=\"robots\" content=\"index, follow, max-snippet:-1, max-image-preview:large, max-video-preview:-1\" \/>\n<link rel=\"canonical\" href=\"https:\/\/www.africa-press.net\/cotedivoire\/economie\/prix-record-du-cacao-et-systeme-de-commercialisation\" \/>\n<meta property=\"og:locale\" content=\"fr_FR\" \/>\n<meta property=\"og:type\" content=\"article\" \/>\n<meta property=\"og:title\" content=\"Prix Record du Cacao et Syst\u00e8me de Commercialisation\" \/>\n<meta property=\"og:description\" content=\"Le pre\u0301sident de la Re\u0301publique, Alassane Ouattara, a annonce\u0301 mercredi dernier le prix de la commercialisation du cacao ...\" \/>\n<meta property=\"og:url\" content=\"https:\/\/www.africa-press.net\/cotedivoire\/economie\/prix-record-du-cacao-et-systeme-de-commercialisation\" \/>\n<meta property=\"og:site_name\" content=\"C\u00f4te d&#039;Ivoire\" \/>\n<meta property=\"article:published_time\" content=\"2025-10-03T14:26:22+00:00\" \/>\n<meta property=\"article:modified_time\" content=\"2025-10-03T14:58:34+00:00\" \/>\n<meta property=\"og:image\" content=\"https:\/\/static.africa-press.net\/cote\/sites\/43\/2025\/10\/sm_1759490864.601888.jpg\" \/>\n\t<meta property=\"og:image:width\" content=\"720\" \/>\n\t<meta property=\"og:image:height\" content=\"344\" \/>\n\t<meta property=\"og:image:type\" content=\"image\/jpeg\" \/>\n<meta name=\"author\" content=\"cfeditorfr\" \/>\n<meta name=\"twitter:card\" content=\"summary_large_image\" \/>\n<meta name=\"twitter:label1\" content=\"\u00c9crit par\" \/>\n\t<meta name=\"twitter:data1\" content=\"cfeditorfr\" \/>\n\t<meta name=\"twitter:label2\" content=\"Dur\u00e9e de lecture estim\u00e9e\" \/>\n\t<meta name=\"twitter:data2\" content=\"2 minutes\" \/>\n<script type=\"application\/ld+json\" class=\"yoast-schema-graph\">{\"@context\":\"https:\/\/schema.org\",\"@graph\":[{\"@type\":\"Article\",\"@id\":\"https:\/\/www.africa-press.net\/cotedivoire\/economie\/prix-record-du-cacao-et-systeme-de-commercialisation#article\",\"isPartOf\":{\"@id\":\"https:\/\/www.africa-press.net\/cotedivoire\/economie\/prix-record-du-cacao-et-systeme-de-commercialisation\"},\"author\":{\"name\":\"cfeditorfr\",\"@id\":\"https:\/\/www.africa-press.net\/cotedivoire\/#\/schema\/person\/2b1cf3cd81a31e3cd26889ca66d677f1\"},\"headline\":\"Prix Record du Cacao et Syst\u00e8me de Commercialisation\",\"datePublished\":\"2025-10-03T14:26:22+00:00\",\"dateModified\":\"2025-10-03T14:58:34+00:00\",\"mainEntityOfPage\":{\"@id\":\"https:\/\/www.africa-press.net\/cotedivoire\/economie\/prix-record-du-cacao-et-systeme-de-commercialisation\"},\"wordCount\":358,\"commentCount\":0,\"image\":{\"@id\":\"https:\/\/www.africa-press.net\/cotedivoire\/economie\/prix-record-du-cacao-et-systeme-de-commercialisation#primaryimage\"},\"thumbnailUrl\":\"https:\/\/static.africa-press.net\/cote\/sites\/43\/2025\/10\/sm_1759490864.601888.jpg\",\"keywords\":[\"cacao\",\"commercialisation\",\"C\u00d4TE D'IVOIRE\",\"Liby Guillaume\",\"Ouattara\",\"syst\u00e8me\"],\"articleSection\":[\"\u00c9conomie\",\"Toutes les actualit\u00e9s\"],\"inLanguage\":\"fr-FR\",\"potentialAction\":[{\"@type\":\"CommentAction\",\"name\":\"Comment\",\"target\":[\"https:\/\/www.africa-press.net\/cotedivoire\/economie\/prix-record-du-cacao-et-systeme-de-commercialisation#respond\"]}]},{\"@type\":\"WebPage\",\"@id\":\"https:\/\/www.africa-press.net\/cotedivoire\/economie\/prix-record-du-cacao-et-systeme-de-commercialisation\",\"url\":\"https:\/\/www.africa-press.net\/cotedivoire\/economie\/prix-record-du-cacao-et-systeme-de-commercialisation\",\"name\":\"Prix Record du Cacao et Syst\u00e8me de Commercialisation - C\u00f4te d&#039;Ivoire\",\"isPartOf\":{\"@id\":\"https:\/\/www.africa-press.net\/cotedivoire\/#website\"},\"primaryImageOfPage\":{\"@id\":\"https:\/\/www.africa-press.net\/cotedivoire\/economie\/prix-record-du-cacao-et-systeme-de-commercialisation#primaryimage\"},\"image\":{\"@id\":\"https:\/\/www.africa-press.net\/cotedivoire\/economie\/prix-record-du-cacao-et-systeme-de-commercialisation#primaryimage\"},\"thumbnailUrl\":\"https:\/\/static.africa-press.net\/cote\/sites\/43\/2025\/10\/sm_1759490864.601888.jpg\",\"datePublished\":\"2025-10-03T14:26:22+00:00\",\"dateModified\":\"2025-10-03T14:58:34+00:00\",\"author\":{\"@id\":\"https:\/\/www.africa-press.net\/cotedivoire\/#\/schema\/person\/2b1cf3cd81a31e3cd26889ca66d677f1\"},\"description\":\"Le pre\u0301sident de la Re\u0301publique, Alassane Ouattara, a annonce\u0301 mercredi dernier le prix de la commercialisation du cacao ...\",\"breadcrumb\":{\"@id\":\"https:\/\/www.africa-press.net\/cotedivoire\/economie\/prix-record-du-cacao-et-systeme-de-commercialisation#breadcrumb\"},\"inLanguage\":\"fr-FR\",\"potentialAction\":[{\"@type\":\"ReadAction\",\"target\":[\"https:\/\/www.africa-press.net\/cotedivoire\/economie\/prix-record-du-cacao-et-systeme-de-commercialisation\"]}]},{\"@type\":\"ImageObject\",\"inLanguage\":\"fr-FR\",\"@id\":\"https:\/\/www.africa-press.net\/cotedivoire\/economie\/prix-record-du-cacao-et-systeme-de-commercialisation#primaryimage\",\"url\":\"https:\/\/static.africa-press.net\/cote\/sites\/43\/2025\/10\/sm_1759490864.601888.jpg\",\"contentUrl\":\"https:\/\/static.africa-press.net\/cote\/sites\/43\/2025\/10\/sm_1759490864.601888.jpg\",\"width\":720,\"height\":344,\"caption\":\"Prix Record du Cacao et Syst\u00e8me de Commercialisation\"},{\"@type\":\"BreadcrumbList\",\"@id\":\"https:\/\/www.africa-press.net\/cotedivoire\/economie\/prix-record-du-cacao-et-systeme-de-commercialisation#breadcrumb\",\"itemListElement\":[{\"@type\":\"ListItem\",\"position\":1,\"name\":\"Accueil\",\"item\":\"https:\/\/www.africa-press.net\/cotedivoire\/\"},{\"@type\":\"ListItem\",\"position\":2,\"name\":\"Prix Record du Cacao et Syst\u00e8me de Commercialisation\"}]},{\"@type\":\"WebSite\",\"@id\":\"https:\/\/www.africa-press.net\/cotedivoire\/#website\",\"url\":\"https:\/\/www.africa-press.net\/cotedivoire\/\",\"name\":\"C\u00f4te d&#039;Ivoire\",\"description\":\"Just another Africa News Agency Sites site\",\"potentialAction\":[{\"@type\":\"SearchAction\",\"target\":{\"@type\":\"EntryPoint\",\"urlTemplate\":\"https:\/\/www.africa-press.net\/cotedivoire\/?s={search_term_string}\"},\"query-input\":{\"@type\":\"PropertyValueSpecification\",\"valueRequired\":true,\"valueName\":\"search_term_string\"}}],\"inLanguage\":\"fr-FR\"},{\"@type\":\"Person\",\"@id\":\"https:\/\/www.africa-press.net\/cotedivoire\/#\/schema\/person\/2b1cf3cd81a31e3cd26889ca66d677f1\",\"name\":\"cfeditorfr\"}]}<\/script>\n<!-- \/ Yoast SEO Premium plugin. -->","yoast_head_json":{"title":"Prix Record du Cacao et Syst\u00e8me de Commercialisation - C\u00f4te d&#039;Ivoire","description":"Le pre\u0301sident de la Re\u0301publique, Alassane Ouattara, a annonce\u0301 mercredi dernier le prix de la commercialisation du cacao ...","robots":{"index":"index","follow":"follow","max-snippet":"max-snippet:-1","max-image-preview":"max-image-preview:large","max-video-preview":"max-video-preview:-1"},"canonical":"https:\/\/www.africa-press.net\/cotedivoire\/economie\/prix-record-du-cacao-et-systeme-de-commercialisation","og_locale":"fr_FR","og_type":"article","og_title":"Prix Record du Cacao et Syst\u00e8me de Commercialisation","og_description":"Le pre\u0301sident de la Re\u0301publique, Alassane Ouattara, a annonce\u0301 mercredi dernier le prix de la commercialisation du cacao ...","og_url":"https:\/\/www.africa-press.net\/cotedivoire\/economie\/prix-record-du-cacao-et-systeme-de-commercialisation","og_site_name":"C\u00f4te d&#039;Ivoire","article_published_time":"2025-10-03T14:26:22+00:00","article_modified_time":"2025-10-03T14:58:34+00:00","og_image":[{"width":720,"height":344,"url":"https:\/\/static.africa-press.net\/cote\/sites\/43\/2025\/10\/sm_1759490864.601888.jpg","type":"image\/jpeg"}],"author":"cfeditorfr","twitter_card":"summary_large_image","twitter_misc":{"\u00c9crit par":"cfeditorfr","Dur\u00e9e de lecture estim\u00e9e":"2 minutes"},"schema":{"@context":"https:\/\/schema.org","@graph":[{"@type":"Article","@id":"https:\/\/www.africa-press.net\/cotedivoire\/economie\/prix-record-du-cacao-et-systeme-de-commercialisation#article","isPartOf":{"@id":"https:\/\/www.africa-press.net\/cotedivoire\/economie\/prix-record-du-cacao-et-systeme-de-commercialisation"},"author":{"name":"cfeditorfr","@id":"https:\/\/www.africa-press.net\/cotedivoire\/#\/schema\/person\/2b1cf3cd81a31e3cd26889ca66d677f1"},"headline":"Prix Record du Cacao et Syst\u00e8me de Commercialisation","datePublished":"2025-10-03T14:26:22+00:00","dateModified":"2025-10-03T14:58:34+00:00","mainEntityOfPage":{"@id":"https:\/\/www.africa-press.net\/cotedivoire\/economie\/prix-record-du-cacao-et-systeme-de-commercialisation"},"wordCount":358,"commentCount":0,"image":{"@id":"https:\/\/www.africa-press.net\/cotedivoire\/economie\/prix-record-du-cacao-et-systeme-de-commercialisation#primaryimage"},"thumbnailUrl":"https:\/\/static.africa-press.net\/cote\/sites\/43\/2025\/10\/sm_1759490864.601888.jpg","keywords":["cacao","commercialisation","C\u00d4TE D'IVOIRE","Liby Guillaume","Ouattara","syst\u00e8me"],"articleSection":["\u00c9conomie","Toutes les actualit\u00e9s"],"inLanguage":"fr-FR","potentialAction":[{"@type":"CommentAction","name":"Comment","target":["https:\/\/www.africa-press.net\/cotedivoire\/economie\/prix-record-du-cacao-et-systeme-de-commercialisation#respond"]}]},{"@type":"WebPage","@id":"https:\/\/www.africa-press.net\/cotedivoire\/economie\/prix-record-du-cacao-et-systeme-de-commercialisation","url":"https:\/\/www.africa-press.net\/cotedivoire\/economie\/prix-record-du-cacao-et-systeme-de-commercialisation","name":"Prix Record du Cacao et Syst\u00e8me de Commercialisation - C\u00f4te d&#039;Ivoire","isPartOf":{"@id":"https:\/\/www.africa-press.net\/cotedivoire\/#website"},"primaryImageOfPage":{"@id":"https:\/\/www.africa-press.net\/cotedivoire\/economie\/prix-record-du-cacao-et-systeme-de-commercialisation#primaryimage"},"image":{"@id":"https:\/\/www.africa-press.net\/cotedivoire\/economie\/prix-record-du-cacao-et-systeme-de-commercialisation#primaryimage"},"thumbnailUrl":"https:\/\/static.africa-press.net\/cote\/sites\/43\/2025\/10\/sm_1759490864.601888.jpg","datePublished":"2025-10-03T14:26:22+00:00","dateModified":"2025-10-03T14:58:34+00:00","author":{"@id":"https:\/\/www.africa-press.net\/cotedivoire\/#\/schema\/person\/2b1cf3cd81a31e3cd26889ca66d677f1"},"description":"Le pre\u0301sident de la Re\u0301publique, Alassane Ouattara, a annonce\u0301 mercredi dernier le prix de la commercialisation du cacao ...","breadcrumb":{"@id":"https:\/\/www.africa-press.net\/cotedivoire\/economie\/prix-record-du-cacao-et-systeme-de-commercialisation#breadcrumb"},"inLanguage":"fr-FR","potentialAction":[{"@type":"ReadAction","target":["https:\/\/www.africa-press.net\/cotedivoire\/economie\/prix-record-du-cacao-et-systeme-de-commercialisation"]}]},{"@type":"ImageObject","inLanguage":"fr-FR","@id":"https:\/\/www.africa-press.net\/cotedivoire\/economie\/prix-record-du-cacao-et-systeme-de-commercialisation#primaryimage","url":"https:\/\/static.africa-press.net\/cote\/sites\/43\/2025\/10\/sm_1759490864.601888.jpg","contentUrl":"https:\/\/static.africa-press.net\/cote\/sites\/43\/2025\/10\/sm_1759490864.601888.jpg","width":720,"height":344,"caption":"Prix Record du Cacao et Syst\u00e8me de Commercialisation"},{"@type":"BreadcrumbList","@id":"https:\/\/www.africa-press.net\/cotedivoire\/economie\/prix-record-du-cacao-et-systeme-de-commercialisation#breadcrumb","itemListElement":[{"@type":"ListItem","position":1,"name":"Accueil","item":"https:\/\/www.africa-press.net\/cotedivoire\/"},{"@type":"ListItem","position":2,"name":"Prix Record du Cacao et Syst\u00e8me de Commercialisation"}]},{"@type":"WebSite","@id":"https:\/\/www.africa-press.net\/cotedivoire\/#website","url":"https:\/\/www.africa-press.net\/cotedivoire\/","name":"C\u00f4te d&#039;Ivoire","description":"Just another Africa News Agency Sites site","potentialAction":[{"@type":"SearchAction","target":{"@type":"EntryPoint","urlTemplate":"https:\/\/www.africa-press.net\/cotedivoire\/?s={search_term_string}"},"query-input":{"@type":"PropertyValueSpecification","valueRequired":true,"valueName":"search_term_string"}}],"inLanguage":"fr-FR"},{"@type":"Person","@id":"https:\/\/www.africa-press.net\/cotedivoire\/#\/schema\/person\/2b1cf3cd81a31e3cd26889ca66d677f1","name":"cfeditorfr"}]}},"_links":{"self":[{"href":"https:\/\/www.africa-press.net\/cotedivoire\/wp-json\/wp\/v2\/posts\/106164","targetHints":{"allow":["GET"]}}],"collection":[{"href":"https:\/\/www.africa-press.net\/cotedivoire\/wp-json\/wp\/v2\/posts"}],"about":[{"href":"https:\/\/www.africa-press.net\/cotedivoire\/wp-json\/wp\/v2\/types\/post"}],"author":[{"embeddable":true,"href":"https:\/\/www.africa-press.net\/cotedivoire\/wp-json\/wp\/v2\/users\/82"}],"replies":[{"embeddable":true,"href":"https:\/\/www.africa-press.net\/cotedivoire\/wp-json\/wp\/v2\/comments?post=106164"}],"version-history":[{"count":0,"href":"https:\/\/www.africa-press.net\/cotedivoire\/wp-json\/wp\/v2\/posts\/106164\/revisions"}],"wp:featuredmedia":[{"embeddable":true,"href":"https:\/\/www.africa-press.net\/cotedivoire\/wp-json\/wp\/v2\/media\/106163"}],"wp:attachment":[{"href":"https:\/\/www.africa-press.net\/cotedivoire\/wp-json\/wp\/v2\/media?parent=106164"}],"wp:term":[{"taxonomy":"category","embeddable":true,"href":"https:\/\/www.africa-press.net\/cotedivoire\/wp-json\/wp\/v2\/categories?post=106164"},{"taxonomy":"post_tag","embeddable":true,"href":"https:\/\/www.africa-press.net\/cotedivoire\/wp-json\/wp\/v2\/tags?post=106164"}],"curies":[{"name":"wp","href":"https:\/\/api.w.org\/{rel}","templated":true}]}}