{"id":106224,"date":"2025-10-04T19:18:18","date_gmt":"2025-10-04T19:18:18","guid":{"rendered":"https:\/\/www.africa-press.net\/cotedivoire\/politique\/proprietaires-delokate-remportent-proces-foncier"},"modified":"2025-10-04T19:56:16","modified_gmt":"2025-10-04T19:56:16","slug":"proprietaires-delokate-remportent-proces-foncier","status":"publish","type":"post","link":"https:\/\/www.africa-press.net\/cotedivoire\/toutes-les-actualites\/proprietaires-delokate-remportent-proces-foncier","title":{"rendered":"Propri\u00e9taires d&rsquo;Elokat\u00e9 remportent proc\u00e8s foncier"},"content":{"rendered":"<p><span style=\"color: #ff6600\"><strong>Africa-Press &#8211; C\u00f4te d&rsquo;Ivoire. <\/strong><\/span>La tension foncie\u0300re qui opposait les proprie\u0301taires terriens du village d\u2019Elokate\u0301 a\u0300 la socie\u0301te\u0301 AB Building a connu un heureux de\u0301nouement, selon les propos tenus par le Pre\u0301sident Directeur Ge\u0301ne\u0301ral de ZARA Entreprise, N\u2019Guettia Kouassi Ange Paco\u0302me, lors d\u2019un point de presse tenu ce vendredi 3 octobre.<\/p>\n<p>Face a\u0300 un parterre de journalistes et d\u2019invite\u0301s institutionnels, le PDG a exprime\u0301 sa satisfaction suite a\u0300 l\u2019ordonnance de mainleve\u0301e prononce\u0301e le 15 septembre 2025 par le juge Aboya Jean-Claude, du 3e cabinet du Po\u0302le pe\u0301nal, e\u0301conomique et financier. Cette de\u0301cision ente\u0301rine un protocole d\u2019accord transactionnel permettant aux proprie\u0301taires terriens de recouvrer 60 % de leurs terres, contre 50 % initialement pre\u0301vus.<\/p>\n<p>\u00ab Cette de\u0301cision repre\u0301sente une ve\u0301ritable victoire pour les habitants d\u2019Elokate\u0301. Elle consacre la justice, la patience et le dialogue face a\u0300 l\u2019injustice et a\u0300 la confrontation \u00bb, a de\u0301clare\u0301 M. N\u2019Guettia.<\/p>\n<p>Le PDG n\u2019a pas manque\u0301 de saluer le ro\u0302le de\u0301terminant du ministe\u0300re de la Justice, notamment a\u0300 travers l&rsquo;action rigoureuse du juge Aboya Jean-Claude, ainsi que celle du Po\u0302le pe\u0301nal, e\u0301conomique et financier (PPEF). Il a aussi souligne\u0301 l\u2019importance de l\u2019implication des autorite\u0301s locales telles que le De\u0301pute\u0301-Maire Issouf Doumbia, le Sous-Pre\u0301fet Kone\u0301 Kapie\u0301, et les chefs de communaute\u0301s villageoises, qui ont su faire preuve de maturite\u0301 tout au long de ce processus de\u0301licat.<\/p>\n<p>\u00ab Gra\u0302ce a\u0300 cette me\u0301diation et a\u0300 l\u2019homologation judiciaire du protocole d\u2019accord, la communaute\u0301 villageoise entrevoit une stabilisation durable du projet de lotissement sur une superficie de 530 hectares \u00bb, a ajoute\u0301 M. N\u2019Guettia.<\/p>\n<p>Cette re\u0301solution marque un tournant pour la re\u0301gion de Bingerville, longtemps perc\u0327ue comme un territoire a\u0300 risque pour les investisseurs. M. N\u2019Guettia a encourage\u0301 les Ivoiriens a\u0300 investir de\u0301sormais en toute confiance a\u0300 Elokate\u0301, qui entre dans une e\u0300re de le\u0301galite\u0301, de se\u0301curite\u0301 et de de\u0301veloppement.<\/p>\n<p>Il a e\u0301galement annonce\u0301 que Me Douh Boua Serge Arnaud, Notaire pre\u0300s la Cour d\u2019appel d\u2019Abidjan, a e\u0301te\u0301 requis pour veiller a\u0300 la re\u0301gularite\u0301 des transactions foncie\u0300res, sur mandat de la communaute\u0301 villageoise.<\/p>\n<p>Le PDG a profite\u0301 de cette tribune pour adresser ses remerciements since\u0300res a\u0300 tous les acteurs ayant contribue\u0301 a\u0300 ce de\u0301nouement heureux, le ministe\u0300re de la Justice et les juridictions ivoiriennes, les autorite\u0301s administratives et politiques locales, le ministe\u0300re de la Construction, du Logement et de l\u2019Urbanisme, les services du Cadastre, le cabinet de ge\u0301ome\u0300tre-expert Soro Nanga Ziessouhe\u0301. Et surtout les autorite\u0301s villageoises, pour leur sagesse et leur esprit de paix.<\/p>\n<p>\u00ab Que nous demeurions dans la paix, car si seul on va plus vite, ensemble nous allons plus loin \u00bb, a conclu M. N\u2019Guettia.<\/p>\n<p><strong>Pour plus d&rsquo;informations et d&rsquo;analyses sur la <span style=\"color: #ff6600\">C\u00f4te d&rsquo;Ivoire<\/span>, suivez <span style=\"color: #ff6600\">Africa-Press<\/span><\/strong><\/p>\n","protected":false},"excerpt":{"rendered":"<p>Africa-Press &#8211; C\u00f4te d&rsquo;Ivoire. La tension foncie\u0300re qui opposait les proprie\u0301taires terriens du village d\u2019Elokate\u0301 a\u0300 la socie\u0301te\u0301 AB Building a connu un heureux de\u0301nouement, selon les propos tenus par le Pre\u0301sident Directeur Ge\u0301ne\u0301ral de ZARA Entreprise, N\u2019Guettia Kouassi Ange Paco\u0302me, lors d\u2019un point de presse tenu ce vendredi 3 octobre. Face a\u0300 un parterre [&hellip;]<\/p>\n","protected":false},"author":82,"featured_media":106223,"comment_status":"open","ping_status":"closed","sticky":false,"template":"","format":"standard","meta":{"footnotes":""},"categories":[21,10],"tags":[19061,1731,29,1534,2430,18895,7281,19062],"class_list":["post-106224","post","type-post","status-publish","format-standard","has-post-thumbnail","hentry","category-communaute","category-toutes-les-actualites","tag-ab-building","tag-bingerville","tag-cote-divoire","tag-elokate","tag-entreprise","tag-justice-ivoirienne","tag-litige-foncier","tag-zara"],"yoast_head":"<!-- This site is optimized with the Yoast SEO Premium plugin v26.1 (Yoast SEO v27.0) - https:\/\/yoast.com\/product\/yoast-seo-premium-wordpress\/ -->\n<title>Propri\u00e9taires d&#039;Elokat\u00e9 remportent proc\u00e8s foncier - C\u00f4te d&#039;Ivoire<\/title>\n<meta name=\"description\" content=\"La tension foncie\u0300re qui opposait les proprie\u0301taires terriens du village d\u2019Elokate\u0301 a\u0300 la socie\u0301te\u0301 AB Building a connu ...\" \/>\n<meta name=\"robots\" content=\"index, follow, max-snippet:-1, max-image-preview:large, max-video-preview:-1\" \/>\n<link rel=\"canonical\" href=\"https:\/\/www.africa-press.net\/cotedivoire\/toutes-les-actualites\/proprietaires-delokate-remportent-proces-foncier\" \/>\n<meta property=\"og:locale\" content=\"fr_FR\" \/>\n<meta property=\"og:type\" content=\"article\" \/>\n<meta property=\"og:title\" content=\"Propri\u00e9taires d&#039;Elokat\u00e9 remportent proc\u00e8s foncier\" \/>\n<meta property=\"og:description\" content=\"La tension foncie\u0300re qui opposait les proprie\u0301taires terriens du village d\u2019Elokate\u0301 a\u0300 la socie\u0301te\u0301 AB Building a connu ...\" \/>\n<meta property=\"og:url\" content=\"https:\/\/www.africa-press.net\/cotedivoire\/toutes-les-actualites\/proprietaires-delokate-remportent-proces-foncier\" \/>\n<meta property=\"og:site_name\" content=\"C\u00f4te d&#039;Ivoire\" \/>\n<meta property=\"article:published_time\" content=\"2025-10-04T19:18:18+00:00\" \/>\n<meta property=\"article:modified_time\" content=\"2025-10-04T19:56:16+00:00\" \/>\n<meta property=\"og:image\" content=\"https:\/\/static.africa-press.net\/cote\/sites\/43\/2025\/10\/sm_1759595124.62937.jpg\" \/>\n\t<meta property=\"og:image:width\" content=\"720\" \/>\n\t<meta property=\"og:image:height\" content=\"403\" \/>\n\t<meta property=\"og:image:type\" content=\"image\/jpeg\" \/>\n<meta name=\"author\" content=\"cfeditorfr\" \/>\n<meta name=\"twitter:card\" content=\"summary_large_image\" \/>\n<meta name=\"twitter:label1\" content=\"\u00c9crit par\" \/>\n\t<meta name=\"twitter:data1\" content=\"cfeditorfr\" \/>\n\t<meta name=\"twitter:label2\" content=\"Dur\u00e9e de lecture estim\u00e9e\" \/>\n\t<meta name=\"twitter:data2\" content=\"3 minutes\" \/>\n<script type=\"application\/ld+json\" class=\"yoast-schema-graph\">{\"@context\":\"https:\/\/schema.org\",\"@graph\":[{\"@type\":\"Article\",\"@id\":\"https:\/\/www.africa-press.net\/cotedivoire\/toutes-les-actualites\/proprietaires-delokate-remportent-proces-foncier#article\",\"isPartOf\":{\"@id\":\"https:\/\/www.africa-press.net\/cotedivoire\/toutes-les-actualites\/proprietaires-delokate-remportent-proces-foncier\"},\"author\":{\"name\":\"cfeditorfr\",\"@id\":\"https:\/\/www.africa-press.net\/cotedivoire\/#\/schema\/person\/2b1cf3cd81a31e3cd26889ca66d677f1\"},\"headline\":\"Propri\u00e9taires d&rsquo;Elokat\u00e9 remportent proc\u00e8s foncier\",\"datePublished\":\"2025-10-04T19:18:18+00:00\",\"dateModified\":\"2025-10-04T19:56:16+00:00\",\"mainEntityOfPage\":{\"@id\":\"https:\/\/www.africa-press.net\/cotedivoire\/toutes-les-actualites\/proprietaires-delokate-remportent-proces-foncier\"},\"wordCount\":516,\"commentCount\":0,\"image\":{\"@id\":\"https:\/\/www.africa-press.net\/cotedivoire\/toutes-les-actualites\/proprietaires-delokate-remportent-proces-foncier#primaryimage\"},\"thumbnailUrl\":\"https:\/\/static.africa-press.net\/cote\/sites\/43\/2025\/10\/sm_1759595124.62937.jpg\",\"keywords\":[\"AB Building\",\"Bingerville\",\"C\u00d4TE D'IVOIRE\",\"Elokat\u00e9\",\"entreprise\",\"justice ivoirienne\",\"litige foncier\",\"Zara\"],\"articleSection\":[\"Communaut\u00e9\",\"Toutes les actualit\u00e9s\"],\"inLanguage\":\"fr-FR\",\"potentialAction\":[{\"@type\":\"CommentAction\",\"name\":\"Comment\",\"target\":[\"https:\/\/www.africa-press.net\/cotedivoire\/toutes-les-actualites\/proprietaires-delokate-remportent-proces-foncier#respond\"]}]},{\"@type\":\"WebPage\",\"@id\":\"https:\/\/www.africa-press.net\/cotedivoire\/toutes-les-actualites\/proprietaires-delokate-remportent-proces-foncier\",\"url\":\"https:\/\/www.africa-press.net\/cotedivoire\/toutes-les-actualites\/proprietaires-delokate-remportent-proces-foncier\",\"name\":\"Propri\u00e9taires d'Elokat\u00e9 remportent proc\u00e8s foncier - C\u00f4te d&#039;Ivoire\",\"isPartOf\":{\"@id\":\"https:\/\/www.africa-press.net\/cotedivoire\/#website\"},\"primaryImageOfPage\":{\"@id\":\"https:\/\/www.africa-press.net\/cotedivoire\/toutes-les-actualites\/proprietaires-delokate-remportent-proces-foncier#primaryimage\"},\"image\":{\"@id\":\"https:\/\/www.africa-press.net\/cotedivoire\/toutes-les-actualites\/proprietaires-delokate-remportent-proces-foncier#primaryimage\"},\"thumbnailUrl\":\"https:\/\/static.africa-press.net\/cote\/sites\/43\/2025\/10\/sm_1759595124.62937.jpg\",\"datePublished\":\"2025-10-04T19:18:18+00:00\",\"dateModified\":\"2025-10-04T19:56:16+00:00\",\"author\":{\"@id\":\"https:\/\/www.africa-press.net\/cotedivoire\/#\/schema\/person\/2b1cf3cd81a31e3cd26889ca66d677f1\"},\"description\":\"La tension foncie\u0300re qui opposait les proprie\u0301taires terriens du village d\u2019Elokate\u0301 a\u0300 la socie\u0301te\u0301 AB Building a connu ...\",\"breadcrumb\":{\"@id\":\"https:\/\/www.africa-press.net\/cotedivoire\/toutes-les-actualites\/proprietaires-delokate-remportent-proces-foncier#breadcrumb\"},\"inLanguage\":\"fr-FR\",\"potentialAction\":[{\"@type\":\"ReadAction\",\"target\":[\"https:\/\/www.africa-press.net\/cotedivoire\/toutes-les-actualites\/proprietaires-delokate-remportent-proces-foncier\"]}]},{\"@type\":\"ImageObject\",\"inLanguage\":\"fr-FR\",\"@id\":\"https:\/\/www.africa-press.net\/cotedivoire\/toutes-les-actualites\/proprietaires-delokate-remportent-proces-foncier#primaryimage\",\"url\":\"https:\/\/static.africa-press.net\/cote\/sites\/43\/2025\/10\/sm_1759595124.62937.jpg\",\"contentUrl\":\"https:\/\/static.africa-press.net\/cote\/sites\/43\/2025\/10\/sm_1759595124.62937.jpg\",\"width\":720,\"height\":403,\"caption\":\"Propri\u00e9taires d'Elokat\u00e9 remportent proc\u00e8s foncier\"},{\"@type\":\"BreadcrumbList\",\"@id\":\"https:\/\/www.africa-press.net\/cotedivoire\/toutes-les-actualites\/proprietaires-delokate-remportent-proces-foncier#breadcrumb\",\"itemListElement\":[{\"@type\":\"ListItem\",\"position\":1,\"name\":\"Accueil\",\"item\":\"https:\/\/www.africa-press.net\/cotedivoire\/\"},{\"@type\":\"ListItem\",\"position\":2,\"name\":\"Propri\u00e9taires d&#8217;Elokat\u00e9 remportent proc\u00e8s foncier\"}]},{\"@type\":\"WebSite\",\"@id\":\"https:\/\/www.africa-press.net\/cotedivoire\/#website\",\"url\":\"https:\/\/www.africa-press.net\/cotedivoire\/\",\"name\":\"C\u00f4te d&#039;Ivoire\",\"description\":\"Just another Africa News Agency Sites site\",\"potentialAction\":[{\"@type\":\"SearchAction\",\"target\":{\"@type\":\"EntryPoint\",\"urlTemplate\":\"https:\/\/www.africa-press.net\/cotedivoire\/?s={search_term_string}\"},\"query-input\":{\"@type\":\"PropertyValueSpecification\",\"valueRequired\":true,\"valueName\":\"search_term_string\"}}],\"inLanguage\":\"fr-FR\"},{\"@type\":\"Person\",\"@id\":\"https:\/\/www.africa-press.net\/cotedivoire\/#\/schema\/person\/2b1cf3cd81a31e3cd26889ca66d677f1\",\"name\":\"cfeditorfr\"}]}<\/script>\n<!-- \/ Yoast SEO Premium plugin. -->","yoast_head_json":{"title":"Propri\u00e9taires d'Elokat\u00e9 remportent proc\u00e8s foncier - C\u00f4te d&#039;Ivoire","description":"La tension foncie\u0300re qui opposait les proprie\u0301taires terriens du village d\u2019Elokate\u0301 a\u0300 la socie\u0301te\u0301 AB Building a connu ...","robots":{"index":"index","follow":"follow","max-snippet":"max-snippet:-1","max-image-preview":"max-image-preview:large","max-video-preview":"max-video-preview:-1"},"canonical":"https:\/\/www.africa-press.net\/cotedivoire\/toutes-les-actualites\/proprietaires-delokate-remportent-proces-foncier","og_locale":"fr_FR","og_type":"article","og_title":"Propri\u00e9taires d'Elokat\u00e9 remportent proc\u00e8s foncier","og_description":"La tension foncie\u0300re qui opposait les proprie\u0301taires terriens du village d\u2019Elokate\u0301 a\u0300 la socie\u0301te\u0301 AB Building a connu ...","og_url":"https:\/\/www.africa-press.net\/cotedivoire\/toutes-les-actualites\/proprietaires-delokate-remportent-proces-foncier","og_site_name":"C\u00f4te d&#039;Ivoire","article_published_time":"2025-10-04T19:18:18+00:00","article_modified_time":"2025-10-04T19:56:16+00:00","og_image":[{"width":720,"height":403,"url":"https:\/\/static.africa-press.net\/cote\/sites\/43\/2025\/10\/sm_1759595124.62937.jpg","type":"image\/jpeg"}],"author":"cfeditorfr","twitter_card":"summary_large_image","twitter_misc":{"\u00c9crit par":"cfeditorfr","Dur\u00e9e de lecture estim\u00e9e":"3 minutes"},"schema":{"@context":"https:\/\/schema.org","@graph":[{"@type":"Article","@id":"https:\/\/www.africa-press.net\/cotedivoire\/toutes-les-actualites\/proprietaires-delokate-remportent-proces-foncier#article","isPartOf":{"@id":"https:\/\/www.africa-press.net\/cotedivoire\/toutes-les-actualites\/proprietaires-delokate-remportent-proces-foncier"},"author":{"name":"cfeditorfr","@id":"https:\/\/www.africa-press.net\/cotedivoire\/#\/schema\/person\/2b1cf3cd81a31e3cd26889ca66d677f1"},"headline":"Propri\u00e9taires d&rsquo;Elokat\u00e9 remportent proc\u00e8s foncier","datePublished":"2025-10-04T19:18:18+00:00","dateModified":"2025-10-04T19:56:16+00:00","mainEntityOfPage":{"@id":"https:\/\/www.africa-press.net\/cotedivoire\/toutes-les-actualites\/proprietaires-delokate-remportent-proces-foncier"},"wordCount":516,"commentCount":0,"image":{"@id":"https:\/\/www.africa-press.net\/cotedivoire\/toutes-les-actualites\/proprietaires-delokate-remportent-proces-foncier#primaryimage"},"thumbnailUrl":"https:\/\/static.africa-press.net\/cote\/sites\/43\/2025\/10\/sm_1759595124.62937.jpg","keywords":["AB Building","Bingerville","C\u00d4TE D'IVOIRE","Elokat\u00e9","entreprise","justice ivoirienne","litige foncier","Zara"],"articleSection":["Communaut\u00e9","Toutes les actualit\u00e9s"],"inLanguage":"fr-FR","potentialAction":[{"@type":"CommentAction","name":"Comment","target":["https:\/\/www.africa-press.net\/cotedivoire\/toutes-les-actualites\/proprietaires-delokate-remportent-proces-foncier#respond"]}]},{"@type":"WebPage","@id":"https:\/\/www.africa-press.net\/cotedivoire\/toutes-les-actualites\/proprietaires-delokate-remportent-proces-foncier","url":"https:\/\/www.africa-press.net\/cotedivoire\/toutes-les-actualites\/proprietaires-delokate-remportent-proces-foncier","name":"Propri\u00e9taires d'Elokat\u00e9 remportent proc\u00e8s foncier - C\u00f4te d&#039;Ivoire","isPartOf":{"@id":"https:\/\/www.africa-press.net\/cotedivoire\/#website"},"primaryImageOfPage":{"@id":"https:\/\/www.africa-press.net\/cotedivoire\/toutes-les-actualites\/proprietaires-delokate-remportent-proces-foncier#primaryimage"},"image":{"@id":"https:\/\/www.africa-press.net\/cotedivoire\/toutes-les-actualites\/proprietaires-delokate-remportent-proces-foncier#primaryimage"},"thumbnailUrl":"https:\/\/static.africa-press.net\/cote\/sites\/43\/2025\/10\/sm_1759595124.62937.jpg","datePublished":"2025-10-04T19:18:18+00:00","dateModified":"2025-10-04T19:56:16+00:00","author":{"@id":"https:\/\/www.africa-press.net\/cotedivoire\/#\/schema\/person\/2b1cf3cd81a31e3cd26889ca66d677f1"},"description":"La tension foncie\u0300re qui opposait les proprie\u0301taires terriens du village d\u2019Elokate\u0301 a\u0300 la socie\u0301te\u0301 AB Building a connu ...","breadcrumb":{"@id":"https:\/\/www.africa-press.net\/cotedivoire\/toutes-les-actualites\/proprietaires-delokate-remportent-proces-foncier#breadcrumb"},"inLanguage":"fr-FR","potentialAction":[{"@type":"ReadAction","target":["https:\/\/www.africa-press.net\/cotedivoire\/toutes-les-actualites\/proprietaires-delokate-remportent-proces-foncier"]}]},{"@type":"ImageObject","inLanguage":"fr-FR","@id":"https:\/\/www.africa-press.net\/cotedivoire\/toutes-les-actualites\/proprietaires-delokate-remportent-proces-foncier#primaryimage","url":"https:\/\/static.africa-press.net\/cote\/sites\/43\/2025\/10\/sm_1759595124.62937.jpg","contentUrl":"https:\/\/static.africa-press.net\/cote\/sites\/43\/2025\/10\/sm_1759595124.62937.jpg","width":720,"height":403,"caption":"Propri\u00e9taires d'Elokat\u00e9 remportent proc\u00e8s foncier"},{"@type":"BreadcrumbList","@id":"https:\/\/www.africa-press.net\/cotedivoire\/toutes-les-actualites\/proprietaires-delokate-remportent-proces-foncier#breadcrumb","itemListElement":[{"@type":"ListItem","position":1,"name":"Accueil","item":"https:\/\/www.africa-press.net\/cotedivoire\/"},{"@type":"ListItem","position":2,"name":"Propri\u00e9taires d&#8217;Elokat\u00e9 remportent proc\u00e8s foncier"}]},{"@type":"WebSite","@id":"https:\/\/www.africa-press.net\/cotedivoire\/#website","url":"https:\/\/www.africa-press.net\/cotedivoire\/","name":"C\u00f4te d&#039;Ivoire","description":"Just another Africa News Agency Sites site","potentialAction":[{"@type":"SearchAction","target":{"@type":"EntryPoint","urlTemplate":"https:\/\/www.africa-press.net\/cotedivoire\/?s={search_term_string}"},"query-input":{"@type":"PropertyValueSpecification","valueRequired":true,"valueName":"search_term_string"}}],"inLanguage":"fr-FR"},{"@type":"Person","@id":"https:\/\/www.africa-press.net\/cotedivoire\/#\/schema\/person\/2b1cf3cd81a31e3cd26889ca66d677f1","name":"cfeditorfr"}]}},"_links":{"self":[{"href":"https:\/\/www.africa-press.net\/cotedivoire\/wp-json\/wp\/v2\/posts\/106224","targetHints":{"allow":["GET"]}}],"collection":[{"href":"https:\/\/www.africa-press.net\/cotedivoire\/wp-json\/wp\/v2\/posts"}],"about":[{"href":"https:\/\/www.africa-press.net\/cotedivoire\/wp-json\/wp\/v2\/types\/post"}],"author":[{"embeddable":true,"href":"https:\/\/www.africa-press.net\/cotedivoire\/wp-json\/wp\/v2\/users\/82"}],"replies":[{"embeddable":true,"href":"https:\/\/www.africa-press.net\/cotedivoire\/wp-json\/wp\/v2\/comments?post=106224"}],"version-history":[{"count":0,"href":"https:\/\/www.africa-press.net\/cotedivoire\/wp-json\/wp\/v2\/posts\/106224\/revisions"}],"wp:featuredmedia":[{"embeddable":true,"href":"https:\/\/www.africa-press.net\/cotedivoire\/wp-json\/wp\/v2\/media\/106223"}],"wp:attachment":[{"href":"https:\/\/www.africa-press.net\/cotedivoire\/wp-json\/wp\/v2\/media?parent=106224"}],"wp:term":[{"taxonomy":"category","embeddable":true,"href":"https:\/\/www.africa-press.net\/cotedivoire\/wp-json\/wp\/v2\/categories?post=106224"},{"taxonomy":"post_tag","embeddable":true,"href":"https:\/\/www.africa-press.net\/cotedivoire\/wp-json\/wp\/v2\/tags?post=106224"}],"curies":[{"name":"wp","href":"https:\/\/api.w.org\/{rel}","templated":true}]}}