{"id":106232,"date":"2025-10-04T19:19:09","date_gmt":"2025-10-04T19:19:09","guid":{"rendered":"https:\/\/www.africa-press.net\/cotedivoire\/politique\/presidentielle-2025-cei-et-prefets-pour-un-scrutin-apaise"},"modified":"2025-10-04T19:57:17","modified_gmt":"2025-10-04T19:57:17","slug":"presidentielle-2025-cei-et-prefets-pour-un-scrutin-apaise","status":"publish","type":"post","link":"https:\/\/www.africa-press.net\/cotedivoire\/politique\/presidentielle-2025-cei-et-prefets-pour-un-scrutin-apaise","title":{"rendered":"Pr\u00e9sidentielle 2025 CEI et pr\u00e9fets pour un scrutin apais\u00e9"},"content":{"rendered":"<p><span style=\"color: #ff6600\"><strong>Africa-Press &#8211; C\u00f4te d&rsquo;Ivoire. <\/strong><\/span>A\u0300 moins d\u2019un mois de l\u2019e\u0301lection pre\u0301sidentielle pre\u0301vue pour le 25 octobre prochain, la Commission E\u0301lectorale Inde\u0301pendante (CEI) a organise\u0301 ce vendredi une importante rencontre d\u2019informations et d\u2019e\u0301changes avec le corps pre\u0301fectoral a\u0300 l\u2019Ho\u0302tel Pre\u0301sident de Yamoussoukro. Pre\u0301side\u0301e par M. Coulibaly-Kuibiert Ibrahime, pre\u0301sident de la CEI, cette session a permis de faire le point sur les ope\u0301rations e\u0301lectorales en cours, de rappeler les responsabilite\u0301s de l\u2019administration territoriale, et de re\u0301affirmer l\u2019importance d\u2019un processus e\u0301lectoral apaise\u0301, inclusif et transparent.<\/p>\n<p>Accueilli par les autorite\u0301s locales dans une ambiance chaleureuse, le pre\u0301sident de la CEI a salue\u0301 l\u2019engagement du Ministre de l\u2019Inte\u0301rieur et de la Se\u0301curite\u0301, des pre\u0301fets de re\u0301gion et de de\u0301partement, des commissaires centraux, ainsi que des repre\u0301sentants des forces de de\u0301fense et de se\u0301curite\u0301.<\/p>\n<p>Prenant la parole, M. Coulibaly-Kuibiert a exprime\u0301 sa gratitude envers le ministre de l\u2019Inte\u0301rieur pour sa promptitude a\u0300 faciliter la tenue de cette rencontre cruciale. Il a e\u0301galement remercie\u0301 les pre\u0301fets pour leur disponibilite\u0301 et leur esprit re\u0301publicain, soulignant leur ro\u0302le strate\u0301gique dans le bon de\u0301roulement du processus e\u0301lectoral: \u00ab Vous e\u0302tes l\u2019incarnation de l\u2019E\u0301tat dans vos circonscriptions. La CEI compte sur votre mobilisation totale pour assurer le succe\u0300s de cette e\u0301lection. \u00bb<\/p>\n<p>Le pre\u0301sident de la CEI a rappele\u0301 les grandes e\u0301tapes de\u0301ja\u0300 franchies, notamment la re\u0301vision de la liste e\u0301lectorale qui a permis d\u2019enregistrer 8 727 431 e\u0301lecteurs, aptes a\u0300 voter le 25 octobre pour le premier tour de la pre\u0301sidentielle, et le 27 de\u0301cembre pour les le\u0301gislatives.<\/p>\n<p>\u00ab L\u2019e\u0301lection est un moment solennel ou\u0300 se rencontrent candidats et e\u0301lecteurs. Notre mission est d\u2019en garantir la since\u0301rite\u0301, conforme\u0301ment a\u0300 la Constitution. \u00bb<\/p>\n<p>Il a e\u0301galement annonce\u0301 que la campagne e\u0301lectorale de\u0301butera le vendredi 10 octobre a\u0300 00h et s\u2019ache\u0300vera le 23 octobre a\u0300 minuit, tandis que la distribution des cartes d\u2019e\u0301lecteurs se tiendra du 11 au 20 octobre, dans 11 835 lieux de vote re\u0301partis sur tout le territoire.<\/p>\n<p>Concernant le bon de\u0301roulement de la campagne, M. Coulibaly-Kuibiert a fermement rappele\u0301 les interdictions en vigueur, notamment, l\u2019utilisation de ve\u0301hicules administratifs a\u0300 des fins de propagande e\u0301lectorale, la participation des autorite\u0301s pre\u0301fectorales, militaires et paramilitaires en activite\u0301 aux activite\u0301s politiques.<\/p>\n<p>Il a insiste\u0301 sur le ro\u0302le des pre\u0301fets dans le respect de ces re\u0300gles et la gestion des espaces publics.<\/p>\n<p>\u00ab La campagne e\u0301lectorale est un moment de\u0301cisif. Elle doit se faire dans le respect des lois re\u0301publicaines pour garantir un scrutin apaise\u0301. \u00bb<\/p>\n<p>Un point important de l\u2019adresse du pre\u0301sident de la CEI a concerne\u0301 le de\u0301cret n\u00b02025-653 du 30 juillet 2025, re\u0301quisitionnant les agents publics et assimile\u0301s pour les besoins de l\u2019e\u0301lection.<\/p>\n<p>\u00ab L\u2019ordre de re\u0301quisition oblige. Les personnes concerne\u0301es doivent se pre\u0301senter a\u0300 leur poste sous peine de sanctions pe\u0301nales allant jusqu\u2019a\u0300 2 ans de prison ou 2 millions de francs CFA d\u2019amende. \u00bb<\/p>\n<p>Les pre\u0301fets sont appele\u0301s a\u0300 fournir les listes nominatives des personnes re\u0301quisitionne\u0301es aux commissions e\u0301lectorales locales, et a\u0300 veiller a\u0300 leur pre\u0301sence effective le jour du scrutin, ou\u0300 ils officieront en tant que pre\u0301sidents et assesseurs des bureaux de vote.<\/p>\n<p>Autre point fort de la rencontre: la se\u0301curisation du processus e\u0301lectoral. La CEI entend travailler e\u0301troitement avec le Centre ope\u0301rationnel interarme\u0301es et les forces de se\u0301curite\u0301 pour garantir un climat serein avant, pendant et apre\u0300s le scrutin.<\/p>\n<p>M. Coulibaly-Kuibiert a par ailleurs, lance\u0301 un appel a\u0300 l\u2019ame\u0301lioration des rapports entre les pre\u0301fets et les commissaires superviseurs ou locaux de la CEI, e\u0301voquant les tensions passe\u0301es.<\/p>\n<p>\u00ab Nous devons e\u0301lever le niveau de notre collaboration. Nous sommes tous au service de la Re\u0301publique. \u00bb<\/p>\n<p>Le pre\u0301sident de la CEI a clos son allocution par un appel a\u0300 l\u2019unite\u0301, a\u0300 la responsabilite\u0301 et a\u0300 la mobilisation de toutes les parties prenantes pour la re\u0301ussite de ce grand rendez-vous de\u0301mocratique.<\/p>\n<p>\u00ab La Co\u0302te d\u2019Ivoire nous en sera reconnaissante. Ensemble, nous re\u0301ussirons. Vive la Re\u0301publique. Que Dieu be\u0301nisse la Co\u0302te d\u2019Ivoire. \u00bb<\/p>\n<p><strong>Pour plus d&rsquo;informations et d&rsquo;analyses sur la <span style=\"color: #ff6600\">C\u00f4te d&rsquo;Ivoire<\/span>, suivez <span style=\"color: #ff6600\">Africa-Press<\/span><\/strong><\/p>\n","protected":false},"excerpt":{"rendered":"<p>Africa-Press &#8211; C\u00f4te d&rsquo;Ivoire. A\u0300 moins d\u2019un mois de l\u2019e\u0301lection pre\u0301sidentielle pre\u0301vue pour le 25 octobre prochain, la Commission E\u0301lectorale Inde\u0301pendante (CEI) a organise\u0301 ce vendredi une importante rencontre d\u2019informations et d\u2019e\u0301changes avec le corps pre\u0301fectoral a\u0300 l\u2019Ho\u0302tel Pre\u0301sident de Yamoussoukro. Pre\u0301side\u0301e par M. Coulibaly-Kuibiert Ibrahime, pre\u0301sident de la CEI, cette session a permis de [&hellip;]<\/p>\n","protected":false},"author":82,"featured_media":106230,"comment_status":"open","ping_status":"closed","sticky":false,"template":"","format":"standard","meta":{"footnotes":""},"categories":[2,20,10],"tags":[1316,14760,29,19066,312,18622,19065,17124,33],"class_list":["post-106232","post","type-post","status-publish","format-standard","has-post-thumbnail","hentry","category-politique","category-top-nouvelles","category-toutes-les-actualites","tag-cei","tag-corps-prefectoral","tag-cote-divoire","tag-election-2025","tag-presidentielle","tag-requisition","tag-securite-electorale","tag-transparent","tag-yamoussoukro"],"yoast_head":"<!-- This site is optimized with the Yoast SEO Premium plugin v26.1 (Yoast SEO v27.0) - https:\/\/yoast.com\/product\/yoast-seo-premium-wordpress\/ -->\n<title>Pr\u00e9sidentielle 2025 CEI et pr\u00e9fets pour un scrutin apais\u00e9 - C\u00f4te d&#039;Ivoire<\/title>\n<meta name=\"description\" content=\"A\u0300 moins d\u2019un mois de l\u2019e\u0301lection pre\u0301sidentielle pre\u0301vue pour le 25 octobre prochain, la Commission E\u0301lectorale Inde\u0301pe ...\" \/>\n<meta name=\"robots\" content=\"index, follow, max-snippet:-1, max-image-preview:large, max-video-preview:-1\" \/>\n<link rel=\"canonical\" href=\"https:\/\/www.africa-press.net\/cotedivoire\/politique\/presidentielle-2025-cei-et-prefets-pour-un-scrutin-apaise\" \/>\n<meta property=\"og:locale\" content=\"fr_FR\" \/>\n<meta property=\"og:type\" content=\"article\" \/>\n<meta property=\"og:title\" content=\"Pr\u00e9sidentielle 2025 CEI et pr\u00e9fets pour un scrutin apais\u00e9\" \/>\n<meta property=\"og:description\" content=\"A\u0300 moins d\u2019un mois de l\u2019e\u0301lection pre\u0301sidentielle pre\u0301vue pour le 25 octobre prochain, la Commission E\u0301lectorale Inde\u0301pe ...\" \/>\n<meta property=\"og:url\" content=\"https:\/\/www.africa-press.net\/cotedivoire\/politique\/presidentielle-2025-cei-et-prefets-pour-un-scrutin-apaise\" \/>\n<meta property=\"og:site_name\" content=\"C\u00f4te d&#039;Ivoire\" \/>\n<meta property=\"article:published_time\" content=\"2025-10-04T19:19:09+00:00\" \/>\n<meta property=\"article:modified_time\" content=\"2025-10-04T19:57:17+00:00\" \/>\n<meta property=\"og:image\" content=\"https:\/\/static.africa-press.net\/cote\/sites\/43\/2025\/10\/sm_1759595179.034428.jpg\" \/>\n\t<meta property=\"og:image:width\" content=\"720\" \/>\n\t<meta property=\"og:image:height\" content=\"432\" \/>\n\t<meta property=\"og:image:type\" content=\"image\/jpeg\" \/>\n<meta name=\"author\" content=\"cfeditorfr\" \/>\n<meta name=\"twitter:card\" content=\"summary_large_image\" \/>\n<meta name=\"twitter:label1\" content=\"\u00c9crit par\" \/>\n\t<meta name=\"twitter:data1\" content=\"cfeditorfr\" \/>\n\t<meta name=\"twitter:label2\" content=\"Dur\u00e9e de lecture estim\u00e9e\" \/>\n\t<meta name=\"twitter:data2\" content=\"4 minutes\" \/>\n<script type=\"application\/ld+json\" class=\"yoast-schema-graph\">{\"@context\":\"https:\/\/schema.org\",\"@graph\":[{\"@type\":\"Article\",\"@id\":\"https:\/\/www.africa-press.net\/cotedivoire\/politique\/presidentielle-2025-cei-et-prefets-pour-un-scrutin-apaise#article\",\"isPartOf\":{\"@id\":\"https:\/\/www.africa-press.net\/cotedivoire\/politique\/presidentielle-2025-cei-et-prefets-pour-un-scrutin-apaise\"},\"author\":{\"name\":\"cfeditorfr\",\"@id\":\"https:\/\/www.africa-press.net\/cotedivoire\/#\/schema\/person\/2b1cf3cd81a31e3cd26889ca66d677f1\"},\"headline\":\"Pr\u00e9sidentielle 2025 CEI et pr\u00e9fets pour un scrutin apais\u00e9\",\"datePublished\":\"2025-10-04T19:19:09+00:00\",\"dateModified\":\"2025-10-04T19:57:17+00:00\",\"mainEntityOfPage\":{\"@id\":\"https:\/\/www.africa-press.net\/cotedivoire\/politique\/presidentielle-2025-cei-et-prefets-pour-un-scrutin-apaise\"},\"wordCount\":779,\"commentCount\":0,\"image\":{\"@id\":\"https:\/\/www.africa-press.net\/cotedivoire\/politique\/presidentielle-2025-cei-et-prefets-pour-un-scrutin-apaise#primaryimage\"},\"thumbnailUrl\":\"https:\/\/static.africa-press.net\/cote\/sites\/43\/2025\/10\/sm_1759595179.034428.jpg\",\"keywords\":[\"Cei\",\"corps pr\u00e9fectoral\",\"C\u00d4TE D'IVOIRE\",\"\u00c9lection 2025\",\"pr\u00e9sidentielle\",\"r\u00e9quisition\",\"s\u00e9curit\u00e9 \u00e9lectorale\",\"transparent\",\"Yamoussoukro\"],\"articleSection\":[\"Politique\",\"Top Nouvelles\",\"Toutes les actualit\u00e9s\"],\"inLanguage\":\"fr-FR\",\"potentialAction\":[{\"@type\":\"CommentAction\",\"name\":\"Comment\",\"target\":[\"https:\/\/www.africa-press.net\/cotedivoire\/politique\/presidentielle-2025-cei-et-prefets-pour-un-scrutin-apaise#respond\"]}]},{\"@type\":\"WebPage\",\"@id\":\"https:\/\/www.africa-press.net\/cotedivoire\/politique\/presidentielle-2025-cei-et-prefets-pour-un-scrutin-apaise\",\"url\":\"https:\/\/www.africa-press.net\/cotedivoire\/politique\/presidentielle-2025-cei-et-prefets-pour-un-scrutin-apaise\",\"name\":\"Pr\u00e9sidentielle 2025 CEI et pr\u00e9fets pour un scrutin apais\u00e9 - C\u00f4te d&#039;Ivoire\",\"isPartOf\":{\"@id\":\"https:\/\/www.africa-press.net\/cotedivoire\/#website\"},\"primaryImageOfPage\":{\"@id\":\"https:\/\/www.africa-press.net\/cotedivoire\/politique\/presidentielle-2025-cei-et-prefets-pour-un-scrutin-apaise#primaryimage\"},\"image\":{\"@id\":\"https:\/\/www.africa-press.net\/cotedivoire\/politique\/presidentielle-2025-cei-et-prefets-pour-un-scrutin-apaise#primaryimage\"},\"thumbnailUrl\":\"https:\/\/static.africa-press.net\/cote\/sites\/43\/2025\/10\/sm_1759595179.034428.jpg\",\"datePublished\":\"2025-10-04T19:19:09+00:00\",\"dateModified\":\"2025-10-04T19:57:17+00:00\",\"author\":{\"@id\":\"https:\/\/www.africa-press.net\/cotedivoire\/#\/schema\/person\/2b1cf3cd81a31e3cd26889ca66d677f1\"},\"description\":\"A\u0300 moins d\u2019un mois de l\u2019e\u0301lection pre\u0301sidentielle pre\u0301vue pour le 25 octobre prochain, la Commission E\u0301lectorale Inde\u0301pe ...\",\"breadcrumb\":{\"@id\":\"https:\/\/www.africa-press.net\/cotedivoire\/politique\/presidentielle-2025-cei-et-prefets-pour-un-scrutin-apaise#breadcrumb\"},\"inLanguage\":\"fr-FR\",\"potentialAction\":[{\"@type\":\"ReadAction\",\"target\":[\"https:\/\/www.africa-press.net\/cotedivoire\/politique\/presidentielle-2025-cei-et-prefets-pour-un-scrutin-apaise\"]}]},{\"@type\":\"ImageObject\",\"inLanguage\":\"fr-FR\",\"@id\":\"https:\/\/www.africa-press.net\/cotedivoire\/politique\/presidentielle-2025-cei-et-prefets-pour-un-scrutin-apaise#primaryimage\",\"url\":\"https:\/\/static.africa-press.net\/cote\/sites\/43\/2025\/10\/sm_1759595179.034428.jpg\",\"contentUrl\":\"https:\/\/static.africa-press.net\/cote\/sites\/43\/2025\/10\/sm_1759595179.034428.jpg\",\"width\":720,\"height\":432,\"caption\":\"Pr\u00e9sidentielle 2025 CEI et pr\u00e9fets pour un scrutin apais\u00e9\"},{\"@type\":\"BreadcrumbList\",\"@id\":\"https:\/\/www.africa-press.net\/cotedivoire\/politique\/presidentielle-2025-cei-et-prefets-pour-un-scrutin-apaise#breadcrumb\",\"itemListElement\":[{\"@type\":\"ListItem\",\"position\":1,\"name\":\"Accueil\",\"item\":\"https:\/\/www.africa-press.net\/cotedivoire\/\"},{\"@type\":\"ListItem\",\"position\":2,\"name\":\"Pr\u00e9sidentielle 2025 CEI et pr\u00e9fets pour un scrutin apais\u00e9\"}]},{\"@type\":\"WebSite\",\"@id\":\"https:\/\/www.africa-press.net\/cotedivoire\/#website\",\"url\":\"https:\/\/www.africa-press.net\/cotedivoire\/\",\"name\":\"C\u00f4te d&#039;Ivoire\",\"description\":\"Just another Africa News Agency Sites site\",\"potentialAction\":[{\"@type\":\"SearchAction\",\"target\":{\"@type\":\"EntryPoint\",\"urlTemplate\":\"https:\/\/www.africa-press.net\/cotedivoire\/?s={search_term_string}\"},\"query-input\":{\"@type\":\"PropertyValueSpecification\",\"valueRequired\":true,\"valueName\":\"search_term_string\"}}],\"inLanguage\":\"fr-FR\"},{\"@type\":\"Person\",\"@id\":\"https:\/\/www.africa-press.net\/cotedivoire\/#\/schema\/person\/2b1cf3cd81a31e3cd26889ca66d677f1\",\"name\":\"cfeditorfr\"}]}<\/script>\n<!-- \/ Yoast SEO Premium plugin. -->","yoast_head_json":{"title":"Pr\u00e9sidentielle 2025 CEI et pr\u00e9fets pour un scrutin apais\u00e9 - C\u00f4te d&#039;Ivoire","description":"A\u0300 moins d\u2019un mois de l\u2019e\u0301lection pre\u0301sidentielle pre\u0301vue pour le 25 octobre prochain, la Commission E\u0301lectorale Inde\u0301pe ...","robots":{"index":"index","follow":"follow","max-snippet":"max-snippet:-1","max-image-preview":"max-image-preview:large","max-video-preview":"max-video-preview:-1"},"canonical":"https:\/\/www.africa-press.net\/cotedivoire\/politique\/presidentielle-2025-cei-et-prefets-pour-un-scrutin-apaise","og_locale":"fr_FR","og_type":"article","og_title":"Pr\u00e9sidentielle 2025 CEI et pr\u00e9fets pour un scrutin apais\u00e9","og_description":"A\u0300 moins d\u2019un mois de l\u2019e\u0301lection pre\u0301sidentielle pre\u0301vue pour le 25 octobre prochain, la Commission E\u0301lectorale Inde\u0301pe ...","og_url":"https:\/\/www.africa-press.net\/cotedivoire\/politique\/presidentielle-2025-cei-et-prefets-pour-un-scrutin-apaise","og_site_name":"C\u00f4te d&#039;Ivoire","article_published_time":"2025-10-04T19:19:09+00:00","article_modified_time":"2025-10-04T19:57:17+00:00","og_image":[{"width":720,"height":432,"url":"https:\/\/static.africa-press.net\/cote\/sites\/43\/2025\/10\/sm_1759595179.034428.jpg","type":"image\/jpeg"}],"author":"cfeditorfr","twitter_card":"summary_large_image","twitter_misc":{"\u00c9crit par":"cfeditorfr","Dur\u00e9e de lecture estim\u00e9e":"4 minutes"},"schema":{"@context":"https:\/\/schema.org","@graph":[{"@type":"Article","@id":"https:\/\/www.africa-press.net\/cotedivoire\/politique\/presidentielle-2025-cei-et-prefets-pour-un-scrutin-apaise#article","isPartOf":{"@id":"https:\/\/www.africa-press.net\/cotedivoire\/politique\/presidentielle-2025-cei-et-prefets-pour-un-scrutin-apaise"},"author":{"name":"cfeditorfr","@id":"https:\/\/www.africa-press.net\/cotedivoire\/#\/schema\/person\/2b1cf3cd81a31e3cd26889ca66d677f1"},"headline":"Pr\u00e9sidentielle 2025 CEI et pr\u00e9fets pour un scrutin apais\u00e9","datePublished":"2025-10-04T19:19:09+00:00","dateModified":"2025-10-04T19:57:17+00:00","mainEntityOfPage":{"@id":"https:\/\/www.africa-press.net\/cotedivoire\/politique\/presidentielle-2025-cei-et-prefets-pour-un-scrutin-apaise"},"wordCount":779,"commentCount":0,"image":{"@id":"https:\/\/www.africa-press.net\/cotedivoire\/politique\/presidentielle-2025-cei-et-prefets-pour-un-scrutin-apaise#primaryimage"},"thumbnailUrl":"https:\/\/static.africa-press.net\/cote\/sites\/43\/2025\/10\/sm_1759595179.034428.jpg","keywords":["Cei","corps pr\u00e9fectoral","C\u00d4TE D'IVOIRE","\u00c9lection 2025","pr\u00e9sidentielle","r\u00e9quisition","s\u00e9curit\u00e9 \u00e9lectorale","transparent","Yamoussoukro"],"articleSection":["Politique","Top Nouvelles","Toutes les actualit\u00e9s"],"inLanguage":"fr-FR","potentialAction":[{"@type":"CommentAction","name":"Comment","target":["https:\/\/www.africa-press.net\/cotedivoire\/politique\/presidentielle-2025-cei-et-prefets-pour-un-scrutin-apaise#respond"]}]},{"@type":"WebPage","@id":"https:\/\/www.africa-press.net\/cotedivoire\/politique\/presidentielle-2025-cei-et-prefets-pour-un-scrutin-apaise","url":"https:\/\/www.africa-press.net\/cotedivoire\/politique\/presidentielle-2025-cei-et-prefets-pour-un-scrutin-apaise","name":"Pr\u00e9sidentielle 2025 CEI et pr\u00e9fets pour un scrutin apais\u00e9 - C\u00f4te d&#039;Ivoire","isPartOf":{"@id":"https:\/\/www.africa-press.net\/cotedivoire\/#website"},"primaryImageOfPage":{"@id":"https:\/\/www.africa-press.net\/cotedivoire\/politique\/presidentielle-2025-cei-et-prefets-pour-un-scrutin-apaise#primaryimage"},"image":{"@id":"https:\/\/www.africa-press.net\/cotedivoire\/politique\/presidentielle-2025-cei-et-prefets-pour-un-scrutin-apaise#primaryimage"},"thumbnailUrl":"https:\/\/static.africa-press.net\/cote\/sites\/43\/2025\/10\/sm_1759595179.034428.jpg","datePublished":"2025-10-04T19:19:09+00:00","dateModified":"2025-10-04T19:57:17+00:00","author":{"@id":"https:\/\/www.africa-press.net\/cotedivoire\/#\/schema\/person\/2b1cf3cd81a31e3cd26889ca66d677f1"},"description":"A\u0300 moins d\u2019un mois de l\u2019e\u0301lection pre\u0301sidentielle pre\u0301vue pour le 25 octobre prochain, la Commission E\u0301lectorale Inde\u0301pe ...","breadcrumb":{"@id":"https:\/\/www.africa-press.net\/cotedivoire\/politique\/presidentielle-2025-cei-et-prefets-pour-un-scrutin-apaise#breadcrumb"},"inLanguage":"fr-FR","potentialAction":[{"@type":"ReadAction","target":["https:\/\/www.africa-press.net\/cotedivoire\/politique\/presidentielle-2025-cei-et-prefets-pour-un-scrutin-apaise"]}]},{"@type":"ImageObject","inLanguage":"fr-FR","@id":"https:\/\/www.africa-press.net\/cotedivoire\/politique\/presidentielle-2025-cei-et-prefets-pour-un-scrutin-apaise#primaryimage","url":"https:\/\/static.africa-press.net\/cote\/sites\/43\/2025\/10\/sm_1759595179.034428.jpg","contentUrl":"https:\/\/static.africa-press.net\/cote\/sites\/43\/2025\/10\/sm_1759595179.034428.jpg","width":720,"height":432,"caption":"Pr\u00e9sidentielle 2025 CEI et pr\u00e9fets pour un scrutin apais\u00e9"},{"@type":"BreadcrumbList","@id":"https:\/\/www.africa-press.net\/cotedivoire\/politique\/presidentielle-2025-cei-et-prefets-pour-un-scrutin-apaise#breadcrumb","itemListElement":[{"@type":"ListItem","position":1,"name":"Accueil","item":"https:\/\/www.africa-press.net\/cotedivoire\/"},{"@type":"ListItem","position":2,"name":"Pr\u00e9sidentielle 2025 CEI et pr\u00e9fets pour un scrutin apais\u00e9"}]},{"@type":"WebSite","@id":"https:\/\/www.africa-press.net\/cotedivoire\/#website","url":"https:\/\/www.africa-press.net\/cotedivoire\/","name":"C\u00f4te d&#039;Ivoire","description":"Just another Africa News Agency Sites site","potentialAction":[{"@type":"SearchAction","target":{"@type":"EntryPoint","urlTemplate":"https:\/\/www.africa-press.net\/cotedivoire\/?s={search_term_string}"},"query-input":{"@type":"PropertyValueSpecification","valueRequired":true,"valueName":"search_term_string"}}],"inLanguage":"fr-FR"},{"@type":"Person","@id":"https:\/\/www.africa-press.net\/cotedivoire\/#\/schema\/person\/2b1cf3cd81a31e3cd26889ca66d677f1","name":"cfeditorfr"}]}},"_links":{"self":[{"href":"https:\/\/www.africa-press.net\/cotedivoire\/wp-json\/wp\/v2\/posts\/106232","targetHints":{"allow":["GET"]}}],"collection":[{"href":"https:\/\/www.africa-press.net\/cotedivoire\/wp-json\/wp\/v2\/posts"}],"about":[{"href":"https:\/\/www.africa-press.net\/cotedivoire\/wp-json\/wp\/v2\/types\/post"}],"author":[{"embeddable":true,"href":"https:\/\/www.africa-press.net\/cotedivoire\/wp-json\/wp\/v2\/users\/82"}],"replies":[{"embeddable":true,"href":"https:\/\/www.africa-press.net\/cotedivoire\/wp-json\/wp\/v2\/comments?post=106232"}],"version-history":[{"count":0,"href":"https:\/\/www.africa-press.net\/cotedivoire\/wp-json\/wp\/v2\/posts\/106232\/revisions"}],"wp:featuredmedia":[{"embeddable":true,"href":"https:\/\/www.africa-press.net\/cotedivoire\/wp-json\/wp\/v2\/media\/106230"}],"wp:attachment":[{"href":"https:\/\/www.africa-press.net\/cotedivoire\/wp-json\/wp\/v2\/media?parent=106232"}],"wp:term":[{"taxonomy":"category","embeddable":true,"href":"https:\/\/www.africa-press.net\/cotedivoire\/wp-json\/wp\/v2\/categories?post=106232"},{"taxonomy":"post_tag","embeddable":true,"href":"https:\/\/www.africa-press.net\/cotedivoire\/wp-json\/wp\/v2\/tags?post=106232"}],"curies":[{"name":"wp","href":"https:\/\/api.w.org\/{rel}","templated":true}]}}