{"id":10624,"date":"2021-07-30T16:11:35","date_gmt":"2021-07-30T16:11:35","guid":{"rendered":"https:\/\/www.africa-press.net\/cotedivoire\/?p=10624"},"modified":"2021-07-30T18:21:02","modified_gmt":"2021-07-30T18:21:02","slug":"journaliste-disparu-le-mali-lance-un-mandat-darret-contre-karim-keita-refugie-a-abidjan-lex-chef-des-services-des-renseignements-ecroue","status":"publish","type":"post","link":"https:\/\/www.africa-press.net\/cotedivoire\/politique\/journaliste-disparu-le-mali-lance-un-mandat-darret-contre-karim-keita-refugie-a-abidjan-lex-chef-des-services-des-renseignements-ecroue","title":{"rendered":"Journaliste disparu: Le Mali lance un mandat d\u2019arr\u00eat contre Karim Ke\u00efta r\u00e9fugi\u00e9 \u00e0 Abidjan, l\u2019ex-chef des services des renseignements \u00e9crou\u00e9"},"content":{"rendered":"<p><span style=\"color: #ff6600\"><strong><a href=\"https:\/\/www.africa-press.net\/\">Africa-Press<\/a> &#8211; <a href=\"https:\/\/www.africa-press.net\/cotedivoire\">C\u00f4te d&rsquo;Ivoire<\/a>. <\/strong><\/span><b>Journaliste disparu au Mali : l\u2019ex-chef des services de renseignements arr\u00eat\u00e9 et inculp\u00e9<\/b><\/p>\n<p>Le g\u00e9n\u00e9ral Moussa Diawara a \u00e9t\u00e9 plac\u00e9 en d\u00e9tention provisoire dans le cadre de l\u2019enqu\u00eate sur la disparition du journaliste d\u2019investigation malien Birama Tour\u00e9 en 2016.<\/p>\n<p>Un ancien chef des services de renseignements maliens a \u00e9t\u00e9 arr\u00eat\u00e9 jeudi 29 juillet dans le cadre de l\u2019enqu\u00eate sur la disparition d\u2019un journaliste en 2016, dans laquelle Karim Ke\u00efta, fils de l\u2019ex-pr\u00e9sident Ibrahim Boubacar Ke\u00efta, fait l\u2019objet d\u2019un mandat d\u2019arr\u00eat international, selon une source judiciaire.<\/p>\n<p>Le g\u00e9n\u00e9ral Moussa Diawara, \u00e0 la t\u00eate de la Direction g\u00e9n\u00e9rale de la s\u00e9curit\u00e9 d\u2019Etat (DGSE) pendant sept ans sous Ibrahim Boubacar Ke\u00efta, a \u00e9t\u00e9 inculp\u00e9 de \u00ab complicit\u00e9s d\u2019enl\u00e8vement, de s\u00e9questration, de tortures, etc. \u00bb, a indiqu\u00e9 \u00e0 l\u2019AFP une source judiciaire ayant requis l\u2019anonymat, une information confirm\u00e9e au Monde Afrique.<\/p>\n<p>L\u2019enqu\u00eate porte sur la disparition du journaliste d\u2019investigation Birama Tour\u00e9, qui travaillait pour l\u2019hebdomadaire Le Sphinx et qui n\u2019a plus \u00e9t\u00e9 vu depuis le 29 janvier 2016. Ses proches craignent qu\u2019il ait \u00e9t\u00e9 assassin\u00e9. Le g\u00e9n\u00e9ral Diawara est actuellement \u00ab d\u00e9tenu au Camp 1 de la gendarmerie \u00bb de Bamako, selon une source au sein de la gendarmerie.<\/p>\n<p>Dossier compromettant pour Karim Ke\u00efta<\/p>\n<p>Il est connu au Mali pour avoir \u00e9t\u00e9 proche de l\u2019ex-d\u00e9put\u00e9 et influent pr\u00e9sident de la commission de la d\u00e9fense de l\u2019Assembl\u00e9e nationale, Karim Ke\u00efta, qui a trouv\u00e9 refuge en C\u00f4te d\u2019Ivoire apr\u00e8s le coup d\u2019Etat qui a renvers\u00e9 son p\u00e8re le 18 ao\u00fbt 2020. Le Mali est dirig\u00e9 par le colonel Assimi Go\u00efta, principal artisan de deux putschs en neuf mois, celui du 18 ao\u00fbt 2020 et un second fin mai.<\/p>\n<p>Lire aussi Mali : mandat d\u2019arr\u00eat international contre Karim Ke\u00efta, fils de l\u2019ex-pr\u00e9sident Ibrahim Boubacar Ke\u00efta<\/p>\n<p>Un juge d\u2019instruction de Bamako a \u00e9mis d\u00e9but juillet un mandat d\u2019arr\u00eat international \u00e0 l\u2019encontre du fils de l\u2019ex-pr\u00e9sident. Le directeur du Sphinx, Adama Dram\u00e9, avait affirm\u00e9 en 2018 que Birama Tour\u00e9 avait approch\u00e9 Karim Ke\u00efta \u00e0 propos d\u2019un dossier qu\u2019il pr\u00e9sentait comme compromettant pour le fils du pr\u00e9sident. Karim Ke\u00efta, qui a toujours fermement d\u00e9menti toute implication dans la disparition du reporter, a jusqu\u2019\u00e0 pr\u00e9sent refus\u00e9 de venir s\u2019expliquer devant la justice de son pays.<\/p>\n<p>\u00ab Il est essentiel que Karim Ke\u00efta dise ce qu\u2019il sait, compte tenu des liens qu\u2019il a avec cette affaire \u00bb, avait estim\u00e9 d\u00e9but juillet le responsable du bureau Afrique de Reporters sans fronti\u00e8res (RSF), Arnaud Froger. L\u2019ONG a affirm\u00e9 avoir recueilli en 2019 le t\u00e9moignage d\u2019un homme affirmant avoir \u00e9t\u00e9 d\u00e9tenu avec le journaliste dans une prison secr\u00e8te de la DGSE malienne.<\/p>\n<p>Selon ce t\u00e9moin, dont RSF ne d\u00e9voile pas l\u2019identit\u00e9 pour des raisons de s\u00e9curit\u00e9, Birama Tour\u00e9 a \u00e9t\u00e9 tortur\u00e9 pendant plusieurs mois, avant d\u2019\u00eatre ex\u00e9cut\u00e9 \u00ab de trois coups de feu \u00bb \u00e0 la fin de l\u2019ann\u00e9e 2016. Dans un communiqu\u00e9 publi\u00e9 jeudi, l\u2019organisation se f\u00e9licite de l\u2019arrestation de Moussa Diawara, \u00ab un tournant \u00bb, estime-t-elle, \u00ab apr\u00e8s des ann\u00e9es d\u2019indiff\u00e9rence \u00bb.<\/p>\n<p>&nbsp;<\/p>\n","protected":false},"excerpt":{"rendered":"<p>Africa-Press &#8211; C\u00f4te d&rsquo;Ivoire. Journaliste disparu au Mali : l\u2019ex-chef des services de renseignements arr\u00eat\u00e9 et inculp\u00e9 Le g\u00e9n\u00e9ral Moussa Diawara a \u00e9t\u00e9 plac\u00e9 en d\u00e9tention provisoire dans le cadre de l\u2019enqu\u00eate sur la disparition du journaliste d\u2019investigation malien Birama Tour\u00e9 en 2016. Un ancien chef des services de renseignements maliens a \u00e9t\u00e9 arr\u00eat\u00e9 jeudi [&hellip;]<\/p>\n","protected":false},"author":82,"featured_media":10623,"comment_status":"open","ping_status":"closed","sticky":false,"template":"","format":"standard","meta":{"footnotes":""},"categories":[11,2,20,10],"tags":[56,63,29],"class_list":["post-10624","post","type-post","status-publish","format-standard","has-post-thumbnail","hentry","category-homepage-french","category-politique","category-top-nouvelles","category-toutes-les-actualites","tag-africa-press","tag-africa-press-cote-divoire","tag-cote-divoire"],"yoast_head":"<!-- This site is optimized with the Yoast SEO Premium plugin v26.1 (Yoast SEO v27.0) - https:\/\/yoast.com\/product\/yoast-seo-premium-wordpress\/ -->\n<title>Journaliste disparu: Le Mali lance un mandat d\u2019arr\u00eat contre Karim Ke\u00efta r\u00e9fugi\u00e9 \u00e0 Abidjan, l\u2019ex-chef des services des renseignements \u00e9crou\u00e9 - C\u00f4te d&#039;Ivoire<\/title>\n<meta name=\"description\" content=\"Journaliste disparu au Mali : l\u2019ex-chef des services de renseignements arr\u00eat\u00e9 et inculp\u00e9 Le g\u00e9n\u00e9ral Moussa Diawa ...\" \/>\n<meta name=\"robots\" content=\"index, follow, max-snippet:-1, max-image-preview:large, max-video-preview:-1\" \/>\n<link rel=\"canonical\" href=\"https:\/\/www.africa-press.net\/cotedivoire\/politique\/journaliste-disparu-le-mali-lance-un-mandat-darret-contre-karim-keita-refugie-a-abidjan-lex-chef-des-services-des-renseignements-ecroue\" \/>\n<meta property=\"og:locale\" content=\"fr_FR\" \/>\n<meta property=\"og:type\" content=\"article\" \/>\n<meta property=\"og:title\" content=\"Journaliste disparu: Le Mali lance un mandat d\u2019arr\u00eat contre Karim Ke\u00efta r\u00e9fugi\u00e9 \u00e0 Abidjan, l\u2019ex-chef des services des renseignements \u00e9crou\u00e9\" \/>\n<meta property=\"og:description\" content=\"Journaliste disparu au Mali : l\u2019ex-chef des services de renseignements arr\u00eat\u00e9 et inculp\u00e9 Le g\u00e9n\u00e9ral Moussa Diawa ...\" \/>\n<meta property=\"og:url\" content=\"https:\/\/www.africa-press.net\/cotedivoire\/politique\/journaliste-disparu-le-mali-lance-un-mandat-darret-contre-karim-keita-refugie-a-abidjan-lex-chef-des-services-des-renseignements-ecroue\" \/>\n<meta property=\"og:site_name\" content=\"C\u00f4te d&#039;Ivoire\" \/>\n<meta property=\"article:published_time\" content=\"2021-07-30T16:11:35+00:00\" \/>\n<meta property=\"article:modified_time\" content=\"2021-07-30T18:21:02+00:00\" \/>\n<meta property=\"og:image\" content=\"https:\/\/static.africa-press.net\/cote\/sites\/43\/2021\/07\/img-6104135301d0c.jpg\" \/>\n\t<meta property=\"og:image:width\" content=\"775\" \/>\n\t<meta property=\"og:image:height\" content=\"364\" \/>\n\t<meta property=\"og:image:type\" content=\"image\/jpeg\" \/>\n<meta name=\"author\" content=\"cfeditorfr\" \/>\n<meta name=\"twitter:card\" content=\"summary_large_image\" \/>\n<meta name=\"twitter:label1\" content=\"\u00c9crit par\" \/>\n\t<meta name=\"twitter:data1\" content=\"cfeditorfr\" \/>\n\t<meta name=\"twitter:label2\" content=\"Dur\u00e9e de lecture estim\u00e9e\" \/>\n\t<meta name=\"twitter:data2\" content=\"3 minutes\" \/>\n<script type=\"application\/ld+json\" class=\"yoast-schema-graph\">{\"@context\":\"https:\/\/schema.org\",\"@graph\":[{\"@type\":\"Article\",\"@id\":\"https:\/\/www.africa-press.net\/cotedivoire\/politique\/journaliste-disparu-le-mali-lance-un-mandat-darret-contre-karim-keita-refugie-a-abidjan-lex-chef-des-services-des-renseignements-ecroue#article\",\"isPartOf\":{\"@id\":\"https:\/\/www.africa-press.net\/cotedivoire\/politique\/journaliste-disparu-le-mali-lance-un-mandat-darret-contre-karim-keita-refugie-a-abidjan-lex-chef-des-services-des-renseignements-ecroue\"},\"author\":{\"name\":\"cfeditorfr\",\"@id\":\"https:\/\/www.africa-press.net\/cotedivoire\/#\/schema\/person\/2b1cf3cd81a31e3cd26889ca66d677f1\"},\"headline\":\"Journaliste disparu: Le Mali lance un mandat d\u2019arr\u00eat contre Karim Ke\u00efta r\u00e9fugi\u00e9 \u00e0 Abidjan, l\u2019ex-chef des services des renseignements \u00e9crou\u00e9\",\"datePublished\":\"2021-07-30T16:11:35+00:00\",\"dateModified\":\"2021-07-30T18:21:02+00:00\",\"mainEntityOfPage\":{\"@id\":\"https:\/\/www.africa-press.net\/cotedivoire\/politique\/journaliste-disparu-le-mali-lance-un-mandat-darret-contre-karim-keita-refugie-a-abidjan-lex-chef-des-services-des-renseignements-ecroue\"},\"wordCount\":595,\"commentCount\":0,\"image\":{\"@id\":\"https:\/\/www.africa-press.net\/cotedivoire\/politique\/journaliste-disparu-le-mali-lance-un-mandat-darret-contre-karim-keita-refugie-a-abidjan-lex-chef-des-services-des-renseignements-ecroue#primaryimage\"},\"thumbnailUrl\":\"https:\/\/static.africa-press.net\/cote\/sites\/43\/2021\/07\/img-6104135301d0c.jpg\",\"keywords\":[\"Africa Press\",\"Africa Press-C\u00f4te d'Ivoire\",\"C\u00d4TE D'IVOIRE\"],\"articleSection\":[\"homepage-french\",\"Politique\",\"Top Nouvelles\",\"Toutes les actualit\u00e9s\"],\"inLanguage\":\"fr-FR\",\"potentialAction\":[{\"@type\":\"CommentAction\",\"name\":\"Comment\",\"target\":[\"https:\/\/www.africa-press.net\/cotedivoire\/politique\/journaliste-disparu-le-mali-lance-un-mandat-darret-contre-karim-keita-refugie-a-abidjan-lex-chef-des-services-des-renseignements-ecroue#respond\"]}]},{\"@type\":\"WebPage\",\"@id\":\"https:\/\/www.africa-press.net\/cotedivoire\/politique\/journaliste-disparu-le-mali-lance-un-mandat-darret-contre-karim-keita-refugie-a-abidjan-lex-chef-des-services-des-renseignements-ecroue\",\"url\":\"https:\/\/www.africa-press.net\/cotedivoire\/politique\/journaliste-disparu-le-mali-lance-un-mandat-darret-contre-karim-keita-refugie-a-abidjan-lex-chef-des-services-des-renseignements-ecroue\",\"name\":\"Journaliste disparu: Le Mali lance un mandat d\u2019arr\u00eat contre Karim Ke\u00efta r\u00e9fugi\u00e9 \u00e0 Abidjan, l\u2019ex-chef des services des renseignements \u00e9crou\u00e9 - C\u00f4te d&#039;Ivoire\",\"isPartOf\":{\"@id\":\"https:\/\/www.africa-press.net\/cotedivoire\/#website\"},\"primaryImageOfPage\":{\"@id\":\"https:\/\/www.africa-press.net\/cotedivoire\/politique\/journaliste-disparu-le-mali-lance-un-mandat-darret-contre-karim-keita-refugie-a-abidjan-lex-chef-des-services-des-renseignements-ecroue#primaryimage\"},\"image\":{\"@id\":\"https:\/\/www.africa-press.net\/cotedivoire\/politique\/journaliste-disparu-le-mali-lance-un-mandat-darret-contre-karim-keita-refugie-a-abidjan-lex-chef-des-services-des-renseignements-ecroue#primaryimage\"},\"thumbnailUrl\":\"https:\/\/static.africa-press.net\/cote\/sites\/43\/2021\/07\/img-6104135301d0c.jpg\",\"datePublished\":\"2021-07-30T16:11:35+00:00\",\"dateModified\":\"2021-07-30T18:21:02+00:00\",\"author\":{\"@id\":\"https:\/\/www.africa-press.net\/cotedivoire\/#\/schema\/person\/2b1cf3cd81a31e3cd26889ca66d677f1\"},\"description\":\"Journaliste disparu au Mali : l\u2019ex-chef des services de renseignements arr\u00eat\u00e9 et inculp\u00e9 Le g\u00e9n\u00e9ral Moussa Diawa ...\",\"breadcrumb\":{\"@id\":\"https:\/\/www.africa-press.net\/cotedivoire\/politique\/journaliste-disparu-le-mali-lance-un-mandat-darret-contre-karim-keita-refugie-a-abidjan-lex-chef-des-services-des-renseignements-ecroue#breadcrumb\"},\"inLanguage\":\"fr-FR\",\"potentialAction\":[{\"@type\":\"ReadAction\",\"target\":[\"https:\/\/www.africa-press.net\/cotedivoire\/politique\/journaliste-disparu-le-mali-lance-un-mandat-darret-contre-karim-keita-refugie-a-abidjan-lex-chef-des-services-des-renseignements-ecroue\"]}]},{\"@type\":\"ImageObject\",\"inLanguage\":\"fr-FR\",\"@id\":\"https:\/\/www.africa-press.net\/cotedivoire\/politique\/journaliste-disparu-le-mali-lance-un-mandat-darret-contre-karim-keita-refugie-a-abidjan-lex-chef-des-services-des-renseignements-ecroue#primaryimage\",\"url\":\"https:\/\/static.africa-press.net\/cote\/sites\/43\/2021\/07\/img-6104135301d0c.jpg\",\"contentUrl\":\"https:\/\/static.africa-press.net\/cote\/sites\/43\/2021\/07\/img-6104135301d0c.jpg\",\"width\":775,\"height\":364,\"caption\":\"Journaliste disparu: Le Mali lance un mandat d\u2019arr\u00eat contre Karim Ke\u00efta r\u00e9fugi\u00e9 \u00e0 Abidjan, l\u2019ex-chef des services des renseignements \u00e9crou\u00e9\"},{\"@type\":\"BreadcrumbList\",\"@id\":\"https:\/\/www.africa-press.net\/cotedivoire\/politique\/journaliste-disparu-le-mali-lance-un-mandat-darret-contre-karim-keita-refugie-a-abidjan-lex-chef-des-services-des-renseignements-ecroue#breadcrumb\",\"itemListElement\":[{\"@type\":\"ListItem\",\"position\":1,\"name\":\"Accueil\",\"item\":\"https:\/\/www.africa-press.net\/cotedivoire\/\"},{\"@type\":\"ListItem\",\"position\":2,\"name\":\"Journaliste disparu: Le Mali lance un mandat d\u2019arr\u00eat contre Karim Ke\u00efta r\u00e9fugi\u00e9 \u00e0 Abidjan, l\u2019ex-chef des services des renseignements \u00e9crou\u00e9\"}]},{\"@type\":\"WebSite\",\"@id\":\"https:\/\/www.africa-press.net\/cotedivoire\/#website\",\"url\":\"https:\/\/www.africa-press.net\/cotedivoire\/\",\"name\":\"C\u00f4te d&#039;Ivoire\",\"description\":\"Just another Africa News Agency Sites site\",\"potentialAction\":[{\"@type\":\"SearchAction\",\"target\":{\"@type\":\"EntryPoint\",\"urlTemplate\":\"https:\/\/www.africa-press.net\/cotedivoire\/?s={search_term_string}\"},\"query-input\":{\"@type\":\"PropertyValueSpecification\",\"valueRequired\":true,\"valueName\":\"search_term_string\"}}],\"inLanguage\":\"fr-FR\"},{\"@type\":\"Person\",\"@id\":\"https:\/\/www.africa-press.net\/cotedivoire\/#\/schema\/person\/2b1cf3cd81a31e3cd26889ca66d677f1\",\"name\":\"cfeditorfr\"}]}<\/script>\n<!-- \/ Yoast SEO Premium plugin. -->","yoast_head_json":{"title":"Journaliste disparu: Le Mali lance un mandat d\u2019arr\u00eat contre Karim Ke\u00efta r\u00e9fugi\u00e9 \u00e0 Abidjan, l\u2019ex-chef des services des renseignements \u00e9crou\u00e9 - C\u00f4te d&#039;Ivoire","description":"Journaliste disparu au Mali : l\u2019ex-chef des services de renseignements arr\u00eat\u00e9 et inculp\u00e9 Le g\u00e9n\u00e9ral Moussa Diawa ...","robots":{"index":"index","follow":"follow","max-snippet":"max-snippet:-1","max-image-preview":"max-image-preview:large","max-video-preview":"max-video-preview:-1"},"canonical":"https:\/\/www.africa-press.net\/cotedivoire\/politique\/journaliste-disparu-le-mali-lance-un-mandat-darret-contre-karim-keita-refugie-a-abidjan-lex-chef-des-services-des-renseignements-ecroue","og_locale":"fr_FR","og_type":"article","og_title":"Journaliste disparu: Le Mali lance un mandat d\u2019arr\u00eat contre Karim Ke\u00efta r\u00e9fugi\u00e9 \u00e0 Abidjan, l\u2019ex-chef des services des renseignements \u00e9crou\u00e9","og_description":"Journaliste disparu au Mali : l\u2019ex-chef des services de renseignements arr\u00eat\u00e9 et inculp\u00e9 Le g\u00e9n\u00e9ral Moussa Diawa ...","og_url":"https:\/\/www.africa-press.net\/cotedivoire\/politique\/journaliste-disparu-le-mali-lance-un-mandat-darret-contre-karim-keita-refugie-a-abidjan-lex-chef-des-services-des-renseignements-ecroue","og_site_name":"C\u00f4te d&#039;Ivoire","article_published_time":"2021-07-30T16:11:35+00:00","article_modified_time":"2021-07-30T18:21:02+00:00","og_image":[{"width":775,"height":364,"url":"https:\/\/static.africa-press.net\/cote\/sites\/43\/2021\/07\/img-6104135301d0c.jpg","type":"image\/jpeg"}],"author":"cfeditorfr","twitter_card":"summary_large_image","twitter_misc":{"\u00c9crit par":"cfeditorfr","Dur\u00e9e de lecture estim\u00e9e":"3 minutes"},"schema":{"@context":"https:\/\/schema.org","@graph":[{"@type":"Article","@id":"https:\/\/www.africa-press.net\/cotedivoire\/politique\/journaliste-disparu-le-mali-lance-un-mandat-darret-contre-karim-keita-refugie-a-abidjan-lex-chef-des-services-des-renseignements-ecroue#article","isPartOf":{"@id":"https:\/\/www.africa-press.net\/cotedivoire\/politique\/journaliste-disparu-le-mali-lance-un-mandat-darret-contre-karim-keita-refugie-a-abidjan-lex-chef-des-services-des-renseignements-ecroue"},"author":{"name":"cfeditorfr","@id":"https:\/\/www.africa-press.net\/cotedivoire\/#\/schema\/person\/2b1cf3cd81a31e3cd26889ca66d677f1"},"headline":"Journaliste disparu: Le Mali lance un mandat d\u2019arr\u00eat contre Karim Ke\u00efta r\u00e9fugi\u00e9 \u00e0 Abidjan, l\u2019ex-chef des services des renseignements \u00e9crou\u00e9","datePublished":"2021-07-30T16:11:35+00:00","dateModified":"2021-07-30T18:21:02+00:00","mainEntityOfPage":{"@id":"https:\/\/www.africa-press.net\/cotedivoire\/politique\/journaliste-disparu-le-mali-lance-un-mandat-darret-contre-karim-keita-refugie-a-abidjan-lex-chef-des-services-des-renseignements-ecroue"},"wordCount":595,"commentCount":0,"image":{"@id":"https:\/\/www.africa-press.net\/cotedivoire\/politique\/journaliste-disparu-le-mali-lance-un-mandat-darret-contre-karim-keita-refugie-a-abidjan-lex-chef-des-services-des-renseignements-ecroue#primaryimage"},"thumbnailUrl":"https:\/\/static.africa-press.net\/cote\/sites\/43\/2021\/07\/img-6104135301d0c.jpg","keywords":["Africa Press","Africa Press-C\u00f4te d'Ivoire","C\u00d4TE D'IVOIRE"],"articleSection":["homepage-french","Politique","Top Nouvelles","Toutes les actualit\u00e9s"],"inLanguage":"fr-FR","potentialAction":[{"@type":"CommentAction","name":"Comment","target":["https:\/\/www.africa-press.net\/cotedivoire\/politique\/journaliste-disparu-le-mali-lance-un-mandat-darret-contre-karim-keita-refugie-a-abidjan-lex-chef-des-services-des-renseignements-ecroue#respond"]}]},{"@type":"WebPage","@id":"https:\/\/www.africa-press.net\/cotedivoire\/politique\/journaliste-disparu-le-mali-lance-un-mandat-darret-contre-karim-keita-refugie-a-abidjan-lex-chef-des-services-des-renseignements-ecroue","url":"https:\/\/www.africa-press.net\/cotedivoire\/politique\/journaliste-disparu-le-mali-lance-un-mandat-darret-contre-karim-keita-refugie-a-abidjan-lex-chef-des-services-des-renseignements-ecroue","name":"Journaliste disparu: Le Mali lance un mandat d\u2019arr\u00eat contre Karim Ke\u00efta r\u00e9fugi\u00e9 \u00e0 Abidjan, l\u2019ex-chef des services des renseignements \u00e9crou\u00e9 - C\u00f4te d&#039;Ivoire","isPartOf":{"@id":"https:\/\/www.africa-press.net\/cotedivoire\/#website"},"primaryImageOfPage":{"@id":"https:\/\/www.africa-press.net\/cotedivoire\/politique\/journaliste-disparu-le-mali-lance-un-mandat-darret-contre-karim-keita-refugie-a-abidjan-lex-chef-des-services-des-renseignements-ecroue#primaryimage"},"image":{"@id":"https:\/\/www.africa-press.net\/cotedivoire\/politique\/journaliste-disparu-le-mali-lance-un-mandat-darret-contre-karim-keita-refugie-a-abidjan-lex-chef-des-services-des-renseignements-ecroue#primaryimage"},"thumbnailUrl":"https:\/\/static.africa-press.net\/cote\/sites\/43\/2021\/07\/img-6104135301d0c.jpg","datePublished":"2021-07-30T16:11:35+00:00","dateModified":"2021-07-30T18:21:02+00:00","author":{"@id":"https:\/\/www.africa-press.net\/cotedivoire\/#\/schema\/person\/2b1cf3cd81a31e3cd26889ca66d677f1"},"description":"Journaliste disparu au Mali : l\u2019ex-chef des services de renseignements arr\u00eat\u00e9 et inculp\u00e9 Le g\u00e9n\u00e9ral Moussa Diawa ...","breadcrumb":{"@id":"https:\/\/www.africa-press.net\/cotedivoire\/politique\/journaliste-disparu-le-mali-lance-un-mandat-darret-contre-karim-keita-refugie-a-abidjan-lex-chef-des-services-des-renseignements-ecroue#breadcrumb"},"inLanguage":"fr-FR","potentialAction":[{"@type":"ReadAction","target":["https:\/\/www.africa-press.net\/cotedivoire\/politique\/journaliste-disparu-le-mali-lance-un-mandat-darret-contre-karim-keita-refugie-a-abidjan-lex-chef-des-services-des-renseignements-ecroue"]}]},{"@type":"ImageObject","inLanguage":"fr-FR","@id":"https:\/\/www.africa-press.net\/cotedivoire\/politique\/journaliste-disparu-le-mali-lance-un-mandat-darret-contre-karim-keita-refugie-a-abidjan-lex-chef-des-services-des-renseignements-ecroue#primaryimage","url":"https:\/\/static.africa-press.net\/cote\/sites\/43\/2021\/07\/img-6104135301d0c.jpg","contentUrl":"https:\/\/static.africa-press.net\/cote\/sites\/43\/2021\/07\/img-6104135301d0c.jpg","width":775,"height":364,"caption":"Journaliste disparu: Le Mali lance un mandat d\u2019arr\u00eat contre Karim Ke\u00efta r\u00e9fugi\u00e9 \u00e0 Abidjan, l\u2019ex-chef des services des renseignements \u00e9crou\u00e9"},{"@type":"BreadcrumbList","@id":"https:\/\/www.africa-press.net\/cotedivoire\/politique\/journaliste-disparu-le-mali-lance-un-mandat-darret-contre-karim-keita-refugie-a-abidjan-lex-chef-des-services-des-renseignements-ecroue#breadcrumb","itemListElement":[{"@type":"ListItem","position":1,"name":"Accueil","item":"https:\/\/www.africa-press.net\/cotedivoire\/"},{"@type":"ListItem","position":2,"name":"Journaliste disparu: Le Mali lance un mandat d\u2019arr\u00eat contre Karim Ke\u00efta r\u00e9fugi\u00e9 \u00e0 Abidjan, l\u2019ex-chef des services des renseignements \u00e9crou\u00e9"}]},{"@type":"WebSite","@id":"https:\/\/www.africa-press.net\/cotedivoire\/#website","url":"https:\/\/www.africa-press.net\/cotedivoire\/","name":"C\u00f4te d&#039;Ivoire","description":"Just another Africa News Agency Sites site","potentialAction":[{"@type":"SearchAction","target":{"@type":"EntryPoint","urlTemplate":"https:\/\/www.africa-press.net\/cotedivoire\/?s={search_term_string}"},"query-input":{"@type":"PropertyValueSpecification","valueRequired":true,"valueName":"search_term_string"}}],"inLanguage":"fr-FR"},{"@type":"Person","@id":"https:\/\/www.africa-press.net\/cotedivoire\/#\/schema\/person\/2b1cf3cd81a31e3cd26889ca66d677f1","name":"cfeditorfr"}]}},"_links":{"self":[{"href":"https:\/\/www.africa-press.net\/cotedivoire\/wp-json\/wp\/v2\/posts\/10624","targetHints":{"allow":["GET"]}}],"collection":[{"href":"https:\/\/www.africa-press.net\/cotedivoire\/wp-json\/wp\/v2\/posts"}],"about":[{"href":"https:\/\/www.africa-press.net\/cotedivoire\/wp-json\/wp\/v2\/types\/post"}],"author":[{"embeddable":true,"href":"https:\/\/www.africa-press.net\/cotedivoire\/wp-json\/wp\/v2\/users\/82"}],"replies":[{"embeddable":true,"href":"https:\/\/www.africa-press.net\/cotedivoire\/wp-json\/wp\/v2\/comments?post=10624"}],"version-history":[{"count":0,"href":"https:\/\/www.africa-press.net\/cotedivoire\/wp-json\/wp\/v2\/posts\/10624\/revisions"}],"wp:featuredmedia":[{"embeddable":true,"href":"https:\/\/www.africa-press.net\/cotedivoire\/wp-json\/wp\/v2\/media\/10623"}],"wp:attachment":[{"href":"https:\/\/www.africa-press.net\/cotedivoire\/wp-json\/wp\/v2\/media?parent=10624"}],"wp:term":[{"taxonomy":"category","embeddable":true,"href":"https:\/\/www.africa-press.net\/cotedivoire\/wp-json\/wp\/v2\/categories?post=10624"},{"taxonomy":"post_tag","embeddable":true,"href":"https:\/\/www.africa-press.net\/cotedivoire\/wp-json\/wp\/v2\/tags?post=10624"}],"curies":[{"name":"wp","href":"https:\/\/api.w.org\/{rel}","templated":true}]}}