{"id":106240,"date":"2025-10-04T19:19:57","date_gmt":"2025-10-04T19:19:57","guid":{"rendered":"https:\/\/www.africa-press.net\/cotedivoire\/politique\/youssouf-diabagate-reagit-a-lia-ferdinand-du-fpi"},"modified":"2025-10-04T19:58:08","modified_gmt":"2025-10-04T19:58:08","slug":"youssouf-diabagate-reagit-a-lia-ferdinand-du-fpi","status":"publish","type":"post","link":"https:\/\/www.africa-press.net\/cotedivoire\/politique\/youssouf-diabagate-reagit-a-lia-ferdinand-du-fpi","title":{"rendered":"Youssouf Diabagat\u00e9 R\u00e9agit \u00e0 Lia Ferdinand du FPI"},"content":{"rendered":"<p><span style=\"color: #ff6600\"><strong>Africa-Press &#8211; C\u00f4te d&rsquo;Ivoire. <\/strong><\/span>Dans une re\u0301ponse acerbe adresse\u0301e a\u0300 Lia Ferdinand, vice-pre\u0301sident du FPI, Youssouf Diabagate\u0301, pre\u0301sident de la Coalition des leaders de Co\u0302te d&rsquo;Ivoire, revient sur les e\u0301ve\u0301nements qui ont secoue\u0301 la nation en 2010, remettant en perspective les faits historiques et les de\u0301cisions qui ont marque\u0301 la crise post-e\u0301lectorale.<\/p>\n<p>En 2010, la Co\u0302te d&rsquo;Ivoire e\u0301tait plonge\u0301e dans une crise politico-militaire qui durait depuis pre\u0300s d&rsquo;une de\u0301cennie. Le pays e\u0301tait divise\u0301 en deux depuis 2002, avec des conse\u0301quences dramatiques sur la stabilite\u0301 et la cohe\u0301sion sociale. Pour mettre fin a\u0300 cette division et garantir la transparence des e\u0301lections, l\u2019Accord politique de Ouagadougou, signe\u0301 en 2007, avait institue\u0301 un dispositif ine\u0301dit: la certification des re\u0301sultats par l\u2019ONUCI. Cette mesure visait a\u0300 renforcer la cre\u0301dibilite\u0301 du processus e\u0301lectoral et a\u0300 pre\u0301venir toute manipulation des re\u0301sultats.<\/p>\n<p>Pour la premie\u0300re fois dans l\u2019histoire du pays, le Conseil Constitutionnel n\u2019e\u0301tait plus le seul arbitre des re\u0301sultats. Bien que son ro\u0302le fu\u0302t juridique, la certification des re\u0301sultats par la communaute\u0301 internationale, via l\u2019ONUCI, prenait une place centrale dans le processus, dans un contexte de me\u0301fiance profonde entre les diffe\u0301rentes forces politiques du pays. Ce cadre avait e\u0301te\u0301 accepte\u0301 par toutes les parties prenantes, y compris le camp du pre\u0301sident sortant.<\/p>\n<p>Cependant, la situation a pris une tournure dramatique en de\u0301cembre 2010, lorsque le Conseil Constitutionnel, dirige\u0301 par Paul Yao N&rsquo;Dre\u0301, a de\u0301cide\u0301 d\u2019annuler une partie des re\u0301sultats dans les re\u0301gions du Nord du pays, pourtant valide\u0301s par la CEI et certifie\u0301s par l\u2019ONUCI. Cette annulation, juge\u0301e arbitraire et se\u0301lective, a constitue\u0301 un tournant de\u0301cisif qui a plonge\u0301 la Co\u0302te d&rsquo;Ivoire dans le chaos.<\/p>\n<p>Youssouf Diabagate\u0301 remet en lumie\u0300re la de\u0301viation institutionnelle qui s\u2019est produite a\u0300 ce moment-la\u0300. Selon lui, l\u2019annulation des re\u0301sultats, qui concernait essentiellement les zones pro-Ouattara, a non seulement ignore\u0301 les accords internationaux signe\u0301s par toutes les parties, mais elle a e\u0301galement mis en pe\u0301ril la stabilite\u0301 du pays. \u00ab Le Conseil Constitutionnel ne pouvait pas annuler les e\u0301lections dans la moitie\u0301 du pays et proclamer un vainqueur diffe\u0301rent \u00bb, insiste Diabagate\u0301.<\/p>\n<p>En sa qualite\u0301 de pre\u0301sident de la Coalition des leaders, il a pre\u0301cise\u0301 que la communaute\u0301 internationale, y compris l&rsquo;Union Africaine et la CEDEAO, ainsi que les Nations Unies, ont reconnu la victoire d&rsquo;Alassane Ouattara sur la base des re\u0301sultats valide\u0301s par la CEI et certifie\u0301s par l\u2019ONUCI. Ainsi, la le\u0301gitimite\u0301 du pre\u0301sident Ouattara a e\u0301te\u0301 reconnue sur la sce\u0300ne internationale, alors que la de\u0301cision du Conseil Constitutionnel n&rsquo;avait aucune validite\u0301 dans le cadre de l&rsquo;Accord de Ouagadougou.<\/p>\n<p>Pour Youssouf Diabagate\u0301, ce rappel historique est essentiel afin de ne pas laisser l\u2019histoire e\u0302tre manipule\u0301e a\u0300 des fins partisanes. \u00ab Le droit ne doit jamais e\u0302tre instrumentalise\u0301 au service d\u2019un camp, le droit c\u2019est l\u2019e\u0301quilibre, la justice et la ve\u0301rite\u0301 \u00bb, de\u0301clare-t-il fermement. Il appelle les Ivoiriens a\u0300 me\u0301diter sur les lec\u0327ons de cette crise, en soulignant l\u2019importance du respect des accords politiques et des principes juridiques internationaux.<\/p>\n<p>La re\u0301ponse de Youssouf Diabagate\u0301 constitue un re\u0301tablissement de la ve\u0301rite\u0301 sur les e\u0301ve\u0301nements de 2010, un plaidoyer pour le respect des principes de\u0301mocratiques et un appel a\u0300 ne pas laisser le droit e\u0302tre victime des passions politiques.<\/p>\n<p><strong>Pour plus d&rsquo;informations et d&rsquo;analyses sur la <span style=\"color: #ff6600\">C\u00f4te d&rsquo;Ivoire<\/span>, suivez <span style=\"color: #ff6600\">Africa-Press<\/span><\/strong><\/p>\n","protected":false},"excerpt":{"rendered":"<p>Africa-Press &#8211; C\u00f4te d&rsquo;Ivoire. Dans une re\u0301ponse acerbe adresse\u0301e a\u0300 Lia Ferdinand, vice-pre\u0301sident du FPI, Youssouf Diabagate\u0301, pre\u0301sident de la Coalition des leaders de Co\u0302te d&rsquo;Ivoire, revient sur les e\u0301ve\u0301nements qui ont secoue\u0301 la nation en 2010, remettant en perspective les faits historiques et les de\u0301cisions qui ont marque\u0301 la crise post-e\u0301lectorale. En 2010, la [&hellip;]<\/p>\n","protected":false},"author":82,"featured_media":106239,"comment_status":"open","ping_status":"closed","sticky":false,"template":"","format":"standard","meta":{"footnotes":""},"categories":[2,10],"tags":[396,1316,29,360,19068,1142,727,10031],"class_list":["post-106240","post","type-post","status-publish","format-standard","has-post-thumbnail","hentry","category-politique","category-toutes-les-actualites","tag-affi","tag-cei","tag-cote-divoire","tag-fpi","tag-lia","tag-ouagadougou","tag-ouattara","tag-youssouf-diabagate"],"yoast_head":"<!-- This site is optimized with the Yoast SEO Premium plugin v26.1 (Yoast SEO v27.0) - https:\/\/yoast.com\/product\/yoast-seo-premium-wordpress\/ -->\n<title>Youssouf Diabagat\u00e9 R\u00e9agit \u00e0 Lia Ferdinand du FPI - C\u00f4te d&#039;Ivoire<\/title>\n<meta name=\"description\" content=\"Dans une re\u0301ponse acerbe adresse\u0301e a\u0300 Lia Ferdinand, vice-pre\u0301sident du FPI, Youssouf Diabagate\u0301, pre\u0301sident de la Coali ...\" \/>\n<meta name=\"robots\" content=\"index, follow, max-snippet:-1, max-image-preview:large, max-video-preview:-1\" \/>\n<link rel=\"canonical\" href=\"https:\/\/www.africa-press.net\/cotedivoire\/politique\/youssouf-diabagate-reagit-a-lia-ferdinand-du-fpi\" \/>\n<meta property=\"og:locale\" content=\"fr_FR\" \/>\n<meta property=\"og:type\" content=\"article\" \/>\n<meta property=\"og:title\" content=\"Youssouf Diabagat\u00e9 R\u00e9agit \u00e0 Lia Ferdinand du FPI\" \/>\n<meta property=\"og:description\" content=\"Dans une re\u0301ponse acerbe adresse\u0301e a\u0300 Lia Ferdinand, vice-pre\u0301sident du FPI, Youssouf Diabagate\u0301, pre\u0301sident de la Coali ...\" \/>\n<meta property=\"og:url\" content=\"https:\/\/www.africa-press.net\/cotedivoire\/politique\/youssouf-diabagate-reagit-a-lia-ferdinand-du-fpi\" \/>\n<meta property=\"og:site_name\" content=\"C\u00f4te d&#039;Ivoire\" \/>\n<meta property=\"article:published_time\" content=\"2025-10-04T19:19:57+00:00\" \/>\n<meta property=\"article:modified_time\" content=\"2025-10-04T19:58:08+00:00\" \/>\n<meta property=\"og:image\" content=\"https:\/\/static.africa-press.net\/cote\/sites\/43\/2025\/10\/sm_1759595222.278881.jpg\" \/>\n\t<meta property=\"og:image:width\" content=\"720\" \/>\n\t<meta property=\"og:image:height\" content=\"318\" \/>\n\t<meta property=\"og:image:type\" content=\"image\/jpeg\" \/>\n<meta name=\"author\" content=\"cfeditorfr\" \/>\n<meta name=\"twitter:card\" content=\"summary_large_image\" \/>\n<meta name=\"twitter:label1\" content=\"\u00c9crit par\" \/>\n\t<meta name=\"twitter:data1\" content=\"cfeditorfr\" \/>\n\t<meta name=\"twitter:label2\" content=\"Dur\u00e9e de lecture estim\u00e9e\" \/>\n\t<meta name=\"twitter:data2\" content=\"3 minutes\" \/>\n<script type=\"application\/ld+json\" class=\"yoast-schema-graph\">{\"@context\":\"https:\/\/schema.org\",\"@graph\":[{\"@type\":\"Article\",\"@id\":\"https:\/\/www.africa-press.net\/cotedivoire\/politique\/youssouf-diabagate-reagit-a-lia-ferdinand-du-fpi#article\",\"isPartOf\":{\"@id\":\"https:\/\/www.africa-press.net\/cotedivoire\/politique\/youssouf-diabagate-reagit-a-lia-ferdinand-du-fpi\"},\"author\":{\"name\":\"cfeditorfr\",\"@id\":\"https:\/\/www.africa-press.net\/cotedivoire\/#\/schema\/person\/2b1cf3cd81a31e3cd26889ca66d677f1\"},\"headline\":\"Youssouf Diabagat\u00e9 R\u00e9agit \u00e0 Lia Ferdinand du FPI\",\"datePublished\":\"2025-10-04T19:19:57+00:00\",\"dateModified\":\"2025-10-04T19:58:08+00:00\",\"mainEntityOfPage\":{\"@id\":\"https:\/\/www.africa-press.net\/cotedivoire\/politique\/youssouf-diabagate-reagit-a-lia-ferdinand-du-fpi\"},\"wordCount\":641,\"commentCount\":0,\"image\":{\"@id\":\"https:\/\/www.africa-press.net\/cotedivoire\/politique\/youssouf-diabagate-reagit-a-lia-ferdinand-du-fpi#primaryimage\"},\"thumbnailUrl\":\"https:\/\/static.africa-press.net\/cote\/sites\/43\/2025\/10\/sm_1759595222.278881.jpg\",\"keywords\":[\"Affi\",\"Cei\",\"C\u00d4TE D'IVOIRE\",\"FPI\",\"Lia\",\"Ouagadougou\",\"Ouattara\",\"Youssouf Diabagat\u00e9\"],\"articleSection\":[\"Politique\",\"Toutes les actualit\u00e9s\"],\"inLanguage\":\"fr-FR\",\"potentialAction\":[{\"@type\":\"CommentAction\",\"name\":\"Comment\",\"target\":[\"https:\/\/www.africa-press.net\/cotedivoire\/politique\/youssouf-diabagate-reagit-a-lia-ferdinand-du-fpi#respond\"]}]},{\"@type\":\"WebPage\",\"@id\":\"https:\/\/www.africa-press.net\/cotedivoire\/politique\/youssouf-diabagate-reagit-a-lia-ferdinand-du-fpi\",\"url\":\"https:\/\/www.africa-press.net\/cotedivoire\/politique\/youssouf-diabagate-reagit-a-lia-ferdinand-du-fpi\",\"name\":\"Youssouf Diabagat\u00e9 R\u00e9agit \u00e0 Lia Ferdinand du FPI - C\u00f4te d&#039;Ivoire\",\"isPartOf\":{\"@id\":\"https:\/\/www.africa-press.net\/cotedivoire\/#website\"},\"primaryImageOfPage\":{\"@id\":\"https:\/\/www.africa-press.net\/cotedivoire\/politique\/youssouf-diabagate-reagit-a-lia-ferdinand-du-fpi#primaryimage\"},\"image\":{\"@id\":\"https:\/\/www.africa-press.net\/cotedivoire\/politique\/youssouf-diabagate-reagit-a-lia-ferdinand-du-fpi#primaryimage\"},\"thumbnailUrl\":\"https:\/\/static.africa-press.net\/cote\/sites\/43\/2025\/10\/sm_1759595222.278881.jpg\",\"datePublished\":\"2025-10-04T19:19:57+00:00\",\"dateModified\":\"2025-10-04T19:58:08+00:00\",\"author\":{\"@id\":\"https:\/\/www.africa-press.net\/cotedivoire\/#\/schema\/person\/2b1cf3cd81a31e3cd26889ca66d677f1\"},\"description\":\"Dans une re\u0301ponse acerbe adresse\u0301e a\u0300 Lia Ferdinand, vice-pre\u0301sident du FPI, Youssouf Diabagate\u0301, pre\u0301sident de la Coali ...\",\"breadcrumb\":{\"@id\":\"https:\/\/www.africa-press.net\/cotedivoire\/politique\/youssouf-diabagate-reagit-a-lia-ferdinand-du-fpi#breadcrumb\"},\"inLanguage\":\"fr-FR\",\"potentialAction\":[{\"@type\":\"ReadAction\",\"target\":[\"https:\/\/www.africa-press.net\/cotedivoire\/politique\/youssouf-diabagate-reagit-a-lia-ferdinand-du-fpi\"]}]},{\"@type\":\"ImageObject\",\"inLanguage\":\"fr-FR\",\"@id\":\"https:\/\/www.africa-press.net\/cotedivoire\/politique\/youssouf-diabagate-reagit-a-lia-ferdinand-du-fpi#primaryimage\",\"url\":\"https:\/\/static.africa-press.net\/cote\/sites\/43\/2025\/10\/sm_1759595222.278881.jpg\",\"contentUrl\":\"https:\/\/static.africa-press.net\/cote\/sites\/43\/2025\/10\/sm_1759595222.278881.jpg\",\"width\":720,\"height\":318,\"caption\":\"Youssouf Diabagat\u00e9 R\u00e9agit \u00e0 Lia Ferdinand du FPI\"},{\"@type\":\"BreadcrumbList\",\"@id\":\"https:\/\/www.africa-press.net\/cotedivoire\/politique\/youssouf-diabagate-reagit-a-lia-ferdinand-du-fpi#breadcrumb\",\"itemListElement\":[{\"@type\":\"ListItem\",\"position\":1,\"name\":\"Accueil\",\"item\":\"https:\/\/www.africa-press.net\/cotedivoire\/\"},{\"@type\":\"ListItem\",\"position\":2,\"name\":\"Youssouf Diabagat\u00e9 R\u00e9agit \u00e0 Lia Ferdinand du FPI\"}]},{\"@type\":\"WebSite\",\"@id\":\"https:\/\/www.africa-press.net\/cotedivoire\/#website\",\"url\":\"https:\/\/www.africa-press.net\/cotedivoire\/\",\"name\":\"C\u00f4te d&#039;Ivoire\",\"description\":\"Just another Africa News Agency Sites site\",\"potentialAction\":[{\"@type\":\"SearchAction\",\"target\":{\"@type\":\"EntryPoint\",\"urlTemplate\":\"https:\/\/www.africa-press.net\/cotedivoire\/?s={search_term_string}\"},\"query-input\":{\"@type\":\"PropertyValueSpecification\",\"valueRequired\":true,\"valueName\":\"search_term_string\"}}],\"inLanguage\":\"fr-FR\"},{\"@type\":\"Person\",\"@id\":\"https:\/\/www.africa-press.net\/cotedivoire\/#\/schema\/person\/2b1cf3cd81a31e3cd26889ca66d677f1\",\"name\":\"cfeditorfr\"}]}<\/script>\n<!-- \/ Yoast SEO Premium plugin. -->","yoast_head_json":{"title":"Youssouf Diabagat\u00e9 R\u00e9agit \u00e0 Lia Ferdinand du FPI - C\u00f4te d&#039;Ivoire","description":"Dans une re\u0301ponse acerbe adresse\u0301e a\u0300 Lia Ferdinand, vice-pre\u0301sident du FPI, Youssouf Diabagate\u0301, pre\u0301sident de la Coali ...","robots":{"index":"index","follow":"follow","max-snippet":"max-snippet:-1","max-image-preview":"max-image-preview:large","max-video-preview":"max-video-preview:-1"},"canonical":"https:\/\/www.africa-press.net\/cotedivoire\/politique\/youssouf-diabagate-reagit-a-lia-ferdinand-du-fpi","og_locale":"fr_FR","og_type":"article","og_title":"Youssouf Diabagat\u00e9 R\u00e9agit \u00e0 Lia Ferdinand du FPI","og_description":"Dans une re\u0301ponse acerbe adresse\u0301e a\u0300 Lia Ferdinand, vice-pre\u0301sident du FPI, Youssouf Diabagate\u0301, pre\u0301sident de la Coali ...","og_url":"https:\/\/www.africa-press.net\/cotedivoire\/politique\/youssouf-diabagate-reagit-a-lia-ferdinand-du-fpi","og_site_name":"C\u00f4te d&#039;Ivoire","article_published_time":"2025-10-04T19:19:57+00:00","article_modified_time":"2025-10-04T19:58:08+00:00","og_image":[{"width":720,"height":318,"url":"https:\/\/static.africa-press.net\/cote\/sites\/43\/2025\/10\/sm_1759595222.278881.jpg","type":"image\/jpeg"}],"author":"cfeditorfr","twitter_card":"summary_large_image","twitter_misc":{"\u00c9crit par":"cfeditorfr","Dur\u00e9e de lecture estim\u00e9e":"3 minutes"},"schema":{"@context":"https:\/\/schema.org","@graph":[{"@type":"Article","@id":"https:\/\/www.africa-press.net\/cotedivoire\/politique\/youssouf-diabagate-reagit-a-lia-ferdinand-du-fpi#article","isPartOf":{"@id":"https:\/\/www.africa-press.net\/cotedivoire\/politique\/youssouf-diabagate-reagit-a-lia-ferdinand-du-fpi"},"author":{"name":"cfeditorfr","@id":"https:\/\/www.africa-press.net\/cotedivoire\/#\/schema\/person\/2b1cf3cd81a31e3cd26889ca66d677f1"},"headline":"Youssouf Diabagat\u00e9 R\u00e9agit \u00e0 Lia Ferdinand du FPI","datePublished":"2025-10-04T19:19:57+00:00","dateModified":"2025-10-04T19:58:08+00:00","mainEntityOfPage":{"@id":"https:\/\/www.africa-press.net\/cotedivoire\/politique\/youssouf-diabagate-reagit-a-lia-ferdinand-du-fpi"},"wordCount":641,"commentCount":0,"image":{"@id":"https:\/\/www.africa-press.net\/cotedivoire\/politique\/youssouf-diabagate-reagit-a-lia-ferdinand-du-fpi#primaryimage"},"thumbnailUrl":"https:\/\/static.africa-press.net\/cote\/sites\/43\/2025\/10\/sm_1759595222.278881.jpg","keywords":["Affi","Cei","C\u00d4TE D'IVOIRE","FPI","Lia","Ouagadougou","Ouattara","Youssouf Diabagat\u00e9"],"articleSection":["Politique","Toutes les actualit\u00e9s"],"inLanguage":"fr-FR","potentialAction":[{"@type":"CommentAction","name":"Comment","target":["https:\/\/www.africa-press.net\/cotedivoire\/politique\/youssouf-diabagate-reagit-a-lia-ferdinand-du-fpi#respond"]}]},{"@type":"WebPage","@id":"https:\/\/www.africa-press.net\/cotedivoire\/politique\/youssouf-diabagate-reagit-a-lia-ferdinand-du-fpi","url":"https:\/\/www.africa-press.net\/cotedivoire\/politique\/youssouf-diabagate-reagit-a-lia-ferdinand-du-fpi","name":"Youssouf Diabagat\u00e9 R\u00e9agit \u00e0 Lia Ferdinand du FPI - C\u00f4te d&#039;Ivoire","isPartOf":{"@id":"https:\/\/www.africa-press.net\/cotedivoire\/#website"},"primaryImageOfPage":{"@id":"https:\/\/www.africa-press.net\/cotedivoire\/politique\/youssouf-diabagate-reagit-a-lia-ferdinand-du-fpi#primaryimage"},"image":{"@id":"https:\/\/www.africa-press.net\/cotedivoire\/politique\/youssouf-diabagate-reagit-a-lia-ferdinand-du-fpi#primaryimage"},"thumbnailUrl":"https:\/\/static.africa-press.net\/cote\/sites\/43\/2025\/10\/sm_1759595222.278881.jpg","datePublished":"2025-10-04T19:19:57+00:00","dateModified":"2025-10-04T19:58:08+00:00","author":{"@id":"https:\/\/www.africa-press.net\/cotedivoire\/#\/schema\/person\/2b1cf3cd81a31e3cd26889ca66d677f1"},"description":"Dans une re\u0301ponse acerbe adresse\u0301e a\u0300 Lia Ferdinand, vice-pre\u0301sident du FPI, Youssouf Diabagate\u0301, pre\u0301sident de la Coali ...","breadcrumb":{"@id":"https:\/\/www.africa-press.net\/cotedivoire\/politique\/youssouf-diabagate-reagit-a-lia-ferdinand-du-fpi#breadcrumb"},"inLanguage":"fr-FR","potentialAction":[{"@type":"ReadAction","target":["https:\/\/www.africa-press.net\/cotedivoire\/politique\/youssouf-diabagate-reagit-a-lia-ferdinand-du-fpi"]}]},{"@type":"ImageObject","inLanguage":"fr-FR","@id":"https:\/\/www.africa-press.net\/cotedivoire\/politique\/youssouf-diabagate-reagit-a-lia-ferdinand-du-fpi#primaryimage","url":"https:\/\/static.africa-press.net\/cote\/sites\/43\/2025\/10\/sm_1759595222.278881.jpg","contentUrl":"https:\/\/static.africa-press.net\/cote\/sites\/43\/2025\/10\/sm_1759595222.278881.jpg","width":720,"height":318,"caption":"Youssouf Diabagat\u00e9 R\u00e9agit \u00e0 Lia Ferdinand du FPI"},{"@type":"BreadcrumbList","@id":"https:\/\/www.africa-press.net\/cotedivoire\/politique\/youssouf-diabagate-reagit-a-lia-ferdinand-du-fpi#breadcrumb","itemListElement":[{"@type":"ListItem","position":1,"name":"Accueil","item":"https:\/\/www.africa-press.net\/cotedivoire\/"},{"@type":"ListItem","position":2,"name":"Youssouf Diabagat\u00e9 R\u00e9agit \u00e0 Lia Ferdinand du FPI"}]},{"@type":"WebSite","@id":"https:\/\/www.africa-press.net\/cotedivoire\/#website","url":"https:\/\/www.africa-press.net\/cotedivoire\/","name":"C\u00f4te d&#039;Ivoire","description":"Just another Africa News Agency Sites site","potentialAction":[{"@type":"SearchAction","target":{"@type":"EntryPoint","urlTemplate":"https:\/\/www.africa-press.net\/cotedivoire\/?s={search_term_string}"},"query-input":{"@type":"PropertyValueSpecification","valueRequired":true,"valueName":"search_term_string"}}],"inLanguage":"fr-FR"},{"@type":"Person","@id":"https:\/\/www.africa-press.net\/cotedivoire\/#\/schema\/person\/2b1cf3cd81a31e3cd26889ca66d677f1","name":"cfeditorfr"}]}},"_links":{"self":[{"href":"https:\/\/www.africa-press.net\/cotedivoire\/wp-json\/wp\/v2\/posts\/106240","targetHints":{"allow":["GET"]}}],"collection":[{"href":"https:\/\/www.africa-press.net\/cotedivoire\/wp-json\/wp\/v2\/posts"}],"about":[{"href":"https:\/\/www.africa-press.net\/cotedivoire\/wp-json\/wp\/v2\/types\/post"}],"author":[{"embeddable":true,"href":"https:\/\/www.africa-press.net\/cotedivoire\/wp-json\/wp\/v2\/users\/82"}],"replies":[{"embeddable":true,"href":"https:\/\/www.africa-press.net\/cotedivoire\/wp-json\/wp\/v2\/comments?post=106240"}],"version-history":[{"count":0,"href":"https:\/\/www.africa-press.net\/cotedivoire\/wp-json\/wp\/v2\/posts\/106240\/revisions"}],"wp:featuredmedia":[{"embeddable":true,"href":"https:\/\/www.africa-press.net\/cotedivoire\/wp-json\/wp\/v2\/media\/106239"}],"wp:attachment":[{"href":"https:\/\/www.africa-press.net\/cotedivoire\/wp-json\/wp\/v2\/media?parent=106240"}],"wp:term":[{"taxonomy":"category","embeddable":true,"href":"https:\/\/www.africa-press.net\/cotedivoire\/wp-json\/wp\/v2\/categories?post=106240"},{"taxonomy":"post_tag","embeddable":true,"href":"https:\/\/www.africa-press.net\/cotedivoire\/wp-json\/wp\/v2\/tags?post=106240"}],"curies":[{"name":"wp","href":"https:\/\/api.w.org\/{rel}","templated":true}]}}