{"id":106243,"date":"2025-10-04T19:20:10","date_gmt":"2025-10-04T19:20:10","guid":{"rendered":"https:\/\/www.africa-press.net\/cotedivoire\/politique\/palabre-politique-a-abidjan-forces-de-lordre-en-alerte"},"modified":"2025-10-04T19:58:27","modified_gmt":"2025-10-04T19:58:27","slug":"palabre-politique-a-abidjan-forces-de-lordre-en-alerte","status":"publish","type":"post","link":"https:\/\/www.africa-press.net\/cotedivoire\/politique\/palabre-politique-a-abidjan-forces-de-lordre-en-alerte","title":{"rendered":"Palabre Politique \u00e0 Abidjan Forces de l&rsquo;Ordre en Alerte"},"content":{"rendered":"<p><span style=\"color: #ff6600\"><strong>Africa-Press &#8211; C\u00f4te d&rsquo;Ivoire. <\/strong><\/span>Alors que la marche pacifique annonce\u0301e par le front commun de l&rsquo;opposition contre un quatrie\u0300me mandat du pre\u0301sident sortant a e\u0301te\u0301 officiellement reporte\u0301e, les autorite\u0301s ivoiriennes ont tout de me\u0302me de\u0301ploye\u0301 d\u2019importants dispositifs se\u0301curitaires dans la capitale e\u0301conomique.<\/p>\n<p>Pre\u0301vue initialement pour ce samedi 4 octobre, la manifestation porte\u0301e par les principales forces de l\u2019opposition, notamment le PDCI-RDA et le PPA-CI, visait a\u0300 de\u0301noncer ce qu&rsquo;elles conside\u0300rent comme un \u00ab\u00a0mandat ille\u0301gal\u00a0\u00bb du chef de l&rsquo;E\u0301tat sortant. Bien que le report ait e\u0301te\u0301 annonce\u0301 dans la journe\u0301e du vendredi, les autorite\u0301s semblent ne rien laisser au hasard.<\/p>\n<p>Dans plusieurs quartiers strate\u0301giques d\u2019Abidjan, une pre\u0301sence se\u0301curitaire inhabituelle a e\u0301te\u0301 observe\u0301e de\u0300s les premie\u0300res heures de la matine\u0301e. A\u0300 Cocody, des policiers et gendarmes e\u0301taient visibles le long du boulevard Latrille, notamment aux abords du centre commercial Sococe\u0301, au carrefour La Vie, et aux environs de la Radiodiffusion Te\u0301le\u0301vision Ivoirienne (RTI). Le me\u0302me dispositif a e\u0301te\u0301 de\u0301ploye\u0301 sur le boulevard Fe\u0301lix Houphouet Boigny (ex VGE) ou\u0300 des cargos de l&rsquo;escadron de Koumassi et de policiers sont stationne\u0301s a\u0300 des carrefours strate\u0301giques.<\/p>\n<p>Des unite\u0301s mobiles patrouillent e\u0301galement dans les communes voisines, notamment Yopougon, Abobo et Treichville. Ce quadrillage du territoire semble viser a\u0300 pre\u0301venir toute tentative de rassemblement spontane\u0301 ou de de\u0301bordement.<\/p>\n<p>Depuis plusieurs jours, des rafles nocturnes sont signale\u0301es dans certaines communes, semant l\u2019inquie\u0301tude parmi les habitants. Si aucune de\u0301claration officielle n\u2019a e\u0301te\u0301 faite a\u0300 ce sujet, ces rafles viennent accentuer le climat de tension a\u0300 l\u2019approche de l\u2019e\u0301lection pre\u0301sidentielle pre\u0301vue pour le 25 octobre 2025.<\/p>\n<p>Face a\u0300 un contexte politique tendu et des risques de troubles, les autorite\u0301s ont annonce\u0301 la mobilisation de plus de 40 000 e\u0301le\u0301ments des forces de se\u0301curite\u0301 pour encadrer le processus e\u0301lectoral. Ce dispositif exceptionnel vise a\u0300 garantir le bon de\u0301roulement du scrutin, dont l\u2019issue s\u2019annonce dispute\u0301e.<\/p>\n<p>Malgre\u0301 ce report strate\u0301gique de la manifestation, des cadres de l\u2019opposition radicale, me\u0302me si de moins en moins \u00ab\u00a0suivis\u00a0\u00bb, assurent maintenir la pression. Faute de mieux, ils appellent quand me\u0302me a\u0300 la mobilisation citoyenne tout en e\u0301vitant la confrontation directe. Le front commun a annonce\u0301 une nouvelle date pour sa marche. Les prochains jours nous situeront.<\/p>\n<p>Si la date de l\u2019e\u0301lection pre\u0301sidentielle approche a\u0300 grands pas, loin des tensions d&rsquo;hier et le trauma de 2011, la Co\u0302te d\u2019Ivoire n&rsquo;a jamais e\u0301te\u0301 aussi calme depuis lors. Entre contestation du pouvoir en place par des mouvements affaiblis avec le temps et le manque de moyens, indiffe\u0301rence popolaire palpable mais mobilisation se\u0301curitaire d&rsquo;usage comme pour rassurer les plus craintifs.<\/p>\n<p><strong>Pour plus d&rsquo;informations et d&rsquo;analyses sur la <span style=\"color: #ff6600\">C\u00f4te d&rsquo;Ivoire<\/span>, suivez <span style=\"color: #ff6600\">Africa-Press<\/span><\/strong><\/p>\n","protected":false},"excerpt":{"rendered":"<p>Africa-Press &#8211; C\u00f4te d&rsquo;Ivoire. Alors que la marche pacifique annonce\u0301e par le front commun de l&rsquo;opposition contre un quatrie\u0300me mandat du pre\u0301sident sortant a e\u0301te\u0301 officiellement reporte\u0301e, les autorite\u0301s ivoiriennes ont tout de me\u0302me de\u0301ploye\u0301 d\u2019importants dispositifs se\u0301curitaires dans la capitale e\u0301conomique. Pre\u0301vue initialement pour ce samedi 4 octobre, la manifestation porte\u0301e par les principales [&hellip;]<\/p>\n","protected":false},"author":82,"featured_media":106242,"comment_status":"open","ping_status":"closed","sticky":false,"template":"","format":"standard","meta":{"footnotes":""},"categories":[2,20,10],"tags":[30,29,3085,19069,1375,3500,423,60,19070,742,303],"class_list":["post-106243","post","type-post","status-publish","format-standard","has-post-thumbnail","hentry","category-politique","category-top-nouvelles","category-toutes-les-actualites","tag-abidjan","tag-cote-divoire","tag-forces","tag-lordre","tag-manifestation","tag-opposition","tag-pdci","tag-politique","tag-ppaci","tag-presidentielle-2025","tag-securite"],"yoast_head":"<!-- This site is optimized with the Yoast SEO Premium plugin v26.1 (Yoast SEO v27.0) - https:\/\/yoast.com\/product\/yoast-seo-premium-wordpress\/ -->\n<title>Palabre Politique \u00e0 Abidjan Forces de l&#039;Ordre en Alerte - C\u00f4te d&#039;Ivoire<\/title>\n<meta name=\"description\" content=\"Alors que la marche pacifique annonce\u0301e par le front commun de l&#039;opposition contre un quatrie\u0300me mandat du pre\u0301sident so ...\" \/>\n<meta name=\"robots\" content=\"index, follow, max-snippet:-1, max-image-preview:large, max-video-preview:-1\" \/>\n<link rel=\"canonical\" href=\"https:\/\/www.africa-press.net\/cotedivoire\/politique\/palabre-politique-a-abidjan-forces-de-lordre-en-alerte\" \/>\n<meta property=\"og:locale\" content=\"fr_FR\" \/>\n<meta property=\"og:type\" content=\"article\" \/>\n<meta property=\"og:title\" content=\"Palabre Politique \u00e0 Abidjan Forces de l&#039;Ordre en Alerte\" \/>\n<meta property=\"og:description\" content=\"Alors que la marche pacifique annonce\u0301e par le front commun de l&#039;opposition contre un quatrie\u0300me mandat du pre\u0301sident so ...\" \/>\n<meta property=\"og:url\" content=\"https:\/\/www.africa-press.net\/cotedivoire\/politique\/palabre-politique-a-abidjan-forces-de-lordre-en-alerte\" \/>\n<meta property=\"og:site_name\" content=\"C\u00f4te d&#039;Ivoire\" \/>\n<meta property=\"article:published_time\" content=\"2025-10-04T19:20:10+00:00\" \/>\n<meta property=\"article:modified_time\" content=\"2025-10-04T19:58:27+00:00\" \/>\n<meta property=\"og:image\" content=\"https:\/\/static.africa-press.net\/cote\/sites\/43\/2025\/10\/sm_1759595244.261078.jpg\" \/>\n\t<meta property=\"og:image:width\" content=\"720\" \/>\n\t<meta property=\"og:image:height\" content=\"480\" \/>\n\t<meta property=\"og:image:type\" content=\"image\/jpeg\" \/>\n<meta name=\"author\" content=\"cfeditorfr\" \/>\n<meta name=\"twitter:card\" content=\"summary_large_image\" \/>\n<meta name=\"twitter:label1\" content=\"\u00c9crit par\" \/>\n\t<meta name=\"twitter:data1\" content=\"cfeditorfr\" \/>\n\t<meta name=\"twitter:label2\" content=\"Dur\u00e9e de lecture estim\u00e9e\" \/>\n\t<meta name=\"twitter:data2\" content=\"3 minutes\" \/>\n<script type=\"application\/ld+json\" class=\"yoast-schema-graph\">{\"@context\":\"https:\/\/schema.org\",\"@graph\":[{\"@type\":\"Article\",\"@id\":\"https:\/\/www.africa-press.net\/cotedivoire\/politique\/palabre-politique-a-abidjan-forces-de-lordre-en-alerte#article\",\"isPartOf\":{\"@id\":\"https:\/\/www.africa-press.net\/cotedivoire\/politique\/palabre-politique-a-abidjan-forces-de-lordre-en-alerte\"},\"author\":{\"name\":\"cfeditorfr\",\"@id\":\"https:\/\/www.africa-press.net\/cotedivoire\/#\/schema\/person\/2b1cf3cd81a31e3cd26889ca66d677f1\"},\"headline\":\"Palabre Politique \u00e0 Abidjan Forces de l&rsquo;Ordre en Alerte\",\"datePublished\":\"2025-10-04T19:20:10+00:00\",\"dateModified\":\"2025-10-04T19:58:27+00:00\",\"mainEntityOfPage\":{\"@id\":\"https:\/\/www.africa-press.net\/cotedivoire\/politique\/palabre-politique-a-abidjan-forces-de-lordre-en-alerte\"},\"wordCount\":522,\"commentCount\":0,\"image\":{\"@id\":\"https:\/\/www.africa-press.net\/cotedivoire\/politique\/palabre-politique-a-abidjan-forces-de-lordre-en-alerte#primaryimage\"},\"thumbnailUrl\":\"https:\/\/static.africa-press.net\/cote\/sites\/43\/2025\/10\/sm_1759595244.261078.jpg\",\"keywords\":[\"Abidjan\",\"C\u00d4TE D'IVOIRE\",\"forces\",\"l'ordre\",\"manifestation\",\"opposition\",\"Pdci\",\"Politique\",\"PPACI\",\"pr\u00e9sidentielle 2025\",\"SECURITE\"],\"articleSection\":[\"Politique\",\"Top Nouvelles\",\"Toutes les actualit\u00e9s\"],\"inLanguage\":\"fr-FR\",\"potentialAction\":[{\"@type\":\"CommentAction\",\"name\":\"Comment\",\"target\":[\"https:\/\/www.africa-press.net\/cotedivoire\/politique\/palabre-politique-a-abidjan-forces-de-lordre-en-alerte#respond\"]}]},{\"@type\":\"WebPage\",\"@id\":\"https:\/\/www.africa-press.net\/cotedivoire\/politique\/palabre-politique-a-abidjan-forces-de-lordre-en-alerte\",\"url\":\"https:\/\/www.africa-press.net\/cotedivoire\/politique\/palabre-politique-a-abidjan-forces-de-lordre-en-alerte\",\"name\":\"Palabre Politique \u00e0 Abidjan Forces de l'Ordre en Alerte - C\u00f4te d&#039;Ivoire\",\"isPartOf\":{\"@id\":\"https:\/\/www.africa-press.net\/cotedivoire\/#website\"},\"primaryImageOfPage\":{\"@id\":\"https:\/\/www.africa-press.net\/cotedivoire\/politique\/palabre-politique-a-abidjan-forces-de-lordre-en-alerte#primaryimage\"},\"image\":{\"@id\":\"https:\/\/www.africa-press.net\/cotedivoire\/politique\/palabre-politique-a-abidjan-forces-de-lordre-en-alerte#primaryimage\"},\"thumbnailUrl\":\"https:\/\/static.africa-press.net\/cote\/sites\/43\/2025\/10\/sm_1759595244.261078.jpg\",\"datePublished\":\"2025-10-04T19:20:10+00:00\",\"dateModified\":\"2025-10-04T19:58:27+00:00\",\"author\":{\"@id\":\"https:\/\/www.africa-press.net\/cotedivoire\/#\/schema\/person\/2b1cf3cd81a31e3cd26889ca66d677f1\"},\"description\":\"Alors que la marche pacifique annonce\u0301e par le front commun de l'opposition contre un quatrie\u0300me mandat du pre\u0301sident so ...\",\"breadcrumb\":{\"@id\":\"https:\/\/www.africa-press.net\/cotedivoire\/politique\/palabre-politique-a-abidjan-forces-de-lordre-en-alerte#breadcrumb\"},\"inLanguage\":\"fr-FR\",\"potentialAction\":[{\"@type\":\"ReadAction\",\"target\":[\"https:\/\/www.africa-press.net\/cotedivoire\/politique\/palabre-politique-a-abidjan-forces-de-lordre-en-alerte\"]}]},{\"@type\":\"ImageObject\",\"inLanguage\":\"fr-FR\",\"@id\":\"https:\/\/www.africa-press.net\/cotedivoire\/politique\/palabre-politique-a-abidjan-forces-de-lordre-en-alerte#primaryimage\",\"url\":\"https:\/\/static.africa-press.net\/cote\/sites\/43\/2025\/10\/sm_1759595244.261078.jpg\",\"contentUrl\":\"https:\/\/static.africa-press.net\/cote\/sites\/43\/2025\/10\/sm_1759595244.261078.jpg\",\"width\":720,\"height\":480,\"caption\":\"Palabre Politique \u00e0 Abidjan Forces de l'Ordre en Alerte\"},{\"@type\":\"BreadcrumbList\",\"@id\":\"https:\/\/www.africa-press.net\/cotedivoire\/politique\/palabre-politique-a-abidjan-forces-de-lordre-en-alerte#breadcrumb\",\"itemListElement\":[{\"@type\":\"ListItem\",\"position\":1,\"name\":\"Accueil\",\"item\":\"https:\/\/www.africa-press.net\/cotedivoire\/\"},{\"@type\":\"ListItem\",\"position\":2,\"name\":\"Palabre Politique \u00e0 Abidjan Forces de l&#8217;Ordre en Alerte\"}]},{\"@type\":\"WebSite\",\"@id\":\"https:\/\/www.africa-press.net\/cotedivoire\/#website\",\"url\":\"https:\/\/www.africa-press.net\/cotedivoire\/\",\"name\":\"C\u00f4te d&#039;Ivoire\",\"description\":\"Just another Africa News Agency Sites site\",\"potentialAction\":[{\"@type\":\"SearchAction\",\"target\":{\"@type\":\"EntryPoint\",\"urlTemplate\":\"https:\/\/www.africa-press.net\/cotedivoire\/?s={search_term_string}\"},\"query-input\":{\"@type\":\"PropertyValueSpecification\",\"valueRequired\":true,\"valueName\":\"search_term_string\"}}],\"inLanguage\":\"fr-FR\"},{\"@type\":\"Person\",\"@id\":\"https:\/\/www.africa-press.net\/cotedivoire\/#\/schema\/person\/2b1cf3cd81a31e3cd26889ca66d677f1\",\"name\":\"cfeditorfr\"}]}<\/script>\n<!-- \/ Yoast SEO Premium plugin. -->","yoast_head_json":{"title":"Palabre Politique \u00e0 Abidjan Forces de l'Ordre en Alerte - C\u00f4te d&#039;Ivoire","description":"Alors que la marche pacifique annonce\u0301e par le front commun de l'opposition contre un quatrie\u0300me mandat du pre\u0301sident so ...","robots":{"index":"index","follow":"follow","max-snippet":"max-snippet:-1","max-image-preview":"max-image-preview:large","max-video-preview":"max-video-preview:-1"},"canonical":"https:\/\/www.africa-press.net\/cotedivoire\/politique\/palabre-politique-a-abidjan-forces-de-lordre-en-alerte","og_locale":"fr_FR","og_type":"article","og_title":"Palabre Politique \u00e0 Abidjan Forces de l'Ordre en Alerte","og_description":"Alors que la marche pacifique annonce\u0301e par le front commun de l'opposition contre un quatrie\u0300me mandat du pre\u0301sident so ...","og_url":"https:\/\/www.africa-press.net\/cotedivoire\/politique\/palabre-politique-a-abidjan-forces-de-lordre-en-alerte","og_site_name":"C\u00f4te d&#039;Ivoire","article_published_time":"2025-10-04T19:20:10+00:00","article_modified_time":"2025-10-04T19:58:27+00:00","og_image":[{"width":720,"height":480,"url":"https:\/\/static.africa-press.net\/cote\/sites\/43\/2025\/10\/sm_1759595244.261078.jpg","type":"image\/jpeg"}],"author":"cfeditorfr","twitter_card":"summary_large_image","twitter_misc":{"\u00c9crit par":"cfeditorfr","Dur\u00e9e de lecture estim\u00e9e":"3 minutes"},"schema":{"@context":"https:\/\/schema.org","@graph":[{"@type":"Article","@id":"https:\/\/www.africa-press.net\/cotedivoire\/politique\/palabre-politique-a-abidjan-forces-de-lordre-en-alerte#article","isPartOf":{"@id":"https:\/\/www.africa-press.net\/cotedivoire\/politique\/palabre-politique-a-abidjan-forces-de-lordre-en-alerte"},"author":{"name":"cfeditorfr","@id":"https:\/\/www.africa-press.net\/cotedivoire\/#\/schema\/person\/2b1cf3cd81a31e3cd26889ca66d677f1"},"headline":"Palabre Politique \u00e0 Abidjan Forces de l&rsquo;Ordre en Alerte","datePublished":"2025-10-04T19:20:10+00:00","dateModified":"2025-10-04T19:58:27+00:00","mainEntityOfPage":{"@id":"https:\/\/www.africa-press.net\/cotedivoire\/politique\/palabre-politique-a-abidjan-forces-de-lordre-en-alerte"},"wordCount":522,"commentCount":0,"image":{"@id":"https:\/\/www.africa-press.net\/cotedivoire\/politique\/palabre-politique-a-abidjan-forces-de-lordre-en-alerte#primaryimage"},"thumbnailUrl":"https:\/\/static.africa-press.net\/cote\/sites\/43\/2025\/10\/sm_1759595244.261078.jpg","keywords":["Abidjan","C\u00d4TE D'IVOIRE","forces","l'ordre","manifestation","opposition","Pdci","Politique","PPACI","pr\u00e9sidentielle 2025","SECURITE"],"articleSection":["Politique","Top Nouvelles","Toutes les actualit\u00e9s"],"inLanguage":"fr-FR","potentialAction":[{"@type":"CommentAction","name":"Comment","target":["https:\/\/www.africa-press.net\/cotedivoire\/politique\/palabre-politique-a-abidjan-forces-de-lordre-en-alerte#respond"]}]},{"@type":"WebPage","@id":"https:\/\/www.africa-press.net\/cotedivoire\/politique\/palabre-politique-a-abidjan-forces-de-lordre-en-alerte","url":"https:\/\/www.africa-press.net\/cotedivoire\/politique\/palabre-politique-a-abidjan-forces-de-lordre-en-alerte","name":"Palabre Politique \u00e0 Abidjan Forces de l'Ordre en Alerte - C\u00f4te d&#039;Ivoire","isPartOf":{"@id":"https:\/\/www.africa-press.net\/cotedivoire\/#website"},"primaryImageOfPage":{"@id":"https:\/\/www.africa-press.net\/cotedivoire\/politique\/palabre-politique-a-abidjan-forces-de-lordre-en-alerte#primaryimage"},"image":{"@id":"https:\/\/www.africa-press.net\/cotedivoire\/politique\/palabre-politique-a-abidjan-forces-de-lordre-en-alerte#primaryimage"},"thumbnailUrl":"https:\/\/static.africa-press.net\/cote\/sites\/43\/2025\/10\/sm_1759595244.261078.jpg","datePublished":"2025-10-04T19:20:10+00:00","dateModified":"2025-10-04T19:58:27+00:00","author":{"@id":"https:\/\/www.africa-press.net\/cotedivoire\/#\/schema\/person\/2b1cf3cd81a31e3cd26889ca66d677f1"},"description":"Alors que la marche pacifique annonce\u0301e par le front commun de l'opposition contre un quatrie\u0300me mandat du pre\u0301sident so ...","breadcrumb":{"@id":"https:\/\/www.africa-press.net\/cotedivoire\/politique\/palabre-politique-a-abidjan-forces-de-lordre-en-alerte#breadcrumb"},"inLanguage":"fr-FR","potentialAction":[{"@type":"ReadAction","target":["https:\/\/www.africa-press.net\/cotedivoire\/politique\/palabre-politique-a-abidjan-forces-de-lordre-en-alerte"]}]},{"@type":"ImageObject","inLanguage":"fr-FR","@id":"https:\/\/www.africa-press.net\/cotedivoire\/politique\/palabre-politique-a-abidjan-forces-de-lordre-en-alerte#primaryimage","url":"https:\/\/static.africa-press.net\/cote\/sites\/43\/2025\/10\/sm_1759595244.261078.jpg","contentUrl":"https:\/\/static.africa-press.net\/cote\/sites\/43\/2025\/10\/sm_1759595244.261078.jpg","width":720,"height":480,"caption":"Palabre Politique \u00e0 Abidjan Forces de l'Ordre en Alerte"},{"@type":"BreadcrumbList","@id":"https:\/\/www.africa-press.net\/cotedivoire\/politique\/palabre-politique-a-abidjan-forces-de-lordre-en-alerte#breadcrumb","itemListElement":[{"@type":"ListItem","position":1,"name":"Accueil","item":"https:\/\/www.africa-press.net\/cotedivoire\/"},{"@type":"ListItem","position":2,"name":"Palabre Politique \u00e0 Abidjan Forces de l&#8217;Ordre en Alerte"}]},{"@type":"WebSite","@id":"https:\/\/www.africa-press.net\/cotedivoire\/#website","url":"https:\/\/www.africa-press.net\/cotedivoire\/","name":"C\u00f4te d&#039;Ivoire","description":"Just another Africa News Agency Sites site","potentialAction":[{"@type":"SearchAction","target":{"@type":"EntryPoint","urlTemplate":"https:\/\/www.africa-press.net\/cotedivoire\/?s={search_term_string}"},"query-input":{"@type":"PropertyValueSpecification","valueRequired":true,"valueName":"search_term_string"}}],"inLanguage":"fr-FR"},{"@type":"Person","@id":"https:\/\/www.africa-press.net\/cotedivoire\/#\/schema\/person\/2b1cf3cd81a31e3cd26889ca66d677f1","name":"cfeditorfr"}]}},"_links":{"self":[{"href":"https:\/\/www.africa-press.net\/cotedivoire\/wp-json\/wp\/v2\/posts\/106243","targetHints":{"allow":["GET"]}}],"collection":[{"href":"https:\/\/www.africa-press.net\/cotedivoire\/wp-json\/wp\/v2\/posts"}],"about":[{"href":"https:\/\/www.africa-press.net\/cotedivoire\/wp-json\/wp\/v2\/types\/post"}],"author":[{"embeddable":true,"href":"https:\/\/www.africa-press.net\/cotedivoire\/wp-json\/wp\/v2\/users\/82"}],"replies":[{"embeddable":true,"href":"https:\/\/www.africa-press.net\/cotedivoire\/wp-json\/wp\/v2\/comments?post=106243"}],"version-history":[{"count":0,"href":"https:\/\/www.africa-press.net\/cotedivoire\/wp-json\/wp\/v2\/posts\/106243\/revisions"}],"wp:featuredmedia":[{"embeddable":true,"href":"https:\/\/www.africa-press.net\/cotedivoire\/wp-json\/wp\/v2\/media\/106242"}],"wp:attachment":[{"href":"https:\/\/www.africa-press.net\/cotedivoire\/wp-json\/wp\/v2\/media?parent=106243"}],"wp:term":[{"taxonomy":"category","embeddable":true,"href":"https:\/\/www.africa-press.net\/cotedivoire\/wp-json\/wp\/v2\/categories?post=106243"},{"taxonomy":"post_tag","embeddable":true,"href":"https:\/\/www.africa-press.net\/cotedivoire\/wp-json\/wp\/v2\/tags?post=106243"}],"curies":[{"name":"wp","href":"https:\/\/api.w.org\/{rel}","templated":true}]}}