{"id":106260,"date":"2025-10-05T14:32:00","date_gmt":"2025-10-05T14:32:00","guid":{"rendered":"https:\/\/www.africa-press.net\/cotedivoire\/politique\/icon-soutient-simone-gbagbo-pour-la-presidentielle-2025"},"modified":"2025-10-05T15:04:08","modified_gmt":"2025-10-05T15:04:08","slug":"icon-soutient-simone-gbagbo-pour-la-presidentielle-2025","status":"publish","type":"post","link":"https:\/\/www.africa-press.net\/cotedivoire\/politique\/icon-soutient-simone-gbagbo-pour-la-presidentielle-2025","title":{"rendered":"ICON Soutient Simone Gbagbo Pour La Pr\u00e9sidentielle 2025"},"content":{"rendered":"<p><span style=\"color: #ff6600\"><strong>Africa-Press &#8211; C\u00f4te d&rsquo;Ivoire. <\/strong><\/span>Le parti ICON mise sur l\u2019unite\u0301 de l\u2019opposition et appelle a\u0300 un candidat consensuel pour affronter le RHDP.<\/p>\n<p>A\u0300 moins d\u2019un mois de la pre\u0301sidentielle en Co\u0302te d\u2019Ivoire, le parti Inte\u0301grite\u0301 et Conscience Nationale (ICON) a officiellement annonce\u0301 son soutien a\u0300 Simone Ehivet Gbagbo, candidate du Mouvement des Ge\u0301ne\u0301rations Capables (MGC). L\u2019annonce a e\u0301te\u0301 faite lors d\u2019une confe\u0301rence de presse tenue a\u0300 la Maison de la Presse au Plateau.<\/p>\n<p>ICON, membre de la Coalition pour l\u2019alternance pacifique en Co\u0302te d\u2019Ivoire (CAP-CI), a justifie\u0301 ce choix a\u0300 travers la voix de son secre\u0301taire exe\u0301cutif, Joe\u0308l Debaho. Il a salue\u0301 les qualite\u0301s de l\u2019ancienne Premie\u0300re dame, la de\u0301crivant comme une femme \u00ab cultive\u0301e, expe\u0301rimente\u0301e et rigoureuse \u00bb, dont le programme est \u00ab parfaitement adapte\u0301 aux re\u0301alite\u0301s socio-politiques, culturelles et e\u0301conomiques du pays \u00bb.<\/p>\n<p>Ce soutien est le fruit d\u2019une concertation interne, notamment lors de la re\u0301union de la direction politique nationale tenue le 20 septembre et celle du secre\u0301tariat exe\u0301cutif national le 21 septembre 2025.<\/p>\n<p>Le pre\u0301sident d\u2019ICON, Yves Mayebo Oga Dade\u0301, a lance\u0301 un appel solennel aux partis de l\u2019opposition, les invitant a\u0300 mettre de co\u0302te\u0301 leurs divergences pour faire front commun face au Rassemblement des Houphoue\u0308tistes pour la De\u0301mocratie et la Paix (RHDP), au pouvoir.<\/p>\n<p>\u00ab Nos inte\u0301re\u0302ts personnels doivent disparai\u0302tre afin que croissent ceux du peuple. Il est temps de taire nos querelles pour sauver la Co\u0302te d\u2019Ivoire \u00bb, a-t-il de\u0301clare\u0301 avec insistance.<\/p>\n<p>ICON appelle ainsi a\u0300 la de\u0301signation d\u2019un candidat unique de l\u2019opposition, issu d\u2019un consensus, capable de rassembler les forces politiques et sociales oppose\u0301es au re\u0301gime actuel.<\/p>\n<p>ICON rejette cate\u0301goriquement l\u2019option du boycott, qu\u2019il conside\u0300re comme une strate\u0301gie inefficace et dangereuse.<\/p>\n<p>\u00ab Le boycott fait le lit au RHDP. Dire non au boycott, c\u2019est dire oui a\u0300 l\u2019alternance \u00bb, a affirme\u0301 Yves Mayebo Oga Dade\u0301.<\/p>\n<p>Malgre\u0301 son soutien affirme\u0301 a\u0300 Simone Gbagbo, le parti se dit pre\u0302t a\u0300 se ranger derrie\u0300re tout candidat consensuel de\u0301signe\u0301 par l\u2019opposition pour maximiser les chances de victoire.<\/p>\n<p>\u00ab Si notre combat est since\u0300rement pour le mieux-e\u0302tre du peuple, alors franchissons ensemble cette ligne \u00bb, a-t-il conclu.<\/p>\n<p>Dans un paysage politique tendu et incertain a\u0300 l\u2019approche du scrutin du 25 octobre 2025, ICON tente de relancer le dialogue au sein de l\u2019opposition et d\u2019impulser une dynamique unitaire pour une alternance de\u0301mocratique.<\/p>\n<p><strong>Pour plus d&rsquo;informations et d&rsquo;analyses sur la <span style=\"color: #ff6600\">C\u00f4te d&rsquo;Ivoire<\/span>, suivez <span style=\"color: #ff6600\">Africa-Press<\/span><\/strong><\/p>\n","protected":false},"excerpt":{"rendered":"<p>Africa-Press &#8211; C\u00f4te d&rsquo;Ivoire. Le parti ICON mise sur l\u2019unite\u0301 de l\u2019opposition et appelle a\u0300 un candidat consensuel pour affronter le RHDP. A\u0300 moins d\u2019un mois de la pre\u0301sidentielle en Co\u0302te d\u2019Ivoire, le parti Inte\u0301grite\u0301 et Conscience Nationale (ICON) a officiellement annonce\u0301 son soutien a\u0300 Simone Ehivet Gbagbo, candidate du Mouvement des Ge\u0301ne\u0301rations Capables (MGC). [&hellip;]<\/p>\n","protected":false},"author":82,"featured_media":106259,"comment_status":"open","ping_status":"closed","sticky":false,"template":"","format":"standard","meta":{"footnotes":""},"categories":[2,10],"tags":[19075,18770,19074,29,2476,1589,19073,3500,742,222,18421],"class_list":["post-106260","post","type-post","status-publish","format-standard","has-post-thumbnail","hentry","category-politique","category-toutes-les-actualites","tag-alternance","tag-boycott","tag-capci","tag-cote-divoire","tag-icon","tag-mgc","tag-non","tag-opposition","tag-presidentielle-2025","tag-simone-gbagbo","tag-yves-mayebo"],"yoast_head":"<!-- This site is optimized with the Yoast SEO Premium plugin v26.1 (Yoast SEO v27.0) - https:\/\/yoast.com\/product\/yoast-seo-premium-wordpress\/ -->\n<title>ICON Soutient Simone Gbagbo Pour La Pr\u00e9sidentielle 2025 - C\u00f4te d&#039;Ivoire<\/title>\n<meta name=\"description\" content=\"Le parti ICON mise sur l\u2019unite\u0301 de l\u2019opposition et appelle a\u0300 un candidat consensuel pour affronter le RHDP. A\u0300 moins d ...\" \/>\n<meta name=\"robots\" content=\"index, follow, max-snippet:-1, max-image-preview:large, max-video-preview:-1\" \/>\n<link rel=\"canonical\" href=\"https:\/\/www.africa-press.net\/cotedivoire\/politique\/icon-soutient-simone-gbagbo-pour-la-presidentielle-2025\" \/>\n<meta property=\"og:locale\" content=\"fr_FR\" \/>\n<meta property=\"og:type\" content=\"article\" \/>\n<meta property=\"og:title\" content=\"ICON Soutient Simone Gbagbo Pour La Pr\u00e9sidentielle 2025\" \/>\n<meta property=\"og:description\" content=\"Le parti ICON mise sur l\u2019unite\u0301 de l\u2019opposition et appelle a\u0300 un candidat consensuel pour affronter le RHDP. A\u0300 moins d ...\" \/>\n<meta property=\"og:url\" content=\"https:\/\/www.africa-press.net\/cotedivoire\/politique\/icon-soutient-simone-gbagbo-pour-la-presidentielle-2025\" \/>\n<meta property=\"og:site_name\" content=\"C\u00f4te d&#039;Ivoire\" \/>\n<meta property=\"article:published_time\" content=\"2025-10-05T14:32:00+00:00\" \/>\n<meta property=\"article:modified_time\" content=\"2025-10-05T15:04:08+00:00\" \/>\n<meta property=\"og:image\" content=\"https:\/\/static.africa-press.net\/cote\/sites\/43\/2025\/10\/sm_1759664011.248226.jpg\" \/>\n\t<meta property=\"og:image:width\" content=\"720\" \/>\n\t<meta property=\"og:image:height\" content=\"316\" \/>\n\t<meta property=\"og:image:type\" content=\"image\/jpeg\" \/>\n<meta name=\"author\" content=\"cfeditorfr\" \/>\n<meta name=\"twitter:card\" content=\"summary_large_image\" \/>\n<meta name=\"twitter:label1\" content=\"\u00c9crit par\" \/>\n\t<meta name=\"twitter:data1\" content=\"cfeditorfr\" \/>\n\t<meta name=\"twitter:label2\" content=\"Dur\u00e9e de lecture estim\u00e9e\" \/>\n\t<meta name=\"twitter:data2\" content=\"2 minutes\" \/>\n<script type=\"application\/ld+json\" class=\"yoast-schema-graph\">{\"@context\":\"https:\/\/schema.org\",\"@graph\":[{\"@type\":\"Article\",\"@id\":\"https:\/\/www.africa-press.net\/cotedivoire\/politique\/icon-soutient-simone-gbagbo-pour-la-presidentielle-2025#article\",\"isPartOf\":{\"@id\":\"https:\/\/www.africa-press.net\/cotedivoire\/politique\/icon-soutient-simone-gbagbo-pour-la-presidentielle-2025\"},\"author\":{\"name\":\"cfeditorfr\",\"@id\":\"https:\/\/www.africa-press.net\/cotedivoire\/#\/schema\/person\/2b1cf3cd81a31e3cd26889ca66d677f1\"},\"headline\":\"ICON Soutient Simone Gbagbo Pour La Pr\u00e9sidentielle 2025\",\"datePublished\":\"2025-10-05T14:32:00+00:00\",\"dateModified\":\"2025-10-05T15:04:08+00:00\",\"mainEntityOfPage\":{\"@id\":\"https:\/\/www.africa-press.net\/cotedivoire\/politique\/icon-soutient-simone-gbagbo-pour-la-presidentielle-2025\"},\"wordCount\":461,\"commentCount\":0,\"image\":{\"@id\":\"https:\/\/www.africa-press.net\/cotedivoire\/politique\/icon-soutient-simone-gbagbo-pour-la-presidentielle-2025#primaryimage\"},\"thumbnailUrl\":\"https:\/\/static.africa-press.net\/cote\/sites\/43\/2025\/10\/sm_1759664011.248226.jpg\",\"keywords\":[\"alternance\",\"boycott\",\"CAPCI\",\"C\u00d4TE D'IVOIRE\",\"Icon\",\"MGC\",\"non\",\"opposition\",\"pr\u00e9sidentielle 2025\",\"Simone Gbagbo\",\"Yves Mayebo\"],\"articleSection\":[\"Politique\",\"Toutes les actualit\u00e9s\"],\"inLanguage\":\"fr-FR\",\"potentialAction\":[{\"@type\":\"CommentAction\",\"name\":\"Comment\",\"target\":[\"https:\/\/www.africa-press.net\/cotedivoire\/politique\/icon-soutient-simone-gbagbo-pour-la-presidentielle-2025#respond\"]}]},{\"@type\":\"WebPage\",\"@id\":\"https:\/\/www.africa-press.net\/cotedivoire\/politique\/icon-soutient-simone-gbagbo-pour-la-presidentielle-2025\",\"url\":\"https:\/\/www.africa-press.net\/cotedivoire\/politique\/icon-soutient-simone-gbagbo-pour-la-presidentielle-2025\",\"name\":\"ICON Soutient Simone Gbagbo Pour La Pr\u00e9sidentielle 2025 - C\u00f4te d&#039;Ivoire\",\"isPartOf\":{\"@id\":\"https:\/\/www.africa-press.net\/cotedivoire\/#website\"},\"primaryImageOfPage\":{\"@id\":\"https:\/\/www.africa-press.net\/cotedivoire\/politique\/icon-soutient-simone-gbagbo-pour-la-presidentielle-2025#primaryimage\"},\"image\":{\"@id\":\"https:\/\/www.africa-press.net\/cotedivoire\/politique\/icon-soutient-simone-gbagbo-pour-la-presidentielle-2025#primaryimage\"},\"thumbnailUrl\":\"https:\/\/static.africa-press.net\/cote\/sites\/43\/2025\/10\/sm_1759664011.248226.jpg\",\"datePublished\":\"2025-10-05T14:32:00+00:00\",\"dateModified\":\"2025-10-05T15:04:08+00:00\",\"author\":{\"@id\":\"https:\/\/www.africa-press.net\/cotedivoire\/#\/schema\/person\/2b1cf3cd81a31e3cd26889ca66d677f1\"},\"description\":\"Le parti ICON mise sur l\u2019unite\u0301 de l\u2019opposition et appelle a\u0300 un candidat consensuel pour affronter le RHDP. A\u0300 moins d ...\",\"breadcrumb\":{\"@id\":\"https:\/\/www.africa-press.net\/cotedivoire\/politique\/icon-soutient-simone-gbagbo-pour-la-presidentielle-2025#breadcrumb\"},\"inLanguage\":\"fr-FR\",\"potentialAction\":[{\"@type\":\"ReadAction\",\"target\":[\"https:\/\/www.africa-press.net\/cotedivoire\/politique\/icon-soutient-simone-gbagbo-pour-la-presidentielle-2025\"]}]},{\"@type\":\"ImageObject\",\"inLanguage\":\"fr-FR\",\"@id\":\"https:\/\/www.africa-press.net\/cotedivoire\/politique\/icon-soutient-simone-gbagbo-pour-la-presidentielle-2025#primaryimage\",\"url\":\"https:\/\/static.africa-press.net\/cote\/sites\/43\/2025\/10\/sm_1759664011.248226.jpg\",\"contentUrl\":\"https:\/\/static.africa-press.net\/cote\/sites\/43\/2025\/10\/sm_1759664011.248226.jpg\",\"width\":720,\"height\":316,\"caption\":\"ICON Soutient Simone Gbagbo Pour La Pr\u00e9sidentielle 2025\"},{\"@type\":\"BreadcrumbList\",\"@id\":\"https:\/\/www.africa-press.net\/cotedivoire\/politique\/icon-soutient-simone-gbagbo-pour-la-presidentielle-2025#breadcrumb\",\"itemListElement\":[{\"@type\":\"ListItem\",\"position\":1,\"name\":\"Accueil\",\"item\":\"https:\/\/www.africa-press.net\/cotedivoire\/\"},{\"@type\":\"ListItem\",\"position\":2,\"name\":\"ICON Soutient Simone Gbagbo Pour La Pr\u00e9sidentielle 2025\"}]},{\"@type\":\"WebSite\",\"@id\":\"https:\/\/www.africa-press.net\/cotedivoire\/#website\",\"url\":\"https:\/\/www.africa-press.net\/cotedivoire\/\",\"name\":\"C\u00f4te d&#039;Ivoire\",\"description\":\"Just another Africa News Agency Sites site\",\"potentialAction\":[{\"@type\":\"SearchAction\",\"target\":{\"@type\":\"EntryPoint\",\"urlTemplate\":\"https:\/\/www.africa-press.net\/cotedivoire\/?s={search_term_string}\"},\"query-input\":{\"@type\":\"PropertyValueSpecification\",\"valueRequired\":true,\"valueName\":\"search_term_string\"}}],\"inLanguage\":\"fr-FR\"},{\"@type\":\"Person\",\"@id\":\"https:\/\/www.africa-press.net\/cotedivoire\/#\/schema\/person\/2b1cf3cd81a31e3cd26889ca66d677f1\",\"name\":\"cfeditorfr\"}]}<\/script>\n<!-- \/ Yoast SEO Premium plugin. -->","yoast_head_json":{"title":"ICON Soutient Simone Gbagbo Pour La Pr\u00e9sidentielle 2025 - C\u00f4te d&#039;Ivoire","description":"Le parti ICON mise sur l\u2019unite\u0301 de l\u2019opposition et appelle a\u0300 un candidat consensuel pour affronter le RHDP. A\u0300 moins d ...","robots":{"index":"index","follow":"follow","max-snippet":"max-snippet:-1","max-image-preview":"max-image-preview:large","max-video-preview":"max-video-preview:-1"},"canonical":"https:\/\/www.africa-press.net\/cotedivoire\/politique\/icon-soutient-simone-gbagbo-pour-la-presidentielle-2025","og_locale":"fr_FR","og_type":"article","og_title":"ICON Soutient Simone Gbagbo Pour La Pr\u00e9sidentielle 2025","og_description":"Le parti ICON mise sur l\u2019unite\u0301 de l\u2019opposition et appelle a\u0300 un candidat consensuel pour affronter le RHDP. A\u0300 moins d ...","og_url":"https:\/\/www.africa-press.net\/cotedivoire\/politique\/icon-soutient-simone-gbagbo-pour-la-presidentielle-2025","og_site_name":"C\u00f4te d&#039;Ivoire","article_published_time":"2025-10-05T14:32:00+00:00","article_modified_time":"2025-10-05T15:04:08+00:00","og_image":[{"width":720,"height":316,"url":"https:\/\/static.africa-press.net\/cote\/sites\/43\/2025\/10\/sm_1759664011.248226.jpg","type":"image\/jpeg"}],"author":"cfeditorfr","twitter_card":"summary_large_image","twitter_misc":{"\u00c9crit par":"cfeditorfr","Dur\u00e9e de lecture estim\u00e9e":"2 minutes"},"schema":{"@context":"https:\/\/schema.org","@graph":[{"@type":"Article","@id":"https:\/\/www.africa-press.net\/cotedivoire\/politique\/icon-soutient-simone-gbagbo-pour-la-presidentielle-2025#article","isPartOf":{"@id":"https:\/\/www.africa-press.net\/cotedivoire\/politique\/icon-soutient-simone-gbagbo-pour-la-presidentielle-2025"},"author":{"name":"cfeditorfr","@id":"https:\/\/www.africa-press.net\/cotedivoire\/#\/schema\/person\/2b1cf3cd81a31e3cd26889ca66d677f1"},"headline":"ICON Soutient Simone Gbagbo Pour La Pr\u00e9sidentielle 2025","datePublished":"2025-10-05T14:32:00+00:00","dateModified":"2025-10-05T15:04:08+00:00","mainEntityOfPage":{"@id":"https:\/\/www.africa-press.net\/cotedivoire\/politique\/icon-soutient-simone-gbagbo-pour-la-presidentielle-2025"},"wordCount":461,"commentCount":0,"image":{"@id":"https:\/\/www.africa-press.net\/cotedivoire\/politique\/icon-soutient-simone-gbagbo-pour-la-presidentielle-2025#primaryimage"},"thumbnailUrl":"https:\/\/static.africa-press.net\/cote\/sites\/43\/2025\/10\/sm_1759664011.248226.jpg","keywords":["alternance","boycott","CAPCI","C\u00d4TE D'IVOIRE","Icon","MGC","non","opposition","pr\u00e9sidentielle 2025","Simone Gbagbo","Yves Mayebo"],"articleSection":["Politique","Toutes les actualit\u00e9s"],"inLanguage":"fr-FR","potentialAction":[{"@type":"CommentAction","name":"Comment","target":["https:\/\/www.africa-press.net\/cotedivoire\/politique\/icon-soutient-simone-gbagbo-pour-la-presidentielle-2025#respond"]}]},{"@type":"WebPage","@id":"https:\/\/www.africa-press.net\/cotedivoire\/politique\/icon-soutient-simone-gbagbo-pour-la-presidentielle-2025","url":"https:\/\/www.africa-press.net\/cotedivoire\/politique\/icon-soutient-simone-gbagbo-pour-la-presidentielle-2025","name":"ICON Soutient Simone Gbagbo Pour La Pr\u00e9sidentielle 2025 - C\u00f4te d&#039;Ivoire","isPartOf":{"@id":"https:\/\/www.africa-press.net\/cotedivoire\/#website"},"primaryImageOfPage":{"@id":"https:\/\/www.africa-press.net\/cotedivoire\/politique\/icon-soutient-simone-gbagbo-pour-la-presidentielle-2025#primaryimage"},"image":{"@id":"https:\/\/www.africa-press.net\/cotedivoire\/politique\/icon-soutient-simone-gbagbo-pour-la-presidentielle-2025#primaryimage"},"thumbnailUrl":"https:\/\/static.africa-press.net\/cote\/sites\/43\/2025\/10\/sm_1759664011.248226.jpg","datePublished":"2025-10-05T14:32:00+00:00","dateModified":"2025-10-05T15:04:08+00:00","author":{"@id":"https:\/\/www.africa-press.net\/cotedivoire\/#\/schema\/person\/2b1cf3cd81a31e3cd26889ca66d677f1"},"description":"Le parti ICON mise sur l\u2019unite\u0301 de l\u2019opposition et appelle a\u0300 un candidat consensuel pour affronter le RHDP. A\u0300 moins d ...","breadcrumb":{"@id":"https:\/\/www.africa-press.net\/cotedivoire\/politique\/icon-soutient-simone-gbagbo-pour-la-presidentielle-2025#breadcrumb"},"inLanguage":"fr-FR","potentialAction":[{"@type":"ReadAction","target":["https:\/\/www.africa-press.net\/cotedivoire\/politique\/icon-soutient-simone-gbagbo-pour-la-presidentielle-2025"]}]},{"@type":"ImageObject","inLanguage":"fr-FR","@id":"https:\/\/www.africa-press.net\/cotedivoire\/politique\/icon-soutient-simone-gbagbo-pour-la-presidentielle-2025#primaryimage","url":"https:\/\/static.africa-press.net\/cote\/sites\/43\/2025\/10\/sm_1759664011.248226.jpg","contentUrl":"https:\/\/static.africa-press.net\/cote\/sites\/43\/2025\/10\/sm_1759664011.248226.jpg","width":720,"height":316,"caption":"ICON Soutient Simone Gbagbo Pour La Pr\u00e9sidentielle 2025"},{"@type":"BreadcrumbList","@id":"https:\/\/www.africa-press.net\/cotedivoire\/politique\/icon-soutient-simone-gbagbo-pour-la-presidentielle-2025#breadcrumb","itemListElement":[{"@type":"ListItem","position":1,"name":"Accueil","item":"https:\/\/www.africa-press.net\/cotedivoire\/"},{"@type":"ListItem","position":2,"name":"ICON Soutient Simone Gbagbo Pour La Pr\u00e9sidentielle 2025"}]},{"@type":"WebSite","@id":"https:\/\/www.africa-press.net\/cotedivoire\/#website","url":"https:\/\/www.africa-press.net\/cotedivoire\/","name":"C\u00f4te d&#039;Ivoire","description":"Just another Africa News Agency Sites site","potentialAction":[{"@type":"SearchAction","target":{"@type":"EntryPoint","urlTemplate":"https:\/\/www.africa-press.net\/cotedivoire\/?s={search_term_string}"},"query-input":{"@type":"PropertyValueSpecification","valueRequired":true,"valueName":"search_term_string"}}],"inLanguage":"fr-FR"},{"@type":"Person","@id":"https:\/\/www.africa-press.net\/cotedivoire\/#\/schema\/person\/2b1cf3cd81a31e3cd26889ca66d677f1","name":"cfeditorfr"}]}},"_links":{"self":[{"href":"https:\/\/www.africa-press.net\/cotedivoire\/wp-json\/wp\/v2\/posts\/106260","targetHints":{"allow":["GET"]}}],"collection":[{"href":"https:\/\/www.africa-press.net\/cotedivoire\/wp-json\/wp\/v2\/posts"}],"about":[{"href":"https:\/\/www.africa-press.net\/cotedivoire\/wp-json\/wp\/v2\/types\/post"}],"author":[{"embeddable":true,"href":"https:\/\/www.africa-press.net\/cotedivoire\/wp-json\/wp\/v2\/users\/82"}],"replies":[{"embeddable":true,"href":"https:\/\/www.africa-press.net\/cotedivoire\/wp-json\/wp\/v2\/comments?post=106260"}],"version-history":[{"count":0,"href":"https:\/\/www.africa-press.net\/cotedivoire\/wp-json\/wp\/v2\/posts\/106260\/revisions"}],"wp:featuredmedia":[{"embeddable":true,"href":"https:\/\/www.africa-press.net\/cotedivoire\/wp-json\/wp\/v2\/media\/106259"}],"wp:attachment":[{"href":"https:\/\/www.africa-press.net\/cotedivoire\/wp-json\/wp\/v2\/media?parent=106260"}],"wp:term":[{"taxonomy":"category","embeddable":true,"href":"https:\/\/www.africa-press.net\/cotedivoire\/wp-json\/wp\/v2\/categories?post=106260"},{"taxonomy":"post_tag","embeddable":true,"href":"https:\/\/www.africa-press.net\/cotedivoire\/wp-json\/wp\/v2\/tags?post=106260"}],"curies":[{"name":"wp","href":"https:\/\/api.w.org\/{rel}","templated":true}]}}