{"id":106277,"date":"2025-10-06T16:51:55","date_gmt":"2025-10-06T16:51:55","guid":{"rendered":"https:\/\/www.africa-press.net\/cotedivoire\/politique\/cote-divoire-usa-retrait-de-la-carte-delecteur"},"modified":"2025-10-06T17:40:44","modified_gmt":"2025-10-06T17:40:44","slug":"cote-divoire-usa-retrait-de-la-carte-delecteur","status":"publish","type":"post","link":"https:\/\/www.africa-press.net\/cotedivoire\/politique\/cote-divoire-usa-retrait-de-la-carte-delecteur","title":{"rendered":"C\u00f4te d&rsquo;Ivoire-USA Retrait de la carte d&rsquo;\u00e9lecteur"},"content":{"rendered":"<p><span style=\"color: #ff6600\"><strong>Africa-Press &#8211; C\u00f4te d&rsquo;Ivoire. <\/strong><\/span>L\u2019Ambassade de Co\u0302te d\u2019Ivoire pre\u0300s les Etats-Unis d\u2019Ame\u0301rique selon une note transmise a\u0300 KOACI, informe l\u2019ensemble de la Communaute\u0301 ivoirienne aux Etats Unis d\u2019Ame\u0301rique qu\u2019en application des articles 14, 15 et 16 du Code e\u0301lectoral ivoirien, qui prescrit l\u2019ouverture de la session des pre\u0301paratifs et du suivi des ope\u0301rations relatives au scrutin pre\u0301sidentiel de 2025, la Commission Electorale des Repre\u0301sentations Diplomatiques aux Etats-Unis d\u2019Ame\u0301rique (CERD-USA) proce\u0300dera a\u0300 la phase de distribution des cartes d\u2019e\u0301lecteurs, du samedi 11 octobre au lundi 20 octobre 2025 selon le calendrier ci- apre\u0300s:<\/p>\n<p>Les week-ends des 11, 12, 13 et 17,18, 19 octobre 2025 de 10 heures a\u0300 18 heures, dans les centres dont les adresses figurent dans le tableau ci-joint.<\/p>\n<p>Aussi, la distribution des cartes se fera tous les jours ouvrables durant la pe\u0301riode du 11 au 20 octobre 2025 dans nos Repre\u0301sentations diplomatiques (Ambassade a\u0300 Washington D.C et Consulat Ge\u0301ne\u0301ral a\u0300 New York).<\/p>\n<p>Cette e\u0301tape essentielle du processus e\u0301lectoral permettra a\u0300 toute personne concerne\u0301e de retirer personnellement sa carte d\u2019e\u0301lecteur dans son lieu de vote.<\/p>\n<p>L\u2019Ambassade de Co\u0302te d\u2019Ivoire pre\u0300s les E\u0301tats-Unis d\u2019Ame\u0301rique compte sur la mobilisation de toutes et de tous pour accomplir cet acte citoyen, gage de leur participation effective au scrutin pre\u0301sidentiel, conclut la note.<\/p>\n<p><strong>Pour plus d&rsquo;informations et d&rsquo;analyses sur la <span style=\"color: #ff6600\">C\u00f4te d&rsquo;Ivoire<\/span>, suivez <span style=\"color: #ff6600\">Africa-Press<\/span><\/strong><\/p>\n","protected":false},"excerpt":{"rendered":"<p>Africa-Press &#8211; C\u00f4te d&rsquo;Ivoire. L\u2019Ambassade de Co\u0302te d\u2019Ivoire pre\u0300s les Etats-Unis d\u2019Ame\u0301rique selon une note transmise a\u0300 KOACI, informe l\u2019ensemble de la Communaute\u0301 ivoirienne aux Etats Unis d\u2019Ame\u0301rique qu\u2019en application des articles 14, 15 et 16 du Code e\u0301lectoral ivoirien, qui prescrit l\u2019ouverture de la session des pre\u0301paratifs et du suivi des ope\u0301rations relatives au [&hellip;]<\/p>\n","protected":false},"author":82,"featured_media":106276,"comment_status":"open","ping_status":"closed","sticky":false,"template":"","format":"standard","meta":{"footnotes":""},"categories":[2,10],"tags":[3370,4795,19076,29,8111,131,312],"class_list":["post-106277","post","type-post","status-publish","format-standard","has-post-thumbnail","hentry","category-politique","category-toutes-les-actualites","tag-ambassade","tag-carte","tag-cerd-usa","tag-cote-divoire","tag-electeurs","tag-etats-unis","tag-presidentielle"],"yoast_head":"<!-- This site is optimized with the Yoast SEO Premium plugin v26.1 (Yoast SEO v27.0) - https:\/\/yoast.com\/product\/yoast-seo-premium-wordpress\/ -->\n<title>C\u00f4te d&#039;Ivoire-USA Retrait de la carte d&#039;\u00e9lecteur - C\u00f4te d&#039;Ivoire<\/title>\n<meta name=\"description\" content=\"L\u2019Ambassade de Co\u0302te d\u2019Ivoire pre\u0300s les Etats-Unis d\u2019Ame\u0301rique selon une note transmise a\u0300 KOACI, informe l\u2019ensemble de ...\" \/>\n<meta name=\"robots\" content=\"index, follow, max-snippet:-1, max-image-preview:large, max-video-preview:-1\" \/>\n<link rel=\"canonical\" href=\"https:\/\/www.africa-press.net\/cotedivoire\/politique\/cote-divoire-usa-retrait-de-la-carte-delecteur\" \/>\n<meta property=\"og:locale\" content=\"fr_FR\" \/>\n<meta property=\"og:type\" content=\"article\" \/>\n<meta property=\"og:title\" content=\"C\u00f4te d&#039;Ivoire-USA Retrait de la carte d&#039;\u00e9lecteur\" \/>\n<meta property=\"og:description\" content=\"L\u2019Ambassade de Co\u0302te d\u2019Ivoire pre\u0300s les Etats-Unis d\u2019Ame\u0301rique selon une note transmise a\u0300 KOACI, informe l\u2019ensemble de ...\" \/>\n<meta property=\"og:url\" content=\"https:\/\/www.africa-press.net\/cotedivoire\/politique\/cote-divoire-usa-retrait-de-la-carte-delecteur\" \/>\n<meta property=\"og:site_name\" content=\"C\u00f4te d&#039;Ivoire\" \/>\n<meta property=\"article:published_time\" content=\"2025-10-06T16:51:55+00:00\" \/>\n<meta property=\"article:modified_time\" content=\"2025-10-06T17:40:44+00:00\" \/>\n<meta property=\"og:image\" content=\"https:\/\/static.africa-press.net\/cote\/sites\/43\/2025\/10\/sm_1759759809.757947.jpg\" \/>\n\t<meta property=\"og:image:width\" content=\"720\" \/>\n\t<meta property=\"og:image:height\" content=\"480\" \/>\n\t<meta property=\"og:image:type\" content=\"image\/jpeg\" \/>\n<meta name=\"author\" content=\"cfeditorfr\" \/>\n<meta name=\"twitter:card\" content=\"summary_large_image\" \/>\n<meta name=\"twitter:label1\" content=\"\u00c9crit par\" \/>\n\t<meta name=\"twitter:data1\" content=\"cfeditorfr\" \/>\n\t<meta name=\"twitter:label2\" content=\"Dur\u00e9e de lecture estim\u00e9e\" \/>\n\t<meta name=\"twitter:data2\" content=\"2 minutes\" \/>\n<script type=\"application\/ld+json\" class=\"yoast-schema-graph\">{\"@context\":\"https:\/\/schema.org\",\"@graph\":[{\"@type\":\"Article\",\"@id\":\"https:\/\/www.africa-press.net\/cotedivoire\/politique\/cote-divoire-usa-retrait-de-la-carte-delecteur#article\",\"isPartOf\":{\"@id\":\"https:\/\/www.africa-press.net\/cotedivoire\/politique\/cote-divoire-usa-retrait-de-la-carte-delecteur\"},\"author\":{\"name\":\"cfeditorfr\",\"@id\":\"https:\/\/www.africa-press.net\/cotedivoire\/#\/schema\/person\/2b1cf3cd81a31e3cd26889ca66d677f1\"},\"headline\":\"C\u00f4te d&rsquo;Ivoire-USA Retrait de la carte d&rsquo;\u00e9lecteur\",\"datePublished\":\"2025-10-06T16:51:55+00:00\",\"dateModified\":\"2025-10-06T17:40:44+00:00\",\"mainEntityOfPage\":{\"@id\":\"https:\/\/www.africa-press.net\/cotedivoire\/politique\/cote-divoire-usa-retrait-de-la-carte-delecteur\"},\"wordCount\":258,\"commentCount\":0,\"image\":{\"@id\":\"https:\/\/www.africa-press.net\/cotedivoire\/politique\/cote-divoire-usa-retrait-de-la-carte-delecteur#primaryimage\"},\"thumbnailUrl\":\"https:\/\/static.africa-press.net\/cote\/sites\/43\/2025\/10\/sm_1759759809.757947.jpg\",\"keywords\":[\"Ambassade\",\"carte\",\"CERD-USA\",\"C\u00d4TE D'IVOIRE\",\"\u00e9lecteurs\",\"\u00c9tats-Unis\",\"pr\u00e9sidentielle\"],\"articleSection\":[\"Politique\",\"Toutes les actualit\u00e9s\"],\"inLanguage\":\"fr-FR\",\"potentialAction\":[{\"@type\":\"CommentAction\",\"name\":\"Comment\",\"target\":[\"https:\/\/www.africa-press.net\/cotedivoire\/politique\/cote-divoire-usa-retrait-de-la-carte-delecteur#respond\"]}]},{\"@type\":\"WebPage\",\"@id\":\"https:\/\/www.africa-press.net\/cotedivoire\/politique\/cote-divoire-usa-retrait-de-la-carte-delecteur\",\"url\":\"https:\/\/www.africa-press.net\/cotedivoire\/politique\/cote-divoire-usa-retrait-de-la-carte-delecteur\",\"name\":\"C\u00f4te d'Ivoire-USA Retrait de la carte d'\u00e9lecteur - C\u00f4te d&#039;Ivoire\",\"isPartOf\":{\"@id\":\"https:\/\/www.africa-press.net\/cotedivoire\/#website\"},\"primaryImageOfPage\":{\"@id\":\"https:\/\/www.africa-press.net\/cotedivoire\/politique\/cote-divoire-usa-retrait-de-la-carte-delecteur#primaryimage\"},\"image\":{\"@id\":\"https:\/\/www.africa-press.net\/cotedivoire\/politique\/cote-divoire-usa-retrait-de-la-carte-delecteur#primaryimage\"},\"thumbnailUrl\":\"https:\/\/static.africa-press.net\/cote\/sites\/43\/2025\/10\/sm_1759759809.757947.jpg\",\"datePublished\":\"2025-10-06T16:51:55+00:00\",\"dateModified\":\"2025-10-06T17:40:44+00:00\",\"author\":{\"@id\":\"https:\/\/www.africa-press.net\/cotedivoire\/#\/schema\/person\/2b1cf3cd81a31e3cd26889ca66d677f1\"},\"description\":\"L\u2019Ambassade de Co\u0302te d\u2019Ivoire pre\u0300s les Etats-Unis d\u2019Ame\u0301rique selon une note transmise a\u0300 KOACI, informe l\u2019ensemble de ...\",\"breadcrumb\":{\"@id\":\"https:\/\/www.africa-press.net\/cotedivoire\/politique\/cote-divoire-usa-retrait-de-la-carte-delecteur#breadcrumb\"},\"inLanguage\":\"fr-FR\",\"potentialAction\":[{\"@type\":\"ReadAction\",\"target\":[\"https:\/\/www.africa-press.net\/cotedivoire\/politique\/cote-divoire-usa-retrait-de-la-carte-delecteur\"]}]},{\"@type\":\"ImageObject\",\"inLanguage\":\"fr-FR\",\"@id\":\"https:\/\/www.africa-press.net\/cotedivoire\/politique\/cote-divoire-usa-retrait-de-la-carte-delecteur#primaryimage\",\"url\":\"https:\/\/static.africa-press.net\/cote\/sites\/43\/2025\/10\/sm_1759759809.757947.jpg\",\"contentUrl\":\"https:\/\/static.africa-press.net\/cote\/sites\/43\/2025\/10\/sm_1759759809.757947.jpg\",\"width\":720,\"height\":480,\"caption\":\"C\u00f4te d'Ivoire-USA Retrait de la carte d'\u00e9lecteur\"},{\"@type\":\"BreadcrumbList\",\"@id\":\"https:\/\/www.africa-press.net\/cotedivoire\/politique\/cote-divoire-usa-retrait-de-la-carte-delecteur#breadcrumb\",\"itemListElement\":[{\"@type\":\"ListItem\",\"position\":1,\"name\":\"Accueil\",\"item\":\"https:\/\/www.africa-press.net\/cotedivoire\/\"},{\"@type\":\"ListItem\",\"position\":2,\"name\":\"C\u00f4te d&#8217;Ivoire-USA Retrait de la carte d&#8217;\u00e9lecteur\"}]},{\"@type\":\"WebSite\",\"@id\":\"https:\/\/www.africa-press.net\/cotedivoire\/#website\",\"url\":\"https:\/\/www.africa-press.net\/cotedivoire\/\",\"name\":\"C\u00f4te d&#039;Ivoire\",\"description\":\"Just another Africa News Agency Sites site\",\"potentialAction\":[{\"@type\":\"SearchAction\",\"target\":{\"@type\":\"EntryPoint\",\"urlTemplate\":\"https:\/\/www.africa-press.net\/cotedivoire\/?s={search_term_string}\"},\"query-input\":{\"@type\":\"PropertyValueSpecification\",\"valueRequired\":true,\"valueName\":\"search_term_string\"}}],\"inLanguage\":\"fr-FR\"},{\"@type\":\"Person\",\"@id\":\"https:\/\/www.africa-press.net\/cotedivoire\/#\/schema\/person\/2b1cf3cd81a31e3cd26889ca66d677f1\",\"name\":\"cfeditorfr\"}]}<\/script>\n<!-- \/ Yoast SEO Premium plugin. -->","yoast_head_json":{"title":"C\u00f4te d'Ivoire-USA Retrait de la carte d'\u00e9lecteur - C\u00f4te d&#039;Ivoire","description":"L\u2019Ambassade de Co\u0302te d\u2019Ivoire pre\u0300s les Etats-Unis d\u2019Ame\u0301rique selon une note transmise a\u0300 KOACI, informe l\u2019ensemble de ...","robots":{"index":"index","follow":"follow","max-snippet":"max-snippet:-1","max-image-preview":"max-image-preview:large","max-video-preview":"max-video-preview:-1"},"canonical":"https:\/\/www.africa-press.net\/cotedivoire\/politique\/cote-divoire-usa-retrait-de-la-carte-delecteur","og_locale":"fr_FR","og_type":"article","og_title":"C\u00f4te d'Ivoire-USA Retrait de la carte d'\u00e9lecteur","og_description":"L\u2019Ambassade de Co\u0302te d\u2019Ivoire pre\u0300s les Etats-Unis d\u2019Ame\u0301rique selon une note transmise a\u0300 KOACI, informe l\u2019ensemble de ...","og_url":"https:\/\/www.africa-press.net\/cotedivoire\/politique\/cote-divoire-usa-retrait-de-la-carte-delecteur","og_site_name":"C\u00f4te d&#039;Ivoire","article_published_time":"2025-10-06T16:51:55+00:00","article_modified_time":"2025-10-06T17:40:44+00:00","og_image":[{"width":720,"height":480,"url":"https:\/\/static.africa-press.net\/cote\/sites\/43\/2025\/10\/sm_1759759809.757947.jpg","type":"image\/jpeg"}],"author":"cfeditorfr","twitter_card":"summary_large_image","twitter_misc":{"\u00c9crit par":"cfeditorfr","Dur\u00e9e de lecture estim\u00e9e":"2 minutes"},"schema":{"@context":"https:\/\/schema.org","@graph":[{"@type":"Article","@id":"https:\/\/www.africa-press.net\/cotedivoire\/politique\/cote-divoire-usa-retrait-de-la-carte-delecteur#article","isPartOf":{"@id":"https:\/\/www.africa-press.net\/cotedivoire\/politique\/cote-divoire-usa-retrait-de-la-carte-delecteur"},"author":{"name":"cfeditorfr","@id":"https:\/\/www.africa-press.net\/cotedivoire\/#\/schema\/person\/2b1cf3cd81a31e3cd26889ca66d677f1"},"headline":"C\u00f4te d&rsquo;Ivoire-USA Retrait de la carte d&rsquo;\u00e9lecteur","datePublished":"2025-10-06T16:51:55+00:00","dateModified":"2025-10-06T17:40:44+00:00","mainEntityOfPage":{"@id":"https:\/\/www.africa-press.net\/cotedivoire\/politique\/cote-divoire-usa-retrait-de-la-carte-delecteur"},"wordCount":258,"commentCount":0,"image":{"@id":"https:\/\/www.africa-press.net\/cotedivoire\/politique\/cote-divoire-usa-retrait-de-la-carte-delecteur#primaryimage"},"thumbnailUrl":"https:\/\/static.africa-press.net\/cote\/sites\/43\/2025\/10\/sm_1759759809.757947.jpg","keywords":["Ambassade","carte","CERD-USA","C\u00d4TE D'IVOIRE","\u00e9lecteurs","\u00c9tats-Unis","pr\u00e9sidentielle"],"articleSection":["Politique","Toutes les actualit\u00e9s"],"inLanguage":"fr-FR","potentialAction":[{"@type":"CommentAction","name":"Comment","target":["https:\/\/www.africa-press.net\/cotedivoire\/politique\/cote-divoire-usa-retrait-de-la-carte-delecteur#respond"]}]},{"@type":"WebPage","@id":"https:\/\/www.africa-press.net\/cotedivoire\/politique\/cote-divoire-usa-retrait-de-la-carte-delecteur","url":"https:\/\/www.africa-press.net\/cotedivoire\/politique\/cote-divoire-usa-retrait-de-la-carte-delecteur","name":"C\u00f4te d'Ivoire-USA Retrait de la carte d'\u00e9lecteur - C\u00f4te d&#039;Ivoire","isPartOf":{"@id":"https:\/\/www.africa-press.net\/cotedivoire\/#website"},"primaryImageOfPage":{"@id":"https:\/\/www.africa-press.net\/cotedivoire\/politique\/cote-divoire-usa-retrait-de-la-carte-delecteur#primaryimage"},"image":{"@id":"https:\/\/www.africa-press.net\/cotedivoire\/politique\/cote-divoire-usa-retrait-de-la-carte-delecteur#primaryimage"},"thumbnailUrl":"https:\/\/static.africa-press.net\/cote\/sites\/43\/2025\/10\/sm_1759759809.757947.jpg","datePublished":"2025-10-06T16:51:55+00:00","dateModified":"2025-10-06T17:40:44+00:00","author":{"@id":"https:\/\/www.africa-press.net\/cotedivoire\/#\/schema\/person\/2b1cf3cd81a31e3cd26889ca66d677f1"},"description":"L\u2019Ambassade de Co\u0302te d\u2019Ivoire pre\u0300s les Etats-Unis d\u2019Ame\u0301rique selon une note transmise a\u0300 KOACI, informe l\u2019ensemble de ...","breadcrumb":{"@id":"https:\/\/www.africa-press.net\/cotedivoire\/politique\/cote-divoire-usa-retrait-de-la-carte-delecteur#breadcrumb"},"inLanguage":"fr-FR","potentialAction":[{"@type":"ReadAction","target":["https:\/\/www.africa-press.net\/cotedivoire\/politique\/cote-divoire-usa-retrait-de-la-carte-delecteur"]}]},{"@type":"ImageObject","inLanguage":"fr-FR","@id":"https:\/\/www.africa-press.net\/cotedivoire\/politique\/cote-divoire-usa-retrait-de-la-carte-delecteur#primaryimage","url":"https:\/\/static.africa-press.net\/cote\/sites\/43\/2025\/10\/sm_1759759809.757947.jpg","contentUrl":"https:\/\/static.africa-press.net\/cote\/sites\/43\/2025\/10\/sm_1759759809.757947.jpg","width":720,"height":480,"caption":"C\u00f4te d'Ivoire-USA Retrait de la carte d'\u00e9lecteur"},{"@type":"BreadcrumbList","@id":"https:\/\/www.africa-press.net\/cotedivoire\/politique\/cote-divoire-usa-retrait-de-la-carte-delecteur#breadcrumb","itemListElement":[{"@type":"ListItem","position":1,"name":"Accueil","item":"https:\/\/www.africa-press.net\/cotedivoire\/"},{"@type":"ListItem","position":2,"name":"C\u00f4te d&#8217;Ivoire-USA Retrait de la carte d&#8217;\u00e9lecteur"}]},{"@type":"WebSite","@id":"https:\/\/www.africa-press.net\/cotedivoire\/#website","url":"https:\/\/www.africa-press.net\/cotedivoire\/","name":"C\u00f4te d&#039;Ivoire","description":"Just another Africa News Agency Sites site","potentialAction":[{"@type":"SearchAction","target":{"@type":"EntryPoint","urlTemplate":"https:\/\/www.africa-press.net\/cotedivoire\/?s={search_term_string}"},"query-input":{"@type":"PropertyValueSpecification","valueRequired":true,"valueName":"search_term_string"}}],"inLanguage":"fr-FR"},{"@type":"Person","@id":"https:\/\/www.africa-press.net\/cotedivoire\/#\/schema\/person\/2b1cf3cd81a31e3cd26889ca66d677f1","name":"cfeditorfr"}]}},"_links":{"self":[{"href":"https:\/\/www.africa-press.net\/cotedivoire\/wp-json\/wp\/v2\/posts\/106277","targetHints":{"allow":["GET"]}}],"collection":[{"href":"https:\/\/www.africa-press.net\/cotedivoire\/wp-json\/wp\/v2\/posts"}],"about":[{"href":"https:\/\/www.africa-press.net\/cotedivoire\/wp-json\/wp\/v2\/types\/post"}],"author":[{"embeddable":true,"href":"https:\/\/www.africa-press.net\/cotedivoire\/wp-json\/wp\/v2\/users\/82"}],"replies":[{"embeddable":true,"href":"https:\/\/www.africa-press.net\/cotedivoire\/wp-json\/wp\/v2\/comments?post=106277"}],"version-history":[{"count":0,"href":"https:\/\/www.africa-press.net\/cotedivoire\/wp-json\/wp\/v2\/posts\/106277\/revisions"}],"wp:featuredmedia":[{"embeddable":true,"href":"https:\/\/www.africa-press.net\/cotedivoire\/wp-json\/wp\/v2\/media\/106276"}],"wp:attachment":[{"href":"https:\/\/www.africa-press.net\/cotedivoire\/wp-json\/wp\/v2\/media?parent=106277"}],"wp:term":[{"taxonomy":"category","embeddable":true,"href":"https:\/\/www.africa-press.net\/cotedivoire\/wp-json\/wp\/v2\/categories?post=106277"},{"taxonomy":"post_tag","embeddable":true,"href":"https:\/\/www.africa-press.net\/cotedivoire\/wp-json\/wp\/v2\/tags?post=106277"}],"curies":[{"name":"wp","href":"https:\/\/api.w.org\/{rel}","templated":true}]}}