{"id":106284,"date":"2025-10-06T16:53:43","date_gmt":"2025-10-06T16:53:43","guid":{"rendered":"https:\/\/www.africa-press.net\/cotedivoire\/politique\/reformes-de-lenseignement-superieur-pour-2025-2026"},"modified":"2025-10-06T17:41:29","modified_gmt":"2025-10-06T17:41:29","slug":"reformes-de-lenseignement-superieur-pour-2025-2026","status":"publish","type":"post","link":"https:\/\/www.africa-press.net\/cotedivoire\/culture-et-art\/reformes-de-lenseignement-superieur-pour-2025-2026","title":{"rendered":"R\u00e9formes de l&rsquo;Enseignement Sup\u00e9rieur pour 2025-2026"},"content":{"rendered":"<p><span style=\"color: #ff6600\"><strong>Africa-Press &#8211; C\u00f4te d&rsquo;Ivoire. <\/strong><\/span>Pour la rentre\u0301e acade\u0301mique 2025-2026, plusieurs re\u0301formes sont pre\u0301vues au niveau de l&rsquo;enseignement supe\u0301rieur.<\/p>\n<p>Dans un entretien accorde\u0301 au me\u0301dia Gouvernemental, CICG, le ministre de l&rsquo;Enseignement supe\u0301rieur et de la Recherche scientifique, Adama Diawara a pre\u0301sente\u0301 les re\u0301formes et e\u0301voque\u0301 les principaux chantiers de son de\u0301partement ministe\u0301riel.<\/p>\n<p>Il a indique\u0301 que pour cette rentre\u0301e universitaire est effective depuis le 15 septembre dernier, ce sont 346 000 anciens e\u0301tudiants, auxquels il faut ajouter la grande partie des 133 000 nouveaux bacheliers qui sont concerne\u0301s.<\/p>\n<p>Selon le Ministre, seule une faible proportion de ces derniers se dirigera vers le marche\u0301 de l\u2019emploi ou ira continuer ses e\u0301tudes a\u0300 l\u2019e\u0301tranger.<\/p>\n<p>Plusieurs re\u0301formes seront mises en \u0153uvre au cours de cette nouvelle anne\u0301e acade\u0301mique. Il s&rsquo;agit notamment de l\u2019adoption des textes sur la cre\u0301ation des Instituts Universitaires de Technologie (IUT). Ces instituts formeront, en trois ans, des techniciens de bon niveau, directement utilisables sur le marche\u0301 de l\u2019emploi.<\/p>\n<p>\u00ab Nous proce\u0301derons a\u0300 la transformation de l\u2019E\u0301cole Normale Supe\u0301rieure (ENS) en Direction ge\u0301ne\u0301rale, avec l\u2019ouverture de deux nouvelles antennes de cette grande e\u0301cole dans les universite\u0301s de Bouake\u0301 et San Pedro. Il est pre\u0301vu la de\u0301finition des nouveaux statuts de l\u2019Universite\u0301 Internationale de Grand Bassam (UIGB) ; la validation des semestres par moyenne ponde\u0301re\u0301e, avec une note minimale de 07 sur 20 exige\u0301e dans les Unite\u0301s d\u2019Enseignement (UE) non valide\u0301es par l\u2019e\u0301tudiant. Il est e\u0301galement pre\u0301vu l\u2019e\u0301valuation et le classement des universite\u0301s et grandes e\u0301coles prive\u0301es, qui de\u0301termineront, pour chaque e\u0301tablissement prive\u0301, le nombre de bacheliers a\u0300 y affecter par l\u2019E\u0301tat. Pour cette anne\u0301e acade\u0301mique, nous entendons re\u0301former le Brevet de Technicien Supe\u0301rieur (BTS), en vue d\u2019ame\u0301liorer grandement l\u2019employabilite\u0301 des titulaires du BTS \u00bb, a-t-il indique\u0301, avant de poursuivre.<\/p>\n<p>\u00ab La cre\u0301ation des E\u0301coles Doctorales, en vue d\u2019ame\u0301liorer sensiblement la compe\u0301tence des nouveaux docteurs et de mettre me\u0301caniquement fin a\u0300 l\u2019e\u0301pineux proble\u0300me des docteurs non recrute\u0301s, par une re\u0301gulation stricte des flux d\u2019e\u0301tudiants acce\u0301dant aux E\u0301coles Doctorales est a\u0300 l&rsquo;agenda des re\u0301formes. Nous proce\u0301derons aussi a\u0300 la de\u0301finition des nouveaux crite\u0300res d\u2019attribution et des nouveaux taux de bourse et secours financier (SF). Ainsi le taux des bourses augmentera de 10 a\u0300 20%, en fonction de ce qui sera de\u0301cide\u0301 par le Conseil des ministres avec l\u2019autorisation du Pre\u0301sident de la Re\u0301publique. La de\u0301finition de la nouvelle me\u0301thodologie de calcul et des nouveaux taux d\u2019heures comple\u0301mentaires (HC) des enseignants-chercheurs et chercheurs ; la de\u0301finition de la nouvelle me\u0301thodologie de calcul et des nouveaux taux d\u2019heures supple\u0301mentaires (HS) des personnels administratifs et techniques (PAT) ; la mise en place du Comite\u0301 Scientifique de se\u0301lection des projets des Programmes Nationaux de Recherche (PNR) e\u0301ligibles au financement, constituent e\u0301galement des sujets de re\u0301formes pre\u0301vues pour cette anne\u0301e acade\u0301mique. \u00bb<\/p>\n<p><strong>Pour plus d&rsquo;informations et d&rsquo;analyses sur la <span style=\"color: #ff6600\">C\u00f4te d&rsquo;Ivoire<\/span>, suivez <span style=\"color: #ff6600\">Africa-Press<\/span><\/strong><\/p>\n","protected":false},"excerpt":{"rendered":"<p>Africa-Press &#8211; C\u00f4te d&rsquo;Ivoire. Pour la rentre\u0301e acade\u0301mique 2025-2026, plusieurs re\u0301formes sont pre\u0301vues au niveau de l&rsquo;enseignement supe\u0301rieur. Dans un entretien accorde\u0301 au me\u0301dia Gouvernemental, CICG, le ministre de l&rsquo;Enseignement supe\u0301rieur et de la Recherche scientifique, Adama Diawara a pre\u0301sente\u0301 les re\u0301formes et e\u0301voque\u0301 les principaux chantiers de son de\u0301partement ministe\u0301riel. Il a indique\u0301 que [&hellip;]<\/p>\n","protected":false},"author":82,"featured_media":106283,"comment_status":"open","ping_status":"closed","sticky":false,"template":"","format":"standard","meta":{"footnotes":""},"categories":[5,10],"tags":[617,4785,530,29,87,13953,615],"class_list":["post-106284","post","type-post","status-publish","format-standard","has-post-thumbnail","hentry","category-culture-et-art","category-toutes-les-actualites","tag-adama-diawara","tag-bourses","tag-cicg","tag-cote-divoire","tag-enseignement","tag-reformes","tag-superieur"],"yoast_head":"<!-- This site is optimized with the Yoast SEO Premium plugin v26.1 (Yoast SEO v27.0) - https:\/\/yoast.com\/product\/yoast-seo-premium-wordpress\/ -->\n<title>R\u00e9formes de l&#039;Enseignement Sup\u00e9rieur pour 2025-2026 - C\u00f4te d&#039;Ivoire<\/title>\n<meta name=\"description\" content=\"Pour la rentre\u0301e acade\u0301mique 2025-2026, plusieurs re\u0301formes sont pre\u0301vues au niveau de l&#039;enseignement supe\u0301rieur. Dans ...\" \/>\n<meta name=\"robots\" content=\"index, follow, max-snippet:-1, max-image-preview:large, max-video-preview:-1\" \/>\n<link rel=\"canonical\" href=\"https:\/\/www.africa-press.net\/cotedivoire\/culture-et-art\/reformes-de-lenseignement-superieur-pour-2025-2026\" \/>\n<meta property=\"og:locale\" content=\"fr_FR\" \/>\n<meta property=\"og:type\" content=\"article\" \/>\n<meta property=\"og:title\" content=\"R\u00e9formes de l&#039;Enseignement Sup\u00e9rieur pour 2025-2026\" \/>\n<meta property=\"og:description\" content=\"Pour la rentre\u0301e acade\u0301mique 2025-2026, plusieurs re\u0301formes sont pre\u0301vues au niveau de l&#039;enseignement supe\u0301rieur. Dans ...\" \/>\n<meta property=\"og:url\" content=\"https:\/\/www.africa-press.net\/cotedivoire\/culture-et-art\/reformes-de-lenseignement-superieur-pour-2025-2026\" \/>\n<meta property=\"og:site_name\" content=\"C\u00f4te d&#039;Ivoire\" \/>\n<meta property=\"article:published_time\" content=\"2025-10-06T16:53:43+00:00\" \/>\n<meta property=\"article:modified_time\" content=\"2025-10-06T17:41:29+00:00\" \/>\n<meta property=\"og:image\" content=\"https:\/\/static.africa-press.net\/cote\/sites\/43\/2025\/10\/sm_1759759853.246437.jpg\" \/>\n\t<meta property=\"og:image:width\" content=\"720\" \/>\n\t<meta property=\"og:image:height\" content=\"403\" \/>\n\t<meta property=\"og:image:type\" content=\"image\/jpeg\" \/>\n<meta name=\"author\" content=\"cfeditorfr\" \/>\n<meta name=\"twitter:card\" content=\"summary_large_image\" \/>\n<meta name=\"twitter:label1\" content=\"\u00c9crit par\" \/>\n\t<meta name=\"twitter:data1\" content=\"cfeditorfr\" \/>\n\t<meta name=\"twitter:label2\" content=\"Dur\u00e9e de lecture estim\u00e9e\" \/>\n\t<meta name=\"twitter:data2\" content=\"3 minutes\" \/>\n<script type=\"application\/ld+json\" class=\"yoast-schema-graph\">{\"@context\":\"https:\/\/schema.org\",\"@graph\":[{\"@type\":\"Article\",\"@id\":\"https:\/\/www.africa-press.net\/cotedivoire\/culture-et-art\/reformes-de-lenseignement-superieur-pour-2025-2026#article\",\"isPartOf\":{\"@id\":\"https:\/\/www.africa-press.net\/cotedivoire\/culture-et-art\/reformes-de-lenseignement-superieur-pour-2025-2026\"},\"author\":{\"name\":\"cfeditorfr\",\"@id\":\"https:\/\/www.africa-press.net\/cotedivoire\/#\/schema\/person\/2b1cf3cd81a31e3cd26889ca66d677f1\"},\"headline\":\"R\u00e9formes de l&rsquo;Enseignement Sup\u00e9rieur pour 2025-2026\",\"datePublished\":\"2025-10-06T16:53:43+00:00\",\"dateModified\":\"2025-10-06T17:41:29+00:00\",\"mainEntityOfPage\":{\"@id\":\"https:\/\/www.africa-press.net\/cotedivoire\/culture-et-art\/reformes-de-lenseignement-superieur-pour-2025-2026\"},\"wordCount\":570,\"commentCount\":0,\"image\":{\"@id\":\"https:\/\/www.africa-press.net\/cotedivoire\/culture-et-art\/reformes-de-lenseignement-superieur-pour-2025-2026#primaryimage\"},\"thumbnailUrl\":\"https:\/\/static.africa-press.net\/cote\/sites\/43\/2025\/10\/sm_1759759853.246437.jpg\",\"keywords\":[\"Adama Diawara\",\"Bourses\",\"CICG\",\"C\u00d4TE D'IVOIRE\",\"Enseignement\",\"r\u00e9formes\",\"sup\u00e9rieur\"],\"articleSection\":[\"Culture et Art\",\"Toutes les actualit\u00e9s\"],\"inLanguage\":\"fr-FR\",\"potentialAction\":[{\"@type\":\"CommentAction\",\"name\":\"Comment\",\"target\":[\"https:\/\/www.africa-press.net\/cotedivoire\/culture-et-art\/reformes-de-lenseignement-superieur-pour-2025-2026#respond\"]}]},{\"@type\":\"WebPage\",\"@id\":\"https:\/\/www.africa-press.net\/cotedivoire\/culture-et-art\/reformes-de-lenseignement-superieur-pour-2025-2026\",\"url\":\"https:\/\/www.africa-press.net\/cotedivoire\/culture-et-art\/reformes-de-lenseignement-superieur-pour-2025-2026\",\"name\":\"R\u00e9formes de l'Enseignement Sup\u00e9rieur pour 2025-2026 - C\u00f4te d&#039;Ivoire\",\"isPartOf\":{\"@id\":\"https:\/\/www.africa-press.net\/cotedivoire\/#website\"},\"primaryImageOfPage\":{\"@id\":\"https:\/\/www.africa-press.net\/cotedivoire\/culture-et-art\/reformes-de-lenseignement-superieur-pour-2025-2026#primaryimage\"},\"image\":{\"@id\":\"https:\/\/www.africa-press.net\/cotedivoire\/culture-et-art\/reformes-de-lenseignement-superieur-pour-2025-2026#primaryimage\"},\"thumbnailUrl\":\"https:\/\/static.africa-press.net\/cote\/sites\/43\/2025\/10\/sm_1759759853.246437.jpg\",\"datePublished\":\"2025-10-06T16:53:43+00:00\",\"dateModified\":\"2025-10-06T17:41:29+00:00\",\"author\":{\"@id\":\"https:\/\/www.africa-press.net\/cotedivoire\/#\/schema\/person\/2b1cf3cd81a31e3cd26889ca66d677f1\"},\"description\":\"Pour la rentre\u0301e acade\u0301mique 2025-2026, plusieurs re\u0301formes sont pre\u0301vues au niveau de l'enseignement supe\u0301rieur. Dans ...\",\"breadcrumb\":{\"@id\":\"https:\/\/www.africa-press.net\/cotedivoire\/culture-et-art\/reformes-de-lenseignement-superieur-pour-2025-2026#breadcrumb\"},\"inLanguage\":\"fr-FR\",\"potentialAction\":[{\"@type\":\"ReadAction\",\"target\":[\"https:\/\/www.africa-press.net\/cotedivoire\/culture-et-art\/reformes-de-lenseignement-superieur-pour-2025-2026\"]}]},{\"@type\":\"ImageObject\",\"inLanguage\":\"fr-FR\",\"@id\":\"https:\/\/www.africa-press.net\/cotedivoire\/culture-et-art\/reformes-de-lenseignement-superieur-pour-2025-2026#primaryimage\",\"url\":\"https:\/\/static.africa-press.net\/cote\/sites\/43\/2025\/10\/sm_1759759853.246437.jpg\",\"contentUrl\":\"https:\/\/static.africa-press.net\/cote\/sites\/43\/2025\/10\/sm_1759759853.246437.jpg\",\"width\":720,\"height\":403,\"caption\":\"R\u00e9formes de l'Enseignement Sup\u00e9rieur pour 2025-2026\"},{\"@type\":\"BreadcrumbList\",\"@id\":\"https:\/\/www.africa-press.net\/cotedivoire\/culture-et-art\/reformes-de-lenseignement-superieur-pour-2025-2026#breadcrumb\",\"itemListElement\":[{\"@type\":\"ListItem\",\"position\":1,\"name\":\"Accueil\",\"item\":\"https:\/\/www.africa-press.net\/cotedivoire\/\"},{\"@type\":\"ListItem\",\"position\":2,\"name\":\"R\u00e9formes de l&#8217;Enseignement Sup\u00e9rieur pour 2025-2026\"}]},{\"@type\":\"WebSite\",\"@id\":\"https:\/\/www.africa-press.net\/cotedivoire\/#website\",\"url\":\"https:\/\/www.africa-press.net\/cotedivoire\/\",\"name\":\"C\u00f4te d&#039;Ivoire\",\"description\":\"Just another Africa News Agency Sites site\",\"potentialAction\":[{\"@type\":\"SearchAction\",\"target\":{\"@type\":\"EntryPoint\",\"urlTemplate\":\"https:\/\/www.africa-press.net\/cotedivoire\/?s={search_term_string}\"},\"query-input\":{\"@type\":\"PropertyValueSpecification\",\"valueRequired\":true,\"valueName\":\"search_term_string\"}}],\"inLanguage\":\"fr-FR\"},{\"@type\":\"Person\",\"@id\":\"https:\/\/www.africa-press.net\/cotedivoire\/#\/schema\/person\/2b1cf3cd81a31e3cd26889ca66d677f1\",\"name\":\"cfeditorfr\"}]}<\/script>\n<!-- \/ Yoast SEO Premium plugin. -->","yoast_head_json":{"title":"R\u00e9formes de l'Enseignement Sup\u00e9rieur pour 2025-2026 - C\u00f4te d&#039;Ivoire","description":"Pour la rentre\u0301e acade\u0301mique 2025-2026, plusieurs re\u0301formes sont pre\u0301vues au niveau de l'enseignement supe\u0301rieur. Dans ...","robots":{"index":"index","follow":"follow","max-snippet":"max-snippet:-1","max-image-preview":"max-image-preview:large","max-video-preview":"max-video-preview:-1"},"canonical":"https:\/\/www.africa-press.net\/cotedivoire\/culture-et-art\/reformes-de-lenseignement-superieur-pour-2025-2026","og_locale":"fr_FR","og_type":"article","og_title":"R\u00e9formes de l'Enseignement Sup\u00e9rieur pour 2025-2026","og_description":"Pour la rentre\u0301e acade\u0301mique 2025-2026, plusieurs re\u0301formes sont pre\u0301vues au niveau de l'enseignement supe\u0301rieur. Dans ...","og_url":"https:\/\/www.africa-press.net\/cotedivoire\/culture-et-art\/reformes-de-lenseignement-superieur-pour-2025-2026","og_site_name":"C\u00f4te d&#039;Ivoire","article_published_time":"2025-10-06T16:53:43+00:00","article_modified_time":"2025-10-06T17:41:29+00:00","og_image":[{"width":720,"height":403,"url":"https:\/\/static.africa-press.net\/cote\/sites\/43\/2025\/10\/sm_1759759853.246437.jpg","type":"image\/jpeg"}],"author":"cfeditorfr","twitter_card":"summary_large_image","twitter_misc":{"\u00c9crit par":"cfeditorfr","Dur\u00e9e de lecture estim\u00e9e":"3 minutes"},"schema":{"@context":"https:\/\/schema.org","@graph":[{"@type":"Article","@id":"https:\/\/www.africa-press.net\/cotedivoire\/culture-et-art\/reformes-de-lenseignement-superieur-pour-2025-2026#article","isPartOf":{"@id":"https:\/\/www.africa-press.net\/cotedivoire\/culture-et-art\/reformes-de-lenseignement-superieur-pour-2025-2026"},"author":{"name":"cfeditorfr","@id":"https:\/\/www.africa-press.net\/cotedivoire\/#\/schema\/person\/2b1cf3cd81a31e3cd26889ca66d677f1"},"headline":"R\u00e9formes de l&rsquo;Enseignement Sup\u00e9rieur pour 2025-2026","datePublished":"2025-10-06T16:53:43+00:00","dateModified":"2025-10-06T17:41:29+00:00","mainEntityOfPage":{"@id":"https:\/\/www.africa-press.net\/cotedivoire\/culture-et-art\/reformes-de-lenseignement-superieur-pour-2025-2026"},"wordCount":570,"commentCount":0,"image":{"@id":"https:\/\/www.africa-press.net\/cotedivoire\/culture-et-art\/reformes-de-lenseignement-superieur-pour-2025-2026#primaryimage"},"thumbnailUrl":"https:\/\/static.africa-press.net\/cote\/sites\/43\/2025\/10\/sm_1759759853.246437.jpg","keywords":["Adama Diawara","Bourses","CICG","C\u00d4TE D'IVOIRE","Enseignement","r\u00e9formes","sup\u00e9rieur"],"articleSection":["Culture et Art","Toutes les actualit\u00e9s"],"inLanguage":"fr-FR","potentialAction":[{"@type":"CommentAction","name":"Comment","target":["https:\/\/www.africa-press.net\/cotedivoire\/culture-et-art\/reformes-de-lenseignement-superieur-pour-2025-2026#respond"]}]},{"@type":"WebPage","@id":"https:\/\/www.africa-press.net\/cotedivoire\/culture-et-art\/reformes-de-lenseignement-superieur-pour-2025-2026","url":"https:\/\/www.africa-press.net\/cotedivoire\/culture-et-art\/reformes-de-lenseignement-superieur-pour-2025-2026","name":"R\u00e9formes de l'Enseignement Sup\u00e9rieur pour 2025-2026 - C\u00f4te d&#039;Ivoire","isPartOf":{"@id":"https:\/\/www.africa-press.net\/cotedivoire\/#website"},"primaryImageOfPage":{"@id":"https:\/\/www.africa-press.net\/cotedivoire\/culture-et-art\/reformes-de-lenseignement-superieur-pour-2025-2026#primaryimage"},"image":{"@id":"https:\/\/www.africa-press.net\/cotedivoire\/culture-et-art\/reformes-de-lenseignement-superieur-pour-2025-2026#primaryimage"},"thumbnailUrl":"https:\/\/static.africa-press.net\/cote\/sites\/43\/2025\/10\/sm_1759759853.246437.jpg","datePublished":"2025-10-06T16:53:43+00:00","dateModified":"2025-10-06T17:41:29+00:00","author":{"@id":"https:\/\/www.africa-press.net\/cotedivoire\/#\/schema\/person\/2b1cf3cd81a31e3cd26889ca66d677f1"},"description":"Pour la rentre\u0301e acade\u0301mique 2025-2026, plusieurs re\u0301formes sont pre\u0301vues au niveau de l'enseignement supe\u0301rieur. Dans ...","breadcrumb":{"@id":"https:\/\/www.africa-press.net\/cotedivoire\/culture-et-art\/reformes-de-lenseignement-superieur-pour-2025-2026#breadcrumb"},"inLanguage":"fr-FR","potentialAction":[{"@type":"ReadAction","target":["https:\/\/www.africa-press.net\/cotedivoire\/culture-et-art\/reformes-de-lenseignement-superieur-pour-2025-2026"]}]},{"@type":"ImageObject","inLanguage":"fr-FR","@id":"https:\/\/www.africa-press.net\/cotedivoire\/culture-et-art\/reformes-de-lenseignement-superieur-pour-2025-2026#primaryimage","url":"https:\/\/static.africa-press.net\/cote\/sites\/43\/2025\/10\/sm_1759759853.246437.jpg","contentUrl":"https:\/\/static.africa-press.net\/cote\/sites\/43\/2025\/10\/sm_1759759853.246437.jpg","width":720,"height":403,"caption":"R\u00e9formes de l'Enseignement Sup\u00e9rieur pour 2025-2026"},{"@type":"BreadcrumbList","@id":"https:\/\/www.africa-press.net\/cotedivoire\/culture-et-art\/reformes-de-lenseignement-superieur-pour-2025-2026#breadcrumb","itemListElement":[{"@type":"ListItem","position":1,"name":"Accueil","item":"https:\/\/www.africa-press.net\/cotedivoire\/"},{"@type":"ListItem","position":2,"name":"R\u00e9formes de l&#8217;Enseignement Sup\u00e9rieur pour 2025-2026"}]},{"@type":"WebSite","@id":"https:\/\/www.africa-press.net\/cotedivoire\/#website","url":"https:\/\/www.africa-press.net\/cotedivoire\/","name":"C\u00f4te d&#039;Ivoire","description":"Just another Africa News Agency Sites site","potentialAction":[{"@type":"SearchAction","target":{"@type":"EntryPoint","urlTemplate":"https:\/\/www.africa-press.net\/cotedivoire\/?s={search_term_string}"},"query-input":{"@type":"PropertyValueSpecification","valueRequired":true,"valueName":"search_term_string"}}],"inLanguage":"fr-FR"},{"@type":"Person","@id":"https:\/\/www.africa-press.net\/cotedivoire\/#\/schema\/person\/2b1cf3cd81a31e3cd26889ca66d677f1","name":"cfeditorfr"}]}},"_links":{"self":[{"href":"https:\/\/www.africa-press.net\/cotedivoire\/wp-json\/wp\/v2\/posts\/106284","targetHints":{"allow":["GET"]}}],"collection":[{"href":"https:\/\/www.africa-press.net\/cotedivoire\/wp-json\/wp\/v2\/posts"}],"about":[{"href":"https:\/\/www.africa-press.net\/cotedivoire\/wp-json\/wp\/v2\/types\/post"}],"author":[{"embeddable":true,"href":"https:\/\/www.africa-press.net\/cotedivoire\/wp-json\/wp\/v2\/users\/82"}],"replies":[{"embeddable":true,"href":"https:\/\/www.africa-press.net\/cotedivoire\/wp-json\/wp\/v2\/comments?post=106284"}],"version-history":[{"count":0,"href":"https:\/\/www.africa-press.net\/cotedivoire\/wp-json\/wp\/v2\/posts\/106284\/revisions"}],"wp:featuredmedia":[{"embeddable":true,"href":"https:\/\/www.africa-press.net\/cotedivoire\/wp-json\/wp\/v2\/media\/106283"}],"wp:attachment":[{"href":"https:\/\/www.africa-press.net\/cotedivoire\/wp-json\/wp\/v2\/media?parent=106284"}],"wp:term":[{"taxonomy":"category","embeddable":true,"href":"https:\/\/www.africa-press.net\/cotedivoire\/wp-json\/wp\/v2\/categories?post=106284"},{"taxonomy":"post_tag","embeddable":true,"href":"https:\/\/www.africa-press.net\/cotedivoire\/wp-json\/wp\/v2\/tags?post=106284"}],"curies":[{"name":"wp","href":"https:\/\/api.w.org\/{rel}","templated":true}]}}