{"id":10630,"date":"2021-07-30T16:24:53","date_gmt":"2021-07-30T16:24:53","guid":{"rendered":"https:\/\/www.africa-press.net\/cotedivoire\/?p=10630"},"modified":"2021-07-30T18:21:18","modified_gmt":"2021-07-30T18:21:18","slug":"fpi-cote-divoire-issiaka-sangare-confirme-la-demande-daudience-daffi-adressee-a-gbagbo","status":"publish","type":"post","link":"https:\/\/www.africa-press.net\/cotedivoire\/politique\/fpi-cote-divoire-issiaka-sangare-confirme-la-demande-daudience-daffi-adressee-a-gbagbo","title":{"rendered":"FPI\/C\u00f4te-d\u2019Ivoire: Issiaka Sangar\u00e9 confirme la demande d\u2019audience d\u2019Affi adress\u00e9e \u00e0 Gbagbo"},"content":{"rendered":"<p><span style=\"color: #ff6600\"><strong><a href=\"https:\/\/www.africa-press.net\/\">Africa-Press<\/a> &#8211; <a href=\"https:\/\/www.africa-press.net\/cotedivoire\">C\u00f4te d&rsquo;Ivoire<\/a>. <\/strong><\/span>Selon le secr\u00e9taire g\u00e9n\u00e9ral du Front populaire ivoirien (FPI, branche l\u00e9gale), Issiaka Sangar\u00e9, le pr\u00e9sident de son parti Pascal Affi N\u2019guessan a r\u00e9cemment sollicit\u00e9 une audience avec l\u2019ex pr\u00e9sident Laurent Gbagbo.<\/p>\n<p>Le chef historique du FPI rentr\u00e9 en juin en C\u00f4te-d\u2019Ivoire apr\u00e8s 10 ann\u00e9es hors du pays, n\u2019aurait toujours par r\u00e9pondu (favorablement) \u00e0 cette demande d\u2019audience.<\/p>\n<p>Selon d\u2019autres informations, l\u2019ex Premier ministre Affi N\u2019Guessan aurait eu un entretien avec la compagne de Laurent Gbagbo, Nady Bamba, pour pr\u00e9parer la rencontre entre les deux hommes, que beaucoup de choses divisent.<\/p>\n<p>&nbsp;<\/p>\n","protected":false},"excerpt":{"rendered":"<p>Africa-Press &#8211; C\u00f4te d&rsquo;Ivoire. Selon le secr\u00e9taire g\u00e9n\u00e9ral du Front populaire ivoirien (FPI, branche l\u00e9gale), Issiaka Sangar\u00e9, le pr\u00e9sident de son parti Pascal Affi N\u2019guessan a r\u00e9cemment sollicit\u00e9 une audience avec l\u2019ex pr\u00e9sident Laurent Gbagbo. Le chef historique du FPI rentr\u00e9 en juin en C\u00f4te-d\u2019Ivoire apr\u00e8s 10 ann\u00e9es hors du pays, n\u2019aurait toujours par r\u00e9pondu [&hellip;]<\/p>\n","protected":false},"author":82,"featured_media":10629,"comment_status":"open","ping_status":"closed","sticky":false,"template":"","format":"standard","meta":{"footnotes":""},"categories":[11,2,10],"tags":[56,63,29],"class_list":["post-10630","post","type-post","status-publish","format-standard","has-post-thumbnail","hentry","category-homepage-french","category-politique","category-toutes-les-actualites","tag-africa-press","tag-africa-press-cote-divoire","tag-cote-divoire"],"yoast_head":"<!-- This site is optimized with the Yoast SEO Premium plugin v26.1 (Yoast SEO v27.0) - https:\/\/yoast.com\/product\/yoast-seo-premium-wordpress\/ -->\n<title>FPI\/C\u00f4te-d\u2019Ivoire: Issiaka Sangar\u00e9 confirme la demande d\u2019audience d\u2019Affi adress\u00e9e \u00e0 Gbagbo - C\u00f4te d&#039;Ivoire<\/title>\n<meta name=\"description\" content=\"Selon le secr\u00e9taire g\u00e9n\u00e9ral du Front populaire ivoirien (FPI, branche l\u00e9gale), Issiaka Sangar\u00e9, le pr\u00e9sident de son part ...\" \/>\n<meta name=\"robots\" content=\"index, follow, max-snippet:-1, max-image-preview:large, max-video-preview:-1\" \/>\n<link rel=\"canonical\" href=\"https:\/\/www.africa-press.net\/cotedivoire\/politique\/fpi-cote-divoire-issiaka-sangare-confirme-la-demande-daudience-daffi-adressee-a-gbagbo\" \/>\n<meta property=\"og:locale\" content=\"fr_FR\" \/>\n<meta property=\"og:type\" content=\"article\" \/>\n<meta property=\"og:title\" content=\"FPI\/C\u00f4te-d\u2019Ivoire: Issiaka Sangar\u00e9 confirme la demande d\u2019audience d\u2019Affi adress\u00e9e \u00e0 Gbagbo\" \/>\n<meta property=\"og:description\" content=\"Selon le secr\u00e9taire g\u00e9n\u00e9ral du Front populaire ivoirien (FPI, branche l\u00e9gale), Issiaka Sangar\u00e9, le pr\u00e9sident de son part ...\" \/>\n<meta property=\"og:url\" content=\"https:\/\/www.africa-press.net\/cotedivoire\/politique\/fpi-cote-divoire-issiaka-sangare-confirme-la-demande-daudience-daffi-adressee-a-gbagbo\" \/>\n<meta property=\"og:site_name\" content=\"C\u00f4te d&#039;Ivoire\" \/>\n<meta property=\"article:published_time\" content=\"2021-07-30T16:24:53+00:00\" \/>\n<meta property=\"article:modified_time\" content=\"2021-07-30T18:21:18+00:00\" \/>\n<meta property=\"og:image\" content=\"https:\/\/static.africa-press.net\/cote\/sites\/43\/2021\/07\/img-610413a222960.jpg\" \/>\n\t<meta property=\"og:image:width\" content=\"720\" \/>\n\t<meta property=\"og:image:height\" content=\"386\" \/>\n\t<meta property=\"og:image:type\" content=\"image\/jpeg\" \/>\n<meta name=\"author\" content=\"cfeditorfr\" \/>\n<meta name=\"twitter:card\" content=\"summary_large_image\" \/>\n<meta name=\"twitter:label1\" content=\"\u00c9crit par\" \/>\n\t<meta name=\"twitter:data1\" content=\"cfeditorfr\" \/>\n\t<meta name=\"twitter:label2\" content=\"Dur\u00e9e de lecture estim\u00e9e\" \/>\n\t<meta name=\"twitter:data2\" content=\"1 minute\" \/>\n<script type=\"application\/ld+json\" class=\"yoast-schema-graph\">{\"@context\":\"https:\/\/schema.org\",\"@graph\":[{\"@type\":\"Article\",\"@id\":\"https:\/\/www.africa-press.net\/cotedivoire\/politique\/fpi-cote-divoire-issiaka-sangare-confirme-la-demande-daudience-daffi-adressee-a-gbagbo#article\",\"isPartOf\":{\"@id\":\"https:\/\/www.africa-press.net\/cotedivoire\/politique\/fpi-cote-divoire-issiaka-sangare-confirme-la-demande-daudience-daffi-adressee-a-gbagbo\"},\"author\":{\"name\":\"cfeditorfr\",\"@id\":\"https:\/\/www.africa-press.net\/cotedivoire\/#\/schema\/person\/2b1cf3cd81a31e3cd26889ca66d677f1\"},\"headline\":\"FPI\/C\u00f4te-d\u2019Ivoire: Issiaka Sangar\u00e9 confirme la demande d\u2019audience d\u2019Affi adress\u00e9e \u00e0 Gbagbo\",\"datePublished\":\"2021-07-30T16:24:53+00:00\",\"dateModified\":\"2021-07-30T18:21:18+00:00\",\"mainEntityOfPage\":{\"@id\":\"https:\/\/www.africa-press.net\/cotedivoire\/politique\/fpi-cote-divoire-issiaka-sangare-confirme-la-demande-daudience-daffi-adressee-a-gbagbo\"},\"wordCount\":130,\"commentCount\":0,\"image\":{\"@id\":\"https:\/\/www.africa-press.net\/cotedivoire\/politique\/fpi-cote-divoire-issiaka-sangare-confirme-la-demande-daudience-daffi-adressee-a-gbagbo#primaryimage\"},\"thumbnailUrl\":\"https:\/\/static.africa-press.net\/cote\/sites\/43\/2021\/07\/img-610413a222960.jpg\",\"keywords\":[\"Africa Press\",\"Africa Press-C\u00f4te d'Ivoire\",\"C\u00d4TE D'IVOIRE\"],\"articleSection\":[\"homepage-french\",\"Politique\",\"Toutes les actualit\u00e9s\"],\"inLanguage\":\"fr-FR\",\"potentialAction\":[{\"@type\":\"CommentAction\",\"name\":\"Comment\",\"target\":[\"https:\/\/www.africa-press.net\/cotedivoire\/politique\/fpi-cote-divoire-issiaka-sangare-confirme-la-demande-daudience-daffi-adressee-a-gbagbo#respond\"]}]},{\"@type\":\"WebPage\",\"@id\":\"https:\/\/www.africa-press.net\/cotedivoire\/politique\/fpi-cote-divoire-issiaka-sangare-confirme-la-demande-daudience-daffi-adressee-a-gbagbo\",\"url\":\"https:\/\/www.africa-press.net\/cotedivoire\/politique\/fpi-cote-divoire-issiaka-sangare-confirme-la-demande-daudience-daffi-adressee-a-gbagbo\",\"name\":\"FPI\/C\u00f4te-d\u2019Ivoire: Issiaka Sangar\u00e9 confirme la demande d\u2019audience d\u2019Affi adress\u00e9e \u00e0 Gbagbo - C\u00f4te d&#039;Ivoire\",\"isPartOf\":{\"@id\":\"https:\/\/www.africa-press.net\/cotedivoire\/#website\"},\"primaryImageOfPage\":{\"@id\":\"https:\/\/www.africa-press.net\/cotedivoire\/politique\/fpi-cote-divoire-issiaka-sangare-confirme-la-demande-daudience-daffi-adressee-a-gbagbo#primaryimage\"},\"image\":{\"@id\":\"https:\/\/www.africa-press.net\/cotedivoire\/politique\/fpi-cote-divoire-issiaka-sangare-confirme-la-demande-daudience-daffi-adressee-a-gbagbo#primaryimage\"},\"thumbnailUrl\":\"https:\/\/static.africa-press.net\/cote\/sites\/43\/2021\/07\/img-610413a222960.jpg\",\"datePublished\":\"2021-07-30T16:24:53+00:00\",\"dateModified\":\"2021-07-30T18:21:18+00:00\",\"author\":{\"@id\":\"https:\/\/www.africa-press.net\/cotedivoire\/#\/schema\/person\/2b1cf3cd81a31e3cd26889ca66d677f1\"},\"description\":\"Selon le secr\u00e9taire g\u00e9n\u00e9ral du Front populaire ivoirien (FPI, branche l\u00e9gale), Issiaka Sangar\u00e9, le pr\u00e9sident de son part ...\",\"breadcrumb\":{\"@id\":\"https:\/\/www.africa-press.net\/cotedivoire\/politique\/fpi-cote-divoire-issiaka-sangare-confirme-la-demande-daudience-daffi-adressee-a-gbagbo#breadcrumb\"},\"inLanguage\":\"fr-FR\",\"potentialAction\":[{\"@type\":\"ReadAction\",\"target\":[\"https:\/\/www.africa-press.net\/cotedivoire\/politique\/fpi-cote-divoire-issiaka-sangare-confirme-la-demande-daudience-daffi-adressee-a-gbagbo\"]}]},{\"@type\":\"ImageObject\",\"inLanguage\":\"fr-FR\",\"@id\":\"https:\/\/www.africa-press.net\/cotedivoire\/politique\/fpi-cote-divoire-issiaka-sangare-confirme-la-demande-daudience-daffi-adressee-a-gbagbo#primaryimage\",\"url\":\"https:\/\/static.africa-press.net\/cote\/sites\/43\/2021\/07\/img-610413a222960.jpg\",\"contentUrl\":\"https:\/\/static.africa-press.net\/cote\/sites\/43\/2021\/07\/img-610413a222960.jpg\",\"width\":720,\"height\":386,\"caption\":\"FPI\/C\u00f4te-d\u2019Ivoire: Issiaka Sangar\u00e9 confirme la demande d\u2019audience d\u2019Affi adress\u00e9e \u00e0 Gbagbo\"},{\"@type\":\"BreadcrumbList\",\"@id\":\"https:\/\/www.africa-press.net\/cotedivoire\/politique\/fpi-cote-divoire-issiaka-sangare-confirme-la-demande-daudience-daffi-adressee-a-gbagbo#breadcrumb\",\"itemListElement\":[{\"@type\":\"ListItem\",\"position\":1,\"name\":\"Accueil\",\"item\":\"https:\/\/www.africa-press.net\/cotedivoire\/\"},{\"@type\":\"ListItem\",\"position\":2,\"name\":\"FPI\/C\u00f4te-d\u2019Ivoire: Issiaka Sangar\u00e9 confirme la demande d\u2019audience d\u2019Affi adress\u00e9e \u00e0 Gbagbo\"}]},{\"@type\":\"WebSite\",\"@id\":\"https:\/\/www.africa-press.net\/cotedivoire\/#website\",\"url\":\"https:\/\/www.africa-press.net\/cotedivoire\/\",\"name\":\"C\u00f4te d&#039;Ivoire\",\"description\":\"Just another Africa News Agency Sites site\",\"potentialAction\":[{\"@type\":\"SearchAction\",\"target\":{\"@type\":\"EntryPoint\",\"urlTemplate\":\"https:\/\/www.africa-press.net\/cotedivoire\/?s={search_term_string}\"},\"query-input\":{\"@type\":\"PropertyValueSpecification\",\"valueRequired\":true,\"valueName\":\"search_term_string\"}}],\"inLanguage\":\"fr-FR\"},{\"@type\":\"Person\",\"@id\":\"https:\/\/www.africa-press.net\/cotedivoire\/#\/schema\/person\/2b1cf3cd81a31e3cd26889ca66d677f1\",\"name\":\"cfeditorfr\"}]}<\/script>\n<!-- \/ Yoast SEO Premium plugin. -->","yoast_head_json":{"title":"FPI\/C\u00f4te-d\u2019Ivoire: Issiaka Sangar\u00e9 confirme la demande d\u2019audience d\u2019Affi adress\u00e9e \u00e0 Gbagbo - C\u00f4te d&#039;Ivoire","description":"Selon le secr\u00e9taire g\u00e9n\u00e9ral du Front populaire ivoirien (FPI, branche l\u00e9gale), Issiaka Sangar\u00e9, le pr\u00e9sident de son part ...","robots":{"index":"index","follow":"follow","max-snippet":"max-snippet:-1","max-image-preview":"max-image-preview:large","max-video-preview":"max-video-preview:-1"},"canonical":"https:\/\/www.africa-press.net\/cotedivoire\/politique\/fpi-cote-divoire-issiaka-sangare-confirme-la-demande-daudience-daffi-adressee-a-gbagbo","og_locale":"fr_FR","og_type":"article","og_title":"FPI\/C\u00f4te-d\u2019Ivoire: Issiaka Sangar\u00e9 confirme la demande d\u2019audience d\u2019Affi adress\u00e9e \u00e0 Gbagbo","og_description":"Selon le secr\u00e9taire g\u00e9n\u00e9ral du Front populaire ivoirien (FPI, branche l\u00e9gale), Issiaka Sangar\u00e9, le pr\u00e9sident de son part ...","og_url":"https:\/\/www.africa-press.net\/cotedivoire\/politique\/fpi-cote-divoire-issiaka-sangare-confirme-la-demande-daudience-daffi-adressee-a-gbagbo","og_site_name":"C\u00f4te d&#039;Ivoire","article_published_time":"2021-07-30T16:24:53+00:00","article_modified_time":"2021-07-30T18:21:18+00:00","og_image":[{"width":720,"height":386,"url":"https:\/\/static.africa-press.net\/cote\/sites\/43\/2021\/07\/img-610413a222960.jpg","type":"image\/jpeg"}],"author":"cfeditorfr","twitter_card":"summary_large_image","twitter_misc":{"\u00c9crit par":"cfeditorfr","Dur\u00e9e de lecture estim\u00e9e":"1 minute"},"schema":{"@context":"https:\/\/schema.org","@graph":[{"@type":"Article","@id":"https:\/\/www.africa-press.net\/cotedivoire\/politique\/fpi-cote-divoire-issiaka-sangare-confirme-la-demande-daudience-daffi-adressee-a-gbagbo#article","isPartOf":{"@id":"https:\/\/www.africa-press.net\/cotedivoire\/politique\/fpi-cote-divoire-issiaka-sangare-confirme-la-demande-daudience-daffi-adressee-a-gbagbo"},"author":{"name":"cfeditorfr","@id":"https:\/\/www.africa-press.net\/cotedivoire\/#\/schema\/person\/2b1cf3cd81a31e3cd26889ca66d677f1"},"headline":"FPI\/C\u00f4te-d\u2019Ivoire: Issiaka Sangar\u00e9 confirme la demande d\u2019audience d\u2019Affi adress\u00e9e \u00e0 Gbagbo","datePublished":"2021-07-30T16:24:53+00:00","dateModified":"2021-07-30T18:21:18+00:00","mainEntityOfPage":{"@id":"https:\/\/www.africa-press.net\/cotedivoire\/politique\/fpi-cote-divoire-issiaka-sangare-confirme-la-demande-daudience-daffi-adressee-a-gbagbo"},"wordCount":130,"commentCount":0,"image":{"@id":"https:\/\/www.africa-press.net\/cotedivoire\/politique\/fpi-cote-divoire-issiaka-sangare-confirme-la-demande-daudience-daffi-adressee-a-gbagbo#primaryimage"},"thumbnailUrl":"https:\/\/static.africa-press.net\/cote\/sites\/43\/2021\/07\/img-610413a222960.jpg","keywords":["Africa Press","Africa Press-C\u00f4te d'Ivoire","C\u00d4TE D'IVOIRE"],"articleSection":["homepage-french","Politique","Toutes les actualit\u00e9s"],"inLanguage":"fr-FR","potentialAction":[{"@type":"CommentAction","name":"Comment","target":["https:\/\/www.africa-press.net\/cotedivoire\/politique\/fpi-cote-divoire-issiaka-sangare-confirme-la-demande-daudience-daffi-adressee-a-gbagbo#respond"]}]},{"@type":"WebPage","@id":"https:\/\/www.africa-press.net\/cotedivoire\/politique\/fpi-cote-divoire-issiaka-sangare-confirme-la-demande-daudience-daffi-adressee-a-gbagbo","url":"https:\/\/www.africa-press.net\/cotedivoire\/politique\/fpi-cote-divoire-issiaka-sangare-confirme-la-demande-daudience-daffi-adressee-a-gbagbo","name":"FPI\/C\u00f4te-d\u2019Ivoire: Issiaka Sangar\u00e9 confirme la demande d\u2019audience d\u2019Affi adress\u00e9e \u00e0 Gbagbo - C\u00f4te d&#039;Ivoire","isPartOf":{"@id":"https:\/\/www.africa-press.net\/cotedivoire\/#website"},"primaryImageOfPage":{"@id":"https:\/\/www.africa-press.net\/cotedivoire\/politique\/fpi-cote-divoire-issiaka-sangare-confirme-la-demande-daudience-daffi-adressee-a-gbagbo#primaryimage"},"image":{"@id":"https:\/\/www.africa-press.net\/cotedivoire\/politique\/fpi-cote-divoire-issiaka-sangare-confirme-la-demande-daudience-daffi-adressee-a-gbagbo#primaryimage"},"thumbnailUrl":"https:\/\/static.africa-press.net\/cote\/sites\/43\/2021\/07\/img-610413a222960.jpg","datePublished":"2021-07-30T16:24:53+00:00","dateModified":"2021-07-30T18:21:18+00:00","author":{"@id":"https:\/\/www.africa-press.net\/cotedivoire\/#\/schema\/person\/2b1cf3cd81a31e3cd26889ca66d677f1"},"description":"Selon le secr\u00e9taire g\u00e9n\u00e9ral du Front populaire ivoirien (FPI, branche l\u00e9gale), Issiaka Sangar\u00e9, le pr\u00e9sident de son part ...","breadcrumb":{"@id":"https:\/\/www.africa-press.net\/cotedivoire\/politique\/fpi-cote-divoire-issiaka-sangare-confirme-la-demande-daudience-daffi-adressee-a-gbagbo#breadcrumb"},"inLanguage":"fr-FR","potentialAction":[{"@type":"ReadAction","target":["https:\/\/www.africa-press.net\/cotedivoire\/politique\/fpi-cote-divoire-issiaka-sangare-confirme-la-demande-daudience-daffi-adressee-a-gbagbo"]}]},{"@type":"ImageObject","inLanguage":"fr-FR","@id":"https:\/\/www.africa-press.net\/cotedivoire\/politique\/fpi-cote-divoire-issiaka-sangare-confirme-la-demande-daudience-daffi-adressee-a-gbagbo#primaryimage","url":"https:\/\/static.africa-press.net\/cote\/sites\/43\/2021\/07\/img-610413a222960.jpg","contentUrl":"https:\/\/static.africa-press.net\/cote\/sites\/43\/2021\/07\/img-610413a222960.jpg","width":720,"height":386,"caption":"FPI\/C\u00f4te-d\u2019Ivoire: Issiaka Sangar\u00e9 confirme la demande d\u2019audience d\u2019Affi adress\u00e9e \u00e0 Gbagbo"},{"@type":"BreadcrumbList","@id":"https:\/\/www.africa-press.net\/cotedivoire\/politique\/fpi-cote-divoire-issiaka-sangare-confirme-la-demande-daudience-daffi-adressee-a-gbagbo#breadcrumb","itemListElement":[{"@type":"ListItem","position":1,"name":"Accueil","item":"https:\/\/www.africa-press.net\/cotedivoire\/"},{"@type":"ListItem","position":2,"name":"FPI\/C\u00f4te-d\u2019Ivoire: Issiaka Sangar\u00e9 confirme la demande d\u2019audience d\u2019Affi adress\u00e9e \u00e0 Gbagbo"}]},{"@type":"WebSite","@id":"https:\/\/www.africa-press.net\/cotedivoire\/#website","url":"https:\/\/www.africa-press.net\/cotedivoire\/","name":"C\u00f4te d&#039;Ivoire","description":"Just another Africa News Agency Sites site","potentialAction":[{"@type":"SearchAction","target":{"@type":"EntryPoint","urlTemplate":"https:\/\/www.africa-press.net\/cotedivoire\/?s={search_term_string}"},"query-input":{"@type":"PropertyValueSpecification","valueRequired":true,"valueName":"search_term_string"}}],"inLanguage":"fr-FR"},{"@type":"Person","@id":"https:\/\/www.africa-press.net\/cotedivoire\/#\/schema\/person\/2b1cf3cd81a31e3cd26889ca66d677f1","name":"cfeditorfr"}]}},"_links":{"self":[{"href":"https:\/\/www.africa-press.net\/cotedivoire\/wp-json\/wp\/v2\/posts\/10630","targetHints":{"allow":["GET"]}}],"collection":[{"href":"https:\/\/www.africa-press.net\/cotedivoire\/wp-json\/wp\/v2\/posts"}],"about":[{"href":"https:\/\/www.africa-press.net\/cotedivoire\/wp-json\/wp\/v2\/types\/post"}],"author":[{"embeddable":true,"href":"https:\/\/www.africa-press.net\/cotedivoire\/wp-json\/wp\/v2\/users\/82"}],"replies":[{"embeddable":true,"href":"https:\/\/www.africa-press.net\/cotedivoire\/wp-json\/wp\/v2\/comments?post=10630"}],"version-history":[{"count":0,"href":"https:\/\/www.africa-press.net\/cotedivoire\/wp-json\/wp\/v2\/posts\/10630\/revisions"}],"wp:featuredmedia":[{"embeddable":true,"href":"https:\/\/www.africa-press.net\/cotedivoire\/wp-json\/wp\/v2\/media\/10629"}],"wp:attachment":[{"href":"https:\/\/www.africa-press.net\/cotedivoire\/wp-json\/wp\/v2\/media?parent=10630"}],"wp:term":[{"taxonomy":"category","embeddable":true,"href":"https:\/\/www.africa-press.net\/cotedivoire\/wp-json\/wp\/v2\/categories?post=10630"},{"taxonomy":"post_tag","embeddable":true,"href":"https:\/\/www.africa-press.net\/cotedivoire\/wp-json\/wp\/v2\/tags?post=10630"}],"curies":[{"name":"wp","href":"https:\/\/api.w.org\/{rel}","templated":true}]}}