{"id":106300,"date":"2025-10-06T16:55:50","date_gmt":"2025-10-06T16:55:50","guid":{"rendered":"https:\/\/www.africa-press.net\/cotedivoire\/politique\/beoumi-sensibilisation-pour-la-paix-et-lunion-2025"},"modified":"2025-10-06T17:42:48","modified_gmt":"2025-10-06T17:42:48","slug":"beoumi-sensibilisation-pour-la-paix-et-lunion-2025","status":"publish","type":"post","link":"https:\/\/www.africa-press.net\/cotedivoire\/politique\/beoumi-sensibilisation-pour-la-paix-et-lunion-2025","title":{"rendered":"B\u00e9oumi Sensibilisation pour la Paix et l&rsquo;Union 2025"},"content":{"rendered":"<p><span style=\"color: #ff6600\"><strong>Africa-Press &#8211; C\u00f4te d&rsquo;Ivoire. <\/strong><\/span>A\u0300 l\u2019approche des e\u0301lections pre\u0301sidentielles de 2025, la ville de Be\u0301oumi, dans le centre de la Co\u0302te d&rsquo;Ivoire, s\u2019engage pleinement dans la dynamique e\u0301lectorale. En effet, ce samedi 04 octobre 2025, une grande sensibilisation a e\u0301te\u0301 organise\u0301e au sein de la mairie sous l\u2019e\u0301gide du maire Jean-Marc Kouassi, e\u0301galement Directeur de\u0301partemental de campagne RHDP a\u0300 Be\u0301oumi. Cet e\u0301ve\u0301nement a re\u0301uni autorite\u0301s locales, ope\u0301rateurs e\u0301conomiques et population, dans un e\u0301lan commun pour pre\u0301parer le scrutin dans la se\u0301re\u0301nite\u0301.<\/p>\n<p>L\u2019objectif principal de cette sensibilisation e\u0301tait clair: encourager les populations, et particulie\u0300rement les jeunes de Be\u0301oumi, a\u0300 s\u2019impliquer activement dans le processus e\u0301lectoral. Le maire Jean-Marc Kouassi a ainsi insiste\u0301 sur l\u2019importance de voter massivement afin \u00ab qu\u2019au soir du 25 octobre, le Pre\u0301sident Alassane Ouattara puisse e\u0302tre e\u0301lu, avec un tre\u0300s large score \u00bb. Par ailleurs, il a tenu a\u0300 rappeler que \u00ab l\u2019e\u0301lection, ce n\u2019est pas la guerre \u00bb, invitant les jeunes a\u0300 cultiver la paix et l\u2019union tout au long de cette pe\u0301riode sensible. Ce message de cohe\u0301sion sociale re\u0301sonne comme un appel a\u0300 la responsabilite\u0301 collective pour garantir un scrutin apaise\u0301.<\/p>\n<p>Lors de cette ce\u0301re\u0301monie, Doumbia Mamadou, ope\u0301rateur e\u0301conomique et figure influente de la re\u0301gion, a e\u0301galement pris la parole pour galvaniser la jeunesse. Il a exhorte\u0301 les jeunes a\u0300 rester mobilise\u0301s. \u00ab Ce que je demande aux jeunes, c\u2019est d\u2019e\u0302tre focus sur la campagne du Pre\u0301sident Alassane Ouattara \u00bb a-t-il souhaite\u0301. Son ambition est de voir Be\u0301oumi obtenir un score honorable lors de l\u2019e\u0301lection. Pour ce faire, il a insiste\u0301 sur la ne\u0301cessite\u0301 d\u2019adopter une attitude discipline\u0301e et e\u0301thique, notamment sur les re\u0301seaux sociaux, afin d\u2019e\u0301viter toute forme de tension ou de de\u0301sinformation.<\/p>\n<p>Dans un geste de ge\u0301ne\u0301rosite\u0301, Doumbia Mamadou a offert un soutien mate\u0301riel conse\u0301quent, notamment 10 motos, 4 ordinateurs et 4 te\u0301le\u0301phones pour appuyer la campagne. Selon lui, ce mate\u0301riel permettra d\u2019atteindre l\u2019objectif ambitieux de plus de 60 % des voix a\u0300 Be\u0301oumi en faveur du Pre\u0301sident Ouattara, en facilitant la mobilisation et la communication sur le terrain.<\/p>\n<p>De son co\u0302te\u0301, Oka Kouadio Se\u0301raphin, directeur re\u0301gional associe\u0301 de campagne et cadre de Be\u0301oumi, a partage\u0301 sa vision d\u2019une campagne e\u0301lectorale place\u0301e sous le signe de la ce\u0301le\u0301bration. Il a explique\u0301 que \u00ab cette campagne est une ce\u0301le\u0301bration (&#8230;) J\u2019invite la population toute entie\u0300re a\u0300 voter massivement dans la paix&#8230;\u00bb Ce discours rejoint celui du maire, mettant l\u2019accent sur la ne\u0301cessite\u0301 de faire de ce moment de\u0301mocratique une fe\u0302te de la de\u0301mocratie pluto\u0302t qu\u2019un terrain de conflits.<\/p>\n<p>Herman Kouadio, pre\u0301sident de l\u2019Union des jeunes RHDP de Be\u0301oumi, n\u2019a pas manque\u0301 de s\u2019exprimer lui aussi. Prenant les re\u0302nes face a\u0300 cette pe\u0301riode cruciale, il a encourage\u0301 les jeunes a\u0300 faire preuve de tranquillite\u0301 et a\u0300 \u0153uvrer pour la stabilite\u0301. Son intervention a renforce\u0301 l\u2019ide\u0301e que la jeunesse doit jouer un ro\u0302le cle\u0301 dans le maintien d\u2019un climat apaise\u0301 avant, pendant et apre\u0300s les e\u0301lections.<\/p>\n<p>Cette ce\u0301re\u0301monie de sensibilisation s\u2019est acheve\u0301e dans une ambiance de vive joie, reflet de l\u2019espoir partage\u0301 par les habitants de Be\u0301oumi de vivre des e\u0301lections dans la se\u0301re\u0301nite\u0301. Les autorite\u0301s locales, soutenues par la population, se sont mises en marche pour garantir une victoire e\u0301lectorale dans le calme et la cohe\u0301sion. Ainsi, a\u0300 travers les discours et les initiatives, Be\u0301oumi affiche sa de\u0301termination a\u0300 faire de ce scrutin un exemple de de\u0301mocratie pacifique.<\/p>\n<p><strong>Pour plus d&rsquo;informations et d&rsquo;analyses sur la <span style=\"color: #ff6600\">C\u00f4te d&rsquo;Ivoire<\/span>, suivez <span style=\"color: #ff6600\">Africa-Press<\/span><\/strong><\/p>\n","protected":false},"excerpt":{"rendered":"<p>Africa-Press &#8211; C\u00f4te d&rsquo;Ivoire. A\u0300 l\u2019approche des e\u0301lections pre\u0301sidentielles de 2025, la ville de Be\u0301oumi, dans le centre de la Co\u0302te d&rsquo;Ivoire, s\u2019engage pleinement dans la dynamique e\u0301lectorale. En effet, ce samedi 04 octobre 2025, une grande sensibilisation a e\u0301te\u0301 organise\u0301e au sein de la mairie sous l\u2019e\u0301gide du maire Jean-Marc Kouassi, e\u0301galement Directeur de\u0301partemental [&hellip;]<\/p>\n","protected":false},"author":82,"featured_media":106299,"comment_status":"open","ping_status":"closed","sticky":false,"template":"","format":"standard","meta":{"footnotes":""},"categories":[2,10],"tags":[1186,29,10389,1208,19087,2548,371,766],"class_list":["post-106300","post","type-post","status-publish","format-standard","has-post-thumbnail","hentry","category-politique","category-toutes-les-actualites","tag-beoumi","tag-cote-divoire","tag-jean-marc-kouassi","tag-jeunes","tag-oka-kouadio-seraphin","tag-presidentielles","tag-rhdp","tag-sensibilisation"],"yoast_head":"<!-- This site is optimized with the Yoast SEO Premium plugin v26.1 (Yoast SEO v27.0) - https:\/\/yoast.com\/product\/yoast-seo-premium-wordpress\/ -->\n<title>B\u00e9oumi Sensibilisation pour la Paix et l&#039;Union 2025 - C\u00f4te d&#039;Ivoire<\/title>\n<meta name=\"description\" content=\"A\u0300 l\u2019approche des e\u0301lections pre\u0301sidentielles de 2025, la ville de Be\u0301oumi, dans le centre de la Co\u0302te d&#039;Ivoire, s\u2019engag ...\" \/>\n<meta name=\"robots\" content=\"index, follow, max-snippet:-1, max-image-preview:large, max-video-preview:-1\" \/>\n<link rel=\"canonical\" href=\"https:\/\/www.africa-press.net\/cotedivoire\/politique\/beoumi-sensibilisation-pour-la-paix-et-lunion-2025\" \/>\n<meta property=\"og:locale\" content=\"fr_FR\" \/>\n<meta property=\"og:type\" content=\"article\" \/>\n<meta property=\"og:title\" content=\"B\u00e9oumi Sensibilisation pour la Paix et l&#039;Union 2025\" \/>\n<meta property=\"og:description\" content=\"A\u0300 l\u2019approche des e\u0301lections pre\u0301sidentielles de 2025, la ville de Be\u0301oumi, dans le centre de la Co\u0302te d&#039;Ivoire, s\u2019engag ...\" \/>\n<meta property=\"og:url\" content=\"https:\/\/www.africa-press.net\/cotedivoire\/politique\/beoumi-sensibilisation-pour-la-paix-et-lunion-2025\" \/>\n<meta property=\"og:site_name\" content=\"C\u00f4te d&#039;Ivoire\" \/>\n<meta property=\"article:published_time\" content=\"2025-10-06T16:55:50+00:00\" \/>\n<meta property=\"article:modified_time\" content=\"2025-10-06T17:42:48+00:00\" \/>\n<meta property=\"og:image\" content=\"https:\/\/static.africa-press.net\/cote\/sites\/43\/2025\/10\/sm_1759759936.335758.jpg\" \/>\n\t<meta property=\"og:image:width\" content=\"720\" \/>\n\t<meta property=\"og:image:height\" content=\"324\" \/>\n\t<meta property=\"og:image:type\" content=\"image\/jpeg\" \/>\n<meta name=\"author\" content=\"cfeditorfr\" \/>\n<meta name=\"twitter:card\" content=\"summary_large_image\" \/>\n<meta name=\"twitter:label1\" content=\"\u00c9crit par\" \/>\n\t<meta name=\"twitter:data1\" content=\"cfeditorfr\" \/>\n\t<meta name=\"twitter:label2\" content=\"Dur\u00e9e de lecture estim\u00e9e\" \/>\n\t<meta name=\"twitter:data2\" content=\"3 minutes\" \/>\n<script type=\"application\/ld+json\" class=\"yoast-schema-graph\">{\"@context\":\"https:\/\/schema.org\",\"@graph\":[{\"@type\":\"Article\",\"@id\":\"https:\/\/www.africa-press.net\/cotedivoire\/politique\/beoumi-sensibilisation-pour-la-paix-et-lunion-2025#article\",\"isPartOf\":{\"@id\":\"https:\/\/www.africa-press.net\/cotedivoire\/politique\/beoumi-sensibilisation-pour-la-paix-et-lunion-2025\"},\"author\":{\"name\":\"cfeditorfr\",\"@id\":\"https:\/\/www.africa-press.net\/cotedivoire\/#\/schema\/person\/2b1cf3cd81a31e3cd26889ca66d677f1\"},\"headline\":\"B\u00e9oumi Sensibilisation pour la Paix et l&rsquo;Union 2025\",\"datePublished\":\"2025-10-06T16:55:50+00:00\",\"dateModified\":\"2025-10-06T17:42:48+00:00\",\"mainEntityOfPage\":{\"@id\":\"https:\/\/www.africa-press.net\/cotedivoire\/politique\/beoumi-sensibilisation-pour-la-paix-et-lunion-2025\"},\"wordCount\":687,\"commentCount\":0,\"image\":{\"@id\":\"https:\/\/www.africa-press.net\/cotedivoire\/politique\/beoumi-sensibilisation-pour-la-paix-et-lunion-2025#primaryimage\"},\"thumbnailUrl\":\"https:\/\/static.africa-press.net\/cote\/sites\/43\/2025\/10\/sm_1759759936.335758.jpg\",\"keywords\":[\"B\u00e9oumi\",\"C\u00d4TE D'IVOIRE\",\"Jean Marc Kouassi\",\"jeunes\",\"Oka Kouadio S\u00e9raphin\",\"pr\u00e9sidentielles\",\"RHDP\",\"sensibilisation\"],\"articleSection\":[\"Politique\",\"Toutes les actualit\u00e9s\"],\"inLanguage\":\"fr-FR\",\"potentialAction\":[{\"@type\":\"CommentAction\",\"name\":\"Comment\",\"target\":[\"https:\/\/www.africa-press.net\/cotedivoire\/politique\/beoumi-sensibilisation-pour-la-paix-et-lunion-2025#respond\"]}]},{\"@type\":\"WebPage\",\"@id\":\"https:\/\/www.africa-press.net\/cotedivoire\/politique\/beoumi-sensibilisation-pour-la-paix-et-lunion-2025\",\"url\":\"https:\/\/www.africa-press.net\/cotedivoire\/politique\/beoumi-sensibilisation-pour-la-paix-et-lunion-2025\",\"name\":\"B\u00e9oumi Sensibilisation pour la Paix et l'Union 2025 - C\u00f4te d&#039;Ivoire\",\"isPartOf\":{\"@id\":\"https:\/\/www.africa-press.net\/cotedivoire\/#website\"},\"primaryImageOfPage\":{\"@id\":\"https:\/\/www.africa-press.net\/cotedivoire\/politique\/beoumi-sensibilisation-pour-la-paix-et-lunion-2025#primaryimage\"},\"image\":{\"@id\":\"https:\/\/www.africa-press.net\/cotedivoire\/politique\/beoumi-sensibilisation-pour-la-paix-et-lunion-2025#primaryimage\"},\"thumbnailUrl\":\"https:\/\/static.africa-press.net\/cote\/sites\/43\/2025\/10\/sm_1759759936.335758.jpg\",\"datePublished\":\"2025-10-06T16:55:50+00:00\",\"dateModified\":\"2025-10-06T17:42:48+00:00\",\"author\":{\"@id\":\"https:\/\/www.africa-press.net\/cotedivoire\/#\/schema\/person\/2b1cf3cd81a31e3cd26889ca66d677f1\"},\"description\":\"A\u0300 l\u2019approche des e\u0301lections pre\u0301sidentielles de 2025, la ville de Be\u0301oumi, dans le centre de la Co\u0302te d'Ivoire, s\u2019engag ...\",\"breadcrumb\":{\"@id\":\"https:\/\/www.africa-press.net\/cotedivoire\/politique\/beoumi-sensibilisation-pour-la-paix-et-lunion-2025#breadcrumb\"},\"inLanguage\":\"fr-FR\",\"potentialAction\":[{\"@type\":\"ReadAction\",\"target\":[\"https:\/\/www.africa-press.net\/cotedivoire\/politique\/beoumi-sensibilisation-pour-la-paix-et-lunion-2025\"]}]},{\"@type\":\"ImageObject\",\"inLanguage\":\"fr-FR\",\"@id\":\"https:\/\/www.africa-press.net\/cotedivoire\/politique\/beoumi-sensibilisation-pour-la-paix-et-lunion-2025#primaryimage\",\"url\":\"https:\/\/static.africa-press.net\/cote\/sites\/43\/2025\/10\/sm_1759759936.335758.jpg\",\"contentUrl\":\"https:\/\/static.africa-press.net\/cote\/sites\/43\/2025\/10\/sm_1759759936.335758.jpg\",\"width\":720,\"height\":324,\"caption\":\"B\u00e9oumi Sensibilisation pour la Paix et l'Union 2025\"},{\"@type\":\"BreadcrumbList\",\"@id\":\"https:\/\/www.africa-press.net\/cotedivoire\/politique\/beoumi-sensibilisation-pour-la-paix-et-lunion-2025#breadcrumb\",\"itemListElement\":[{\"@type\":\"ListItem\",\"position\":1,\"name\":\"Accueil\",\"item\":\"https:\/\/www.africa-press.net\/cotedivoire\/\"},{\"@type\":\"ListItem\",\"position\":2,\"name\":\"B\u00e9oumi Sensibilisation pour la Paix et l&#8217;Union 2025\"}]},{\"@type\":\"WebSite\",\"@id\":\"https:\/\/www.africa-press.net\/cotedivoire\/#website\",\"url\":\"https:\/\/www.africa-press.net\/cotedivoire\/\",\"name\":\"C\u00f4te d&#039;Ivoire\",\"description\":\"Just another Africa News Agency Sites site\",\"potentialAction\":[{\"@type\":\"SearchAction\",\"target\":{\"@type\":\"EntryPoint\",\"urlTemplate\":\"https:\/\/www.africa-press.net\/cotedivoire\/?s={search_term_string}\"},\"query-input\":{\"@type\":\"PropertyValueSpecification\",\"valueRequired\":true,\"valueName\":\"search_term_string\"}}],\"inLanguage\":\"fr-FR\"},{\"@type\":\"Person\",\"@id\":\"https:\/\/www.africa-press.net\/cotedivoire\/#\/schema\/person\/2b1cf3cd81a31e3cd26889ca66d677f1\",\"name\":\"cfeditorfr\"}]}<\/script>\n<!-- \/ Yoast SEO Premium plugin. -->","yoast_head_json":{"title":"B\u00e9oumi Sensibilisation pour la Paix et l'Union 2025 - C\u00f4te d&#039;Ivoire","description":"A\u0300 l\u2019approche des e\u0301lections pre\u0301sidentielles de 2025, la ville de Be\u0301oumi, dans le centre de la Co\u0302te d'Ivoire, s\u2019engag ...","robots":{"index":"index","follow":"follow","max-snippet":"max-snippet:-1","max-image-preview":"max-image-preview:large","max-video-preview":"max-video-preview:-1"},"canonical":"https:\/\/www.africa-press.net\/cotedivoire\/politique\/beoumi-sensibilisation-pour-la-paix-et-lunion-2025","og_locale":"fr_FR","og_type":"article","og_title":"B\u00e9oumi Sensibilisation pour la Paix et l'Union 2025","og_description":"A\u0300 l\u2019approche des e\u0301lections pre\u0301sidentielles de 2025, la ville de Be\u0301oumi, dans le centre de la Co\u0302te d'Ivoire, s\u2019engag ...","og_url":"https:\/\/www.africa-press.net\/cotedivoire\/politique\/beoumi-sensibilisation-pour-la-paix-et-lunion-2025","og_site_name":"C\u00f4te d&#039;Ivoire","article_published_time":"2025-10-06T16:55:50+00:00","article_modified_time":"2025-10-06T17:42:48+00:00","og_image":[{"width":720,"height":324,"url":"https:\/\/static.africa-press.net\/cote\/sites\/43\/2025\/10\/sm_1759759936.335758.jpg","type":"image\/jpeg"}],"author":"cfeditorfr","twitter_card":"summary_large_image","twitter_misc":{"\u00c9crit par":"cfeditorfr","Dur\u00e9e de lecture estim\u00e9e":"3 minutes"},"schema":{"@context":"https:\/\/schema.org","@graph":[{"@type":"Article","@id":"https:\/\/www.africa-press.net\/cotedivoire\/politique\/beoumi-sensibilisation-pour-la-paix-et-lunion-2025#article","isPartOf":{"@id":"https:\/\/www.africa-press.net\/cotedivoire\/politique\/beoumi-sensibilisation-pour-la-paix-et-lunion-2025"},"author":{"name":"cfeditorfr","@id":"https:\/\/www.africa-press.net\/cotedivoire\/#\/schema\/person\/2b1cf3cd81a31e3cd26889ca66d677f1"},"headline":"B\u00e9oumi Sensibilisation pour la Paix et l&rsquo;Union 2025","datePublished":"2025-10-06T16:55:50+00:00","dateModified":"2025-10-06T17:42:48+00:00","mainEntityOfPage":{"@id":"https:\/\/www.africa-press.net\/cotedivoire\/politique\/beoumi-sensibilisation-pour-la-paix-et-lunion-2025"},"wordCount":687,"commentCount":0,"image":{"@id":"https:\/\/www.africa-press.net\/cotedivoire\/politique\/beoumi-sensibilisation-pour-la-paix-et-lunion-2025#primaryimage"},"thumbnailUrl":"https:\/\/static.africa-press.net\/cote\/sites\/43\/2025\/10\/sm_1759759936.335758.jpg","keywords":["B\u00e9oumi","C\u00d4TE D'IVOIRE","Jean Marc Kouassi","jeunes","Oka Kouadio S\u00e9raphin","pr\u00e9sidentielles","RHDP","sensibilisation"],"articleSection":["Politique","Toutes les actualit\u00e9s"],"inLanguage":"fr-FR","potentialAction":[{"@type":"CommentAction","name":"Comment","target":["https:\/\/www.africa-press.net\/cotedivoire\/politique\/beoumi-sensibilisation-pour-la-paix-et-lunion-2025#respond"]}]},{"@type":"WebPage","@id":"https:\/\/www.africa-press.net\/cotedivoire\/politique\/beoumi-sensibilisation-pour-la-paix-et-lunion-2025","url":"https:\/\/www.africa-press.net\/cotedivoire\/politique\/beoumi-sensibilisation-pour-la-paix-et-lunion-2025","name":"B\u00e9oumi Sensibilisation pour la Paix et l'Union 2025 - C\u00f4te d&#039;Ivoire","isPartOf":{"@id":"https:\/\/www.africa-press.net\/cotedivoire\/#website"},"primaryImageOfPage":{"@id":"https:\/\/www.africa-press.net\/cotedivoire\/politique\/beoumi-sensibilisation-pour-la-paix-et-lunion-2025#primaryimage"},"image":{"@id":"https:\/\/www.africa-press.net\/cotedivoire\/politique\/beoumi-sensibilisation-pour-la-paix-et-lunion-2025#primaryimage"},"thumbnailUrl":"https:\/\/static.africa-press.net\/cote\/sites\/43\/2025\/10\/sm_1759759936.335758.jpg","datePublished":"2025-10-06T16:55:50+00:00","dateModified":"2025-10-06T17:42:48+00:00","author":{"@id":"https:\/\/www.africa-press.net\/cotedivoire\/#\/schema\/person\/2b1cf3cd81a31e3cd26889ca66d677f1"},"description":"A\u0300 l\u2019approche des e\u0301lections pre\u0301sidentielles de 2025, la ville de Be\u0301oumi, dans le centre de la Co\u0302te d'Ivoire, s\u2019engag ...","breadcrumb":{"@id":"https:\/\/www.africa-press.net\/cotedivoire\/politique\/beoumi-sensibilisation-pour-la-paix-et-lunion-2025#breadcrumb"},"inLanguage":"fr-FR","potentialAction":[{"@type":"ReadAction","target":["https:\/\/www.africa-press.net\/cotedivoire\/politique\/beoumi-sensibilisation-pour-la-paix-et-lunion-2025"]}]},{"@type":"ImageObject","inLanguage":"fr-FR","@id":"https:\/\/www.africa-press.net\/cotedivoire\/politique\/beoumi-sensibilisation-pour-la-paix-et-lunion-2025#primaryimage","url":"https:\/\/static.africa-press.net\/cote\/sites\/43\/2025\/10\/sm_1759759936.335758.jpg","contentUrl":"https:\/\/static.africa-press.net\/cote\/sites\/43\/2025\/10\/sm_1759759936.335758.jpg","width":720,"height":324,"caption":"B\u00e9oumi Sensibilisation pour la Paix et l'Union 2025"},{"@type":"BreadcrumbList","@id":"https:\/\/www.africa-press.net\/cotedivoire\/politique\/beoumi-sensibilisation-pour-la-paix-et-lunion-2025#breadcrumb","itemListElement":[{"@type":"ListItem","position":1,"name":"Accueil","item":"https:\/\/www.africa-press.net\/cotedivoire\/"},{"@type":"ListItem","position":2,"name":"B\u00e9oumi Sensibilisation pour la Paix et l&#8217;Union 2025"}]},{"@type":"WebSite","@id":"https:\/\/www.africa-press.net\/cotedivoire\/#website","url":"https:\/\/www.africa-press.net\/cotedivoire\/","name":"C\u00f4te d&#039;Ivoire","description":"Just another Africa News Agency Sites site","potentialAction":[{"@type":"SearchAction","target":{"@type":"EntryPoint","urlTemplate":"https:\/\/www.africa-press.net\/cotedivoire\/?s={search_term_string}"},"query-input":{"@type":"PropertyValueSpecification","valueRequired":true,"valueName":"search_term_string"}}],"inLanguage":"fr-FR"},{"@type":"Person","@id":"https:\/\/www.africa-press.net\/cotedivoire\/#\/schema\/person\/2b1cf3cd81a31e3cd26889ca66d677f1","name":"cfeditorfr"}]}},"_links":{"self":[{"href":"https:\/\/www.africa-press.net\/cotedivoire\/wp-json\/wp\/v2\/posts\/106300","targetHints":{"allow":["GET"]}}],"collection":[{"href":"https:\/\/www.africa-press.net\/cotedivoire\/wp-json\/wp\/v2\/posts"}],"about":[{"href":"https:\/\/www.africa-press.net\/cotedivoire\/wp-json\/wp\/v2\/types\/post"}],"author":[{"embeddable":true,"href":"https:\/\/www.africa-press.net\/cotedivoire\/wp-json\/wp\/v2\/users\/82"}],"replies":[{"embeddable":true,"href":"https:\/\/www.africa-press.net\/cotedivoire\/wp-json\/wp\/v2\/comments?post=106300"}],"version-history":[{"count":0,"href":"https:\/\/www.africa-press.net\/cotedivoire\/wp-json\/wp\/v2\/posts\/106300\/revisions"}],"wp:featuredmedia":[{"embeddable":true,"href":"https:\/\/www.africa-press.net\/cotedivoire\/wp-json\/wp\/v2\/media\/106299"}],"wp:attachment":[{"href":"https:\/\/www.africa-press.net\/cotedivoire\/wp-json\/wp\/v2\/media?parent=106300"}],"wp:term":[{"taxonomy":"category","embeddable":true,"href":"https:\/\/www.africa-press.net\/cotedivoire\/wp-json\/wp\/v2\/categories?post=106300"},{"taxonomy":"post_tag","embeddable":true,"href":"https:\/\/www.africa-press.net\/cotedivoire\/wp-json\/wp\/v2\/tags?post=106300"}],"curies":[{"name":"wp","href":"https:\/\/api.w.org\/{rel}","templated":true}]}}