{"id":106303,"date":"2025-10-06T16:56:14","date_gmt":"2025-10-06T16:56:14","guid":{"rendered":"https:\/\/www.africa-press.net\/cotedivoire\/politique\/pdci-condamne-interpellations-de-ses-militants"},"modified":"2025-10-06T17:43:02","modified_gmt":"2025-10-06T17:43:02","slug":"pdci-condamne-interpellations-de-ses-militants","status":"publish","type":"post","link":"https:\/\/www.africa-press.net\/cotedivoire\/parties\/pdci-condamne-interpellations-de-ses-militants","title":{"rendered":"PDCI Condamne Interpellations de Ses Militants"},"content":{"rendered":"<p><span style=\"color: #ff6600\"><strong>Africa-Press &#8211; C\u00f4te d&rsquo;Ivoire. <\/strong><\/span>Le Parti De\u0301mocratique de Co\u0302te d&rsquo;Ivoire \u2013 Rassemblement De\u0301mocratique Africain (PDCI-RDA) dans un communique\u0301 parvenu a\u0300 KOACI, a exprime\u0301 son indignation suite a\u0300 l\u2019arrestation qu&rsquo;il juge d&rsquo;arbitraire de plusieurs de ses cadres et militants entre le 30 septembre et le 04 octobre 2025.<\/p>\n<p>Ces interpellations ont e\u0301te\u0301 effectue\u0301es par la Brigade de Recherche et d\u2019Intervention (BRI) du Plateau ainsi que par la Direction de la Surveillance du Territoire (DST), dans des conditions qui violent gravement les droits fondamentaux des personnes concerne\u0301es.<\/p>\n<p>Le plus vieux parti ivoirien en de\u0301clin depuis son divorce avec le RHDP et la disparition de Be\u0301die\u0301, pre\u0301cise que parmi les personnes arre\u0302te\u0301es figurent des responsables du parti tels que Kouakou Yao Cle\u0301ment, Pre\u0301sident de Comite\u0301 de Base a\u0300 Yopougon, Ouattara Kinjilman, Secre\u0301taire Ge\u0301ne\u0301ral de Section a\u0300 Abobo, Allo Paco\u0302me Didier, De\u0301le\u0301gue\u0301 communal d\u2019Atte\u0301coube\u0301 1, ainsi que plusieurs autres militants de diverses sections du PDCI. Ces arrestations ont e\u0301te\u0301 mene\u0301es sans motifs clairs, et les personnes interpelle\u0301es ont e\u0301te\u0301 prive\u0301es de leurs droits a\u0300 une proce\u0301dure re\u0301gulie\u0300re, incluant l\u2019acce\u0300s a\u0300 un avocat, dans une violation flagrante de la loi, affirme le parti dirige\u0301 par Thiam.<\/p>\n<p>Le PDCI-RDA souligne que ces arrestations se produisent dans un contexte politique tendu, a\u0300 la veille d\u2019un scrutin pre\u0301sidentiel crucial, ce qui laisse pre\u0301sager une volonte\u0301 de\u0301libe\u0301re\u0301e de re\u0301primer toute forme d\u2019opposition et de re\u0301duire au silence ceux qui luttent pour des e\u0301lections inclusives, transparentes et de\u0301mocratiques. Le parti estime que ces actions font partie d\u2019une strate\u0301gie d\u2019intimidation visant a\u0300 museler la voix de l\u2019opposition et a\u0300 empe\u0302cher une ve\u0301ritable mobilisation populaire en faveur du dialogue politique.<\/p>\n<p>Face a\u0300 cette situation, le PDCI-RDA exprime sa solidarite\u0301 totale envers ses militants et demande leur libe\u0301ration imme\u0301diate et sans condition. Le parti appelle les autorite\u0301s a\u0300 respecter scrupuleusement les droits fondamentaux des citoyens, en particulier le droit a\u0300 la de\u0301fense et a\u0300 une proce\u0301dure judiciaire re\u0301gulie\u0300re, tels qu&rsquo;ils sont garantis par la Constitution ivoirienne.<\/p>\n<p>Le PDCI-RDA appelle e\u0301galement le gouvernement a\u0300 mettre en place toutes les mesures ne\u0301cessaires pour cre\u0301er un climat politique apaise\u0301, ou\u0300 toutes les formations politiques, y compris l&rsquo;opposition, puissent exercer librement leurs activite\u0301s sans crainte de re\u0301pression. Le parti invite l\u2019opinion nationale, les organisations des droits de l\u2019homme et la communaute\u0301 internationale a\u0300 se mobiliser contre ces de\u0301rives graves, a\u0300 exprimer leurs pre\u0301occupations et a\u0300 rappeler aux autorite\u0301s ivoiriennes leurs responsabilite\u0301s en matie\u0300re de respect des liberte\u0301s de\u0301mocratiques.<\/p>\n<p><strong>Pour plus d&rsquo;informations et d&rsquo;analyses sur la <span style=\"color: #ff6600\">C\u00f4te d&rsquo;Ivoire<\/span>, suivez <span style=\"color: #ff6600\">Africa-Press<\/span><\/strong><\/p>\n","protected":false},"excerpt":{"rendered":"<p>Africa-Press &#8211; C\u00f4te d&rsquo;Ivoire. Le Parti De\u0301mocratique de Co\u0302te d&rsquo;Ivoire \u2013 Rassemblement De\u0301mocratique Africain (PDCI-RDA) dans un communique\u0301 parvenu a\u0300 KOACI, a exprime\u0301 son indignation suite a\u0300 l\u2019arrestation qu&rsquo;il juge d&rsquo;arbitraire de plusieurs de ses cadres et militants entre le 30 septembre et le 04 octobre 2025. Ces interpellations ont e\u0301te\u0301 effectue\u0301es par la Brigade [&hellip;]<\/p>\n","protected":false},"author":82,"featured_media":106302,"comment_status":"open","ping_status":"closed","sticky":false,"template":"","format":"standard","meta":{"footnotes":""},"categories":[4,10],"tags":[29,3500,423,527],"class_list":["post-106303","post","type-post","status-publish","format-standard","has-post-thumbnail","hentry","category-parties","category-toutes-les-actualites","tag-cote-divoire","tag-opposition","tag-pdci","tag-plateau"],"yoast_head":"<!-- This site is optimized with the Yoast SEO Premium plugin v26.1 (Yoast SEO v27.0) - https:\/\/yoast.com\/product\/yoast-seo-premium-wordpress\/ -->\n<title>PDCI Condamne Interpellations de Ses Militants - C\u00f4te d&#039;Ivoire<\/title>\n<meta name=\"description\" content=\"Le Parti De\u0301mocratique de Co\u0302te d&#039;Ivoire \u2013 Rassemblement De\u0301mocratique Africain (PDCI-RDA) dans un communique\u0301 parvenu a ...\" \/>\n<meta name=\"robots\" content=\"index, follow, max-snippet:-1, max-image-preview:large, max-video-preview:-1\" \/>\n<link rel=\"canonical\" href=\"https:\/\/www.africa-press.net\/cotedivoire\/parties\/pdci-condamne-interpellations-de-ses-militants\" \/>\n<meta property=\"og:locale\" content=\"fr_FR\" \/>\n<meta property=\"og:type\" content=\"article\" \/>\n<meta property=\"og:title\" content=\"PDCI Condamne Interpellations de Ses Militants\" \/>\n<meta property=\"og:description\" content=\"Le Parti De\u0301mocratique de Co\u0302te d&#039;Ivoire \u2013 Rassemblement De\u0301mocratique Africain (PDCI-RDA) dans un communique\u0301 parvenu a ...\" \/>\n<meta property=\"og:url\" content=\"https:\/\/www.africa-press.net\/cotedivoire\/parties\/pdci-condamne-interpellations-de-ses-militants\" \/>\n<meta property=\"og:site_name\" content=\"C\u00f4te d&#039;Ivoire\" \/>\n<meta property=\"article:published_time\" content=\"2025-10-06T16:56:14+00:00\" \/>\n<meta property=\"article:modified_time\" content=\"2025-10-06T17:43:02+00:00\" \/>\n<meta property=\"og:image\" content=\"https:\/\/static.africa-press.net\/cote\/sites\/43\/2025\/10\/sm_1759759949.65417.jpg\" \/>\n\t<meta property=\"og:image:width\" content=\"720\" \/>\n\t<meta property=\"og:image:height\" content=\"480\" \/>\n\t<meta property=\"og:image:type\" content=\"image\/jpeg\" \/>\n<meta name=\"author\" content=\"cfeditorfr\" \/>\n<meta name=\"twitter:card\" content=\"summary_large_image\" \/>\n<meta name=\"twitter:label1\" content=\"\u00c9crit par\" \/>\n\t<meta name=\"twitter:data1\" content=\"cfeditorfr\" \/>\n\t<meta name=\"twitter:label2\" content=\"Dur\u00e9e de lecture estim\u00e9e\" \/>\n\t<meta name=\"twitter:data2\" content=\"2 minutes\" \/>\n<script type=\"application\/ld+json\" class=\"yoast-schema-graph\">{\"@context\":\"https:\/\/schema.org\",\"@graph\":[{\"@type\":\"Article\",\"@id\":\"https:\/\/www.africa-press.net\/cotedivoire\/parties\/pdci-condamne-interpellations-de-ses-militants#article\",\"isPartOf\":{\"@id\":\"https:\/\/www.africa-press.net\/cotedivoire\/parties\/pdci-condamne-interpellations-de-ses-militants\"},\"author\":{\"name\":\"cfeditorfr\",\"@id\":\"https:\/\/www.africa-press.net\/cotedivoire\/#\/schema\/person\/2b1cf3cd81a31e3cd26889ca66d677f1\"},\"headline\":\"PDCI Condamne Interpellations de Ses Militants\",\"datePublished\":\"2025-10-06T16:56:14+00:00\",\"dateModified\":\"2025-10-06T17:43:02+00:00\",\"mainEntityOfPage\":{\"@id\":\"https:\/\/www.africa-press.net\/cotedivoire\/parties\/pdci-condamne-interpellations-de-ses-militants\"},\"wordCount\":495,\"commentCount\":0,\"image\":{\"@id\":\"https:\/\/www.africa-press.net\/cotedivoire\/parties\/pdci-condamne-interpellations-de-ses-militants#primaryimage\"},\"thumbnailUrl\":\"https:\/\/static.africa-press.net\/cote\/sites\/43\/2025\/10\/sm_1759759949.65417.jpg\",\"keywords\":[\"C\u00d4TE D'IVOIRE\",\"opposition\",\"Pdci\",\"Plateau\"],\"articleSection\":[\"Parties\",\"Toutes les actualit\u00e9s\"],\"inLanguage\":\"fr-FR\",\"potentialAction\":[{\"@type\":\"CommentAction\",\"name\":\"Comment\",\"target\":[\"https:\/\/www.africa-press.net\/cotedivoire\/parties\/pdci-condamne-interpellations-de-ses-militants#respond\"]}]},{\"@type\":\"WebPage\",\"@id\":\"https:\/\/www.africa-press.net\/cotedivoire\/parties\/pdci-condamne-interpellations-de-ses-militants\",\"url\":\"https:\/\/www.africa-press.net\/cotedivoire\/parties\/pdci-condamne-interpellations-de-ses-militants\",\"name\":\"PDCI Condamne Interpellations de Ses Militants - C\u00f4te d&#039;Ivoire\",\"isPartOf\":{\"@id\":\"https:\/\/www.africa-press.net\/cotedivoire\/#website\"},\"primaryImageOfPage\":{\"@id\":\"https:\/\/www.africa-press.net\/cotedivoire\/parties\/pdci-condamne-interpellations-de-ses-militants#primaryimage\"},\"image\":{\"@id\":\"https:\/\/www.africa-press.net\/cotedivoire\/parties\/pdci-condamne-interpellations-de-ses-militants#primaryimage\"},\"thumbnailUrl\":\"https:\/\/static.africa-press.net\/cote\/sites\/43\/2025\/10\/sm_1759759949.65417.jpg\",\"datePublished\":\"2025-10-06T16:56:14+00:00\",\"dateModified\":\"2025-10-06T17:43:02+00:00\",\"author\":{\"@id\":\"https:\/\/www.africa-press.net\/cotedivoire\/#\/schema\/person\/2b1cf3cd81a31e3cd26889ca66d677f1\"},\"description\":\"Le Parti De\u0301mocratique de Co\u0302te d'Ivoire \u2013 Rassemblement De\u0301mocratique Africain (PDCI-RDA) dans un communique\u0301 parvenu a ...\",\"breadcrumb\":{\"@id\":\"https:\/\/www.africa-press.net\/cotedivoire\/parties\/pdci-condamne-interpellations-de-ses-militants#breadcrumb\"},\"inLanguage\":\"fr-FR\",\"potentialAction\":[{\"@type\":\"ReadAction\",\"target\":[\"https:\/\/www.africa-press.net\/cotedivoire\/parties\/pdci-condamne-interpellations-de-ses-militants\"]}]},{\"@type\":\"ImageObject\",\"inLanguage\":\"fr-FR\",\"@id\":\"https:\/\/www.africa-press.net\/cotedivoire\/parties\/pdci-condamne-interpellations-de-ses-militants#primaryimage\",\"url\":\"https:\/\/static.africa-press.net\/cote\/sites\/43\/2025\/10\/sm_1759759949.65417.jpg\",\"contentUrl\":\"https:\/\/static.africa-press.net\/cote\/sites\/43\/2025\/10\/sm_1759759949.65417.jpg\",\"width\":720,\"height\":480,\"caption\":\"PDCI Condamne Interpellations de Ses Militants\"},{\"@type\":\"BreadcrumbList\",\"@id\":\"https:\/\/www.africa-press.net\/cotedivoire\/parties\/pdci-condamne-interpellations-de-ses-militants#breadcrumb\",\"itemListElement\":[{\"@type\":\"ListItem\",\"position\":1,\"name\":\"Accueil\",\"item\":\"https:\/\/www.africa-press.net\/cotedivoire\/\"},{\"@type\":\"ListItem\",\"position\":2,\"name\":\"PDCI Condamne Interpellations de Ses Militants\"}]},{\"@type\":\"WebSite\",\"@id\":\"https:\/\/www.africa-press.net\/cotedivoire\/#website\",\"url\":\"https:\/\/www.africa-press.net\/cotedivoire\/\",\"name\":\"C\u00f4te d&#039;Ivoire\",\"description\":\"Just another Africa News Agency Sites site\",\"potentialAction\":[{\"@type\":\"SearchAction\",\"target\":{\"@type\":\"EntryPoint\",\"urlTemplate\":\"https:\/\/www.africa-press.net\/cotedivoire\/?s={search_term_string}\"},\"query-input\":{\"@type\":\"PropertyValueSpecification\",\"valueRequired\":true,\"valueName\":\"search_term_string\"}}],\"inLanguage\":\"fr-FR\"},{\"@type\":\"Person\",\"@id\":\"https:\/\/www.africa-press.net\/cotedivoire\/#\/schema\/person\/2b1cf3cd81a31e3cd26889ca66d677f1\",\"name\":\"cfeditorfr\"}]}<\/script>\n<!-- \/ Yoast SEO Premium plugin. -->","yoast_head_json":{"title":"PDCI Condamne Interpellations de Ses Militants - C\u00f4te d&#039;Ivoire","description":"Le Parti De\u0301mocratique de Co\u0302te d'Ivoire \u2013 Rassemblement De\u0301mocratique Africain (PDCI-RDA) dans un communique\u0301 parvenu a ...","robots":{"index":"index","follow":"follow","max-snippet":"max-snippet:-1","max-image-preview":"max-image-preview:large","max-video-preview":"max-video-preview:-1"},"canonical":"https:\/\/www.africa-press.net\/cotedivoire\/parties\/pdci-condamne-interpellations-de-ses-militants","og_locale":"fr_FR","og_type":"article","og_title":"PDCI Condamne Interpellations de Ses Militants","og_description":"Le Parti De\u0301mocratique de Co\u0302te d'Ivoire \u2013 Rassemblement De\u0301mocratique Africain (PDCI-RDA) dans un communique\u0301 parvenu a ...","og_url":"https:\/\/www.africa-press.net\/cotedivoire\/parties\/pdci-condamne-interpellations-de-ses-militants","og_site_name":"C\u00f4te d&#039;Ivoire","article_published_time":"2025-10-06T16:56:14+00:00","article_modified_time":"2025-10-06T17:43:02+00:00","og_image":[{"width":720,"height":480,"url":"https:\/\/static.africa-press.net\/cote\/sites\/43\/2025\/10\/sm_1759759949.65417.jpg","type":"image\/jpeg"}],"author":"cfeditorfr","twitter_card":"summary_large_image","twitter_misc":{"\u00c9crit par":"cfeditorfr","Dur\u00e9e de lecture estim\u00e9e":"2 minutes"},"schema":{"@context":"https:\/\/schema.org","@graph":[{"@type":"Article","@id":"https:\/\/www.africa-press.net\/cotedivoire\/parties\/pdci-condamne-interpellations-de-ses-militants#article","isPartOf":{"@id":"https:\/\/www.africa-press.net\/cotedivoire\/parties\/pdci-condamne-interpellations-de-ses-militants"},"author":{"name":"cfeditorfr","@id":"https:\/\/www.africa-press.net\/cotedivoire\/#\/schema\/person\/2b1cf3cd81a31e3cd26889ca66d677f1"},"headline":"PDCI Condamne Interpellations de Ses Militants","datePublished":"2025-10-06T16:56:14+00:00","dateModified":"2025-10-06T17:43:02+00:00","mainEntityOfPage":{"@id":"https:\/\/www.africa-press.net\/cotedivoire\/parties\/pdci-condamne-interpellations-de-ses-militants"},"wordCount":495,"commentCount":0,"image":{"@id":"https:\/\/www.africa-press.net\/cotedivoire\/parties\/pdci-condamne-interpellations-de-ses-militants#primaryimage"},"thumbnailUrl":"https:\/\/static.africa-press.net\/cote\/sites\/43\/2025\/10\/sm_1759759949.65417.jpg","keywords":["C\u00d4TE D'IVOIRE","opposition","Pdci","Plateau"],"articleSection":["Parties","Toutes les actualit\u00e9s"],"inLanguage":"fr-FR","potentialAction":[{"@type":"CommentAction","name":"Comment","target":["https:\/\/www.africa-press.net\/cotedivoire\/parties\/pdci-condamne-interpellations-de-ses-militants#respond"]}]},{"@type":"WebPage","@id":"https:\/\/www.africa-press.net\/cotedivoire\/parties\/pdci-condamne-interpellations-de-ses-militants","url":"https:\/\/www.africa-press.net\/cotedivoire\/parties\/pdci-condamne-interpellations-de-ses-militants","name":"PDCI Condamne Interpellations de Ses Militants - C\u00f4te d&#039;Ivoire","isPartOf":{"@id":"https:\/\/www.africa-press.net\/cotedivoire\/#website"},"primaryImageOfPage":{"@id":"https:\/\/www.africa-press.net\/cotedivoire\/parties\/pdci-condamne-interpellations-de-ses-militants#primaryimage"},"image":{"@id":"https:\/\/www.africa-press.net\/cotedivoire\/parties\/pdci-condamne-interpellations-de-ses-militants#primaryimage"},"thumbnailUrl":"https:\/\/static.africa-press.net\/cote\/sites\/43\/2025\/10\/sm_1759759949.65417.jpg","datePublished":"2025-10-06T16:56:14+00:00","dateModified":"2025-10-06T17:43:02+00:00","author":{"@id":"https:\/\/www.africa-press.net\/cotedivoire\/#\/schema\/person\/2b1cf3cd81a31e3cd26889ca66d677f1"},"description":"Le Parti De\u0301mocratique de Co\u0302te d'Ivoire \u2013 Rassemblement De\u0301mocratique Africain (PDCI-RDA) dans un communique\u0301 parvenu a ...","breadcrumb":{"@id":"https:\/\/www.africa-press.net\/cotedivoire\/parties\/pdci-condamne-interpellations-de-ses-militants#breadcrumb"},"inLanguage":"fr-FR","potentialAction":[{"@type":"ReadAction","target":["https:\/\/www.africa-press.net\/cotedivoire\/parties\/pdci-condamne-interpellations-de-ses-militants"]}]},{"@type":"ImageObject","inLanguage":"fr-FR","@id":"https:\/\/www.africa-press.net\/cotedivoire\/parties\/pdci-condamne-interpellations-de-ses-militants#primaryimage","url":"https:\/\/static.africa-press.net\/cote\/sites\/43\/2025\/10\/sm_1759759949.65417.jpg","contentUrl":"https:\/\/static.africa-press.net\/cote\/sites\/43\/2025\/10\/sm_1759759949.65417.jpg","width":720,"height":480,"caption":"PDCI Condamne Interpellations de Ses Militants"},{"@type":"BreadcrumbList","@id":"https:\/\/www.africa-press.net\/cotedivoire\/parties\/pdci-condamne-interpellations-de-ses-militants#breadcrumb","itemListElement":[{"@type":"ListItem","position":1,"name":"Accueil","item":"https:\/\/www.africa-press.net\/cotedivoire\/"},{"@type":"ListItem","position":2,"name":"PDCI Condamne Interpellations de Ses Militants"}]},{"@type":"WebSite","@id":"https:\/\/www.africa-press.net\/cotedivoire\/#website","url":"https:\/\/www.africa-press.net\/cotedivoire\/","name":"C\u00f4te d&#039;Ivoire","description":"Just another Africa News Agency Sites site","potentialAction":[{"@type":"SearchAction","target":{"@type":"EntryPoint","urlTemplate":"https:\/\/www.africa-press.net\/cotedivoire\/?s={search_term_string}"},"query-input":{"@type":"PropertyValueSpecification","valueRequired":true,"valueName":"search_term_string"}}],"inLanguage":"fr-FR"},{"@type":"Person","@id":"https:\/\/www.africa-press.net\/cotedivoire\/#\/schema\/person\/2b1cf3cd81a31e3cd26889ca66d677f1","name":"cfeditorfr"}]}},"_links":{"self":[{"href":"https:\/\/www.africa-press.net\/cotedivoire\/wp-json\/wp\/v2\/posts\/106303","targetHints":{"allow":["GET"]}}],"collection":[{"href":"https:\/\/www.africa-press.net\/cotedivoire\/wp-json\/wp\/v2\/posts"}],"about":[{"href":"https:\/\/www.africa-press.net\/cotedivoire\/wp-json\/wp\/v2\/types\/post"}],"author":[{"embeddable":true,"href":"https:\/\/www.africa-press.net\/cotedivoire\/wp-json\/wp\/v2\/users\/82"}],"replies":[{"embeddable":true,"href":"https:\/\/www.africa-press.net\/cotedivoire\/wp-json\/wp\/v2\/comments?post=106303"}],"version-history":[{"count":0,"href":"https:\/\/www.africa-press.net\/cotedivoire\/wp-json\/wp\/v2\/posts\/106303\/revisions"}],"wp:featuredmedia":[{"embeddable":true,"href":"https:\/\/www.africa-press.net\/cotedivoire\/wp-json\/wp\/v2\/media\/106302"}],"wp:attachment":[{"href":"https:\/\/www.africa-press.net\/cotedivoire\/wp-json\/wp\/v2\/media?parent=106303"}],"wp:term":[{"taxonomy":"category","embeddable":true,"href":"https:\/\/www.africa-press.net\/cotedivoire\/wp-json\/wp\/v2\/categories?post=106303"},{"taxonomy":"post_tag","embeddable":true,"href":"https:\/\/www.africa-press.net\/cotedivoire\/wp-json\/wp\/v2\/tags?post=106303"}],"curies":[{"name":"wp","href":"https:\/\/api.w.org\/{rel}","templated":true}]}}