{"id":106320,"date":"2025-10-06T17:00:04","date_gmt":"2025-10-06T17:00:04","guid":{"rendered":"https:\/\/www.africa-press.net\/cotedivoire\/politique\/cote-divoire-france-ressources-extractives-saluees-a-science-po"},"modified":"2025-10-06T17:44:15","modified_gmt":"2025-10-06T17:44:15","slug":"cote-divoire-france-ressources-extractives-saluees-a-science-po","status":"publish","type":"post","link":"https:\/\/www.africa-press.net\/cotedivoire\/economie\/cote-divoire-france-ressources-extractives-saluees-a-science-po","title":{"rendered":"C\u00f4te D&rsquo;Ivoire France Ressources Extractives Salu\u00e9es \u00c0 Science Po"},"content":{"rendered":"<p><span style=\"color: #ff6600\"><strong>Africa-Press &#8211; C\u00f4te d&rsquo;Ivoire. <\/strong><\/span>A\u0300 l\u2019occasion de la deuxie\u0300me e\u0301dition de Africa Day organise\u0301e a\u0300 Sciences Po Paris, le Ministre ivoirien des Mines, du Pe\u0301trole et de l\u2019E\u0301nergie, Mamadou Sangafowa-Coulibaly, a expose\u0301 la strate\u0301gie ambitieuse de la Co\u0302te d\u2019Ivoire dans le domaine des ressources extractives. Une vision re\u0301solument tourne\u0301e vers le secteur prive\u0301, soutenue par un environnement favorable aux investissements.<\/p>\n<p>Face a\u0300 un public compose\u0301 d&rsquo;e\u0301tudiants, d&rsquo;experts et de de\u0301cideurs e\u0301conomiques re\u0301unis a\u0300 l&rsquo;invitation de la Fondation Afrique-France, le ministre a pre\u0301sente\u0301 le mode\u0300le e\u0301conomique ivoirien visant a\u0300 faire des ressources extractives le deuxie\u0300me pilier de l\u2019e\u0301conomie, en comple\u0301ment de l\u2019agriculture.<\/p>\n<p>\u00ab 35 % de la roche birimienne d\u2019Afrique de l\u2019Ouest, connue pour contenir de l\u2019or, se trouve en Co\u0302te d\u2019Ivoire \u00bb, a-t-il affirme\u0301, soulignant le potentiel exceptionnel du pays. En moins de dix ans, la production aurife\u0300re nationale a e\u0301te\u0301 multiplie\u0301e par cinq. Et d\u2019annoncer: \u00ab Dans cinq ans, la Co\u0302te d\u2019Ivoire sera le premier producteur africain d\u2019or. \u00bb<\/p>\n<p>Ce qui distingue le mode\u0300le ivoirien, selon Sangafowa-Coulibaly, c\u2019est son approche inte\u0301gralement tourne\u0301e vers le secteur prive\u0301. \u00ab L&rsquo;E\u0301tat n&rsquo;investit pas directement dans les projets miniers. Il de\u0301livre les permis et conserve une participation gratuite de 10 a\u0300 15 % \u00bb, a-t-il pre\u0301cise\u0301.<\/p>\n<p>Les entreprises prive\u0301es assurent le financement des ope\u0301rations, attire\u0301es par un climat d\u2019affaires juge\u0301 attractif: stabilite\u0301 politique et e\u0301conomique depuis plus de 15 ans, infrastructures modernes, capital humain qualifie\u0301, et acce\u0300s garanti a\u0300 l\u2019e\u0301lectricite\u0301 et aux routes.<\/p>\n<p>Le ministre a e\u0301galement mis en avant un cadre fiscal avantageux, notamment un re\u0301gime fiscal spe\u0301cial pour les investissements miniers, ainsi qu\u2019une efficacite\u0301 administrative rare: \u00ab Entre la de\u0301couverte d\u2019un gisement et son exploitation, il s\u2019e\u0301coule en moyenne moins de cinq ans en Co\u0302te d\u2019Ivoire, contre 10 a\u0300 20 ans dans les pays de\u0301veloppe\u0301s. \u00bb<\/p>\n<p>Toute cette strate\u0301gie s\u2019inscrit dans la vision du Pre\u0301sident Alassane Ouattara, qui conside\u0300re que \u00ab le moment est venu de mettre a\u0300 contribution les ressources extractives \u00bb pour acce\u0301le\u0301rer le de\u0301veloppement du pays. Une orientation nouvelle, comple\u0301mentaire a\u0300 l\u2019he\u0301ritage agricole de l\u2019e\u0300re Houphoue\u0308t-Boigny.<\/p>\n<p>Le ministre a rappele\u0301 que le the\u0300me du panel \u2013 \u00ab Les mines africaines au c\u0153ur de la transition e\u0301nerge\u0301tique \u00bb \u2013 avait e\u0301galement e\u0301te\u0301 au c\u0153ur de la premie\u0300re e\u0301dition du Salon International des Ressources Extractives et E\u0301nerge\u0301tiques (SIREXE), organise\u0301 a\u0300 Abidjan du 26 novembre au 1er de\u0301cembre 2024.<\/p>\n<p>En marge du panel, Mamadou Sangafowa-Coulibaly a accorde\u0301 plusieurs audiences, notamment au PDG du Groupe Axian, ainsi qu\u2019a\u0300 des e\u0301tudiants ivoiriens brillants issus de Sciences Po, HEC, Polytechnique et l\u2019X.<\/p>\n<p>L\u2019e\u0301ve\u0301nement s\u2019est conclu par un di\u0302ner de gala au Quai d\u2019Orsay, symbole fort du renforcement des relations e\u0301conomiques entre la France et la Co\u0302te d\u2019Ivoire.<\/p>\n<p><strong>Pour plus d&rsquo;informations et d&rsquo;analyses sur la <span style=\"color: #ff6600\">C\u00f4te d&rsquo;Ivoire<\/span>, suivez <span style=\"color: #ff6600\">Africa-Press<\/span><\/strong><\/p>\n","protected":false},"excerpt":{"rendered":"<p>Africa-Press &#8211; C\u00f4te d&rsquo;Ivoire. A\u0300 l\u2019occasion de la deuxie\u0300me e\u0301dition de Africa Day organise\u0301e a\u0300 Sciences Po Paris, le Ministre ivoirien des Mines, du Pe\u0301trole et de l\u2019E\u0301nergie, Mamadou Sangafowa-Coulibaly, a expose\u0301 la strate\u0301gie ambitieuse de la Co\u0302te d\u2019Ivoire dans le domaine des ressources extractives. Une vision re\u0301solument tourne\u0301e vers le secteur prive\u0301, soutenue par [&hellip;]<\/p>\n","protected":false},"author":82,"featured_media":106319,"comment_status":"open","ping_status":"closed","sticky":false,"template":"","format":"standard","meta":{"footnotes":""},"categories":[3,10],"tags":[35,38,29,10915,1366,4196,1047,19088,13928,2993],"class_list":["post-106320","post","type-post","status-publish","format-standard","has-post-thumbnail","hentry","category-economie","category-toutes-les-actualites","tag-afrique","tag-alassane-ouattara","tag-cote-divoire","tag-energetique","tag-investissements","tag-mines","tag-or","tag-sciences-po","tag-sirexe","tag-transition"],"yoast_head":"<!-- This site is optimized with the Yoast SEO Premium plugin v26.1 (Yoast SEO v27.0) - https:\/\/yoast.com\/product\/yoast-seo-premium-wordpress\/ -->\n<title>C\u00f4te D&#039;Ivoire France Ressources Extractives Salu\u00e9es \u00c0 Science Po - C\u00f4te d&#039;Ivoire<\/title>\n<meta name=\"description\" content=\"A\u0300 l\u2019occasion de la deuxie\u0300me e\u0301dition de Africa Day organise\u0301e a\u0300 Sciences Po Paris, le Ministre ivoirien des Mines, du ...\" \/>\n<meta name=\"robots\" content=\"index, follow, max-snippet:-1, max-image-preview:large, max-video-preview:-1\" \/>\n<link rel=\"canonical\" href=\"https:\/\/www.africa-press.net\/cotedivoire\/economie\/cote-divoire-france-ressources-extractives-saluees-a-science-po\" \/>\n<meta property=\"og:locale\" content=\"fr_FR\" \/>\n<meta property=\"og:type\" content=\"article\" \/>\n<meta property=\"og:title\" content=\"C\u00f4te D&#039;Ivoire France Ressources Extractives Salu\u00e9es \u00c0 Science Po\" \/>\n<meta property=\"og:description\" content=\"A\u0300 l\u2019occasion de la deuxie\u0300me e\u0301dition de Africa Day organise\u0301e a\u0300 Sciences Po Paris, le Ministre ivoirien des Mines, du ...\" \/>\n<meta property=\"og:url\" content=\"https:\/\/www.africa-press.net\/cotedivoire\/economie\/cote-divoire-france-ressources-extractives-saluees-a-science-po\" \/>\n<meta property=\"og:site_name\" content=\"C\u00f4te d&#039;Ivoire\" \/>\n<meta property=\"article:published_time\" content=\"2025-10-06T17:00:04+00:00\" \/>\n<meta property=\"article:modified_time\" content=\"2025-10-06T17:44:15+00:00\" \/>\n<meta property=\"og:image\" content=\"https:\/\/static.africa-press.net\/cote\/sites\/43\/2025\/10\/sm_1759760022.782628.jpg\" \/>\n\t<meta property=\"og:image:width\" content=\"720\" \/>\n\t<meta property=\"og:image:height\" content=\"480\" \/>\n\t<meta property=\"og:image:type\" content=\"image\/jpeg\" \/>\n<meta name=\"author\" content=\"cfeditorfr\" \/>\n<meta name=\"twitter:card\" content=\"summary_large_image\" \/>\n<meta name=\"twitter:label1\" content=\"\u00c9crit par\" \/>\n\t<meta name=\"twitter:data1\" content=\"cfeditorfr\" \/>\n\t<meta name=\"twitter:label2\" content=\"Dur\u00e9e de lecture estim\u00e9e\" \/>\n\t<meta name=\"twitter:data2\" content=\"3 minutes\" \/>\n<script type=\"application\/ld+json\" class=\"yoast-schema-graph\">{\"@context\":\"https:\/\/schema.org\",\"@graph\":[{\"@type\":\"Article\",\"@id\":\"https:\/\/www.africa-press.net\/cotedivoire\/economie\/cote-divoire-france-ressources-extractives-saluees-a-science-po#article\",\"isPartOf\":{\"@id\":\"https:\/\/www.africa-press.net\/cotedivoire\/economie\/cote-divoire-france-ressources-extractives-saluees-a-science-po\"},\"author\":{\"name\":\"cfeditorfr\",\"@id\":\"https:\/\/www.africa-press.net\/cotedivoire\/#\/schema\/person\/2b1cf3cd81a31e3cd26889ca66d677f1\"},\"headline\":\"C\u00f4te D&rsquo;Ivoire France Ressources Extractives Salu\u00e9es \u00c0 Science Po\",\"datePublished\":\"2025-10-06T17:00:04+00:00\",\"dateModified\":\"2025-10-06T17:44:15+00:00\",\"mainEntityOfPage\":{\"@id\":\"https:\/\/www.africa-press.net\/cotedivoire\/economie\/cote-divoire-france-ressources-extractives-saluees-a-science-po\"},\"wordCount\":552,\"commentCount\":0,\"image\":{\"@id\":\"https:\/\/www.africa-press.net\/cotedivoire\/economie\/cote-divoire-france-ressources-extractives-saluees-a-science-po#primaryimage\"},\"thumbnailUrl\":\"https:\/\/static.africa-press.net\/cote\/sites\/43\/2025\/10\/sm_1759760022.782628.jpg\",\"keywords\":[\"Afrique\",\"Alassane Ouattara\",\"C\u00d4TE D'IVOIRE\",\"\u00e9nerg\u00e9tique\",\"investissements\",\"Mines\",\"or\",\"Sciences Po\",\"SIREXE\",\"transition\"],\"articleSection\":[\"\u00c9conomie\",\"Toutes les actualit\u00e9s\"],\"inLanguage\":\"fr-FR\",\"potentialAction\":[{\"@type\":\"CommentAction\",\"name\":\"Comment\",\"target\":[\"https:\/\/www.africa-press.net\/cotedivoire\/economie\/cote-divoire-france-ressources-extractives-saluees-a-science-po#respond\"]}]},{\"@type\":\"WebPage\",\"@id\":\"https:\/\/www.africa-press.net\/cotedivoire\/economie\/cote-divoire-france-ressources-extractives-saluees-a-science-po\",\"url\":\"https:\/\/www.africa-press.net\/cotedivoire\/economie\/cote-divoire-france-ressources-extractives-saluees-a-science-po\",\"name\":\"C\u00f4te D'Ivoire France Ressources Extractives Salu\u00e9es \u00c0 Science Po - C\u00f4te d&#039;Ivoire\",\"isPartOf\":{\"@id\":\"https:\/\/www.africa-press.net\/cotedivoire\/#website\"},\"primaryImageOfPage\":{\"@id\":\"https:\/\/www.africa-press.net\/cotedivoire\/economie\/cote-divoire-france-ressources-extractives-saluees-a-science-po#primaryimage\"},\"image\":{\"@id\":\"https:\/\/www.africa-press.net\/cotedivoire\/economie\/cote-divoire-france-ressources-extractives-saluees-a-science-po#primaryimage\"},\"thumbnailUrl\":\"https:\/\/static.africa-press.net\/cote\/sites\/43\/2025\/10\/sm_1759760022.782628.jpg\",\"datePublished\":\"2025-10-06T17:00:04+00:00\",\"dateModified\":\"2025-10-06T17:44:15+00:00\",\"author\":{\"@id\":\"https:\/\/www.africa-press.net\/cotedivoire\/#\/schema\/person\/2b1cf3cd81a31e3cd26889ca66d677f1\"},\"description\":\"A\u0300 l\u2019occasion de la deuxie\u0300me e\u0301dition de Africa Day organise\u0301e a\u0300 Sciences Po Paris, le Ministre ivoirien des Mines, du ...\",\"breadcrumb\":{\"@id\":\"https:\/\/www.africa-press.net\/cotedivoire\/economie\/cote-divoire-france-ressources-extractives-saluees-a-science-po#breadcrumb\"},\"inLanguage\":\"fr-FR\",\"potentialAction\":[{\"@type\":\"ReadAction\",\"target\":[\"https:\/\/www.africa-press.net\/cotedivoire\/economie\/cote-divoire-france-ressources-extractives-saluees-a-science-po\"]}]},{\"@type\":\"ImageObject\",\"inLanguage\":\"fr-FR\",\"@id\":\"https:\/\/www.africa-press.net\/cotedivoire\/economie\/cote-divoire-france-ressources-extractives-saluees-a-science-po#primaryimage\",\"url\":\"https:\/\/static.africa-press.net\/cote\/sites\/43\/2025\/10\/sm_1759760022.782628.jpg\",\"contentUrl\":\"https:\/\/static.africa-press.net\/cote\/sites\/43\/2025\/10\/sm_1759760022.782628.jpg\",\"width\":720,\"height\":480,\"caption\":\"C\u00f4te D'Ivoire France Ressources Extractives Salu\u00e9es \u00c0 Science Po\"},{\"@type\":\"BreadcrumbList\",\"@id\":\"https:\/\/www.africa-press.net\/cotedivoire\/economie\/cote-divoire-france-ressources-extractives-saluees-a-science-po#breadcrumb\",\"itemListElement\":[{\"@type\":\"ListItem\",\"position\":1,\"name\":\"Accueil\",\"item\":\"https:\/\/www.africa-press.net\/cotedivoire\/\"},{\"@type\":\"ListItem\",\"position\":2,\"name\":\"C\u00f4te D&#8217;Ivoire France Ressources Extractives Salu\u00e9es \u00c0 Science Po\"}]},{\"@type\":\"WebSite\",\"@id\":\"https:\/\/www.africa-press.net\/cotedivoire\/#website\",\"url\":\"https:\/\/www.africa-press.net\/cotedivoire\/\",\"name\":\"C\u00f4te d&#039;Ivoire\",\"description\":\"Just another Africa News Agency Sites site\",\"potentialAction\":[{\"@type\":\"SearchAction\",\"target\":{\"@type\":\"EntryPoint\",\"urlTemplate\":\"https:\/\/www.africa-press.net\/cotedivoire\/?s={search_term_string}\"},\"query-input\":{\"@type\":\"PropertyValueSpecification\",\"valueRequired\":true,\"valueName\":\"search_term_string\"}}],\"inLanguage\":\"fr-FR\"},{\"@type\":\"Person\",\"@id\":\"https:\/\/www.africa-press.net\/cotedivoire\/#\/schema\/person\/2b1cf3cd81a31e3cd26889ca66d677f1\",\"name\":\"cfeditorfr\"}]}<\/script>\n<!-- \/ Yoast SEO Premium plugin. -->","yoast_head_json":{"title":"C\u00f4te D'Ivoire France Ressources Extractives Salu\u00e9es \u00c0 Science Po - C\u00f4te d&#039;Ivoire","description":"A\u0300 l\u2019occasion de la deuxie\u0300me e\u0301dition de Africa Day organise\u0301e a\u0300 Sciences Po Paris, le Ministre ivoirien des Mines, du ...","robots":{"index":"index","follow":"follow","max-snippet":"max-snippet:-1","max-image-preview":"max-image-preview:large","max-video-preview":"max-video-preview:-1"},"canonical":"https:\/\/www.africa-press.net\/cotedivoire\/economie\/cote-divoire-france-ressources-extractives-saluees-a-science-po","og_locale":"fr_FR","og_type":"article","og_title":"C\u00f4te D'Ivoire France Ressources Extractives Salu\u00e9es \u00c0 Science Po","og_description":"A\u0300 l\u2019occasion de la deuxie\u0300me e\u0301dition de Africa Day organise\u0301e a\u0300 Sciences Po Paris, le Ministre ivoirien des Mines, du ...","og_url":"https:\/\/www.africa-press.net\/cotedivoire\/economie\/cote-divoire-france-ressources-extractives-saluees-a-science-po","og_site_name":"C\u00f4te d&#039;Ivoire","article_published_time":"2025-10-06T17:00:04+00:00","article_modified_time":"2025-10-06T17:44:15+00:00","og_image":[{"width":720,"height":480,"url":"https:\/\/static.africa-press.net\/cote\/sites\/43\/2025\/10\/sm_1759760022.782628.jpg","type":"image\/jpeg"}],"author":"cfeditorfr","twitter_card":"summary_large_image","twitter_misc":{"\u00c9crit par":"cfeditorfr","Dur\u00e9e de lecture estim\u00e9e":"3 minutes"},"schema":{"@context":"https:\/\/schema.org","@graph":[{"@type":"Article","@id":"https:\/\/www.africa-press.net\/cotedivoire\/economie\/cote-divoire-france-ressources-extractives-saluees-a-science-po#article","isPartOf":{"@id":"https:\/\/www.africa-press.net\/cotedivoire\/economie\/cote-divoire-france-ressources-extractives-saluees-a-science-po"},"author":{"name":"cfeditorfr","@id":"https:\/\/www.africa-press.net\/cotedivoire\/#\/schema\/person\/2b1cf3cd81a31e3cd26889ca66d677f1"},"headline":"C\u00f4te D&rsquo;Ivoire France Ressources Extractives Salu\u00e9es \u00c0 Science Po","datePublished":"2025-10-06T17:00:04+00:00","dateModified":"2025-10-06T17:44:15+00:00","mainEntityOfPage":{"@id":"https:\/\/www.africa-press.net\/cotedivoire\/economie\/cote-divoire-france-ressources-extractives-saluees-a-science-po"},"wordCount":552,"commentCount":0,"image":{"@id":"https:\/\/www.africa-press.net\/cotedivoire\/economie\/cote-divoire-france-ressources-extractives-saluees-a-science-po#primaryimage"},"thumbnailUrl":"https:\/\/static.africa-press.net\/cote\/sites\/43\/2025\/10\/sm_1759760022.782628.jpg","keywords":["Afrique","Alassane Ouattara","C\u00d4TE D'IVOIRE","\u00e9nerg\u00e9tique","investissements","Mines","or","Sciences Po","SIREXE","transition"],"articleSection":["\u00c9conomie","Toutes les actualit\u00e9s"],"inLanguage":"fr-FR","potentialAction":[{"@type":"CommentAction","name":"Comment","target":["https:\/\/www.africa-press.net\/cotedivoire\/economie\/cote-divoire-france-ressources-extractives-saluees-a-science-po#respond"]}]},{"@type":"WebPage","@id":"https:\/\/www.africa-press.net\/cotedivoire\/economie\/cote-divoire-france-ressources-extractives-saluees-a-science-po","url":"https:\/\/www.africa-press.net\/cotedivoire\/economie\/cote-divoire-france-ressources-extractives-saluees-a-science-po","name":"C\u00f4te D'Ivoire France Ressources Extractives Salu\u00e9es \u00c0 Science Po - C\u00f4te d&#039;Ivoire","isPartOf":{"@id":"https:\/\/www.africa-press.net\/cotedivoire\/#website"},"primaryImageOfPage":{"@id":"https:\/\/www.africa-press.net\/cotedivoire\/economie\/cote-divoire-france-ressources-extractives-saluees-a-science-po#primaryimage"},"image":{"@id":"https:\/\/www.africa-press.net\/cotedivoire\/economie\/cote-divoire-france-ressources-extractives-saluees-a-science-po#primaryimage"},"thumbnailUrl":"https:\/\/static.africa-press.net\/cote\/sites\/43\/2025\/10\/sm_1759760022.782628.jpg","datePublished":"2025-10-06T17:00:04+00:00","dateModified":"2025-10-06T17:44:15+00:00","author":{"@id":"https:\/\/www.africa-press.net\/cotedivoire\/#\/schema\/person\/2b1cf3cd81a31e3cd26889ca66d677f1"},"description":"A\u0300 l\u2019occasion de la deuxie\u0300me e\u0301dition de Africa Day organise\u0301e a\u0300 Sciences Po Paris, le Ministre ivoirien des Mines, du ...","breadcrumb":{"@id":"https:\/\/www.africa-press.net\/cotedivoire\/economie\/cote-divoire-france-ressources-extractives-saluees-a-science-po#breadcrumb"},"inLanguage":"fr-FR","potentialAction":[{"@type":"ReadAction","target":["https:\/\/www.africa-press.net\/cotedivoire\/economie\/cote-divoire-france-ressources-extractives-saluees-a-science-po"]}]},{"@type":"ImageObject","inLanguage":"fr-FR","@id":"https:\/\/www.africa-press.net\/cotedivoire\/economie\/cote-divoire-france-ressources-extractives-saluees-a-science-po#primaryimage","url":"https:\/\/static.africa-press.net\/cote\/sites\/43\/2025\/10\/sm_1759760022.782628.jpg","contentUrl":"https:\/\/static.africa-press.net\/cote\/sites\/43\/2025\/10\/sm_1759760022.782628.jpg","width":720,"height":480,"caption":"C\u00f4te D'Ivoire France Ressources Extractives Salu\u00e9es \u00c0 Science Po"},{"@type":"BreadcrumbList","@id":"https:\/\/www.africa-press.net\/cotedivoire\/economie\/cote-divoire-france-ressources-extractives-saluees-a-science-po#breadcrumb","itemListElement":[{"@type":"ListItem","position":1,"name":"Accueil","item":"https:\/\/www.africa-press.net\/cotedivoire\/"},{"@type":"ListItem","position":2,"name":"C\u00f4te D&#8217;Ivoire France Ressources Extractives Salu\u00e9es \u00c0 Science Po"}]},{"@type":"WebSite","@id":"https:\/\/www.africa-press.net\/cotedivoire\/#website","url":"https:\/\/www.africa-press.net\/cotedivoire\/","name":"C\u00f4te d&#039;Ivoire","description":"Just another Africa News Agency Sites site","potentialAction":[{"@type":"SearchAction","target":{"@type":"EntryPoint","urlTemplate":"https:\/\/www.africa-press.net\/cotedivoire\/?s={search_term_string}"},"query-input":{"@type":"PropertyValueSpecification","valueRequired":true,"valueName":"search_term_string"}}],"inLanguage":"fr-FR"},{"@type":"Person","@id":"https:\/\/www.africa-press.net\/cotedivoire\/#\/schema\/person\/2b1cf3cd81a31e3cd26889ca66d677f1","name":"cfeditorfr"}]}},"_links":{"self":[{"href":"https:\/\/www.africa-press.net\/cotedivoire\/wp-json\/wp\/v2\/posts\/106320","targetHints":{"allow":["GET"]}}],"collection":[{"href":"https:\/\/www.africa-press.net\/cotedivoire\/wp-json\/wp\/v2\/posts"}],"about":[{"href":"https:\/\/www.africa-press.net\/cotedivoire\/wp-json\/wp\/v2\/types\/post"}],"author":[{"embeddable":true,"href":"https:\/\/www.africa-press.net\/cotedivoire\/wp-json\/wp\/v2\/users\/82"}],"replies":[{"embeddable":true,"href":"https:\/\/www.africa-press.net\/cotedivoire\/wp-json\/wp\/v2\/comments?post=106320"}],"version-history":[{"count":0,"href":"https:\/\/www.africa-press.net\/cotedivoire\/wp-json\/wp\/v2\/posts\/106320\/revisions"}],"wp:featuredmedia":[{"embeddable":true,"href":"https:\/\/www.africa-press.net\/cotedivoire\/wp-json\/wp\/v2\/media\/106319"}],"wp:attachment":[{"href":"https:\/\/www.africa-press.net\/cotedivoire\/wp-json\/wp\/v2\/media?parent=106320"}],"wp:term":[{"taxonomy":"category","embeddable":true,"href":"https:\/\/www.africa-press.net\/cotedivoire\/wp-json\/wp\/v2\/categories?post=106320"},{"taxonomy":"post_tag","embeddable":true,"href":"https:\/\/www.africa-press.net\/cotedivoire\/wp-json\/wp\/v2\/tags?post=106320"}],"curies":[{"name":"wp","href":"https:\/\/api.w.org\/{rel}","templated":true}]}}