{"id":106323,"date":"2025-10-06T17:01:09","date_gmt":"2025-10-06T17:01:09","guid":{"rendered":"https:\/\/www.africa-press.net\/cotedivoire\/politique\/mariatou-kone-appelle-a-unir-pour-ecole-forte"},"modified":"2025-10-06T17:44:30","modified_gmt":"2025-10-06T17:44:30","slug":"mariatou-kone-appelle-a-unir-pour-ecole-forte","status":"publish","type":"post","link":"https:\/\/www.africa-press.net\/cotedivoire\/politique\/mariatou-kone-appelle-a-unir-pour-ecole-forte","title":{"rendered":"Mariatou Kon\u00e9 Appelle \u00e0 Unir Pour \u00c9cole Forte"},"content":{"rendered":"<p><span style=\"color: #ff6600\"><strong>Africa-Press &#8211; C\u00f4te d&rsquo;Ivoire. <\/strong><\/span>La Direction centrale de campagne du Rassemblement des Houphoue\u0308tistes pour la De\u0301mocratie et la Paix (RHDP), en charge des enseignants, a tenu un grand rassemblement ce dimanche au sie\u0300ge du parti, a\u0300 Cocody Rue Lepic. Devant une foule compacte venue des 47 re\u0301gions politiques du pays, la ministre de l\u2019E\u0301ducation nationale, Pr Mariatou Kone\u0301, e\u0301galement Directrice centrale de campagne, a lance\u0301 un appel solennel a\u0300 l\u2019unite\u0301, a\u0300 l\u2019engagement et a\u0300 la pleine implication des enseignants dans le processus e\u0301lectoral en cours.<\/p>\n<p>Face a\u0300 des milliers d\u2019enseignants rassemble\u0301s, Mariatou Kone\u0301 a exprime\u0301 sa profonde reconnaissance: \u00ab Votre mobilisation est exemplaire et historique. Sous le soleil, vous e\u0302tes la\u0300 pour Alassane Ouattara. Cela prouve notre engagement sans faille a\u0300 soutenir notre candidat, non seulement par reconnaissance, mais aussi par conviction. \u00bb<\/p>\n<p>Ce\u0301le\u0301bre\u0301e a\u0300 l\u2019occasion de la Journe\u0301e mondiale des enseignants, cette rencontre symbolique a mis en lumie\u0300re le ro\u0302le strate\u0301gique de la communaute\u0301 e\u0301ducative dans la re\u0301ussite e\u0301lectorale du RHDP. \u00ab Nous sommes les plus nombreux. Nous sommes leaders d\u2019opinion. A\u0300 nous d\u2019ouvrir les bras et d\u2019aller vers les autres pour un score e\u0301clatant de\u0300s le premier tour \u00bb, a-t-elle exhorte\u0301.<\/p>\n<p>Dans une approche pe\u0301dagogique et mobilisatrice, Mariatou Kone\u0301 a de\u0301cline\u0301 les avance\u0301es majeures obtenues pour le secteur e\u0301ducatif sous la pre\u0301sidence d\u2019Alassane Ouattara, revalorisation salariale avec effet financier, augmentation des indemnite\u0301s de transport et de logement, instauration de la prime ADO pour tous les fonctionnaires, dialogue social apaise\u0301 avec les syndicats et cre\u0301ation du mois de l\u2019enseignant pour valoriser l\u2019excellence pe\u0301dagogique.<\/p>\n<p>\u00ab Ces acquis sont le fruit d\u2019un engagement pre\u0301sidentiel fort, d\u2019une volonte\u0301 politique constante et d\u2019un profond respect pour notre me\u0301tier. Alors, soyons reconnaissants et transformons cette reconnaissance en engagement politique \u00bb, a-t-elle plaide\u0301.<\/p>\n<p>Mariatou Kone\u0301 a conclu en appelant ses colle\u0300gues a\u0300 incarner les valeurs de dignite\u0301, de rigueur et de cohe\u0301sion: \u00ab De\u0301fendons un candidat dont les actions parlent pour lui. Continuons avec ADO. Allons plus loin avec ADO. Pour une e\u0301cole ivoirienne forte, pour une Co\u0302te d\u2019Ivoire en paix. \u00bb<\/p>\n<p>Aux co\u0302te\u0301s de Mariatou Kone\u0301, le ministre de l\u2019Enseignement supe\u0301rieur, Pr Adama Diawara, Directeur central associe\u0301 de campagne, a de\u0301taille\u0301 les enjeux de cette mobilisation, assurer une forte participation le jour du vote, pre\u0301vu le 25 octobre, garantir une pre\u0301sence massive des enseignants dans les bureaux de vote, en tant que scrutateurs et superviseurs et obtenir un taux de participation record et un score e\u0301lectoral sans e\u0301quivoque<\/p>\n<p>Il a aussi insiste\u0301 sur le ro\u0302le de pe\u0301dagogues que doivent jouer les enseignants pour convaincre au-dela\u0300 du cercle militant: \u00ab Chaque enseignant doit parler a\u0300 ses e\u0301le\u0300ves, a\u0300 ses voisins, a\u0300 ses proches. Il faut expliquer, rassurer, et pourquoi pas convaincre me\u0302me ceux de l\u2019opposition, ou au moins les neutraliser politiquement. \u00bb<\/p>\n<p>La direction centrale de campagne des enseignants a annonce\u0301 un programme d\u2019activite\u0301s dense jusqu\u2019a\u0300 la date du scrutin:Meeting national le 18 octobre au Palais de la culture de Treichville, tourne\u0301es re\u0301gionales a\u0300 Korhogo, Gagnoa, Man, San Pedro et Abengourou entre le 12 et le 22 octobre, organisation de confe\u0301rences et panels a\u0300 Daloa, Bondoukou, Odienne\u0301 et Soubre\u0301 et mise en place d\u2019un dispositif de communication efficace axe\u0301 sur le bilan du pre\u0301sident et le programme 2026-2030.<\/p>\n<p>Cette mobilisation ine\u0301dite des enseignants traduit l\u2019ambition du RHDP de s\u2019appuyer sur une base e\u0301ducative solide pour assurer une victoire \u00ab de\u0300s le premier tour \u00bb. Les regards sont de\u0301sormais tourne\u0301s vers le 25 octobre, jour de\u0301cisif d\u2019un scrutin que le parti pre\u0301sidentiel veut exemplaire a\u0300 tous points de vue.<\/p>\n<p>Au nom de Union des enseignants du RHDP, son pre\u0301sident, Ouattara Drissa a rappele\u0301 les nombreux acquis enregistre\u0301 par les enseignants depuis l&rsquo;accession de Ouattara au pouvoir.<\/p>\n<p><strong>Pour plus d&rsquo;informations et d&rsquo;analyses sur la <span style=\"color: #ff6600\">C\u00f4te d&rsquo;Ivoire<\/span>, suivez <span style=\"color: #ff6600\">Africa-Press<\/span><\/strong><\/p>\n","protected":false},"excerpt":{"rendered":"<p>Africa-Press &#8211; C\u00f4te d&rsquo;Ivoire. La Direction centrale de campagne du Rassemblement des Houphoue\u0308tistes pour la De\u0301mocratie et la Paix (RHDP), en charge des enseignants, a tenu un grand rassemblement ce dimanche au sie\u0300ge du parti, a\u0300 Cocody Rue Lepic. Devant une foule compacte venue des 47 re\u0301gions politiques du pays, la ministre de l\u2019E\u0301ducation nationale, [&hellip;]<\/p>\n","protected":false},"author":82,"featured_media":106322,"comment_status":"open","ping_status":"closed","sticky":false,"template":"","format":"standard","meta":{"footnotes":""},"categories":[2,10],"tags":[4209,8151,5252,3107,15854,29,2698,19090,1127,19089,16755,8314],"class_list":["post-106323","post","type-post","status-publish","format-standard","has-post-thumbnail","hentry","category-politique","category-toutes-les-actualites","tag-actions","tag-ado","tag-candidat","tag-cohesion","tag-collegues","tag-cote-divoire","tag-dignite","tag-ecole-ivoirienne","tag-mariatou-kone","tag-paix-2","tag-rigueur","tag-valeurs"],"yoast_head":"<!-- This site is optimized with the Yoast SEO Premium plugin v26.1 (Yoast SEO v27.0) - https:\/\/yoast.com\/product\/yoast-seo-premium-wordpress\/ -->\n<title>Mariatou Kon\u00e9 Appelle \u00e0 Unir Pour \u00c9cole Forte - C\u00f4te d&#039;Ivoire<\/title>\n<meta name=\"description\" content=\"La Direction centrale de campagne du Rassemblement des Houphoue\u0308tistes pour la De\u0301mocratie et la Paix (RHDP), en charge ...\" \/>\n<meta name=\"robots\" content=\"index, follow, max-snippet:-1, max-image-preview:large, max-video-preview:-1\" \/>\n<link rel=\"canonical\" href=\"https:\/\/www.africa-press.net\/cotedivoire\/politique\/mariatou-kone-appelle-a-unir-pour-ecole-forte\" \/>\n<meta property=\"og:locale\" content=\"fr_FR\" \/>\n<meta property=\"og:type\" content=\"article\" \/>\n<meta property=\"og:title\" content=\"Mariatou Kon\u00e9 Appelle \u00e0 Unir Pour \u00c9cole Forte\" \/>\n<meta property=\"og:description\" content=\"La Direction centrale de campagne du Rassemblement des Houphoue\u0308tistes pour la De\u0301mocratie et la Paix (RHDP), en charge ...\" \/>\n<meta property=\"og:url\" content=\"https:\/\/www.africa-press.net\/cotedivoire\/politique\/mariatou-kone-appelle-a-unir-pour-ecole-forte\" \/>\n<meta property=\"og:site_name\" content=\"C\u00f4te d&#039;Ivoire\" \/>\n<meta property=\"article:published_time\" content=\"2025-10-06T17:01:09+00:00\" \/>\n<meta property=\"article:modified_time\" content=\"2025-10-06T17:44:30+00:00\" \/>\n<meta property=\"og:image\" content=\"https:\/\/static.africa-press.net\/cote\/sites\/43\/2025\/10\/sm_1759760037.701356.jpg\" \/>\n\t<meta property=\"og:image:width\" content=\"720\" \/>\n\t<meta property=\"og:image:height\" content=\"481\" \/>\n\t<meta property=\"og:image:type\" content=\"image\/jpeg\" \/>\n<meta name=\"author\" content=\"cfeditorfr\" \/>\n<meta name=\"twitter:card\" content=\"summary_large_image\" \/>\n<meta name=\"twitter:label1\" content=\"\u00c9crit par\" \/>\n\t<meta name=\"twitter:data1\" content=\"cfeditorfr\" \/>\n\t<meta name=\"twitter:label2\" content=\"Dur\u00e9e de lecture estim\u00e9e\" \/>\n\t<meta name=\"twitter:data2\" content=\"3 minutes\" \/>\n<script type=\"application\/ld+json\" class=\"yoast-schema-graph\">{\"@context\":\"https:\/\/schema.org\",\"@graph\":[{\"@type\":\"Article\",\"@id\":\"https:\/\/www.africa-press.net\/cotedivoire\/politique\/mariatou-kone-appelle-a-unir-pour-ecole-forte#article\",\"isPartOf\":{\"@id\":\"https:\/\/www.africa-press.net\/cotedivoire\/politique\/mariatou-kone-appelle-a-unir-pour-ecole-forte\"},\"author\":{\"name\":\"cfeditorfr\",\"@id\":\"https:\/\/www.africa-press.net\/cotedivoire\/#\/schema\/person\/2b1cf3cd81a31e3cd26889ca66d677f1\"},\"headline\":\"Mariatou Kon\u00e9 Appelle \u00e0 Unir Pour \u00c9cole Forte\",\"datePublished\":\"2025-10-06T17:01:09+00:00\",\"dateModified\":\"2025-10-06T17:44:30+00:00\",\"mainEntityOfPage\":{\"@id\":\"https:\/\/www.africa-press.net\/cotedivoire\/politique\/mariatou-kone-appelle-a-unir-pour-ecole-forte\"},\"wordCount\":703,\"commentCount\":0,\"image\":{\"@id\":\"https:\/\/www.africa-press.net\/cotedivoire\/politique\/mariatou-kone-appelle-a-unir-pour-ecole-forte#primaryimage\"},\"thumbnailUrl\":\"https:\/\/static.africa-press.net\/cote\/sites\/43\/2025\/10\/sm_1759760037.701356.jpg\",\"keywords\":[\"actions\",\"ADO\",\"candidat\",\"coh\u00e9sion\",\"coll\u00e8gues\",\"C\u00d4TE D'IVOIRE\",\"Dignit\u00e9\",\"\u00e9cole ivoirienne\",\"Mariatou Kon\u00e9\",\"paix.\",\"rigueur\",\"valeurs\"],\"articleSection\":[\"Politique\",\"Toutes les actualit\u00e9s\"],\"inLanguage\":\"fr-FR\",\"potentialAction\":[{\"@type\":\"CommentAction\",\"name\":\"Comment\",\"target\":[\"https:\/\/www.africa-press.net\/cotedivoire\/politique\/mariatou-kone-appelle-a-unir-pour-ecole-forte#respond\"]}]},{\"@type\":\"WebPage\",\"@id\":\"https:\/\/www.africa-press.net\/cotedivoire\/politique\/mariatou-kone-appelle-a-unir-pour-ecole-forte\",\"url\":\"https:\/\/www.africa-press.net\/cotedivoire\/politique\/mariatou-kone-appelle-a-unir-pour-ecole-forte\",\"name\":\"Mariatou Kon\u00e9 Appelle \u00e0 Unir Pour \u00c9cole Forte - C\u00f4te d&#039;Ivoire\",\"isPartOf\":{\"@id\":\"https:\/\/www.africa-press.net\/cotedivoire\/#website\"},\"primaryImageOfPage\":{\"@id\":\"https:\/\/www.africa-press.net\/cotedivoire\/politique\/mariatou-kone-appelle-a-unir-pour-ecole-forte#primaryimage\"},\"image\":{\"@id\":\"https:\/\/www.africa-press.net\/cotedivoire\/politique\/mariatou-kone-appelle-a-unir-pour-ecole-forte#primaryimage\"},\"thumbnailUrl\":\"https:\/\/static.africa-press.net\/cote\/sites\/43\/2025\/10\/sm_1759760037.701356.jpg\",\"datePublished\":\"2025-10-06T17:01:09+00:00\",\"dateModified\":\"2025-10-06T17:44:30+00:00\",\"author\":{\"@id\":\"https:\/\/www.africa-press.net\/cotedivoire\/#\/schema\/person\/2b1cf3cd81a31e3cd26889ca66d677f1\"},\"description\":\"La Direction centrale de campagne du Rassemblement des Houphoue\u0308tistes pour la De\u0301mocratie et la Paix (RHDP), en charge ...\",\"breadcrumb\":{\"@id\":\"https:\/\/www.africa-press.net\/cotedivoire\/politique\/mariatou-kone-appelle-a-unir-pour-ecole-forte#breadcrumb\"},\"inLanguage\":\"fr-FR\",\"potentialAction\":[{\"@type\":\"ReadAction\",\"target\":[\"https:\/\/www.africa-press.net\/cotedivoire\/politique\/mariatou-kone-appelle-a-unir-pour-ecole-forte\"]}]},{\"@type\":\"ImageObject\",\"inLanguage\":\"fr-FR\",\"@id\":\"https:\/\/www.africa-press.net\/cotedivoire\/politique\/mariatou-kone-appelle-a-unir-pour-ecole-forte#primaryimage\",\"url\":\"https:\/\/static.africa-press.net\/cote\/sites\/43\/2025\/10\/sm_1759760037.701356.jpg\",\"contentUrl\":\"https:\/\/static.africa-press.net\/cote\/sites\/43\/2025\/10\/sm_1759760037.701356.jpg\",\"width\":720,\"height\":481,\"caption\":\"Mariatou Kon\u00e9 Appelle \u00e0 Unir Pour \u00c9cole Forte\"},{\"@type\":\"BreadcrumbList\",\"@id\":\"https:\/\/www.africa-press.net\/cotedivoire\/politique\/mariatou-kone-appelle-a-unir-pour-ecole-forte#breadcrumb\",\"itemListElement\":[{\"@type\":\"ListItem\",\"position\":1,\"name\":\"Accueil\",\"item\":\"https:\/\/www.africa-press.net\/cotedivoire\/\"},{\"@type\":\"ListItem\",\"position\":2,\"name\":\"Mariatou Kon\u00e9 Appelle \u00e0 Unir Pour \u00c9cole Forte\"}]},{\"@type\":\"WebSite\",\"@id\":\"https:\/\/www.africa-press.net\/cotedivoire\/#website\",\"url\":\"https:\/\/www.africa-press.net\/cotedivoire\/\",\"name\":\"C\u00f4te d&#039;Ivoire\",\"description\":\"Just another Africa News Agency Sites site\",\"potentialAction\":[{\"@type\":\"SearchAction\",\"target\":{\"@type\":\"EntryPoint\",\"urlTemplate\":\"https:\/\/www.africa-press.net\/cotedivoire\/?s={search_term_string}\"},\"query-input\":{\"@type\":\"PropertyValueSpecification\",\"valueRequired\":true,\"valueName\":\"search_term_string\"}}],\"inLanguage\":\"fr-FR\"},{\"@type\":\"Person\",\"@id\":\"https:\/\/www.africa-press.net\/cotedivoire\/#\/schema\/person\/2b1cf3cd81a31e3cd26889ca66d677f1\",\"name\":\"cfeditorfr\"}]}<\/script>\n<!-- \/ Yoast SEO Premium plugin. -->","yoast_head_json":{"title":"Mariatou Kon\u00e9 Appelle \u00e0 Unir Pour \u00c9cole Forte - C\u00f4te d&#039;Ivoire","description":"La Direction centrale de campagne du Rassemblement des Houphoue\u0308tistes pour la De\u0301mocratie et la Paix (RHDP), en charge ...","robots":{"index":"index","follow":"follow","max-snippet":"max-snippet:-1","max-image-preview":"max-image-preview:large","max-video-preview":"max-video-preview:-1"},"canonical":"https:\/\/www.africa-press.net\/cotedivoire\/politique\/mariatou-kone-appelle-a-unir-pour-ecole-forte","og_locale":"fr_FR","og_type":"article","og_title":"Mariatou Kon\u00e9 Appelle \u00e0 Unir Pour \u00c9cole Forte","og_description":"La Direction centrale de campagne du Rassemblement des Houphoue\u0308tistes pour la De\u0301mocratie et la Paix (RHDP), en charge ...","og_url":"https:\/\/www.africa-press.net\/cotedivoire\/politique\/mariatou-kone-appelle-a-unir-pour-ecole-forte","og_site_name":"C\u00f4te d&#039;Ivoire","article_published_time":"2025-10-06T17:01:09+00:00","article_modified_time":"2025-10-06T17:44:30+00:00","og_image":[{"width":720,"height":481,"url":"https:\/\/static.africa-press.net\/cote\/sites\/43\/2025\/10\/sm_1759760037.701356.jpg","type":"image\/jpeg"}],"author":"cfeditorfr","twitter_card":"summary_large_image","twitter_misc":{"\u00c9crit par":"cfeditorfr","Dur\u00e9e de lecture estim\u00e9e":"3 minutes"},"schema":{"@context":"https:\/\/schema.org","@graph":[{"@type":"Article","@id":"https:\/\/www.africa-press.net\/cotedivoire\/politique\/mariatou-kone-appelle-a-unir-pour-ecole-forte#article","isPartOf":{"@id":"https:\/\/www.africa-press.net\/cotedivoire\/politique\/mariatou-kone-appelle-a-unir-pour-ecole-forte"},"author":{"name":"cfeditorfr","@id":"https:\/\/www.africa-press.net\/cotedivoire\/#\/schema\/person\/2b1cf3cd81a31e3cd26889ca66d677f1"},"headline":"Mariatou Kon\u00e9 Appelle \u00e0 Unir Pour \u00c9cole Forte","datePublished":"2025-10-06T17:01:09+00:00","dateModified":"2025-10-06T17:44:30+00:00","mainEntityOfPage":{"@id":"https:\/\/www.africa-press.net\/cotedivoire\/politique\/mariatou-kone-appelle-a-unir-pour-ecole-forte"},"wordCount":703,"commentCount":0,"image":{"@id":"https:\/\/www.africa-press.net\/cotedivoire\/politique\/mariatou-kone-appelle-a-unir-pour-ecole-forte#primaryimage"},"thumbnailUrl":"https:\/\/static.africa-press.net\/cote\/sites\/43\/2025\/10\/sm_1759760037.701356.jpg","keywords":["actions","ADO","candidat","coh\u00e9sion","coll\u00e8gues","C\u00d4TE D'IVOIRE","Dignit\u00e9","\u00e9cole ivoirienne","Mariatou Kon\u00e9","paix.","rigueur","valeurs"],"articleSection":["Politique","Toutes les actualit\u00e9s"],"inLanguage":"fr-FR","potentialAction":[{"@type":"CommentAction","name":"Comment","target":["https:\/\/www.africa-press.net\/cotedivoire\/politique\/mariatou-kone-appelle-a-unir-pour-ecole-forte#respond"]}]},{"@type":"WebPage","@id":"https:\/\/www.africa-press.net\/cotedivoire\/politique\/mariatou-kone-appelle-a-unir-pour-ecole-forte","url":"https:\/\/www.africa-press.net\/cotedivoire\/politique\/mariatou-kone-appelle-a-unir-pour-ecole-forte","name":"Mariatou Kon\u00e9 Appelle \u00e0 Unir Pour \u00c9cole Forte - C\u00f4te d&#039;Ivoire","isPartOf":{"@id":"https:\/\/www.africa-press.net\/cotedivoire\/#website"},"primaryImageOfPage":{"@id":"https:\/\/www.africa-press.net\/cotedivoire\/politique\/mariatou-kone-appelle-a-unir-pour-ecole-forte#primaryimage"},"image":{"@id":"https:\/\/www.africa-press.net\/cotedivoire\/politique\/mariatou-kone-appelle-a-unir-pour-ecole-forte#primaryimage"},"thumbnailUrl":"https:\/\/static.africa-press.net\/cote\/sites\/43\/2025\/10\/sm_1759760037.701356.jpg","datePublished":"2025-10-06T17:01:09+00:00","dateModified":"2025-10-06T17:44:30+00:00","author":{"@id":"https:\/\/www.africa-press.net\/cotedivoire\/#\/schema\/person\/2b1cf3cd81a31e3cd26889ca66d677f1"},"description":"La Direction centrale de campagne du Rassemblement des Houphoue\u0308tistes pour la De\u0301mocratie et la Paix (RHDP), en charge ...","breadcrumb":{"@id":"https:\/\/www.africa-press.net\/cotedivoire\/politique\/mariatou-kone-appelle-a-unir-pour-ecole-forte#breadcrumb"},"inLanguage":"fr-FR","potentialAction":[{"@type":"ReadAction","target":["https:\/\/www.africa-press.net\/cotedivoire\/politique\/mariatou-kone-appelle-a-unir-pour-ecole-forte"]}]},{"@type":"ImageObject","inLanguage":"fr-FR","@id":"https:\/\/www.africa-press.net\/cotedivoire\/politique\/mariatou-kone-appelle-a-unir-pour-ecole-forte#primaryimage","url":"https:\/\/static.africa-press.net\/cote\/sites\/43\/2025\/10\/sm_1759760037.701356.jpg","contentUrl":"https:\/\/static.africa-press.net\/cote\/sites\/43\/2025\/10\/sm_1759760037.701356.jpg","width":720,"height":481,"caption":"Mariatou Kon\u00e9 Appelle \u00e0 Unir Pour \u00c9cole Forte"},{"@type":"BreadcrumbList","@id":"https:\/\/www.africa-press.net\/cotedivoire\/politique\/mariatou-kone-appelle-a-unir-pour-ecole-forte#breadcrumb","itemListElement":[{"@type":"ListItem","position":1,"name":"Accueil","item":"https:\/\/www.africa-press.net\/cotedivoire\/"},{"@type":"ListItem","position":2,"name":"Mariatou Kon\u00e9 Appelle \u00e0 Unir Pour \u00c9cole Forte"}]},{"@type":"WebSite","@id":"https:\/\/www.africa-press.net\/cotedivoire\/#website","url":"https:\/\/www.africa-press.net\/cotedivoire\/","name":"C\u00f4te d&#039;Ivoire","description":"Just another Africa News Agency Sites site","potentialAction":[{"@type":"SearchAction","target":{"@type":"EntryPoint","urlTemplate":"https:\/\/www.africa-press.net\/cotedivoire\/?s={search_term_string}"},"query-input":{"@type":"PropertyValueSpecification","valueRequired":true,"valueName":"search_term_string"}}],"inLanguage":"fr-FR"},{"@type":"Person","@id":"https:\/\/www.africa-press.net\/cotedivoire\/#\/schema\/person\/2b1cf3cd81a31e3cd26889ca66d677f1","name":"cfeditorfr"}]}},"_links":{"self":[{"href":"https:\/\/www.africa-press.net\/cotedivoire\/wp-json\/wp\/v2\/posts\/106323","targetHints":{"allow":["GET"]}}],"collection":[{"href":"https:\/\/www.africa-press.net\/cotedivoire\/wp-json\/wp\/v2\/posts"}],"about":[{"href":"https:\/\/www.africa-press.net\/cotedivoire\/wp-json\/wp\/v2\/types\/post"}],"author":[{"embeddable":true,"href":"https:\/\/www.africa-press.net\/cotedivoire\/wp-json\/wp\/v2\/users\/82"}],"replies":[{"embeddable":true,"href":"https:\/\/www.africa-press.net\/cotedivoire\/wp-json\/wp\/v2\/comments?post=106323"}],"version-history":[{"count":0,"href":"https:\/\/www.africa-press.net\/cotedivoire\/wp-json\/wp\/v2\/posts\/106323\/revisions"}],"wp:featuredmedia":[{"embeddable":true,"href":"https:\/\/www.africa-press.net\/cotedivoire\/wp-json\/wp\/v2\/media\/106322"}],"wp:attachment":[{"href":"https:\/\/www.africa-press.net\/cotedivoire\/wp-json\/wp\/v2\/media?parent=106323"}],"wp:term":[{"taxonomy":"category","embeddable":true,"href":"https:\/\/www.africa-press.net\/cotedivoire\/wp-json\/wp\/v2\/categories?post=106323"},{"taxonomy":"post_tag","embeddable":true,"href":"https:\/\/www.africa-press.net\/cotedivoire\/wp-json\/wp\/v2\/tags?post=106323"}],"curies":[{"name":"wp","href":"https:\/\/api.w.org\/{rel}","templated":true}]}}