{"id":10633,"date":"2021-07-30T16:31:36","date_gmt":"2021-07-30T16:31:36","guid":{"rendered":"https:\/\/www.africa-press.net\/cotedivoire\/?p=10633"},"modified":"2021-07-30T18:22:22","modified_gmt":"2021-07-30T18:22:22","slug":"tunisie-cote-divoire-lalgerien-condor-repart-a-lassaut-des-marches-africains","status":"publish","type":"post","link":"https:\/\/www.africa-press.net\/cotedivoire\/dossiers\/tunisie-cote-divoire-lalgerien-condor-repart-a-lassaut-des-marches-africains","title":{"rendered":"Tunisie, C\u00f4te d\u2019Ivoire : l\u2019alg\u00e9rien Condor repart \u00e0 l\u2019assaut des march\u00e9s africains"},"content":{"rendered":"<p><span style=\"color: #ff6600\"><strong><a href=\"https:\/\/www.africa-press.net\/\">Africa-Press<\/a> &#8211; <a href=\"https:\/\/www.africa-press.net\/cotedivoire\">C\u00f4te d&rsquo;Ivoire<\/a>. <\/strong><\/span>Apr\u00e8s deux ann\u00e9es difficiles, entre crise judiciaire et Covid-19, le fabricant d\u2019\u00e9lectrom\u00e9nager veut regagner ses positions \u00e0 l\u2019export et repasser le cap de 80 millions de dollars.<\/p>\n<p>\u00ab Notre d\u00e9l\u00e9gation vient de rentrer de C\u00f4te d\u2019Ivoire, o\u00f9 elle a \u00e9t\u00e9 re\u00e7ue par quatre ministres. Nous avons sign\u00e9 un contrat de partenariat tr\u00e8s important avec ce pays pour la production puis l\u2019exportation de nos produits, mais nous allons d\u2019abord cr\u00e9er une plateforme de service apr\u00e8s-vente avant de commencer l\u2019exportation. Il est \u00e9galement pr\u00e9vu d\u2019\u00e9quiper en panneaux solaires des villages et des localit\u00e9s dans ce pays \u00bb, a affirm\u00e9 Abderrahmane Benhamadi, le patron du groupe Condor, lorsque, au d\u00e9but de juillet, il a re\u00e7u Jeune Afrique dans l\u2019une de ses directions, sur les hauteurs d\u2019Alger.<\/p>\n","protected":false},"excerpt":{"rendered":"<p>Africa-Press &#8211; C\u00f4te d&rsquo;Ivoire. Apr\u00e8s deux ann\u00e9es difficiles, entre crise judiciaire et Covid-19, le fabricant d\u2019\u00e9lectrom\u00e9nager veut regagner ses positions \u00e0 l\u2019export et repasser le cap de 80 millions de dollars. \u00ab Notre d\u00e9l\u00e9gation vient de rentrer de C\u00f4te d\u2019Ivoire, o\u00f9 elle a \u00e9t\u00e9 re\u00e7ue par quatre ministres. Nous avons sign\u00e9 un contrat de partenariat [&hellip;]<\/p>\n","protected":false},"author":82,"featured_media":10632,"comment_status":"open","ping_status":"closed","sticky":false,"template":"","format":"standard","meta":{"footnotes":""},"categories":[7,11,20,10],"tags":[56,63,29],"class_list":["post-10633","post","type-post","status-publish","format-standard","has-post-thumbnail","hentry","category-dossiers","category-homepage-french","category-top-nouvelles","category-toutes-les-actualites","tag-africa-press","tag-africa-press-cote-divoire","tag-cote-divoire"],"yoast_head":"<!-- This site is optimized with the Yoast SEO Premium plugin v26.1 (Yoast SEO v27.0) - https:\/\/yoast.com\/product\/yoast-seo-premium-wordpress\/ -->\n<title>Tunisie, C\u00f4te d\u2019Ivoire : l\u2019alg\u00e9rien Condor repart \u00e0 l\u2019assaut des march\u00e9s africains - C\u00f4te d&#039;Ivoire<\/title>\n<meta name=\"description\" content=\"Apr\u00e8s deux ann\u00e9es difficiles, entre crise judiciaire et Covid-19, le fabricant d\u2019\u00e9lectrom\u00e9nager veut regagner ses positi ...\" \/>\n<meta name=\"robots\" content=\"index, follow, max-snippet:-1, max-image-preview:large, max-video-preview:-1\" \/>\n<link rel=\"canonical\" href=\"https:\/\/www.africa-press.net\/cotedivoire\/dossiers\/tunisie-cote-divoire-lalgerien-condor-repart-a-lassaut-des-marches-africains\" \/>\n<meta property=\"og:locale\" content=\"fr_FR\" \/>\n<meta property=\"og:type\" content=\"article\" \/>\n<meta property=\"og:title\" content=\"Tunisie, C\u00f4te d\u2019Ivoire : l\u2019alg\u00e9rien Condor repart \u00e0 l\u2019assaut des march\u00e9s africains\" \/>\n<meta property=\"og:description\" content=\"Apr\u00e8s deux ann\u00e9es difficiles, entre crise judiciaire et Covid-19, le fabricant d\u2019\u00e9lectrom\u00e9nager veut regagner ses positi ...\" \/>\n<meta property=\"og:url\" content=\"https:\/\/www.africa-press.net\/cotedivoire\/dossiers\/tunisie-cote-divoire-lalgerien-condor-repart-a-lassaut-des-marches-africains\" \/>\n<meta property=\"og:site_name\" content=\"C\u00f4te d&#039;Ivoire\" \/>\n<meta property=\"article:published_time\" content=\"2021-07-30T16:31:36+00:00\" \/>\n<meta property=\"article:modified_time\" content=\"2021-07-30T18:22:22+00:00\" \/>\n<meta property=\"og:image\" content=\"https:\/\/static.africa-press.net\/cote\/sites\/43\/2021\/07\/img-610413cd2d4c1.jpg\" \/>\n\t<meta property=\"og:image:width\" content=\"720\" \/>\n\t<meta property=\"og:image:height\" content=\"360\" \/>\n\t<meta property=\"og:image:type\" content=\"image\/jpeg\" \/>\n<meta name=\"author\" content=\"cfeditorfr\" \/>\n<meta name=\"twitter:card\" content=\"summary_large_image\" \/>\n<meta name=\"twitter:label1\" content=\"\u00c9crit par\" \/>\n\t<meta name=\"twitter:data1\" content=\"cfeditorfr\" \/>\n\t<meta name=\"twitter:label2\" content=\"Dur\u00e9e de lecture estim\u00e9e\" \/>\n\t<meta name=\"twitter:data2\" content=\"1 minute\" \/>\n<script type=\"application\/ld+json\" class=\"yoast-schema-graph\">{\"@context\":\"https:\/\/schema.org\",\"@graph\":[{\"@type\":\"Article\",\"@id\":\"https:\/\/www.africa-press.net\/cotedivoire\/dossiers\/tunisie-cote-divoire-lalgerien-condor-repart-a-lassaut-des-marches-africains#article\",\"isPartOf\":{\"@id\":\"https:\/\/www.africa-press.net\/cotedivoire\/dossiers\/tunisie-cote-divoire-lalgerien-condor-repart-a-lassaut-des-marches-africains\"},\"author\":{\"name\":\"cfeditorfr\",\"@id\":\"https:\/\/www.africa-press.net\/cotedivoire\/#\/schema\/person\/2b1cf3cd81a31e3cd26889ca66d677f1\"},\"headline\":\"Tunisie, C\u00f4te d\u2019Ivoire : l\u2019alg\u00e9rien Condor repart \u00e0 l\u2019assaut des march\u00e9s africains\",\"datePublished\":\"2021-07-30T16:31:36+00:00\",\"dateModified\":\"2021-07-30T18:22:22+00:00\",\"mainEntityOfPage\":{\"@id\":\"https:\/\/www.africa-press.net\/cotedivoire\/dossiers\/tunisie-cote-divoire-lalgerien-condor-repart-a-lassaut-des-marches-africains\"},\"wordCount\":164,\"commentCount\":0,\"image\":{\"@id\":\"https:\/\/www.africa-press.net\/cotedivoire\/dossiers\/tunisie-cote-divoire-lalgerien-condor-repart-a-lassaut-des-marches-africains#primaryimage\"},\"thumbnailUrl\":\"https:\/\/static.africa-press.net\/cote\/sites\/43\/2021\/07\/img-610413cd2d4c1.jpg\",\"keywords\":[\"Africa Press\",\"Africa Press-C\u00f4te d'Ivoire\",\"C\u00d4TE D'IVOIRE\"],\"articleSection\":[\"Dossiers\",\"homepage-french\",\"Top Nouvelles\",\"Toutes les actualit\u00e9s\"],\"inLanguage\":\"fr-FR\",\"potentialAction\":[{\"@type\":\"CommentAction\",\"name\":\"Comment\",\"target\":[\"https:\/\/www.africa-press.net\/cotedivoire\/dossiers\/tunisie-cote-divoire-lalgerien-condor-repart-a-lassaut-des-marches-africains#respond\"]}]},{\"@type\":\"WebPage\",\"@id\":\"https:\/\/www.africa-press.net\/cotedivoire\/dossiers\/tunisie-cote-divoire-lalgerien-condor-repart-a-lassaut-des-marches-africains\",\"url\":\"https:\/\/www.africa-press.net\/cotedivoire\/dossiers\/tunisie-cote-divoire-lalgerien-condor-repart-a-lassaut-des-marches-africains\",\"name\":\"Tunisie, C\u00f4te d\u2019Ivoire : l\u2019alg\u00e9rien Condor repart \u00e0 l\u2019assaut des march\u00e9s africains - C\u00f4te d&#039;Ivoire\",\"isPartOf\":{\"@id\":\"https:\/\/www.africa-press.net\/cotedivoire\/#website\"},\"primaryImageOfPage\":{\"@id\":\"https:\/\/www.africa-press.net\/cotedivoire\/dossiers\/tunisie-cote-divoire-lalgerien-condor-repart-a-lassaut-des-marches-africains#primaryimage\"},\"image\":{\"@id\":\"https:\/\/www.africa-press.net\/cotedivoire\/dossiers\/tunisie-cote-divoire-lalgerien-condor-repart-a-lassaut-des-marches-africains#primaryimage\"},\"thumbnailUrl\":\"https:\/\/static.africa-press.net\/cote\/sites\/43\/2021\/07\/img-610413cd2d4c1.jpg\",\"datePublished\":\"2021-07-30T16:31:36+00:00\",\"dateModified\":\"2021-07-30T18:22:22+00:00\",\"author\":{\"@id\":\"https:\/\/www.africa-press.net\/cotedivoire\/#\/schema\/person\/2b1cf3cd81a31e3cd26889ca66d677f1\"},\"description\":\"Apr\u00e8s deux ann\u00e9es difficiles, entre crise judiciaire et Covid-19, le fabricant d\u2019\u00e9lectrom\u00e9nager veut regagner ses positi ...\",\"breadcrumb\":{\"@id\":\"https:\/\/www.africa-press.net\/cotedivoire\/dossiers\/tunisie-cote-divoire-lalgerien-condor-repart-a-lassaut-des-marches-africains#breadcrumb\"},\"inLanguage\":\"fr-FR\",\"potentialAction\":[{\"@type\":\"ReadAction\",\"target\":[\"https:\/\/www.africa-press.net\/cotedivoire\/dossiers\/tunisie-cote-divoire-lalgerien-condor-repart-a-lassaut-des-marches-africains\"]}]},{\"@type\":\"ImageObject\",\"inLanguage\":\"fr-FR\",\"@id\":\"https:\/\/www.africa-press.net\/cotedivoire\/dossiers\/tunisie-cote-divoire-lalgerien-condor-repart-a-lassaut-des-marches-africains#primaryimage\",\"url\":\"https:\/\/static.africa-press.net\/cote\/sites\/43\/2021\/07\/img-610413cd2d4c1.jpg\",\"contentUrl\":\"https:\/\/static.africa-press.net\/cote\/sites\/43\/2021\/07\/img-610413cd2d4c1.jpg\",\"width\":720,\"height\":360,\"caption\":\"Tunisie, C\u00f4te d\u2019Ivoire : l\u2019alg\u00e9rien Condor repart \u00e0 l\u2019assaut des march\u00e9s africains\"},{\"@type\":\"BreadcrumbList\",\"@id\":\"https:\/\/www.africa-press.net\/cotedivoire\/dossiers\/tunisie-cote-divoire-lalgerien-condor-repart-a-lassaut-des-marches-africains#breadcrumb\",\"itemListElement\":[{\"@type\":\"ListItem\",\"position\":1,\"name\":\"Accueil\",\"item\":\"https:\/\/www.africa-press.net\/cotedivoire\/\"},{\"@type\":\"ListItem\",\"position\":2,\"name\":\"Tunisie, C\u00f4te d\u2019Ivoire : l\u2019alg\u00e9rien Condor repart \u00e0 l\u2019assaut des march\u00e9s africains\"}]},{\"@type\":\"WebSite\",\"@id\":\"https:\/\/www.africa-press.net\/cotedivoire\/#website\",\"url\":\"https:\/\/www.africa-press.net\/cotedivoire\/\",\"name\":\"C\u00f4te d&#039;Ivoire\",\"description\":\"Just another Africa News Agency Sites site\",\"potentialAction\":[{\"@type\":\"SearchAction\",\"target\":{\"@type\":\"EntryPoint\",\"urlTemplate\":\"https:\/\/www.africa-press.net\/cotedivoire\/?s={search_term_string}\"},\"query-input\":{\"@type\":\"PropertyValueSpecification\",\"valueRequired\":true,\"valueName\":\"search_term_string\"}}],\"inLanguage\":\"fr-FR\"},{\"@type\":\"Person\",\"@id\":\"https:\/\/www.africa-press.net\/cotedivoire\/#\/schema\/person\/2b1cf3cd81a31e3cd26889ca66d677f1\",\"name\":\"cfeditorfr\"}]}<\/script>\n<!-- \/ Yoast SEO Premium plugin. -->","yoast_head_json":{"title":"Tunisie, C\u00f4te d\u2019Ivoire : l\u2019alg\u00e9rien Condor repart \u00e0 l\u2019assaut des march\u00e9s africains - C\u00f4te d&#039;Ivoire","description":"Apr\u00e8s deux ann\u00e9es difficiles, entre crise judiciaire et Covid-19, le fabricant d\u2019\u00e9lectrom\u00e9nager veut regagner ses positi ...","robots":{"index":"index","follow":"follow","max-snippet":"max-snippet:-1","max-image-preview":"max-image-preview:large","max-video-preview":"max-video-preview:-1"},"canonical":"https:\/\/www.africa-press.net\/cotedivoire\/dossiers\/tunisie-cote-divoire-lalgerien-condor-repart-a-lassaut-des-marches-africains","og_locale":"fr_FR","og_type":"article","og_title":"Tunisie, C\u00f4te d\u2019Ivoire : l\u2019alg\u00e9rien Condor repart \u00e0 l\u2019assaut des march\u00e9s africains","og_description":"Apr\u00e8s deux ann\u00e9es difficiles, entre crise judiciaire et Covid-19, le fabricant d\u2019\u00e9lectrom\u00e9nager veut regagner ses positi ...","og_url":"https:\/\/www.africa-press.net\/cotedivoire\/dossiers\/tunisie-cote-divoire-lalgerien-condor-repart-a-lassaut-des-marches-africains","og_site_name":"C\u00f4te d&#039;Ivoire","article_published_time":"2021-07-30T16:31:36+00:00","article_modified_time":"2021-07-30T18:22:22+00:00","og_image":[{"width":720,"height":360,"url":"https:\/\/static.africa-press.net\/cote\/sites\/43\/2021\/07\/img-610413cd2d4c1.jpg","type":"image\/jpeg"}],"author":"cfeditorfr","twitter_card":"summary_large_image","twitter_misc":{"\u00c9crit par":"cfeditorfr","Dur\u00e9e de lecture estim\u00e9e":"1 minute"},"schema":{"@context":"https:\/\/schema.org","@graph":[{"@type":"Article","@id":"https:\/\/www.africa-press.net\/cotedivoire\/dossiers\/tunisie-cote-divoire-lalgerien-condor-repart-a-lassaut-des-marches-africains#article","isPartOf":{"@id":"https:\/\/www.africa-press.net\/cotedivoire\/dossiers\/tunisie-cote-divoire-lalgerien-condor-repart-a-lassaut-des-marches-africains"},"author":{"name":"cfeditorfr","@id":"https:\/\/www.africa-press.net\/cotedivoire\/#\/schema\/person\/2b1cf3cd81a31e3cd26889ca66d677f1"},"headline":"Tunisie, C\u00f4te d\u2019Ivoire : l\u2019alg\u00e9rien Condor repart \u00e0 l\u2019assaut des march\u00e9s africains","datePublished":"2021-07-30T16:31:36+00:00","dateModified":"2021-07-30T18:22:22+00:00","mainEntityOfPage":{"@id":"https:\/\/www.africa-press.net\/cotedivoire\/dossiers\/tunisie-cote-divoire-lalgerien-condor-repart-a-lassaut-des-marches-africains"},"wordCount":164,"commentCount":0,"image":{"@id":"https:\/\/www.africa-press.net\/cotedivoire\/dossiers\/tunisie-cote-divoire-lalgerien-condor-repart-a-lassaut-des-marches-africains#primaryimage"},"thumbnailUrl":"https:\/\/static.africa-press.net\/cote\/sites\/43\/2021\/07\/img-610413cd2d4c1.jpg","keywords":["Africa Press","Africa Press-C\u00f4te d'Ivoire","C\u00d4TE D'IVOIRE"],"articleSection":["Dossiers","homepage-french","Top Nouvelles","Toutes les actualit\u00e9s"],"inLanguage":"fr-FR","potentialAction":[{"@type":"CommentAction","name":"Comment","target":["https:\/\/www.africa-press.net\/cotedivoire\/dossiers\/tunisie-cote-divoire-lalgerien-condor-repart-a-lassaut-des-marches-africains#respond"]}]},{"@type":"WebPage","@id":"https:\/\/www.africa-press.net\/cotedivoire\/dossiers\/tunisie-cote-divoire-lalgerien-condor-repart-a-lassaut-des-marches-africains","url":"https:\/\/www.africa-press.net\/cotedivoire\/dossiers\/tunisie-cote-divoire-lalgerien-condor-repart-a-lassaut-des-marches-africains","name":"Tunisie, C\u00f4te d\u2019Ivoire : l\u2019alg\u00e9rien Condor repart \u00e0 l\u2019assaut des march\u00e9s africains - C\u00f4te d&#039;Ivoire","isPartOf":{"@id":"https:\/\/www.africa-press.net\/cotedivoire\/#website"},"primaryImageOfPage":{"@id":"https:\/\/www.africa-press.net\/cotedivoire\/dossiers\/tunisie-cote-divoire-lalgerien-condor-repart-a-lassaut-des-marches-africains#primaryimage"},"image":{"@id":"https:\/\/www.africa-press.net\/cotedivoire\/dossiers\/tunisie-cote-divoire-lalgerien-condor-repart-a-lassaut-des-marches-africains#primaryimage"},"thumbnailUrl":"https:\/\/static.africa-press.net\/cote\/sites\/43\/2021\/07\/img-610413cd2d4c1.jpg","datePublished":"2021-07-30T16:31:36+00:00","dateModified":"2021-07-30T18:22:22+00:00","author":{"@id":"https:\/\/www.africa-press.net\/cotedivoire\/#\/schema\/person\/2b1cf3cd81a31e3cd26889ca66d677f1"},"description":"Apr\u00e8s deux ann\u00e9es difficiles, entre crise judiciaire et Covid-19, le fabricant d\u2019\u00e9lectrom\u00e9nager veut regagner ses positi ...","breadcrumb":{"@id":"https:\/\/www.africa-press.net\/cotedivoire\/dossiers\/tunisie-cote-divoire-lalgerien-condor-repart-a-lassaut-des-marches-africains#breadcrumb"},"inLanguage":"fr-FR","potentialAction":[{"@type":"ReadAction","target":["https:\/\/www.africa-press.net\/cotedivoire\/dossiers\/tunisie-cote-divoire-lalgerien-condor-repart-a-lassaut-des-marches-africains"]}]},{"@type":"ImageObject","inLanguage":"fr-FR","@id":"https:\/\/www.africa-press.net\/cotedivoire\/dossiers\/tunisie-cote-divoire-lalgerien-condor-repart-a-lassaut-des-marches-africains#primaryimage","url":"https:\/\/static.africa-press.net\/cote\/sites\/43\/2021\/07\/img-610413cd2d4c1.jpg","contentUrl":"https:\/\/static.africa-press.net\/cote\/sites\/43\/2021\/07\/img-610413cd2d4c1.jpg","width":720,"height":360,"caption":"Tunisie, C\u00f4te d\u2019Ivoire : l\u2019alg\u00e9rien Condor repart \u00e0 l\u2019assaut des march\u00e9s africains"},{"@type":"BreadcrumbList","@id":"https:\/\/www.africa-press.net\/cotedivoire\/dossiers\/tunisie-cote-divoire-lalgerien-condor-repart-a-lassaut-des-marches-africains#breadcrumb","itemListElement":[{"@type":"ListItem","position":1,"name":"Accueil","item":"https:\/\/www.africa-press.net\/cotedivoire\/"},{"@type":"ListItem","position":2,"name":"Tunisie, C\u00f4te d\u2019Ivoire : l\u2019alg\u00e9rien Condor repart \u00e0 l\u2019assaut des march\u00e9s africains"}]},{"@type":"WebSite","@id":"https:\/\/www.africa-press.net\/cotedivoire\/#website","url":"https:\/\/www.africa-press.net\/cotedivoire\/","name":"C\u00f4te d&#039;Ivoire","description":"Just another Africa News Agency Sites site","potentialAction":[{"@type":"SearchAction","target":{"@type":"EntryPoint","urlTemplate":"https:\/\/www.africa-press.net\/cotedivoire\/?s={search_term_string}"},"query-input":{"@type":"PropertyValueSpecification","valueRequired":true,"valueName":"search_term_string"}}],"inLanguage":"fr-FR"},{"@type":"Person","@id":"https:\/\/www.africa-press.net\/cotedivoire\/#\/schema\/person\/2b1cf3cd81a31e3cd26889ca66d677f1","name":"cfeditorfr"}]}},"_links":{"self":[{"href":"https:\/\/www.africa-press.net\/cotedivoire\/wp-json\/wp\/v2\/posts\/10633","targetHints":{"allow":["GET"]}}],"collection":[{"href":"https:\/\/www.africa-press.net\/cotedivoire\/wp-json\/wp\/v2\/posts"}],"about":[{"href":"https:\/\/www.africa-press.net\/cotedivoire\/wp-json\/wp\/v2\/types\/post"}],"author":[{"embeddable":true,"href":"https:\/\/www.africa-press.net\/cotedivoire\/wp-json\/wp\/v2\/users\/82"}],"replies":[{"embeddable":true,"href":"https:\/\/www.africa-press.net\/cotedivoire\/wp-json\/wp\/v2\/comments?post=10633"}],"version-history":[{"count":0,"href":"https:\/\/www.africa-press.net\/cotedivoire\/wp-json\/wp\/v2\/posts\/10633\/revisions"}],"wp:featuredmedia":[{"embeddable":true,"href":"https:\/\/www.africa-press.net\/cotedivoire\/wp-json\/wp\/v2\/media\/10632"}],"wp:attachment":[{"href":"https:\/\/www.africa-press.net\/cotedivoire\/wp-json\/wp\/v2\/media?parent=10633"}],"wp:term":[{"taxonomy":"category","embeddable":true,"href":"https:\/\/www.africa-press.net\/cotedivoire\/wp-json\/wp\/v2\/categories?post=10633"},{"taxonomy":"post_tag","embeddable":true,"href":"https:\/\/www.africa-press.net\/cotedivoire\/wp-json\/wp\/v2\/tags?post=10633"}],"curies":[{"name":"wp","href":"https:\/\/api.w.org\/{rel}","templated":true}]}}