{"id":106346,"date":"2025-10-07T15:35:56","date_gmt":"2025-10-07T15:35:56","guid":{"rendered":"https:\/\/www.africa-press.net\/cotedivoire\/politique\/ouloto-soppose-a-lutilisation-des-jeunes-de-toulepleu"},"modified":"2025-10-07T16:44:31","modified_gmt":"2025-10-07T16:44:31","slug":"ouloto-soppose-a-lutilisation-des-jeunes-de-toulepleu","status":"publish","type":"post","link":"https:\/\/www.africa-press.net\/cotedivoire\/politique\/ouloto-soppose-a-lutilisation-des-jeunes-de-toulepleu","title":{"rendered":"Ouloto S&rsquo;oppose \u00e0 l&rsquo;Utilisation des Jeunes de Toul\u00e9pleu"},"content":{"rendered":"<p><span style=\"color: #ff6600\"><strong>Africa-Press &#8211; C\u00f4te d&rsquo;Ivoire. <\/strong><\/span>La ministre d&rsquo;E\u0301tat, ministre de la Fonction publique et de la modernisation de l&rsquo;administration Anne De\u0301sire\u0301e Ouloto, par ailleurs pre\u0301sidente du Conseil re\u0301gional du Cavally, a eu des rencontres d&rsquo;e\u0301changes avec les jeunes des partis politiques (RHDP, partis de l\u2019opposition (PPACI, COJEP, PDCI, MGC, FPI), CNJCI, communale, taxis-moto, jeunes chre\u0301tiens et musulmans et autres. du de\u0301partement de Toule\u0301pleu. C&rsquo;e\u0301tait le dimanche 5 octobre dernier, a\u0300 sa re\u0301sidence. Dans un lange franc, elle a exhorte\u0301 les jeunes a\u0300 garantir un environnement e\u0301lectorale apaise\u0301 en refusant de suivre les \u00ab\u00a0politiciens bagarreurs\u00a0\u00bb.<\/p>\n<p>\u00ab Non je refuse que les jeunes de Toule\u0301pleu soient encore utilise\u0301s pour la bagarre, le de\u0301sordre, parce que trop c&rsquo;est trop. Allez-y de Maison en maison, pour dire aux parents de ne pas brader votre jeunesse \u00bb, a de\u0301clare\u0301 Anne Ouloto. Invitant les uns et les autres a\u0300 laisser voter ceux qui se rendront dans les urnes, le 25 octobre prochain.<\/p>\n<p>Poursuivant, Anne Ouloto a souhaite\u0301 qu\u2019aucun bruit ne soit entendu venant de la re\u0301gion du Cavally et particulie\u0300rement de Toule\u0301pleu. &lsquo;<\/p>\n<p>\u00ab Cela ne veut pas dire que dans le Cavally il n\u2019y a pas de parti politique de l\u2019opposition. Chacun a le droit d\u2019e\u0302tre dans son parti politique mais ce qui est mis en avant est la pre\u0301servation de la paix, de notre vie \u00bb, a interpelle\u0301 la ministre. Puis de mettre en en garde contre ce qui a e\u0301te\u0301 fait par le passe\u0301 avec les miliciens ou les affrontements entre les populations e\u0301taient re\u0301currents.<\/p>\n<p>\u00ab A cause de quoi? A cause de la politique ! Je ne suis pas venu dire aux jeunes: \u2018Venez soutenir mon candidat.\u2019 La politique est un jeu de\u0301mocratique ; c\u2019est avec des arguments qu\u2019on me\u0300ne le combat pour rafler le suffrage \u00bb, a de\u0301clare\u0301 la coordonnatrice re\u0301gionale du RHDP.<\/p>\n<p>E\u0301nume\u0301rant les acquis de la gouvernance du Pre\u0301sident Alassane Ouattara de 2011 a\u0300 2025 avec le bitumage de la ville de Toule\u0301pleu et de l&rsquo;axe Blolequin Toule\u0301pleu et l&rsquo;e\u0301lectrification de plus 90 % de villages&#8230; Avant d&rsquo;appeler les jeunes a\u0300 continuer de cultiver la paix. Elle les a mis en mission pour sensibiliser leurs fre\u0300res et leurs fils a\u0300 la ne\u0301cessite\u0301 de pre\u0301server la paix.<\/p>\n<p>Ce fut aussi l\u2019occasion pour elle de ramener ses fre\u0300res et s\u0153urs a\u0300 la re\u0301alite\u0301 du terrain, avant de les exhorter a\u0300 tourner dos a\u0300 la politique politicienne et e\u0301pouser celle du de\u0301veloppement pro\u0302ne\u0301 par le Pre\u0301sident Alassane Ouattara<\/p>\n<p>\u00ab C\u2019est la fraternite\u0301 qui peut nous rendre fort. Malheureusement, les querelles politiques ont mis notre re\u0301gion en retard. Faisons le choix de la paix et du de\u0301veloppement avec le Pre\u0301sident Alassane Ouattara et non la politique politicienne \u00bb, a-t-elle de\u0301plore\u0301, attirant leur attention sur l&rsquo;inte\u0301re\u0302t de l&rsquo;unite\u0301. \u00ab\u00a0La politique politicienne ne nous apportera rien. La politique de bavardage ne nous apportera rien\u00a0\u00bb, a fait entendre la ministre de la Fonction publique. Dont le message a e\u0301te\u0301 bien capte\u0301 par ses ho\u0302tes.<\/p>\n<p>Ceux-ci l&rsquo;ont prouve\u0301 a\u0300 travers des tonnerres d&rsquo;applaudissements et des hourras. Au terme des e\u0301changes, tous, jeunes et cadres issus des quatre de\u0301partements du Cavally, ont promis apporter de\u0301sormais leur soutien a\u0300 la ministre.<\/p>\n<p>\u00ab De\u0301sormais, notre parti, c&rsquo;est le Cavally. Partout ou\u0300 vous irez, nous serons avec vous. Nous sommes engage\u0301s a\u0300 vos co\u0302te\u0301s pour le de\u0301partement. Vous pouvez compter sur nous, ont-ils dit en ch\u0153ur.<\/p>\n<p><strong>Pour plus d&rsquo;informations et d&rsquo;analyses sur la <span style=\"color: #ff6600\">C\u00f4te d&rsquo;Ivoire<\/span>, suivez <span style=\"color: #ff6600\">Africa-Press<\/span><\/strong><\/p>\n","protected":false},"excerpt":{"rendered":"<p>Africa-Press &#8211; C\u00f4te d&rsquo;Ivoire. La ministre d&rsquo;E\u0301tat, ministre de la Fonction publique et de la modernisation de l&rsquo;administration Anne De\u0301sire\u0301e Ouloto, par ailleurs pre\u0301sidente du Conseil re\u0301gional du Cavally, a eu des rencontres d&rsquo;e\u0301changes avec les jeunes des partis politiques (RHDP, partis de l\u2019opposition (PPACI, COJEP, PDCI, MGC, FPI), CNJCI, communale, taxis-moto, jeunes chre\u0301tiens et [&hellip;]<\/p>\n","protected":false},"author":82,"featured_media":106345,"comment_status":"open","ping_status":"closed","sticky":false,"template":"","format":"standard","meta":{"footnotes":""},"categories":[2,10],"tags":[1687,29,1208,312,2968],"class_list":["post-106346","post","type-post","status-publish","format-standard","has-post-thumbnail","hentry","category-politique","category-toutes-les-actualites","tag-anne-ouloto","tag-cote-divoire","tag-jeunes","tag-presidentielle","tag-toulepleu"],"yoast_head":"<!-- This site is optimized with the Yoast SEO Premium plugin v26.1 (Yoast SEO v27.0) - https:\/\/yoast.com\/product\/yoast-seo-premium-wordpress\/ -->\n<title>Ouloto S&#039;oppose \u00e0 l&#039;Utilisation des Jeunes de Toul\u00e9pleu - C\u00f4te d&#039;Ivoire<\/title>\n<meta name=\"description\" content=\"La ministre d&#039;E\u0301tat, ministre de la Fonction publique et de la modernisation de l&#039;administration Anne De\u0301sire\u0301e Ouloto, ...\" \/>\n<meta name=\"robots\" content=\"index, follow, max-snippet:-1, max-image-preview:large, max-video-preview:-1\" \/>\n<link rel=\"canonical\" href=\"https:\/\/www.africa-press.net\/cotedivoire\/politique\/ouloto-soppose-a-lutilisation-des-jeunes-de-toulepleu\" \/>\n<meta property=\"og:locale\" content=\"fr_FR\" \/>\n<meta property=\"og:type\" content=\"article\" \/>\n<meta property=\"og:title\" content=\"Ouloto S&#039;oppose \u00e0 l&#039;Utilisation des Jeunes de Toul\u00e9pleu\" \/>\n<meta property=\"og:description\" content=\"La ministre d&#039;E\u0301tat, ministre de la Fonction publique et de la modernisation de l&#039;administration Anne De\u0301sire\u0301e Ouloto, ...\" \/>\n<meta property=\"og:url\" content=\"https:\/\/www.africa-press.net\/cotedivoire\/politique\/ouloto-soppose-a-lutilisation-des-jeunes-de-toulepleu\" \/>\n<meta property=\"og:site_name\" content=\"C\u00f4te d&#039;Ivoire\" \/>\n<meta property=\"article:published_time\" content=\"2025-10-07T15:35:56+00:00\" \/>\n<meta property=\"article:modified_time\" content=\"2025-10-07T16:44:31+00:00\" \/>\n<meta property=\"og:image\" content=\"https:\/\/static.africa-press.net\/cote\/sites\/43\/2025\/10\/sm_1759842841.726769.jpg\" \/>\n\t<meta property=\"og:image:width\" content=\"720\" \/>\n\t<meta property=\"og:image:height\" content=\"337\" \/>\n\t<meta property=\"og:image:type\" content=\"image\/jpeg\" \/>\n<meta name=\"author\" content=\"cfeditorfr\" \/>\n<meta name=\"twitter:card\" content=\"summary_large_image\" \/>\n<meta name=\"twitter:label1\" content=\"\u00c9crit par\" \/>\n\t<meta name=\"twitter:data1\" content=\"cfeditorfr\" \/>\n\t<meta name=\"twitter:label2\" content=\"Dur\u00e9e de lecture estim\u00e9e\" \/>\n\t<meta name=\"twitter:data2\" content=\"4 minutes\" \/>\n<script type=\"application\/ld+json\" class=\"yoast-schema-graph\">{\"@context\":\"https:\/\/schema.org\",\"@graph\":[{\"@type\":\"Article\",\"@id\":\"https:\/\/www.africa-press.net\/cotedivoire\/politique\/ouloto-soppose-a-lutilisation-des-jeunes-de-toulepleu#article\",\"isPartOf\":{\"@id\":\"https:\/\/www.africa-press.net\/cotedivoire\/politique\/ouloto-soppose-a-lutilisation-des-jeunes-de-toulepleu\"},\"author\":{\"name\":\"cfeditorfr\",\"@id\":\"https:\/\/www.africa-press.net\/cotedivoire\/#\/schema\/person\/2b1cf3cd81a31e3cd26889ca66d677f1\"},\"headline\":\"Ouloto S&rsquo;oppose \u00e0 l&rsquo;Utilisation des Jeunes de Toul\u00e9pleu\",\"datePublished\":\"2025-10-07T15:35:56+00:00\",\"dateModified\":\"2025-10-07T16:44:31+00:00\",\"mainEntityOfPage\":{\"@id\":\"https:\/\/www.africa-press.net\/cotedivoire\/politique\/ouloto-soppose-a-lutilisation-des-jeunes-de-toulepleu\"},\"wordCount\":646,\"commentCount\":0,\"image\":{\"@id\":\"https:\/\/www.africa-press.net\/cotedivoire\/politique\/ouloto-soppose-a-lutilisation-des-jeunes-de-toulepleu#primaryimage\"},\"thumbnailUrl\":\"https:\/\/static.africa-press.net\/cote\/sites\/43\/2025\/10\/sm_1759842841.726769.jpg\",\"keywords\":[\"Anne Ouloto\",\"C\u00d4TE D'IVOIRE\",\"jeunes\",\"pr\u00e9sidentielle\",\"Toul\u00e9pleu\"],\"articleSection\":[\"Politique\",\"Toutes les actualit\u00e9s\"],\"inLanguage\":\"fr-FR\",\"potentialAction\":[{\"@type\":\"CommentAction\",\"name\":\"Comment\",\"target\":[\"https:\/\/www.africa-press.net\/cotedivoire\/politique\/ouloto-soppose-a-lutilisation-des-jeunes-de-toulepleu#respond\"]}]},{\"@type\":\"WebPage\",\"@id\":\"https:\/\/www.africa-press.net\/cotedivoire\/politique\/ouloto-soppose-a-lutilisation-des-jeunes-de-toulepleu\",\"url\":\"https:\/\/www.africa-press.net\/cotedivoire\/politique\/ouloto-soppose-a-lutilisation-des-jeunes-de-toulepleu\",\"name\":\"Ouloto S'oppose \u00e0 l'Utilisation des Jeunes de Toul\u00e9pleu - C\u00f4te d&#039;Ivoire\",\"isPartOf\":{\"@id\":\"https:\/\/www.africa-press.net\/cotedivoire\/#website\"},\"primaryImageOfPage\":{\"@id\":\"https:\/\/www.africa-press.net\/cotedivoire\/politique\/ouloto-soppose-a-lutilisation-des-jeunes-de-toulepleu#primaryimage\"},\"image\":{\"@id\":\"https:\/\/www.africa-press.net\/cotedivoire\/politique\/ouloto-soppose-a-lutilisation-des-jeunes-de-toulepleu#primaryimage\"},\"thumbnailUrl\":\"https:\/\/static.africa-press.net\/cote\/sites\/43\/2025\/10\/sm_1759842841.726769.jpg\",\"datePublished\":\"2025-10-07T15:35:56+00:00\",\"dateModified\":\"2025-10-07T16:44:31+00:00\",\"author\":{\"@id\":\"https:\/\/www.africa-press.net\/cotedivoire\/#\/schema\/person\/2b1cf3cd81a31e3cd26889ca66d677f1\"},\"description\":\"La ministre d'E\u0301tat, ministre de la Fonction publique et de la modernisation de l'administration Anne De\u0301sire\u0301e Ouloto, ...\",\"breadcrumb\":{\"@id\":\"https:\/\/www.africa-press.net\/cotedivoire\/politique\/ouloto-soppose-a-lutilisation-des-jeunes-de-toulepleu#breadcrumb\"},\"inLanguage\":\"fr-FR\",\"potentialAction\":[{\"@type\":\"ReadAction\",\"target\":[\"https:\/\/www.africa-press.net\/cotedivoire\/politique\/ouloto-soppose-a-lutilisation-des-jeunes-de-toulepleu\"]}]},{\"@type\":\"ImageObject\",\"inLanguage\":\"fr-FR\",\"@id\":\"https:\/\/www.africa-press.net\/cotedivoire\/politique\/ouloto-soppose-a-lutilisation-des-jeunes-de-toulepleu#primaryimage\",\"url\":\"https:\/\/static.africa-press.net\/cote\/sites\/43\/2025\/10\/sm_1759842841.726769.jpg\",\"contentUrl\":\"https:\/\/static.africa-press.net\/cote\/sites\/43\/2025\/10\/sm_1759842841.726769.jpg\",\"width\":720,\"height\":337,\"caption\":\"Ouloto S'oppose \u00e0 l'Utilisation des Jeunes de Toul\u00e9pleu\"},{\"@type\":\"BreadcrumbList\",\"@id\":\"https:\/\/www.africa-press.net\/cotedivoire\/politique\/ouloto-soppose-a-lutilisation-des-jeunes-de-toulepleu#breadcrumb\",\"itemListElement\":[{\"@type\":\"ListItem\",\"position\":1,\"name\":\"Accueil\",\"item\":\"https:\/\/www.africa-press.net\/cotedivoire\/\"},{\"@type\":\"ListItem\",\"position\":2,\"name\":\"Ouloto S&#8217;oppose \u00e0 l&#8217;Utilisation des Jeunes de Toul\u00e9pleu\"}]},{\"@type\":\"WebSite\",\"@id\":\"https:\/\/www.africa-press.net\/cotedivoire\/#website\",\"url\":\"https:\/\/www.africa-press.net\/cotedivoire\/\",\"name\":\"C\u00f4te d&#039;Ivoire\",\"description\":\"Just another Africa News Agency Sites site\",\"potentialAction\":[{\"@type\":\"SearchAction\",\"target\":{\"@type\":\"EntryPoint\",\"urlTemplate\":\"https:\/\/www.africa-press.net\/cotedivoire\/?s={search_term_string}\"},\"query-input\":{\"@type\":\"PropertyValueSpecification\",\"valueRequired\":true,\"valueName\":\"search_term_string\"}}],\"inLanguage\":\"fr-FR\"},{\"@type\":\"Person\",\"@id\":\"https:\/\/www.africa-press.net\/cotedivoire\/#\/schema\/person\/2b1cf3cd81a31e3cd26889ca66d677f1\",\"name\":\"cfeditorfr\"}]}<\/script>\n<!-- \/ Yoast SEO Premium plugin. -->","yoast_head_json":{"title":"Ouloto S'oppose \u00e0 l'Utilisation des Jeunes de Toul\u00e9pleu - C\u00f4te d&#039;Ivoire","description":"La ministre d'E\u0301tat, ministre de la Fonction publique et de la modernisation de l'administration Anne De\u0301sire\u0301e Ouloto, ...","robots":{"index":"index","follow":"follow","max-snippet":"max-snippet:-1","max-image-preview":"max-image-preview:large","max-video-preview":"max-video-preview:-1"},"canonical":"https:\/\/www.africa-press.net\/cotedivoire\/politique\/ouloto-soppose-a-lutilisation-des-jeunes-de-toulepleu","og_locale":"fr_FR","og_type":"article","og_title":"Ouloto S'oppose \u00e0 l'Utilisation des Jeunes de Toul\u00e9pleu","og_description":"La ministre d'E\u0301tat, ministre de la Fonction publique et de la modernisation de l'administration Anne De\u0301sire\u0301e Ouloto, ...","og_url":"https:\/\/www.africa-press.net\/cotedivoire\/politique\/ouloto-soppose-a-lutilisation-des-jeunes-de-toulepleu","og_site_name":"C\u00f4te d&#039;Ivoire","article_published_time":"2025-10-07T15:35:56+00:00","article_modified_time":"2025-10-07T16:44:31+00:00","og_image":[{"width":720,"height":337,"url":"https:\/\/static.africa-press.net\/cote\/sites\/43\/2025\/10\/sm_1759842841.726769.jpg","type":"image\/jpeg"}],"author":"cfeditorfr","twitter_card":"summary_large_image","twitter_misc":{"\u00c9crit par":"cfeditorfr","Dur\u00e9e de lecture estim\u00e9e":"4 minutes"},"schema":{"@context":"https:\/\/schema.org","@graph":[{"@type":"Article","@id":"https:\/\/www.africa-press.net\/cotedivoire\/politique\/ouloto-soppose-a-lutilisation-des-jeunes-de-toulepleu#article","isPartOf":{"@id":"https:\/\/www.africa-press.net\/cotedivoire\/politique\/ouloto-soppose-a-lutilisation-des-jeunes-de-toulepleu"},"author":{"name":"cfeditorfr","@id":"https:\/\/www.africa-press.net\/cotedivoire\/#\/schema\/person\/2b1cf3cd81a31e3cd26889ca66d677f1"},"headline":"Ouloto S&rsquo;oppose \u00e0 l&rsquo;Utilisation des Jeunes de Toul\u00e9pleu","datePublished":"2025-10-07T15:35:56+00:00","dateModified":"2025-10-07T16:44:31+00:00","mainEntityOfPage":{"@id":"https:\/\/www.africa-press.net\/cotedivoire\/politique\/ouloto-soppose-a-lutilisation-des-jeunes-de-toulepleu"},"wordCount":646,"commentCount":0,"image":{"@id":"https:\/\/www.africa-press.net\/cotedivoire\/politique\/ouloto-soppose-a-lutilisation-des-jeunes-de-toulepleu#primaryimage"},"thumbnailUrl":"https:\/\/static.africa-press.net\/cote\/sites\/43\/2025\/10\/sm_1759842841.726769.jpg","keywords":["Anne Ouloto","C\u00d4TE D'IVOIRE","jeunes","pr\u00e9sidentielle","Toul\u00e9pleu"],"articleSection":["Politique","Toutes les actualit\u00e9s"],"inLanguage":"fr-FR","potentialAction":[{"@type":"CommentAction","name":"Comment","target":["https:\/\/www.africa-press.net\/cotedivoire\/politique\/ouloto-soppose-a-lutilisation-des-jeunes-de-toulepleu#respond"]}]},{"@type":"WebPage","@id":"https:\/\/www.africa-press.net\/cotedivoire\/politique\/ouloto-soppose-a-lutilisation-des-jeunes-de-toulepleu","url":"https:\/\/www.africa-press.net\/cotedivoire\/politique\/ouloto-soppose-a-lutilisation-des-jeunes-de-toulepleu","name":"Ouloto S'oppose \u00e0 l'Utilisation des Jeunes de Toul\u00e9pleu - C\u00f4te d&#039;Ivoire","isPartOf":{"@id":"https:\/\/www.africa-press.net\/cotedivoire\/#website"},"primaryImageOfPage":{"@id":"https:\/\/www.africa-press.net\/cotedivoire\/politique\/ouloto-soppose-a-lutilisation-des-jeunes-de-toulepleu#primaryimage"},"image":{"@id":"https:\/\/www.africa-press.net\/cotedivoire\/politique\/ouloto-soppose-a-lutilisation-des-jeunes-de-toulepleu#primaryimage"},"thumbnailUrl":"https:\/\/static.africa-press.net\/cote\/sites\/43\/2025\/10\/sm_1759842841.726769.jpg","datePublished":"2025-10-07T15:35:56+00:00","dateModified":"2025-10-07T16:44:31+00:00","author":{"@id":"https:\/\/www.africa-press.net\/cotedivoire\/#\/schema\/person\/2b1cf3cd81a31e3cd26889ca66d677f1"},"description":"La ministre d'E\u0301tat, ministre de la Fonction publique et de la modernisation de l'administration Anne De\u0301sire\u0301e Ouloto, ...","breadcrumb":{"@id":"https:\/\/www.africa-press.net\/cotedivoire\/politique\/ouloto-soppose-a-lutilisation-des-jeunes-de-toulepleu#breadcrumb"},"inLanguage":"fr-FR","potentialAction":[{"@type":"ReadAction","target":["https:\/\/www.africa-press.net\/cotedivoire\/politique\/ouloto-soppose-a-lutilisation-des-jeunes-de-toulepleu"]}]},{"@type":"ImageObject","inLanguage":"fr-FR","@id":"https:\/\/www.africa-press.net\/cotedivoire\/politique\/ouloto-soppose-a-lutilisation-des-jeunes-de-toulepleu#primaryimage","url":"https:\/\/static.africa-press.net\/cote\/sites\/43\/2025\/10\/sm_1759842841.726769.jpg","contentUrl":"https:\/\/static.africa-press.net\/cote\/sites\/43\/2025\/10\/sm_1759842841.726769.jpg","width":720,"height":337,"caption":"Ouloto S'oppose \u00e0 l'Utilisation des Jeunes de Toul\u00e9pleu"},{"@type":"BreadcrumbList","@id":"https:\/\/www.africa-press.net\/cotedivoire\/politique\/ouloto-soppose-a-lutilisation-des-jeunes-de-toulepleu#breadcrumb","itemListElement":[{"@type":"ListItem","position":1,"name":"Accueil","item":"https:\/\/www.africa-press.net\/cotedivoire\/"},{"@type":"ListItem","position":2,"name":"Ouloto S&#8217;oppose \u00e0 l&#8217;Utilisation des Jeunes de Toul\u00e9pleu"}]},{"@type":"WebSite","@id":"https:\/\/www.africa-press.net\/cotedivoire\/#website","url":"https:\/\/www.africa-press.net\/cotedivoire\/","name":"C\u00f4te d&#039;Ivoire","description":"Just another Africa News Agency Sites site","potentialAction":[{"@type":"SearchAction","target":{"@type":"EntryPoint","urlTemplate":"https:\/\/www.africa-press.net\/cotedivoire\/?s={search_term_string}"},"query-input":{"@type":"PropertyValueSpecification","valueRequired":true,"valueName":"search_term_string"}}],"inLanguage":"fr-FR"},{"@type":"Person","@id":"https:\/\/www.africa-press.net\/cotedivoire\/#\/schema\/person\/2b1cf3cd81a31e3cd26889ca66d677f1","name":"cfeditorfr"}]}},"_links":{"self":[{"href":"https:\/\/www.africa-press.net\/cotedivoire\/wp-json\/wp\/v2\/posts\/106346","targetHints":{"allow":["GET"]}}],"collection":[{"href":"https:\/\/www.africa-press.net\/cotedivoire\/wp-json\/wp\/v2\/posts"}],"about":[{"href":"https:\/\/www.africa-press.net\/cotedivoire\/wp-json\/wp\/v2\/types\/post"}],"author":[{"embeddable":true,"href":"https:\/\/www.africa-press.net\/cotedivoire\/wp-json\/wp\/v2\/users\/82"}],"replies":[{"embeddable":true,"href":"https:\/\/www.africa-press.net\/cotedivoire\/wp-json\/wp\/v2\/comments?post=106346"}],"version-history":[{"count":0,"href":"https:\/\/www.africa-press.net\/cotedivoire\/wp-json\/wp\/v2\/posts\/106346\/revisions"}],"wp:featuredmedia":[{"embeddable":true,"href":"https:\/\/www.africa-press.net\/cotedivoire\/wp-json\/wp\/v2\/media\/106345"}],"wp:attachment":[{"href":"https:\/\/www.africa-press.net\/cotedivoire\/wp-json\/wp\/v2\/media?parent=106346"}],"wp:term":[{"taxonomy":"category","embeddable":true,"href":"https:\/\/www.africa-press.net\/cotedivoire\/wp-json\/wp\/v2\/categories?post=106346"},{"taxonomy":"post_tag","embeddable":true,"href":"https:\/\/www.africa-press.net\/cotedivoire\/wp-json\/wp\/v2\/tags?post=106346"}],"curies":[{"name":"wp","href":"https:\/\/api.w.org\/{rel}","templated":true}]}}