{"id":106350,"date":"2025-10-07T15:37:54","date_gmt":"2025-10-07T15:37:54","guid":{"rendered":"https:\/\/www.africa-press.net\/cotedivoire\/politique\/burkinabe-nacanabo-prend-presidence-uemoa-conseil-ministres"},"modified":"2025-10-07T16:44:58","modified_gmt":"2025-10-07T16:44:58","slug":"burkinabe-nacanabo-prend-presidence-uemoa-conseil-ministres","status":"publish","type":"post","link":"https:\/\/www.africa-press.net\/cotedivoire\/politique\/burkinabe-nacanabo-prend-presidence-uemoa-conseil-ministres","title":{"rendered":"Burkinab\u00e8 Nacanabo Prend Pr\u00e9sidence UEMOA Conseil Ministres"},"content":{"rendered":"<p><span style=\"color: #ff6600\"><strong>Africa-Press &#8211; C\u00f4te d&rsquo;Ivoire. <\/strong><\/span>Le Conseil des Ministres Statutaire de l\u2019UEMOA (Union Economique et Mone\u0301taire Ouest-Africaine) a un nouveau Pre\u0301sident depuis le lundi 06 Octobre 2025.<\/p>\n<p>Il s\u2019agit du Ministre Burkinabe\u0300 de l&rsquo;Economie et des Finances du Burkina Faso, Aboubakar Nacanabo.<\/p>\n<p>C&rsquo;est a\u0300 l&rsquo;issue de la 3e session ordinaire du Conseil des Ministres Statutaire de l&rsquo;Union, tenue ce 06 octobre 2025 au sie\u0300ge de la BCEAO a\u0300 Dakar qu&rsquo;Aboubacar Nacanabo a e\u0301te\u0301 de\u0301signe\u0301 par ses pairs Pre\u0301sident dudit Conseil. Il succe\u0300de ainsi a\u0300 Adama Coulibaly, Ministre en charge des Finances et du Budget de Co\u0302te d&rsquo;Ivoire pour un mandat de deux ans conforme\u0301ment a\u0300 l&rsquo;article 11 du Traite\u0301 de l&rsquo;UEMOA.<\/p>\n<p><strong>Pour plus d&rsquo;informations et d&rsquo;analyses sur la <span style=\"color: #ff6600\">C\u00f4te d&rsquo;Ivoire<\/span>, suivez <span style=\"color: #ff6600\">Africa-Press<\/span><\/strong><\/p>\n","protected":false},"excerpt":{"rendered":"<p>Africa-Press &#8211; C\u00f4te d&rsquo;Ivoire. Le Conseil des Ministres Statutaire de l\u2019UEMOA (Union Economique et Mone\u0301taire Ouest-Africaine) a un nouveau Pre\u0301sident depuis le lundi 06 Octobre 2025. Il s\u2019agit du Ministre Burkinabe\u0300 de l&rsquo;Economie et des Finances du Burkina Faso, Aboubakar Nacanabo. C&rsquo;est a\u0300 l&rsquo;issue de la 3e session ordinaire du Conseil des Ministres Statutaire de [&hellip;]<\/p>\n","protected":false},"author":82,"featured_media":106349,"comment_status":"open","ping_status":"closed","sticky":false,"template":"","format":"standard","meta":{"footnotes":""},"categories":[2,10],"tags":[16706,1182,8256,29,5157,19093,1634],"class_list":["post-106350","post","type-post","status-publish","format-standard","has-post-thumbnail","hentry","category-politique","category-toutes-les-actualites","tag-aboubakar-nacanabo","tag-adama-coulibaly","tag-conseil-des-ministres","tag-cote-divoire","tag-dakar","tag-statutaires","tag-uemoa"],"yoast_head":"<!-- This site is optimized with the Yoast SEO Premium plugin v26.1 (Yoast SEO v27.0) - https:\/\/yoast.com\/product\/yoast-seo-premium-wordpress\/ -->\n<title>Burkinab\u00e8 Nacanabo Prend Pr\u00e9sidence UEMOA Conseil Ministres - C\u00f4te d&#039;Ivoire<\/title>\n<meta name=\"description\" content=\"Le Conseil des Ministres Statutaire de l\u2019UEMOA (Union Economique et Mone\u0301taire Ouest-Africaine) a un nouveau Pre\u0301sident ...\" \/>\n<meta name=\"robots\" content=\"index, follow, max-snippet:-1, max-image-preview:large, max-video-preview:-1\" \/>\n<link rel=\"canonical\" href=\"https:\/\/www.africa-press.net\/cotedivoire\/politique\/burkinabe-nacanabo-prend-presidence-uemoa-conseil-ministres\" \/>\n<meta property=\"og:locale\" content=\"fr_FR\" \/>\n<meta property=\"og:type\" content=\"article\" \/>\n<meta property=\"og:title\" content=\"Burkinab\u00e8 Nacanabo Prend Pr\u00e9sidence UEMOA Conseil Ministres\" \/>\n<meta property=\"og:description\" content=\"Le Conseil des Ministres Statutaire de l\u2019UEMOA (Union Economique et Mone\u0301taire Ouest-Africaine) a un nouveau Pre\u0301sident ...\" \/>\n<meta property=\"og:url\" content=\"https:\/\/www.africa-press.net\/cotedivoire\/politique\/burkinabe-nacanabo-prend-presidence-uemoa-conseil-ministres\" \/>\n<meta property=\"og:site_name\" content=\"C\u00f4te d&#039;Ivoire\" \/>\n<meta property=\"article:published_time\" content=\"2025-10-07T15:37:54+00:00\" \/>\n<meta property=\"article:modified_time\" content=\"2025-10-07T16:44:58+00:00\" \/>\n<meta property=\"og:image\" content=\"https:\/\/static.africa-press.net\/cote\/sites\/43\/2025\/10\/sm_1759842865.741854.jpg\" \/>\n\t<meta property=\"og:image:width\" content=\"720\" \/>\n\t<meta property=\"og:image:height\" content=\"405\" \/>\n\t<meta property=\"og:image:type\" content=\"image\/jpeg\" \/>\n<meta name=\"author\" content=\"cfeditorfr\" \/>\n<meta name=\"twitter:card\" content=\"summary_large_image\" \/>\n<meta name=\"twitter:label1\" content=\"\u00c9crit par\" \/>\n\t<meta name=\"twitter:data1\" content=\"cfeditorfr\" \/>\n\t<meta name=\"twitter:label2\" content=\"Dur\u00e9e de lecture estim\u00e9e\" \/>\n\t<meta name=\"twitter:data2\" content=\"1 minute\" \/>\n<script type=\"application\/ld+json\" class=\"yoast-schema-graph\">{\"@context\":\"https:\/\/schema.org\",\"@graph\":[{\"@type\":\"Article\",\"@id\":\"https:\/\/www.africa-press.net\/cotedivoire\/politique\/burkinabe-nacanabo-prend-presidence-uemoa-conseil-ministres#article\",\"isPartOf\":{\"@id\":\"https:\/\/www.africa-press.net\/cotedivoire\/politique\/burkinabe-nacanabo-prend-presidence-uemoa-conseil-ministres\"},\"author\":{\"name\":\"cfeditorfr\",\"@id\":\"https:\/\/www.africa-press.net\/cotedivoire\/#\/schema\/person\/2b1cf3cd81a31e3cd26889ca66d677f1\"},\"headline\":\"Burkinab\u00e8 Nacanabo Prend Pr\u00e9sidence UEMOA Conseil Ministres\",\"datePublished\":\"2025-10-07T15:37:54+00:00\",\"dateModified\":\"2025-10-07T16:44:58+00:00\",\"mainEntityOfPage\":{\"@id\":\"https:\/\/www.africa-press.net\/cotedivoire\/politique\/burkinabe-nacanabo-prend-presidence-uemoa-conseil-ministres\"},\"wordCount\":149,\"commentCount\":0,\"image\":{\"@id\":\"https:\/\/www.africa-press.net\/cotedivoire\/politique\/burkinabe-nacanabo-prend-presidence-uemoa-conseil-ministres#primaryimage\"},\"thumbnailUrl\":\"https:\/\/static.africa-press.net\/cote\/sites\/43\/2025\/10\/sm_1759842865.741854.jpg\",\"keywords\":[\"Aboubakar Nacanabo\",\"Adama Coulibaly\",\"Conseil des ministres\",\"C\u00d4TE D'IVOIRE\",\"Dakar\",\"Statutaires\",\"UEMOA\"],\"articleSection\":[\"Politique\",\"Toutes les actualit\u00e9s\"],\"inLanguage\":\"fr-FR\",\"potentialAction\":[{\"@type\":\"CommentAction\",\"name\":\"Comment\",\"target\":[\"https:\/\/www.africa-press.net\/cotedivoire\/politique\/burkinabe-nacanabo-prend-presidence-uemoa-conseil-ministres#respond\"]}]},{\"@type\":\"WebPage\",\"@id\":\"https:\/\/www.africa-press.net\/cotedivoire\/politique\/burkinabe-nacanabo-prend-presidence-uemoa-conseil-ministres\",\"url\":\"https:\/\/www.africa-press.net\/cotedivoire\/politique\/burkinabe-nacanabo-prend-presidence-uemoa-conseil-ministres\",\"name\":\"Burkinab\u00e8 Nacanabo Prend Pr\u00e9sidence UEMOA Conseil Ministres - C\u00f4te d&#039;Ivoire\",\"isPartOf\":{\"@id\":\"https:\/\/www.africa-press.net\/cotedivoire\/#website\"},\"primaryImageOfPage\":{\"@id\":\"https:\/\/www.africa-press.net\/cotedivoire\/politique\/burkinabe-nacanabo-prend-presidence-uemoa-conseil-ministres#primaryimage\"},\"image\":{\"@id\":\"https:\/\/www.africa-press.net\/cotedivoire\/politique\/burkinabe-nacanabo-prend-presidence-uemoa-conseil-ministres#primaryimage\"},\"thumbnailUrl\":\"https:\/\/static.africa-press.net\/cote\/sites\/43\/2025\/10\/sm_1759842865.741854.jpg\",\"datePublished\":\"2025-10-07T15:37:54+00:00\",\"dateModified\":\"2025-10-07T16:44:58+00:00\",\"author\":{\"@id\":\"https:\/\/www.africa-press.net\/cotedivoire\/#\/schema\/person\/2b1cf3cd81a31e3cd26889ca66d677f1\"},\"description\":\"Le Conseil des Ministres Statutaire de l\u2019UEMOA (Union Economique et Mone\u0301taire Ouest-Africaine) a un nouveau Pre\u0301sident ...\",\"breadcrumb\":{\"@id\":\"https:\/\/www.africa-press.net\/cotedivoire\/politique\/burkinabe-nacanabo-prend-presidence-uemoa-conseil-ministres#breadcrumb\"},\"inLanguage\":\"fr-FR\",\"potentialAction\":[{\"@type\":\"ReadAction\",\"target\":[\"https:\/\/www.africa-press.net\/cotedivoire\/politique\/burkinabe-nacanabo-prend-presidence-uemoa-conseil-ministres\"]}]},{\"@type\":\"ImageObject\",\"inLanguage\":\"fr-FR\",\"@id\":\"https:\/\/www.africa-press.net\/cotedivoire\/politique\/burkinabe-nacanabo-prend-presidence-uemoa-conseil-ministres#primaryimage\",\"url\":\"https:\/\/static.africa-press.net\/cote\/sites\/43\/2025\/10\/sm_1759842865.741854.jpg\",\"contentUrl\":\"https:\/\/static.africa-press.net\/cote\/sites\/43\/2025\/10\/sm_1759842865.741854.jpg\",\"width\":720,\"height\":405,\"caption\":\"Burkinab\u00e8 Nacanabo Prend Pr\u00e9sidence UEMOA Conseil Ministres\"},{\"@type\":\"BreadcrumbList\",\"@id\":\"https:\/\/www.africa-press.net\/cotedivoire\/politique\/burkinabe-nacanabo-prend-presidence-uemoa-conseil-ministres#breadcrumb\",\"itemListElement\":[{\"@type\":\"ListItem\",\"position\":1,\"name\":\"Accueil\",\"item\":\"https:\/\/www.africa-press.net\/cotedivoire\/\"},{\"@type\":\"ListItem\",\"position\":2,\"name\":\"Burkinab\u00e8 Nacanabo Prend Pr\u00e9sidence UEMOA Conseil Ministres\"}]},{\"@type\":\"WebSite\",\"@id\":\"https:\/\/www.africa-press.net\/cotedivoire\/#website\",\"url\":\"https:\/\/www.africa-press.net\/cotedivoire\/\",\"name\":\"C\u00f4te d&#039;Ivoire\",\"description\":\"Just another Africa News Agency Sites site\",\"potentialAction\":[{\"@type\":\"SearchAction\",\"target\":{\"@type\":\"EntryPoint\",\"urlTemplate\":\"https:\/\/www.africa-press.net\/cotedivoire\/?s={search_term_string}\"},\"query-input\":{\"@type\":\"PropertyValueSpecification\",\"valueRequired\":true,\"valueName\":\"search_term_string\"}}],\"inLanguage\":\"fr-FR\"},{\"@type\":\"Person\",\"@id\":\"https:\/\/www.africa-press.net\/cotedivoire\/#\/schema\/person\/2b1cf3cd81a31e3cd26889ca66d677f1\",\"name\":\"cfeditorfr\"}]}<\/script>\n<!-- \/ Yoast SEO Premium plugin. -->","yoast_head_json":{"title":"Burkinab\u00e8 Nacanabo Prend Pr\u00e9sidence UEMOA Conseil Ministres - C\u00f4te d&#039;Ivoire","description":"Le Conseil des Ministres Statutaire de l\u2019UEMOA (Union Economique et Mone\u0301taire Ouest-Africaine) a un nouveau Pre\u0301sident ...","robots":{"index":"index","follow":"follow","max-snippet":"max-snippet:-1","max-image-preview":"max-image-preview:large","max-video-preview":"max-video-preview:-1"},"canonical":"https:\/\/www.africa-press.net\/cotedivoire\/politique\/burkinabe-nacanabo-prend-presidence-uemoa-conseil-ministres","og_locale":"fr_FR","og_type":"article","og_title":"Burkinab\u00e8 Nacanabo Prend Pr\u00e9sidence UEMOA Conseil Ministres","og_description":"Le Conseil des Ministres Statutaire de l\u2019UEMOA (Union Economique et Mone\u0301taire Ouest-Africaine) a un nouveau Pre\u0301sident ...","og_url":"https:\/\/www.africa-press.net\/cotedivoire\/politique\/burkinabe-nacanabo-prend-presidence-uemoa-conseil-ministres","og_site_name":"C\u00f4te d&#039;Ivoire","article_published_time":"2025-10-07T15:37:54+00:00","article_modified_time":"2025-10-07T16:44:58+00:00","og_image":[{"width":720,"height":405,"url":"https:\/\/static.africa-press.net\/cote\/sites\/43\/2025\/10\/sm_1759842865.741854.jpg","type":"image\/jpeg"}],"author":"cfeditorfr","twitter_card":"summary_large_image","twitter_misc":{"\u00c9crit par":"cfeditorfr","Dur\u00e9e de lecture estim\u00e9e":"1 minute"},"schema":{"@context":"https:\/\/schema.org","@graph":[{"@type":"Article","@id":"https:\/\/www.africa-press.net\/cotedivoire\/politique\/burkinabe-nacanabo-prend-presidence-uemoa-conseil-ministres#article","isPartOf":{"@id":"https:\/\/www.africa-press.net\/cotedivoire\/politique\/burkinabe-nacanabo-prend-presidence-uemoa-conseil-ministres"},"author":{"name":"cfeditorfr","@id":"https:\/\/www.africa-press.net\/cotedivoire\/#\/schema\/person\/2b1cf3cd81a31e3cd26889ca66d677f1"},"headline":"Burkinab\u00e8 Nacanabo Prend Pr\u00e9sidence UEMOA Conseil Ministres","datePublished":"2025-10-07T15:37:54+00:00","dateModified":"2025-10-07T16:44:58+00:00","mainEntityOfPage":{"@id":"https:\/\/www.africa-press.net\/cotedivoire\/politique\/burkinabe-nacanabo-prend-presidence-uemoa-conseil-ministres"},"wordCount":149,"commentCount":0,"image":{"@id":"https:\/\/www.africa-press.net\/cotedivoire\/politique\/burkinabe-nacanabo-prend-presidence-uemoa-conseil-ministres#primaryimage"},"thumbnailUrl":"https:\/\/static.africa-press.net\/cote\/sites\/43\/2025\/10\/sm_1759842865.741854.jpg","keywords":["Aboubakar Nacanabo","Adama Coulibaly","Conseil des ministres","C\u00d4TE D'IVOIRE","Dakar","Statutaires","UEMOA"],"articleSection":["Politique","Toutes les actualit\u00e9s"],"inLanguage":"fr-FR","potentialAction":[{"@type":"CommentAction","name":"Comment","target":["https:\/\/www.africa-press.net\/cotedivoire\/politique\/burkinabe-nacanabo-prend-presidence-uemoa-conseil-ministres#respond"]}]},{"@type":"WebPage","@id":"https:\/\/www.africa-press.net\/cotedivoire\/politique\/burkinabe-nacanabo-prend-presidence-uemoa-conseil-ministres","url":"https:\/\/www.africa-press.net\/cotedivoire\/politique\/burkinabe-nacanabo-prend-presidence-uemoa-conseil-ministres","name":"Burkinab\u00e8 Nacanabo Prend Pr\u00e9sidence UEMOA Conseil Ministres - C\u00f4te d&#039;Ivoire","isPartOf":{"@id":"https:\/\/www.africa-press.net\/cotedivoire\/#website"},"primaryImageOfPage":{"@id":"https:\/\/www.africa-press.net\/cotedivoire\/politique\/burkinabe-nacanabo-prend-presidence-uemoa-conseil-ministres#primaryimage"},"image":{"@id":"https:\/\/www.africa-press.net\/cotedivoire\/politique\/burkinabe-nacanabo-prend-presidence-uemoa-conseil-ministres#primaryimage"},"thumbnailUrl":"https:\/\/static.africa-press.net\/cote\/sites\/43\/2025\/10\/sm_1759842865.741854.jpg","datePublished":"2025-10-07T15:37:54+00:00","dateModified":"2025-10-07T16:44:58+00:00","author":{"@id":"https:\/\/www.africa-press.net\/cotedivoire\/#\/schema\/person\/2b1cf3cd81a31e3cd26889ca66d677f1"},"description":"Le Conseil des Ministres Statutaire de l\u2019UEMOA (Union Economique et Mone\u0301taire Ouest-Africaine) a un nouveau Pre\u0301sident ...","breadcrumb":{"@id":"https:\/\/www.africa-press.net\/cotedivoire\/politique\/burkinabe-nacanabo-prend-presidence-uemoa-conseil-ministres#breadcrumb"},"inLanguage":"fr-FR","potentialAction":[{"@type":"ReadAction","target":["https:\/\/www.africa-press.net\/cotedivoire\/politique\/burkinabe-nacanabo-prend-presidence-uemoa-conseil-ministres"]}]},{"@type":"ImageObject","inLanguage":"fr-FR","@id":"https:\/\/www.africa-press.net\/cotedivoire\/politique\/burkinabe-nacanabo-prend-presidence-uemoa-conseil-ministres#primaryimage","url":"https:\/\/static.africa-press.net\/cote\/sites\/43\/2025\/10\/sm_1759842865.741854.jpg","contentUrl":"https:\/\/static.africa-press.net\/cote\/sites\/43\/2025\/10\/sm_1759842865.741854.jpg","width":720,"height":405,"caption":"Burkinab\u00e8 Nacanabo Prend Pr\u00e9sidence UEMOA Conseil Ministres"},{"@type":"BreadcrumbList","@id":"https:\/\/www.africa-press.net\/cotedivoire\/politique\/burkinabe-nacanabo-prend-presidence-uemoa-conseil-ministres#breadcrumb","itemListElement":[{"@type":"ListItem","position":1,"name":"Accueil","item":"https:\/\/www.africa-press.net\/cotedivoire\/"},{"@type":"ListItem","position":2,"name":"Burkinab\u00e8 Nacanabo Prend Pr\u00e9sidence UEMOA Conseil Ministres"}]},{"@type":"WebSite","@id":"https:\/\/www.africa-press.net\/cotedivoire\/#website","url":"https:\/\/www.africa-press.net\/cotedivoire\/","name":"C\u00f4te d&#039;Ivoire","description":"Just another Africa News Agency Sites site","potentialAction":[{"@type":"SearchAction","target":{"@type":"EntryPoint","urlTemplate":"https:\/\/www.africa-press.net\/cotedivoire\/?s={search_term_string}"},"query-input":{"@type":"PropertyValueSpecification","valueRequired":true,"valueName":"search_term_string"}}],"inLanguage":"fr-FR"},{"@type":"Person","@id":"https:\/\/www.africa-press.net\/cotedivoire\/#\/schema\/person\/2b1cf3cd81a31e3cd26889ca66d677f1","name":"cfeditorfr"}]}},"_links":{"self":[{"href":"https:\/\/www.africa-press.net\/cotedivoire\/wp-json\/wp\/v2\/posts\/106350","targetHints":{"allow":["GET"]}}],"collection":[{"href":"https:\/\/www.africa-press.net\/cotedivoire\/wp-json\/wp\/v2\/posts"}],"about":[{"href":"https:\/\/www.africa-press.net\/cotedivoire\/wp-json\/wp\/v2\/types\/post"}],"author":[{"embeddable":true,"href":"https:\/\/www.africa-press.net\/cotedivoire\/wp-json\/wp\/v2\/users\/82"}],"replies":[{"embeddable":true,"href":"https:\/\/www.africa-press.net\/cotedivoire\/wp-json\/wp\/v2\/comments?post=106350"}],"version-history":[{"count":0,"href":"https:\/\/www.africa-press.net\/cotedivoire\/wp-json\/wp\/v2\/posts\/106350\/revisions"}],"wp:featuredmedia":[{"embeddable":true,"href":"https:\/\/www.africa-press.net\/cotedivoire\/wp-json\/wp\/v2\/media\/106349"}],"wp:attachment":[{"href":"https:\/\/www.africa-press.net\/cotedivoire\/wp-json\/wp\/v2\/media?parent=106350"}],"wp:term":[{"taxonomy":"category","embeddable":true,"href":"https:\/\/www.africa-press.net\/cotedivoire\/wp-json\/wp\/v2\/categories?post=106350"},{"taxonomy":"post_tag","embeddable":true,"href":"https:\/\/www.africa-press.net\/cotedivoire\/wp-json\/wp\/v2\/tags?post=106350"}],"curies":[{"name":"wp","href":"https:\/\/api.w.org\/{rel}","templated":true}]}}