{"id":106367,"date":"2025-10-07T15:43:08","date_gmt":"2025-10-07T15:43:08","guid":{"rendered":"https:\/\/www.africa-press.net\/cotedivoire\/politique\/amadou-kone-sur-la-paix-et-la-cohesion-a-bouake"},"modified":"2025-10-07T16:46:25","modified_gmt":"2025-10-07T16:46:25","slug":"amadou-kone-sur-la-paix-et-la-cohesion-a-bouake","status":"publish","type":"post","link":"https:\/\/www.africa-press.net\/cotedivoire\/politique\/amadou-kone-sur-la-paix-et-la-cohesion-a-bouake","title":{"rendered":"Amadou Kon\u00e9 Sur La Paix Et La Coh\u00e9sion \u00c0 Bouak\u00e9"},"content":{"rendered":"<p><span style=\"color: #ff6600\"><strong>Africa-Press &#8211; C\u00f4te d&rsquo;Ivoire. <\/strong><\/span>A\u0300 moins de trois semaines du scrutin du 25 octobre, le ministre Amadou Kone\u0301, directeur re\u0301gional de campagne du RHDP pour Bouake\u0301, Brobo et Djebonoua, a lance\u0301 une ope\u0301ration de terrain d\u2019envergure. Du 7 au 9 octobre 2025, 244 de\u0301le\u0301gations ont e\u0301te\u0301 de\u0301ploye\u0301es pour sensibiliser, e\u0301couter et mobiliser les populations en faveur d\u2019un vote apaise\u0301 et massivement participatif.<\/p>\n<p>De\u0301termine\u0301 a\u0300 faire de Bouake\u0301, Brobo et Djebonoua un exemple de maturite\u0301 de\u0301mocratique, Amadou Kone\u0301 a pilote\u0301 le lancement d\u2019une mission ine\u0301dite de sensibilisation. Pendant trois jours, 244 de\u0301le\u0301gations RHDP ont sillonne\u0301 villages, quartiers et hameaux pour dialoguer directement avec les populations.<\/p>\n<p>L\u2019objectif? Cre\u0301er un lien de confiance, transmettre les messages-cle\u0301s de la campagne, mais surtout garantir une e\u0301lection sans tension.<\/p>\n<p>Les missions confie\u0301es a\u0300 ces e\u0301quipes e\u0301taient claires, annoncer et expliquer la candidature du pre\u0301sident Alassane Ouattara, informer sur les re\u0300gles e\u0301lectorales et les de\u0301cisions du Conseil constitutionnel, encourager le retrait massif des cartes d\u2019e\u0301lecteur, promouvoir la paix, la tole\u0301rance et le respect des diffe\u0301rences, recueillir les pre\u0301occupations des citoyens et renforcer le maillage du RHDP dans les zones peu couvertes.<\/p>\n<p>Pour le ministre Amadou Kone\u0301, cette campagne n\u2019est pas seulement e\u0301lectorale. Elle est aussi civique.<\/p>\n<p>\u00ab Chaque rencontre est une opportunite\u0301 de ba\u0302tir la paix et la cohe\u0301sion. Nous voulons que notre re\u0301gion soit un mode\u0300le de de\u0301mocratie apaise\u0301e et participative \u00bb, a-t-il de\u0301clare\u0301.<\/p>\n<p>Cette approche de proximite\u0301 refle\u0300te la volonte\u0301 du RHDP d\u2019inscrire la campagne dans un esprit de dialogue permanent, dans un pays ou\u0300 la me\u0301moire des crises passe\u0301es impose la prudence et la responsabilite\u0301.<\/p>\n<p>Au-dela\u0300 de la sensibilisation, les e\u0301quipes de terrain ont mis en lumie\u0300re les re\u0301alisations concre\u0300tes du pre\u0301sident Ouattara dans la re\u0301gion de Bouake\u0301, sous la coordination locale d\u2019Amadou Kone\u0301: infrastructures routie\u0300res, programmes pour les jeunes, actions sociales, e\u0301lectricite\u0301, acce\u0300s a\u0300 l\u2019eau potable&#8230;<\/p>\n<p>Les de\u0301le\u0301gue\u0301s ont insiste\u0301 sur la ne\u0301cessite\u0301 de pre\u0301server ces acquis et d\u2019encourager une prospe\u0301rite\u0301 partage\u0301e. Les e\u0301changes ont aussi porte\u0301 sur l\u2019importance d\u2019une participation active des femmes et des jeunes a\u0300 la vie politique.<\/p>\n<p>La strate\u0301gie est claire: pre\u0301venir les tensions, apaiser les esprits et cre\u0301er les conditions d\u2019un scrutin transparent et se\u0301curise\u0301.<\/p>\n<p>Amadou Kone\u0301 l\u2019a rappele\u0301 a\u0300 ses e\u0301quipes: \u00ab Votre pre\u0301sence sur le terrain doit e\u0302tre un facteur de stabilite\u0301. Chacun de vous est un messager de paix. Notre priorite\u0301, c\u2019est ze\u0301ro incident, ze\u0301ro provocation, ze\u0301ro violence. \u00bb<\/p>\n<p>Avec 244 de\u0301le\u0301gations mobilise\u0301es, le RHDP engage sa campagne pre\u0301sidentielle dans la re\u0301gion de Bouake\u0301 sous le signe de l\u2019e\u0301coute, de l\u2019implication citoyenne et de la paix durable.<\/p>\n<p>Une dynamique forte est en marche, porte\u0301e par une jeunesse engage\u0301e, des leaders de proximite\u0301 et un mot d\u2019ordre: faire du scrutin du 25 octobre un rendez-vous de\u0301mocratique re\u0301ussi.<\/p>\n<p><strong>Pour plus d&rsquo;informations et d&rsquo;analyses sur la <span style=\"color: #ff6600\">C\u00f4te d&rsquo;Ivoire<\/span>, suivez <span style=\"color: #ff6600\">Africa-Press<\/span><\/strong><\/p>\n","protected":false},"excerpt":{"rendered":"<p>Africa-Press &#8211; C\u00f4te d&rsquo;Ivoire. A\u0300 moins de trois semaines du scrutin du 25 octobre, le ministre Amadou Kone\u0301, directeur re\u0301gional de campagne du RHDP pour Bouake\u0301, Brobo et Djebonoua, a lance\u0301 une ope\u0301ration de terrain d\u2019envergure. Du 7 au 9 octobre 2025, 244 de\u0301le\u0301gations ont e\u0301te\u0301 de\u0301ploye\u0301es pour sensibiliser, e\u0301couter et mobiliser les populations en [&hellip;]<\/p>\n","protected":false},"author":82,"featured_media":106366,"comment_status":"open","ping_status":"closed","sticky":false,"template":"","format":"standard","meta":{"footnotes":""},"categories":[2,10],"tags":[390,366,5384,18973,4859,29,4259,600,371,19098],"class_list":["post-106367","post","type-post","status-publish","format-standard","has-post-thumbnail","hentry","category-politique","category-toutes-les-actualites","tag-amadou-kone","tag-bouake","tag-brobo","tag-campagne-electorale","tag-cohesion-sociale","tag-cote-divoire","tag-djebonoua","tag-paix","tag-rhdp","tag-zero-incident"],"yoast_head":"<!-- This site is optimized with the Yoast SEO Premium plugin v26.1 (Yoast SEO v27.0) - https:\/\/yoast.com\/product\/yoast-seo-premium-wordpress\/ -->\n<title>Amadou Kon\u00e9 Sur La Paix Et La Coh\u00e9sion \u00c0 Bouak\u00e9 - C\u00f4te d&#039;Ivoire<\/title>\n<meta name=\"description\" content=\"A\u0300 moins de trois semaines du scrutin du 25 octobre, le ministre Amadou Kone\u0301, directeur re\u0301gional de campagne du RHDP p ...\" \/>\n<meta name=\"robots\" content=\"index, follow, max-snippet:-1, max-image-preview:large, max-video-preview:-1\" \/>\n<link rel=\"canonical\" href=\"https:\/\/www.africa-press.net\/cotedivoire\/politique\/amadou-kone-sur-la-paix-et-la-cohesion-a-bouake\" \/>\n<meta property=\"og:locale\" content=\"fr_FR\" \/>\n<meta property=\"og:type\" content=\"article\" \/>\n<meta property=\"og:title\" content=\"Amadou Kon\u00e9 Sur La Paix Et La Coh\u00e9sion \u00c0 Bouak\u00e9\" \/>\n<meta property=\"og:description\" content=\"A\u0300 moins de trois semaines du scrutin du 25 octobre, le ministre Amadou Kone\u0301, directeur re\u0301gional de campagne du RHDP p ...\" \/>\n<meta property=\"og:url\" content=\"https:\/\/www.africa-press.net\/cotedivoire\/politique\/amadou-kone-sur-la-paix-et-la-cohesion-a-bouake\" \/>\n<meta property=\"og:site_name\" content=\"C\u00f4te d&#039;Ivoire\" \/>\n<meta property=\"article:published_time\" content=\"2025-10-07T15:43:08+00:00\" \/>\n<meta property=\"article:modified_time\" content=\"2025-10-07T16:46:25+00:00\" \/>\n<meta property=\"og:image\" content=\"https:\/\/static.africa-press.net\/cote\/sites\/43\/2025\/10\/sm_1759842943.161082.jpg\" \/>\n\t<meta property=\"og:image:width\" content=\"1280\" \/>\n\t<meta property=\"og:image:height\" content=\"720\" \/>\n\t<meta property=\"og:image:type\" content=\"image\/jpeg\" \/>\n<meta name=\"author\" content=\"cfeditorfr\" \/>\n<meta name=\"twitter:card\" content=\"summary_large_image\" \/>\n<meta name=\"twitter:label1\" content=\"\u00c9crit par\" \/>\n\t<meta name=\"twitter:data1\" content=\"cfeditorfr\" \/>\n\t<meta name=\"twitter:label2\" content=\"Dur\u00e9e de lecture estim\u00e9e\" \/>\n\t<meta name=\"twitter:data2\" content=\"3 minutes\" \/>\n<script type=\"application\/ld+json\" class=\"yoast-schema-graph\">{\"@context\":\"https:\/\/schema.org\",\"@graph\":[{\"@type\":\"Article\",\"@id\":\"https:\/\/www.africa-press.net\/cotedivoire\/politique\/amadou-kone-sur-la-paix-et-la-cohesion-a-bouake#article\",\"isPartOf\":{\"@id\":\"https:\/\/www.africa-press.net\/cotedivoire\/politique\/amadou-kone-sur-la-paix-et-la-cohesion-a-bouake\"},\"author\":{\"name\":\"cfeditorfr\",\"@id\":\"https:\/\/www.africa-press.net\/cotedivoire\/#\/schema\/person\/2b1cf3cd81a31e3cd26889ca66d677f1\"},\"headline\":\"Amadou Kon\u00e9 Sur La Paix Et La Coh\u00e9sion \u00c0 Bouak\u00e9\",\"datePublished\":\"2025-10-07T15:43:08+00:00\",\"dateModified\":\"2025-10-07T16:46:25+00:00\",\"mainEntityOfPage\":{\"@id\":\"https:\/\/www.africa-press.net\/cotedivoire\/politique\/amadou-kone-sur-la-paix-et-la-cohesion-a-bouake\"},\"wordCount\":559,\"commentCount\":0,\"image\":{\"@id\":\"https:\/\/www.africa-press.net\/cotedivoire\/politique\/amadou-kone-sur-la-paix-et-la-cohesion-a-bouake#primaryimage\"},\"thumbnailUrl\":\"https:\/\/static.africa-press.net\/cote\/sites\/43\/2025\/10\/sm_1759842943.161082.jpg\",\"keywords\":[\"Amadou Kon\u00e9\",\"Bouak\u00e9\",\"Brobo\",\"campagne \u00e9lectorale\",\"coh\u00e9sion sociale\",\"C\u00d4TE D'IVOIRE\",\"Dj\u00e9bonoua\",\"paix\",\"RHDP\",\"z\u00e9ro incident\"],\"articleSection\":[\"Politique\",\"Toutes les actualit\u00e9s\"],\"inLanguage\":\"fr-FR\",\"potentialAction\":[{\"@type\":\"CommentAction\",\"name\":\"Comment\",\"target\":[\"https:\/\/www.africa-press.net\/cotedivoire\/politique\/amadou-kone-sur-la-paix-et-la-cohesion-a-bouake#respond\"]}]},{\"@type\":\"WebPage\",\"@id\":\"https:\/\/www.africa-press.net\/cotedivoire\/politique\/amadou-kone-sur-la-paix-et-la-cohesion-a-bouake\",\"url\":\"https:\/\/www.africa-press.net\/cotedivoire\/politique\/amadou-kone-sur-la-paix-et-la-cohesion-a-bouake\",\"name\":\"Amadou Kon\u00e9 Sur La Paix Et La Coh\u00e9sion \u00c0 Bouak\u00e9 - C\u00f4te d&#039;Ivoire\",\"isPartOf\":{\"@id\":\"https:\/\/www.africa-press.net\/cotedivoire\/#website\"},\"primaryImageOfPage\":{\"@id\":\"https:\/\/www.africa-press.net\/cotedivoire\/politique\/amadou-kone-sur-la-paix-et-la-cohesion-a-bouake#primaryimage\"},\"image\":{\"@id\":\"https:\/\/www.africa-press.net\/cotedivoire\/politique\/amadou-kone-sur-la-paix-et-la-cohesion-a-bouake#primaryimage\"},\"thumbnailUrl\":\"https:\/\/static.africa-press.net\/cote\/sites\/43\/2025\/10\/sm_1759842943.161082.jpg\",\"datePublished\":\"2025-10-07T15:43:08+00:00\",\"dateModified\":\"2025-10-07T16:46:25+00:00\",\"author\":{\"@id\":\"https:\/\/www.africa-press.net\/cotedivoire\/#\/schema\/person\/2b1cf3cd81a31e3cd26889ca66d677f1\"},\"description\":\"A\u0300 moins de trois semaines du scrutin du 25 octobre, le ministre Amadou Kone\u0301, directeur re\u0301gional de campagne du RHDP p ...\",\"breadcrumb\":{\"@id\":\"https:\/\/www.africa-press.net\/cotedivoire\/politique\/amadou-kone-sur-la-paix-et-la-cohesion-a-bouake#breadcrumb\"},\"inLanguage\":\"fr-FR\",\"potentialAction\":[{\"@type\":\"ReadAction\",\"target\":[\"https:\/\/www.africa-press.net\/cotedivoire\/politique\/amadou-kone-sur-la-paix-et-la-cohesion-a-bouake\"]}]},{\"@type\":\"ImageObject\",\"inLanguage\":\"fr-FR\",\"@id\":\"https:\/\/www.africa-press.net\/cotedivoire\/politique\/amadou-kone-sur-la-paix-et-la-cohesion-a-bouake#primaryimage\",\"url\":\"https:\/\/static.africa-press.net\/cote\/sites\/43\/2025\/10\/sm_1759842943.161082.jpg\",\"contentUrl\":\"https:\/\/static.africa-press.net\/cote\/sites\/43\/2025\/10\/sm_1759842943.161082.jpg\",\"width\":1280,\"height\":720,\"caption\":\"Amadou Kon\u00e9 Sur La Paix Et La Coh\u00e9sion \u00c0 Bouak\u00e9\"},{\"@type\":\"BreadcrumbList\",\"@id\":\"https:\/\/www.africa-press.net\/cotedivoire\/politique\/amadou-kone-sur-la-paix-et-la-cohesion-a-bouake#breadcrumb\",\"itemListElement\":[{\"@type\":\"ListItem\",\"position\":1,\"name\":\"Accueil\",\"item\":\"https:\/\/www.africa-press.net\/cotedivoire\/\"},{\"@type\":\"ListItem\",\"position\":2,\"name\":\"Amadou Kon\u00e9 Sur La Paix Et La Coh\u00e9sion \u00c0 Bouak\u00e9\"}]},{\"@type\":\"WebSite\",\"@id\":\"https:\/\/www.africa-press.net\/cotedivoire\/#website\",\"url\":\"https:\/\/www.africa-press.net\/cotedivoire\/\",\"name\":\"C\u00f4te d&#039;Ivoire\",\"description\":\"Just another Africa News Agency Sites site\",\"potentialAction\":[{\"@type\":\"SearchAction\",\"target\":{\"@type\":\"EntryPoint\",\"urlTemplate\":\"https:\/\/www.africa-press.net\/cotedivoire\/?s={search_term_string}\"},\"query-input\":{\"@type\":\"PropertyValueSpecification\",\"valueRequired\":true,\"valueName\":\"search_term_string\"}}],\"inLanguage\":\"fr-FR\"},{\"@type\":\"Person\",\"@id\":\"https:\/\/www.africa-press.net\/cotedivoire\/#\/schema\/person\/2b1cf3cd81a31e3cd26889ca66d677f1\",\"name\":\"cfeditorfr\"}]}<\/script>\n<!-- \/ Yoast SEO Premium plugin. -->","yoast_head_json":{"title":"Amadou Kon\u00e9 Sur La Paix Et La Coh\u00e9sion \u00c0 Bouak\u00e9 - C\u00f4te d&#039;Ivoire","description":"A\u0300 moins de trois semaines du scrutin du 25 octobre, le ministre Amadou Kone\u0301, directeur re\u0301gional de campagne du RHDP p ...","robots":{"index":"index","follow":"follow","max-snippet":"max-snippet:-1","max-image-preview":"max-image-preview:large","max-video-preview":"max-video-preview:-1"},"canonical":"https:\/\/www.africa-press.net\/cotedivoire\/politique\/amadou-kone-sur-la-paix-et-la-cohesion-a-bouake","og_locale":"fr_FR","og_type":"article","og_title":"Amadou Kon\u00e9 Sur La Paix Et La Coh\u00e9sion \u00c0 Bouak\u00e9","og_description":"A\u0300 moins de trois semaines du scrutin du 25 octobre, le ministre Amadou Kone\u0301, directeur re\u0301gional de campagne du RHDP p ...","og_url":"https:\/\/www.africa-press.net\/cotedivoire\/politique\/amadou-kone-sur-la-paix-et-la-cohesion-a-bouake","og_site_name":"C\u00f4te d&#039;Ivoire","article_published_time":"2025-10-07T15:43:08+00:00","article_modified_time":"2025-10-07T16:46:25+00:00","og_image":[{"width":1280,"height":720,"url":"https:\/\/static.africa-press.net\/cote\/sites\/43\/2025\/10\/sm_1759842943.161082.jpg","type":"image\/jpeg"}],"author":"cfeditorfr","twitter_card":"summary_large_image","twitter_misc":{"\u00c9crit par":"cfeditorfr","Dur\u00e9e de lecture estim\u00e9e":"3 minutes"},"schema":{"@context":"https:\/\/schema.org","@graph":[{"@type":"Article","@id":"https:\/\/www.africa-press.net\/cotedivoire\/politique\/amadou-kone-sur-la-paix-et-la-cohesion-a-bouake#article","isPartOf":{"@id":"https:\/\/www.africa-press.net\/cotedivoire\/politique\/amadou-kone-sur-la-paix-et-la-cohesion-a-bouake"},"author":{"name":"cfeditorfr","@id":"https:\/\/www.africa-press.net\/cotedivoire\/#\/schema\/person\/2b1cf3cd81a31e3cd26889ca66d677f1"},"headline":"Amadou Kon\u00e9 Sur La Paix Et La Coh\u00e9sion \u00c0 Bouak\u00e9","datePublished":"2025-10-07T15:43:08+00:00","dateModified":"2025-10-07T16:46:25+00:00","mainEntityOfPage":{"@id":"https:\/\/www.africa-press.net\/cotedivoire\/politique\/amadou-kone-sur-la-paix-et-la-cohesion-a-bouake"},"wordCount":559,"commentCount":0,"image":{"@id":"https:\/\/www.africa-press.net\/cotedivoire\/politique\/amadou-kone-sur-la-paix-et-la-cohesion-a-bouake#primaryimage"},"thumbnailUrl":"https:\/\/static.africa-press.net\/cote\/sites\/43\/2025\/10\/sm_1759842943.161082.jpg","keywords":["Amadou Kon\u00e9","Bouak\u00e9","Brobo","campagne \u00e9lectorale","coh\u00e9sion sociale","C\u00d4TE D'IVOIRE","Dj\u00e9bonoua","paix","RHDP","z\u00e9ro incident"],"articleSection":["Politique","Toutes les actualit\u00e9s"],"inLanguage":"fr-FR","potentialAction":[{"@type":"CommentAction","name":"Comment","target":["https:\/\/www.africa-press.net\/cotedivoire\/politique\/amadou-kone-sur-la-paix-et-la-cohesion-a-bouake#respond"]}]},{"@type":"WebPage","@id":"https:\/\/www.africa-press.net\/cotedivoire\/politique\/amadou-kone-sur-la-paix-et-la-cohesion-a-bouake","url":"https:\/\/www.africa-press.net\/cotedivoire\/politique\/amadou-kone-sur-la-paix-et-la-cohesion-a-bouake","name":"Amadou Kon\u00e9 Sur La Paix Et La Coh\u00e9sion \u00c0 Bouak\u00e9 - C\u00f4te d&#039;Ivoire","isPartOf":{"@id":"https:\/\/www.africa-press.net\/cotedivoire\/#website"},"primaryImageOfPage":{"@id":"https:\/\/www.africa-press.net\/cotedivoire\/politique\/amadou-kone-sur-la-paix-et-la-cohesion-a-bouake#primaryimage"},"image":{"@id":"https:\/\/www.africa-press.net\/cotedivoire\/politique\/amadou-kone-sur-la-paix-et-la-cohesion-a-bouake#primaryimage"},"thumbnailUrl":"https:\/\/static.africa-press.net\/cote\/sites\/43\/2025\/10\/sm_1759842943.161082.jpg","datePublished":"2025-10-07T15:43:08+00:00","dateModified":"2025-10-07T16:46:25+00:00","author":{"@id":"https:\/\/www.africa-press.net\/cotedivoire\/#\/schema\/person\/2b1cf3cd81a31e3cd26889ca66d677f1"},"description":"A\u0300 moins de trois semaines du scrutin du 25 octobre, le ministre Amadou Kone\u0301, directeur re\u0301gional de campagne du RHDP p ...","breadcrumb":{"@id":"https:\/\/www.africa-press.net\/cotedivoire\/politique\/amadou-kone-sur-la-paix-et-la-cohesion-a-bouake#breadcrumb"},"inLanguage":"fr-FR","potentialAction":[{"@type":"ReadAction","target":["https:\/\/www.africa-press.net\/cotedivoire\/politique\/amadou-kone-sur-la-paix-et-la-cohesion-a-bouake"]}]},{"@type":"ImageObject","inLanguage":"fr-FR","@id":"https:\/\/www.africa-press.net\/cotedivoire\/politique\/amadou-kone-sur-la-paix-et-la-cohesion-a-bouake#primaryimage","url":"https:\/\/static.africa-press.net\/cote\/sites\/43\/2025\/10\/sm_1759842943.161082.jpg","contentUrl":"https:\/\/static.africa-press.net\/cote\/sites\/43\/2025\/10\/sm_1759842943.161082.jpg","width":1280,"height":720,"caption":"Amadou Kon\u00e9 Sur La Paix Et La Coh\u00e9sion \u00c0 Bouak\u00e9"},{"@type":"BreadcrumbList","@id":"https:\/\/www.africa-press.net\/cotedivoire\/politique\/amadou-kone-sur-la-paix-et-la-cohesion-a-bouake#breadcrumb","itemListElement":[{"@type":"ListItem","position":1,"name":"Accueil","item":"https:\/\/www.africa-press.net\/cotedivoire\/"},{"@type":"ListItem","position":2,"name":"Amadou Kon\u00e9 Sur La Paix Et La Coh\u00e9sion \u00c0 Bouak\u00e9"}]},{"@type":"WebSite","@id":"https:\/\/www.africa-press.net\/cotedivoire\/#website","url":"https:\/\/www.africa-press.net\/cotedivoire\/","name":"C\u00f4te d&#039;Ivoire","description":"Just another Africa News Agency Sites site","potentialAction":[{"@type":"SearchAction","target":{"@type":"EntryPoint","urlTemplate":"https:\/\/www.africa-press.net\/cotedivoire\/?s={search_term_string}"},"query-input":{"@type":"PropertyValueSpecification","valueRequired":true,"valueName":"search_term_string"}}],"inLanguage":"fr-FR"},{"@type":"Person","@id":"https:\/\/www.africa-press.net\/cotedivoire\/#\/schema\/person\/2b1cf3cd81a31e3cd26889ca66d677f1","name":"cfeditorfr"}]}},"_links":{"self":[{"href":"https:\/\/www.africa-press.net\/cotedivoire\/wp-json\/wp\/v2\/posts\/106367","targetHints":{"allow":["GET"]}}],"collection":[{"href":"https:\/\/www.africa-press.net\/cotedivoire\/wp-json\/wp\/v2\/posts"}],"about":[{"href":"https:\/\/www.africa-press.net\/cotedivoire\/wp-json\/wp\/v2\/types\/post"}],"author":[{"embeddable":true,"href":"https:\/\/www.africa-press.net\/cotedivoire\/wp-json\/wp\/v2\/users\/82"}],"replies":[{"embeddable":true,"href":"https:\/\/www.africa-press.net\/cotedivoire\/wp-json\/wp\/v2\/comments?post=106367"}],"version-history":[{"count":0,"href":"https:\/\/www.africa-press.net\/cotedivoire\/wp-json\/wp\/v2\/posts\/106367\/revisions"}],"wp:featuredmedia":[{"embeddable":true,"href":"https:\/\/www.africa-press.net\/cotedivoire\/wp-json\/wp\/v2\/media\/106366"}],"wp:attachment":[{"href":"https:\/\/www.africa-press.net\/cotedivoire\/wp-json\/wp\/v2\/media?parent=106367"}],"wp:term":[{"taxonomy":"category","embeddable":true,"href":"https:\/\/www.africa-press.net\/cotedivoire\/wp-json\/wp\/v2\/categories?post=106367"},{"taxonomy":"post_tag","embeddable":true,"href":"https:\/\/www.africa-press.net\/cotedivoire\/wp-json\/wp\/v2\/tags?post=106367"}],"curies":[{"name":"wp","href":"https:\/\/api.w.org\/{rel}","templated":true}]}}