{"id":106422,"date":"2025-10-08T13:56:33","date_gmt":"2025-10-08T13:56:33","guid":{"rendered":"https:\/\/www.africa-press.net\/cotedivoire\/politique\/billon-candidat-du-terrain-et-du-renouveau-pdci"},"modified":"2025-10-08T14:33:59","modified_gmt":"2025-10-08T14:33:59","slug":"billon-candidat-du-terrain-et-du-renouveau-pdci","status":"publish","type":"post","link":"https:\/\/www.africa-press.net\/cotedivoire\/politique\/billon-candidat-du-terrain-et-du-renouveau-pdci","title":{"rendered":"Billon Candidat du Terrain et du Renouveau PDCI"},"content":{"rendered":"<p><span style=\"color: #ff6600\"><strong>Africa-Press &#8211; C\u00f4te d&rsquo;Ivoire. <\/strong><\/span>A\u0300 quelques jours du lancement officiel de la campagne pre\u0301sidentielle, Jean-Louis Billon, candidat de\u0301clare\u0301 depuis 2021, a rencontre\u0301 la presse nationale ce mardi 7 octobre 2025 autour d\u2019un de\u0301jeuner a\u0300 Treichville. Dans une adresse riche en messages politiques et e\u0301conomiques, il a longuement expose\u0301 sa vision pour la Co\u0302te d\u2019Ivoire, sa me\u0301thode, ainsi que les fondements de sa candidature.<\/p>\n<p>Fide\u0300le a\u0300 son image d\u2019homme proche du peuple, Jean-Louis Billon a tenu a\u0300 rappeler sa pre\u0301sence continue sur l\u2019ensemble du territoire ivoirien.<\/p>\n<p>\u00ab J\u2019ai de\u0301ja\u0300 pratique\u0301 toute la zone est, toute la zone ouest, et je pars de\u0301sormais sur le nord, le centre et le sud \u00bb, a-t-il de\u0301clare\u0301. Il revendique une connaissance fine du pays, y compris de localite\u0301s souvent oublie\u0301es, telles que Kafolo ou Te\u0301hini.<\/p>\n<p>Ce travail de terrain, selon lui, marque une diffe\u0301rence nette avec les autres candidats. \u00ab A\u0300 ce jour, je pense e\u0302tre le seul a\u0300 avoir autant parcouru le pays. \u00bb Un engagement qu\u2019il conside\u0300re comme l\u2019aboutissement logique d\u2019un long processus engage\u0301 depuis plusieurs anne\u0301es.<\/p>\n<p>Jean-Louis Billon a rappele\u0301 avoir annonce\u0301 sa candidature de\u0300s 2021, contrairement a\u0300 d\u2019autres candidats dont la de\u0301claration a e\u0301te\u0301 tardive. Il affirme avoir pre\u0301pare\u0301 chaque e\u0301tape avec rigueur, notamment le complexe processus de parrainage, juge\u0301 cou\u0302teux et exigeant techniquement.<\/p>\n<p>Pour faire face aux exigences impose\u0301es par les institutions, notamment la Commission e\u0301lectorale inde\u0301pendante (CEI) et le Conseil supe\u0301rieur de la presse (CSP), il s\u2019est entoure\u0301 d\u2019experts, notamment informaticiens et logisticiens. Il de\u0301plore cependant la charge administrative impose\u0301e une fois la candidature valide\u0301e: \u00ab Trois jours apre\u0300s, on nous demande neuf vide\u0301os, neuf podcasts, des affiches conformes&#8230; Tout doit e\u0302tre valide\u0301 par les autorite\u0301s avant diffusion. \u00bb<\/p>\n<p>Le c\u0153ur du projet de socie\u0301te\u0301 de Jean-Louis Billon repose sur six piliers majeurs, souverainete\u0301 e\u0301conomique: condition sine qua non d\u2019une inde\u0301pendance re\u0301elle.<\/p>\n<p>\u00ab Sans moyens e\u0301conomiques, il n\u2019y a pas de politique souveraine \u00bb, insiste-t-il. Capital humain: formation, sante\u0301, e\u0301ducation et emploi pour une population e\u0301panouie et productive. De\u0301veloppement territorial e\u0301quilibre\u0301: investir dans toutes les re\u0301gions pour re\u0301duire les ine\u0301galite\u0301s. Bonne gouvernance: restaurer la confiance en l&rsquo;E\u0301tat et renforcer les institutions. Union, paix et cohe\u0301sion sociale: \u00ab Sans paix, tous les autres objectifs sont vains. \u00bb Re\u0301conciliation re\u0301elle: au-dela\u0300 des politiques, re\u0301concilier le citoyen avec l&rsquo;administration, la justice et les forces de se\u0301curite\u0301s.<\/p>\n<p>Fort de son expe\u0301rience dans le monde des affaires, Billon de\u0301fend une politique e\u0301conomique centre\u0301e sur la valorisation des acteurs nationaux. Il fustige le fait que la Co\u0302te d&rsquo;Ivoire, premier producteur mondial de cacao, reste marginale dans la transformation locale. Il milite pour une fiscalite\u0301 incitative, un code d\u2019investissement re\u0301forme\u0301 et une re\u0301duction du harce\u0300lement fiscal, the\u0300me qu\u2019il portait de\u0301ja\u0300 comme pre\u0301sident de la Chambre de commerce.<\/p>\n<p>Il appelle e\u0301galement a\u0300 davantage de souverainete\u0301 dans les secteurs strate\u0301giques: \u00ab Il n\u2019est pas pensable que l\u2019immobilier a\u0300 Abidjan soit de\u0301tenu a\u0300 plus de 60 % par des e\u0301trangers. \u00bb<\/p>\n<p>Sensible aux questions d\u2019e\u0301galite\u0301, le candidat n\u2019a pas he\u0301site\u0301 a\u0300 interpeller la presse sur la sous-repre\u0301sentation des femmes, notamment dans les milieux politiques et me\u0301diatiques: \u00ab Nous sommes 255 de\u0301pute\u0301s, seulement 26 sont des femmes. Dans cette salle, vous e\u0302tes une trentaine, et je ne vois que cinq femmes. \u00bb<\/p>\n<p>Pour lui, la loi sur la parite\u0301 n\u2019est pas respecte\u0301e, et les excuses e\u0301conomiques ne justifient pas ce de\u0301se\u0301quilibre: \u00ab Il faut reconnai\u0302tre la discrimination pour pouvoir la corriger. \u00bb<\/p>\n<p>Interroge\u0301 sur ses liens avec le PDCI-RDA et en cas de de\u0301faite a\u0300 la pre\u0301sidentielle, Jean-Louis Billon a clarifie\u0301 sa position: \u00ab Je n\u2019ai eu la carte que d\u2019un seul parti, le PDCI. Je resterai PDCI. \u00bb Il a reconnu que de nombreux de\u0301le\u0301gue\u0301s du parti l\u2019ont soutenu pendant la collecte des parrainages, me\u0302me si le PDCI en tant qu\u2019entite\u0301 n\u2019a donne\u0301 aucun mot d\u2019ordre officiel.<\/p>\n<p>Concernant l\u2019opposition, il reconnai\u0302t qu\u2019elle est \u00ab en rangs disperse\u0301s \u00bb, mais relativise: \u00ab Dans toutes les de\u0301mocraties, c\u2019est ainsi. L\u2019objectif est d\u2019atteindre le second tour. Le reste viendra. \u00bb<\/p>\n<p>Jean-Louis Billon conclut en affirmant que son double profil politique et e\u0301conomique fait de lui un candidat unique: maire, de\u0301pute\u0301, ministre, pre\u0301sident de chambre de commerce, chef d\u2019entreprise&#8230; Il estime avoir l\u2019expe\u0301rience, la vision et le courage ne\u0301cessaires pour mener les re\u0301formes profondes que la Co\u0302te d\u2019Ivoire attend.<\/p>\n<p>\u00ab Il faut prendre des de\u0301cisions courageuses, me\u0302me impopulaires, pour le bien du plus grand nombre. Je suis pre\u0302t. \u00bb<\/p>\n<p><strong>Pour plus d&rsquo;informations et d&rsquo;analyses sur la <span style=\"color: #ff6600\">C\u00f4te d&rsquo;Ivoire<\/span>, suivez <span style=\"color: #ff6600\">Africa-Press<\/span><\/strong><\/p>\n","protected":false},"excerpt":{"rendered":"<p>Africa-Press &#8211; C\u00f4te d&rsquo;Ivoire. A\u0300 quelques jours du lancement officiel de la campagne pre\u0301sidentielle, Jean-Louis Billon, candidat de\u0301clare\u0301 depuis 2021, a rencontre\u0301 la presse nationale ce mardi 7 octobre 2025 autour d\u2019un de\u0301jeuner a\u0300 Treichville. Dans une adresse riche en messages politiques et e\u0301conomiques, il a longuement expose\u0301 sa vision pour la Co\u0302te d\u2019Ivoire, sa [&hellip;]<\/p>\n","protected":false},"author":82,"featured_media":106421,"comment_status":"open","ping_status":"closed","sticky":false,"template":"","format":"standard","meta":{"footnotes":""},"categories":[2,10],"tags":[5252,745,29,743,423,312,19103,13444,1933],"class_list":["post-106422","post","type-post","status-publish","format-standard","has-post-thumbnail","hentry","category-politique","category-toutes-les-actualites","tag-candidat","tag-candidature","tag-cote-divoire","tag-jean-louis-billon-2","tag-pdci","tag-presidentielle","tag-reel","tag-renouveau","tag-terrain"],"yoast_head":"<!-- This site is optimized with the Yoast SEO Premium plugin v26.1 (Yoast SEO v27.0) - https:\/\/yoast.com\/product\/yoast-seo-premium-wordpress\/ -->\n<title>Billon Candidat du Terrain et du Renouveau PDCI - C\u00f4te d&#039;Ivoire<\/title>\n<meta name=\"description\" content=\"A\u0300 quelques jours du lancement officiel de la campagne pre\u0301sidentielle, Jean-Louis Billon, candidat de\u0301clare\u0301 depuis 202 ...\" \/>\n<meta name=\"robots\" content=\"index, follow, max-snippet:-1, max-image-preview:large, max-video-preview:-1\" \/>\n<link rel=\"canonical\" href=\"https:\/\/www.africa-press.net\/cotedivoire\/politique\/billon-candidat-du-terrain-et-du-renouveau-pdci\" \/>\n<meta property=\"og:locale\" content=\"fr_FR\" \/>\n<meta property=\"og:type\" content=\"article\" \/>\n<meta property=\"og:title\" content=\"Billon Candidat du Terrain et du Renouveau PDCI\" \/>\n<meta property=\"og:description\" content=\"A\u0300 quelques jours du lancement officiel de la campagne pre\u0301sidentielle, Jean-Louis Billon, candidat de\u0301clare\u0301 depuis 202 ...\" \/>\n<meta property=\"og:url\" content=\"https:\/\/www.africa-press.net\/cotedivoire\/politique\/billon-candidat-du-terrain-et-du-renouveau-pdci\" \/>\n<meta property=\"og:site_name\" content=\"C\u00f4te d&#039;Ivoire\" \/>\n<meta property=\"article:published_time\" content=\"2025-10-08T13:56:33+00:00\" \/>\n<meta property=\"article:modified_time\" content=\"2025-10-08T14:33:59+00:00\" \/>\n<meta property=\"og:image\" content=\"https:\/\/static.africa-press.net\/cote\/sites\/43\/2025\/10\/sm_1759921392.917349.jpg\" \/>\n\t<meta property=\"og:image:width\" content=\"720\" \/>\n\t<meta property=\"og:image:height\" content=\"349\" \/>\n\t<meta property=\"og:image:type\" content=\"image\/jpeg\" \/>\n<meta name=\"author\" content=\"cfeditorfr\" \/>\n<meta name=\"twitter:card\" content=\"summary_large_image\" \/>\n<meta name=\"twitter:label1\" content=\"\u00c9crit par\" \/>\n\t<meta name=\"twitter:data1\" content=\"cfeditorfr\" \/>\n\t<meta name=\"twitter:label2\" content=\"Dur\u00e9e de lecture estim\u00e9e\" \/>\n\t<meta name=\"twitter:data2\" content=\"4 minutes\" \/>\n<script type=\"application\/ld+json\" class=\"yoast-schema-graph\">{\"@context\":\"https:\/\/schema.org\",\"@graph\":[{\"@type\":\"Article\",\"@id\":\"https:\/\/www.africa-press.net\/cotedivoire\/politique\/billon-candidat-du-terrain-et-du-renouveau-pdci#article\",\"isPartOf\":{\"@id\":\"https:\/\/www.africa-press.net\/cotedivoire\/politique\/billon-candidat-du-terrain-et-du-renouveau-pdci\"},\"author\":{\"name\":\"cfeditorfr\",\"@id\":\"https:\/\/www.africa-press.net\/cotedivoire\/#\/schema\/person\/2b1cf3cd81a31e3cd26889ca66d677f1\"},\"headline\":\"Billon Candidat du Terrain et du Renouveau PDCI\",\"datePublished\":\"2025-10-08T13:56:33+00:00\",\"dateModified\":\"2025-10-08T14:33:59+00:00\",\"mainEntityOfPage\":{\"@id\":\"https:\/\/www.africa-press.net\/cotedivoire\/politique\/billon-candidat-du-terrain-et-du-renouveau-pdci\"},\"wordCount\":858,\"commentCount\":0,\"image\":{\"@id\":\"https:\/\/www.africa-press.net\/cotedivoire\/politique\/billon-candidat-du-terrain-et-du-renouveau-pdci#primaryimage\"},\"thumbnailUrl\":\"https:\/\/static.africa-press.net\/cote\/sites\/43\/2025\/10\/sm_1759921392.917349.jpg\",\"keywords\":[\"candidat\",\"candidature\",\"C\u00d4TE D'IVOIRE\",\"Jean-Louis Billon\",\"Pdci\",\"pr\u00e9sidentielle\",\"r\u00e9el\",\"Renouveau\",\"terrain\"],\"articleSection\":[\"Politique\",\"Toutes les actualit\u00e9s\"],\"inLanguage\":\"fr-FR\",\"potentialAction\":[{\"@type\":\"CommentAction\",\"name\":\"Comment\",\"target\":[\"https:\/\/www.africa-press.net\/cotedivoire\/politique\/billon-candidat-du-terrain-et-du-renouveau-pdci#respond\"]}]},{\"@type\":\"WebPage\",\"@id\":\"https:\/\/www.africa-press.net\/cotedivoire\/politique\/billon-candidat-du-terrain-et-du-renouveau-pdci\",\"url\":\"https:\/\/www.africa-press.net\/cotedivoire\/politique\/billon-candidat-du-terrain-et-du-renouveau-pdci\",\"name\":\"Billon Candidat du Terrain et du Renouveau PDCI - C\u00f4te d&#039;Ivoire\",\"isPartOf\":{\"@id\":\"https:\/\/www.africa-press.net\/cotedivoire\/#website\"},\"primaryImageOfPage\":{\"@id\":\"https:\/\/www.africa-press.net\/cotedivoire\/politique\/billon-candidat-du-terrain-et-du-renouveau-pdci#primaryimage\"},\"image\":{\"@id\":\"https:\/\/www.africa-press.net\/cotedivoire\/politique\/billon-candidat-du-terrain-et-du-renouveau-pdci#primaryimage\"},\"thumbnailUrl\":\"https:\/\/static.africa-press.net\/cote\/sites\/43\/2025\/10\/sm_1759921392.917349.jpg\",\"datePublished\":\"2025-10-08T13:56:33+00:00\",\"dateModified\":\"2025-10-08T14:33:59+00:00\",\"author\":{\"@id\":\"https:\/\/www.africa-press.net\/cotedivoire\/#\/schema\/person\/2b1cf3cd81a31e3cd26889ca66d677f1\"},\"description\":\"A\u0300 quelques jours du lancement officiel de la campagne pre\u0301sidentielle, Jean-Louis Billon, candidat de\u0301clare\u0301 depuis 202 ...\",\"breadcrumb\":{\"@id\":\"https:\/\/www.africa-press.net\/cotedivoire\/politique\/billon-candidat-du-terrain-et-du-renouveau-pdci#breadcrumb\"},\"inLanguage\":\"fr-FR\",\"potentialAction\":[{\"@type\":\"ReadAction\",\"target\":[\"https:\/\/www.africa-press.net\/cotedivoire\/politique\/billon-candidat-du-terrain-et-du-renouveau-pdci\"]}]},{\"@type\":\"ImageObject\",\"inLanguage\":\"fr-FR\",\"@id\":\"https:\/\/www.africa-press.net\/cotedivoire\/politique\/billon-candidat-du-terrain-et-du-renouveau-pdci#primaryimage\",\"url\":\"https:\/\/static.africa-press.net\/cote\/sites\/43\/2025\/10\/sm_1759921392.917349.jpg\",\"contentUrl\":\"https:\/\/static.africa-press.net\/cote\/sites\/43\/2025\/10\/sm_1759921392.917349.jpg\",\"width\":720,\"height\":349,\"caption\":\"Billon Candidat du Terrain et du Renouveau PDCI\"},{\"@type\":\"BreadcrumbList\",\"@id\":\"https:\/\/www.africa-press.net\/cotedivoire\/politique\/billon-candidat-du-terrain-et-du-renouveau-pdci#breadcrumb\",\"itemListElement\":[{\"@type\":\"ListItem\",\"position\":1,\"name\":\"Accueil\",\"item\":\"https:\/\/www.africa-press.net\/cotedivoire\/\"},{\"@type\":\"ListItem\",\"position\":2,\"name\":\"Billon Candidat du Terrain et du Renouveau PDCI\"}]},{\"@type\":\"WebSite\",\"@id\":\"https:\/\/www.africa-press.net\/cotedivoire\/#website\",\"url\":\"https:\/\/www.africa-press.net\/cotedivoire\/\",\"name\":\"C\u00f4te d&#039;Ivoire\",\"description\":\"Just another Africa News Agency Sites site\",\"potentialAction\":[{\"@type\":\"SearchAction\",\"target\":{\"@type\":\"EntryPoint\",\"urlTemplate\":\"https:\/\/www.africa-press.net\/cotedivoire\/?s={search_term_string}\"},\"query-input\":{\"@type\":\"PropertyValueSpecification\",\"valueRequired\":true,\"valueName\":\"search_term_string\"}}],\"inLanguage\":\"fr-FR\"},{\"@type\":\"Person\",\"@id\":\"https:\/\/www.africa-press.net\/cotedivoire\/#\/schema\/person\/2b1cf3cd81a31e3cd26889ca66d677f1\",\"name\":\"cfeditorfr\"}]}<\/script>\n<!-- \/ Yoast SEO Premium plugin. -->","yoast_head_json":{"title":"Billon Candidat du Terrain et du Renouveau PDCI - C\u00f4te d&#039;Ivoire","description":"A\u0300 quelques jours du lancement officiel de la campagne pre\u0301sidentielle, Jean-Louis Billon, candidat de\u0301clare\u0301 depuis 202 ...","robots":{"index":"index","follow":"follow","max-snippet":"max-snippet:-1","max-image-preview":"max-image-preview:large","max-video-preview":"max-video-preview:-1"},"canonical":"https:\/\/www.africa-press.net\/cotedivoire\/politique\/billon-candidat-du-terrain-et-du-renouveau-pdci","og_locale":"fr_FR","og_type":"article","og_title":"Billon Candidat du Terrain et du Renouveau PDCI","og_description":"A\u0300 quelques jours du lancement officiel de la campagne pre\u0301sidentielle, Jean-Louis Billon, candidat de\u0301clare\u0301 depuis 202 ...","og_url":"https:\/\/www.africa-press.net\/cotedivoire\/politique\/billon-candidat-du-terrain-et-du-renouveau-pdci","og_site_name":"C\u00f4te d&#039;Ivoire","article_published_time":"2025-10-08T13:56:33+00:00","article_modified_time":"2025-10-08T14:33:59+00:00","og_image":[{"width":720,"height":349,"url":"https:\/\/static.africa-press.net\/cote\/sites\/43\/2025\/10\/sm_1759921392.917349.jpg","type":"image\/jpeg"}],"author":"cfeditorfr","twitter_card":"summary_large_image","twitter_misc":{"\u00c9crit par":"cfeditorfr","Dur\u00e9e de lecture estim\u00e9e":"4 minutes"},"schema":{"@context":"https:\/\/schema.org","@graph":[{"@type":"Article","@id":"https:\/\/www.africa-press.net\/cotedivoire\/politique\/billon-candidat-du-terrain-et-du-renouveau-pdci#article","isPartOf":{"@id":"https:\/\/www.africa-press.net\/cotedivoire\/politique\/billon-candidat-du-terrain-et-du-renouveau-pdci"},"author":{"name":"cfeditorfr","@id":"https:\/\/www.africa-press.net\/cotedivoire\/#\/schema\/person\/2b1cf3cd81a31e3cd26889ca66d677f1"},"headline":"Billon Candidat du Terrain et du Renouveau PDCI","datePublished":"2025-10-08T13:56:33+00:00","dateModified":"2025-10-08T14:33:59+00:00","mainEntityOfPage":{"@id":"https:\/\/www.africa-press.net\/cotedivoire\/politique\/billon-candidat-du-terrain-et-du-renouveau-pdci"},"wordCount":858,"commentCount":0,"image":{"@id":"https:\/\/www.africa-press.net\/cotedivoire\/politique\/billon-candidat-du-terrain-et-du-renouveau-pdci#primaryimage"},"thumbnailUrl":"https:\/\/static.africa-press.net\/cote\/sites\/43\/2025\/10\/sm_1759921392.917349.jpg","keywords":["candidat","candidature","C\u00d4TE D'IVOIRE","Jean-Louis Billon","Pdci","pr\u00e9sidentielle","r\u00e9el","Renouveau","terrain"],"articleSection":["Politique","Toutes les actualit\u00e9s"],"inLanguage":"fr-FR","potentialAction":[{"@type":"CommentAction","name":"Comment","target":["https:\/\/www.africa-press.net\/cotedivoire\/politique\/billon-candidat-du-terrain-et-du-renouveau-pdci#respond"]}]},{"@type":"WebPage","@id":"https:\/\/www.africa-press.net\/cotedivoire\/politique\/billon-candidat-du-terrain-et-du-renouveau-pdci","url":"https:\/\/www.africa-press.net\/cotedivoire\/politique\/billon-candidat-du-terrain-et-du-renouveau-pdci","name":"Billon Candidat du Terrain et du Renouveau PDCI - C\u00f4te d&#039;Ivoire","isPartOf":{"@id":"https:\/\/www.africa-press.net\/cotedivoire\/#website"},"primaryImageOfPage":{"@id":"https:\/\/www.africa-press.net\/cotedivoire\/politique\/billon-candidat-du-terrain-et-du-renouveau-pdci#primaryimage"},"image":{"@id":"https:\/\/www.africa-press.net\/cotedivoire\/politique\/billon-candidat-du-terrain-et-du-renouveau-pdci#primaryimage"},"thumbnailUrl":"https:\/\/static.africa-press.net\/cote\/sites\/43\/2025\/10\/sm_1759921392.917349.jpg","datePublished":"2025-10-08T13:56:33+00:00","dateModified":"2025-10-08T14:33:59+00:00","author":{"@id":"https:\/\/www.africa-press.net\/cotedivoire\/#\/schema\/person\/2b1cf3cd81a31e3cd26889ca66d677f1"},"description":"A\u0300 quelques jours du lancement officiel de la campagne pre\u0301sidentielle, Jean-Louis Billon, candidat de\u0301clare\u0301 depuis 202 ...","breadcrumb":{"@id":"https:\/\/www.africa-press.net\/cotedivoire\/politique\/billon-candidat-du-terrain-et-du-renouveau-pdci#breadcrumb"},"inLanguage":"fr-FR","potentialAction":[{"@type":"ReadAction","target":["https:\/\/www.africa-press.net\/cotedivoire\/politique\/billon-candidat-du-terrain-et-du-renouveau-pdci"]}]},{"@type":"ImageObject","inLanguage":"fr-FR","@id":"https:\/\/www.africa-press.net\/cotedivoire\/politique\/billon-candidat-du-terrain-et-du-renouveau-pdci#primaryimage","url":"https:\/\/static.africa-press.net\/cote\/sites\/43\/2025\/10\/sm_1759921392.917349.jpg","contentUrl":"https:\/\/static.africa-press.net\/cote\/sites\/43\/2025\/10\/sm_1759921392.917349.jpg","width":720,"height":349,"caption":"Billon Candidat du Terrain et du Renouveau PDCI"},{"@type":"BreadcrumbList","@id":"https:\/\/www.africa-press.net\/cotedivoire\/politique\/billon-candidat-du-terrain-et-du-renouveau-pdci#breadcrumb","itemListElement":[{"@type":"ListItem","position":1,"name":"Accueil","item":"https:\/\/www.africa-press.net\/cotedivoire\/"},{"@type":"ListItem","position":2,"name":"Billon Candidat du Terrain et du Renouveau PDCI"}]},{"@type":"WebSite","@id":"https:\/\/www.africa-press.net\/cotedivoire\/#website","url":"https:\/\/www.africa-press.net\/cotedivoire\/","name":"C\u00f4te d&#039;Ivoire","description":"Just another Africa News Agency Sites site","potentialAction":[{"@type":"SearchAction","target":{"@type":"EntryPoint","urlTemplate":"https:\/\/www.africa-press.net\/cotedivoire\/?s={search_term_string}"},"query-input":{"@type":"PropertyValueSpecification","valueRequired":true,"valueName":"search_term_string"}}],"inLanguage":"fr-FR"},{"@type":"Person","@id":"https:\/\/www.africa-press.net\/cotedivoire\/#\/schema\/person\/2b1cf3cd81a31e3cd26889ca66d677f1","name":"cfeditorfr"}]}},"_links":{"self":[{"href":"https:\/\/www.africa-press.net\/cotedivoire\/wp-json\/wp\/v2\/posts\/106422","targetHints":{"allow":["GET"]}}],"collection":[{"href":"https:\/\/www.africa-press.net\/cotedivoire\/wp-json\/wp\/v2\/posts"}],"about":[{"href":"https:\/\/www.africa-press.net\/cotedivoire\/wp-json\/wp\/v2\/types\/post"}],"author":[{"embeddable":true,"href":"https:\/\/www.africa-press.net\/cotedivoire\/wp-json\/wp\/v2\/users\/82"}],"replies":[{"embeddable":true,"href":"https:\/\/www.africa-press.net\/cotedivoire\/wp-json\/wp\/v2\/comments?post=106422"}],"version-history":[{"count":0,"href":"https:\/\/www.africa-press.net\/cotedivoire\/wp-json\/wp\/v2\/posts\/106422\/revisions"}],"wp:featuredmedia":[{"embeddable":true,"href":"https:\/\/www.africa-press.net\/cotedivoire\/wp-json\/wp\/v2\/media\/106421"}],"wp:attachment":[{"href":"https:\/\/www.africa-press.net\/cotedivoire\/wp-json\/wp\/v2\/media?parent=106422"}],"wp:term":[{"taxonomy":"category","embeddable":true,"href":"https:\/\/www.africa-press.net\/cotedivoire\/wp-json\/wp\/v2\/categories?post=106422"},{"taxonomy":"post_tag","embeddable":true,"href":"https:\/\/www.africa-press.net\/cotedivoire\/wp-json\/wp\/v2\/tags?post=106422"}],"curies":[{"name":"wp","href":"https:\/\/api.w.org\/{rel}","templated":true}]}}