{"id":106425,"date":"2025-10-08T13:56:48","date_gmt":"2025-10-08T13:56:48","guid":{"rendered":"https:\/\/www.africa-press.net\/cotedivoire\/politique\/mobilisation-rhdp-a-yopougon-pour-lunite-et-la-paix"},"modified":"2025-10-08T14:34:12","modified_gmt":"2025-10-08T14:34:12","slug":"mobilisation-rhdp-a-yopougon-pour-lunite-et-la-paix","status":"publish","type":"post","link":"https:\/\/www.africa-press.net\/cotedivoire\/politique\/mobilisation-rhdp-a-yopougon-pour-lunite-et-la-paix","title":{"rendered":"Mobilisation RHDP \u00e0 Yopougon pour l&rsquo;unit\u00e9 et la paix"},"content":{"rendered":"<p><span style=\"color: #ff6600\"><strong>Africa-Press &#8211; C\u00f4te d&rsquo;Ivoire. <\/strong><\/span>A\u0300 un an de la pre\u0301sidentielle de 2025, la dynamique e\u0301lectorale s\u2019intensifie dans la commune de Yopougon. Adama Bictogo, pre\u0301sident de l\u2019Assemble\u0301e nationale et directeur re\u0301gional de campagne du RHDP pour cette localite\u0301 strate\u0301gique, a officiellement lance\u0301 les activite\u0301s de terrain du parti au pouvoir ce week-end.<\/p>\n<p>C\u2019est dans les quartiers emble\u0301matiques de Selmer, Sicogi et Andokoi que les premie\u0300res e\u0301quipes de campagne ont e\u0301te\u0301 installe\u0301es, marquant ainsi le de\u0301but d\u2019une mobilisation cible\u0301e et structure\u0301e. Yopougon, re\u0301pute\u0301e pour son poids e\u0301lectoral de\u0301terminant, repre\u0301sente un enjeu majeur dans la strate\u0301gie du RHDP.<\/p>\n<p>Accompagne\u0301 de nombreux militants, de coordinateurs locaux, ainsi que de repre\u0301sentants des structures de jeunesse et de femmes, Adama Bictogo a appele\u0301 a\u0300 une mobilisation massive autour de la candidature du pre\u0301sident Alassane Ouattara.<\/p>\n<p>\u00ab Nous devons porter un message d\u2019unite\u0301, de de\u0301veloppement et d\u2019espe\u0301rance. Yopougon doit parler d\u2019une seule voix en octobre 2025 \u00bb, a-t-il de\u0301clare\u0301 devant une foule enthousiaste et re\u0301ceptive.<\/p>\n<p>Dans les quartiers de Sicogi et Andokoi, le directeur re\u0301gional a poursuivi son message, insistant sur l\u2019importance de la stabilite\u0301 et des acquis du pouvoir en place.<\/p>\n<p>\u00ab La Co\u0302te d\u2019Ivoire a change\u0301. Le pre\u0301sident Alassane Ouattara a transforme\u0301 notre pays. L\u2019e\u0301lection de 2025 est l\u2019occasion de consolider les acquis de son action pour les de\u0301cennies a\u0300 venir \u00bb, a-t-il affirme\u0301.<\/p>\n<p>Adama Bictogo n\u2019a pas manque\u0301 de rappeler le lien historique entre Alassane Ouattara et le premier pre\u0301sident ivoirien, Fe\u0301lix Houphoue\u0308t-Boigny: \u00ab Le pre\u0301sident Houphoue\u0308t-Boigny l\u2019avait pre\u0301dit: \u2018Celui qui viendra apre\u0300s moi fera plus que moi.\u2019 Le pre\u0301sident Ouattara, unique Premier ministre d\u2019Houphoue\u0308t-Boigny, re\u0301alise cette prophe\u0301tie avec de\u0301termination et dans la paix. \u00bb<\/p>\n<p>Cette tourne\u0301e de terrain marque le de\u0301but d\u2019une campagne de proximite\u0301 axe\u0301e sur la paix, la cohe\u0301sion sociale et le de\u0301veloppement, valeurs que le RHDP souhaite placer au c\u0153ur de son message e\u0301lectoral pour 2025.<\/p>\n<p><strong>Pour plus d&rsquo;informations et d&rsquo;analyses sur la <span style=\"color: #ff6600\">C\u00f4te d&rsquo;Ivoire<\/span>, suivez <span style=\"color: #ff6600\">Africa-Press<\/span><\/strong><\/p>\n","protected":false},"excerpt":{"rendered":"<p>Africa-Press &#8211; C\u00f4te d&rsquo;Ivoire. A\u0300 un an de la pre\u0301sidentielle de 2025, la dynamique e\u0301lectorale s\u2019intensifie dans la commune de Yopougon. Adama Bictogo, pre\u0301sident de l\u2019Assemble\u0301e nationale et directeur re\u0301gional de campagne du RHDP pour cette localite\u0301 strate\u0301gique, a officiellement lance\u0301 les activite\u0301s de terrain du parti au pouvoir ce week-end. C\u2019est dans les quartiers [&hellip;]<\/p>\n","protected":false},"author":82,"featured_media":106424,"comment_status":"open","ping_status":"closed","sticky":false,"template":"","format":"standard","meta":{"footnotes":""},"categories":[2,10],"tags":[1265,38,4859,29,1583,7257,7054,600,60,371,540],"class_list":["post-106425","post","type-post","status-publish","format-standard","has-post-thumbnail","hentry","category-politique","category-toutes-les-actualites","tag-adama-bictogo","tag-alassane-ouattara","tag-cohesion-sociale","tag-cote-divoire","tag-developpement","tag-ivoirienne","tag-mobilisation","tag-paix","tag-politique","tag-rhdp","tag-yopougon"],"yoast_head":"<!-- This site is optimized with the Yoast SEO Premium plugin v26.1 (Yoast SEO v27.0) - https:\/\/yoast.com\/product\/yoast-seo-premium-wordpress\/ -->\n<title>Mobilisation RHDP \u00e0 Yopougon pour l&#039;unit\u00e9 et la paix - C\u00f4te d&#039;Ivoire<\/title>\n<meta name=\"description\" content=\"A\u0300 un an de la pre\u0301sidentielle de 2025, la dynamique e\u0301lectorale s\u2019intensifie dans la commune de Yopougon. Adama Bictogo ...\" \/>\n<meta name=\"robots\" content=\"index, follow, max-snippet:-1, max-image-preview:large, max-video-preview:-1\" \/>\n<link rel=\"canonical\" href=\"https:\/\/www.africa-press.net\/cotedivoire\/politique\/mobilisation-rhdp-a-yopougon-pour-lunite-et-la-paix\" \/>\n<meta property=\"og:locale\" content=\"fr_FR\" \/>\n<meta property=\"og:type\" content=\"article\" \/>\n<meta property=\"og:title\" content=\"Mobilisation RHDP \u00e0 Yopougon pour l&#039;unit\u00e9 et la paix\" \/>\n<meta property=\"og:description\" content=\"A\u0300 un an de la pre\u0301sidentielle de 2025, la dynamique e\u0301lectorale s\u2019intensifie dans la commune de Yopougon. Adama Bictogo ...\" \/>\n<meta property=\"og:url\" content=\"https:\/\/www.africa-press.net\/cotedivoire\/politique\/mobilisation-rhdp-a-yopougon-pour-lunite-et-la-paix\" \/>\n<meta property=\"og:site_name\" content=\"C\u00f4te d&#039;Ivoire\" \/>\n<meta property=\"article:published_time\" content=\"2025-10-08T13:56:48+00:00\" \/>\n<meta property=\"article:modified_time\" content=\"2025-10-08T14:34:12+00:00\" \/>\n<meta property=\"og:image\" content=\"https:\/\/static.africa-press.net\/cote\/sites\/43\/2025\/10\/sm_1759921404.623024.jpg\" \/>\n\t<meta property=\"og:image:width\" content=\"720\" \/>\n\t<meta property=\"og:image:height\" content=\"480\" \/>\n\t<meta property=\"og:image:type\" content=\"image\/jpeg\" \/>\n<meta name=\"author\" content=\"cfeditorfr\" \/>\n<meta name=\"twitter:card\" content=\"summary_large_image\" \/>\n<meta name=\"twitter:label1\" content=\"\u00c9crit par\" \/>\n\t<meta name=\"twitter:data1\" content=\"cfeditorfr\" \/>\n\t<meta name=\"twitter:label2\" content=\"Dur\u00e9e de lecture estim\u00e9e\" \/>\n\t<meta name=\"twitter:data2\" content=\"2 minutes\" \/>\n<script type=\"application\/ld+json\" class=\"yoast-schema-graph\">{\"@context\":\"https:\/\/schema.org\",\"@graph\":[{\"@type\":\"Article\",\"@id\":\"https:\/\/www.africa-press.net\/cotedivoire\/politique\/mobilisation-rhdp-a-yopougon-pour-lunite-et-la-paix#article\",\"isPartOf\":{\"@id\":\"https:\/\/www.africa-press.net\/cotedivoire\/politique\/mobilisation-rhdp-a-yopougon-pour-lunite-et-la-paix\"},\"author\":{\"name\":\"cfeditorfr\",\"@id\":\"https:\/\/www.africa-press.net\/cotedivoire\/#\/schema\/person\/2b1cf3cd81a31e3cd26889ca66d677f1\"},\"headline\":\"Mobilisation RHDP \u00e0 Yopougon pour l&rsquo;unit\u00e9 et la paix\",\"datePublished\":\"2025-10-08T13:56:48+00:00\",\"dateModified\":\"2025-10-08T14:34:12+00:00\",\"mainEntityOfPage\":{\"@id\":\"https:\/\/www.africa-press.net\/cotedivoire\/politique\/mobilisation-rhdp-a-yopougon-pour-lunite-et-la-paix\"},\"wordCount\":388,\"commentCount\":0,\"image\":{\"@id\":\"https:\/\/www.africa-press.net\/cotedivoire\/politique\/mobilisation-rhdp-a-yopougon-pour-lunite-et-la-paix#primaryimage\"},\"thumbnailUrl\":\"https:\/\/static.africa-press.net\/cote\/sites\/43\/2025\/10\/sm_1759921404.623024.jpg\",\"keywords\":[\"Adama Bictogo\",\"Alassane Ouattara\",\"coh\u00e9sion sociale\",\"C\u00d4TE D'IVOIRE\",\"d\u00e9veloppement\",\"ivoirienne\",\"mobilisation\",\"paix\",\"Politique\",\"RHDP\",\"Yopougon\"],\"articleSection\":[\"Politique\",\"Toutes les actualit\u00e9s\"],\"inLanguage\":\"fr-FR\",\"potentialAction\":[{\"@type\":\"CommentAction\",\"name\":\"Comment\",\"target\":[\"https:\/\/www.africa-press.net\/cotedivoire\/politique\/mobilisation-rhdp-a-yopougon-pour-lunite-et-la-paix#respond\"]}]},{\"@type\":\"WebPage\",\"@id\":\"https:\/\/www.africa-press.net\/cotedivoire\/politique\/mobilisation-rhdp-a-yopougon-pour-lunite-et-la-paix\",\"url\":\"https:\/\/www.africa-press.net\/cotedivoire\/politique\/mobilisation-rhdp-a-yopougon-pour-lunite-et-la-paix\",\"name\":\"Mobilisation RHDP \u00e0 Yopougon pour l'unit\u00e9 et la paix - C\u00f4te d&#039;Ivoire\",\"isPartOf\":{\"@id\":\"https:\/\/www.africa-press.net\/cotedivoire\/#website\"},\"primaryImageOfPage\":{\"@id\":\"https:\/\/www.africa-press.net\/cotedivoire\/politique\/mobilisation-rhdp-a-yopougon-pour-lunite-et-la-paix#primaryimage\"},\"image\":{\"@id\":\"https:\/\/www.africa-press.net\/cotedivoire\/politique\/mobilisation-rhdp-a-yopougon-pour-lunite-et-la-paix#primaryimage\"},\"thumbnailUrl\":\"https:\/\/static.africa-press.net\/cote\/sites\/43\/2025\/10\/sm_1759921404.623024.jpg\",\"datePublished\":\"2025-10-08T13:56:48+00:00\",\"dateModified\":\"2025-10-08T14:34:12+00:00\",\"author\":{\"@id\":\"https:\/\/www.africa-press.net\/cotedivoire\/#\/schema\/person\/2b1cf3cd81a31e3cd26889ca66d677f1\"},\"description\":\"A\u0300 un an de la pre\u0301sidentielle de 2025, la dynamique e\u0301lectorale s\u2019intensifie dans la commune de Yopougon. Adama Bictogo ...\",\"breadcrumb\":{\"@id\":\"https:\/\/www.africa-press.net\/cotedivoire\/politique\/mobilisation-rhdp-a-yopougon-pour-lunite-et-la-paix#breadcrumb\"},\"inLanguage\":\"fr-FR\",\"potentialAction\":[{\"@type\":\"ReadAction\",\"target\":[\"https:\/\/www.africa-press.net\/cotedivoire\/politique\/mobilisation-rhdp-a-yopougon-pour-lunite-et-la-paix\"]}]},{\"@type\":\"ImageObject\",\"inLanguage\":\"fr-FR\",\"@id\":\"https:\/\/www.africa-press.net\/cotedivoire\/politique\/mobilisation-rhdp-a-yopougon-pour-lunite-et-la-paix#primaryimage\",\"url\":\"https:\/\/static.africa-press.net\/cote\/sites\/43\/2025\/10\/sm_1759921404.623024.jpg\",\"contentUrl\":\"https:\/\/static.africa-press.net\/cote\/sites\/43\/2025\/10\/sm_1759921404.623024.jpg\",\"width\":720,\"height\":480,\"caption\":\"Mobilisation RHDP \u00e0 Yopougon pour l'unit\u00e9 et la paix\"},{\"@type\":\"BreadcrumbList\",\"@id\":\"https:\/\/www.africa-press.net\/cotedivoire\/politique\/mobilisation-rhdp-a-yopougon-pour-lunite-et-la-paix#breadcrumb\",\"itemListElement\":[{\"@type\":\"ListItem\",\"position\":1,\"name\":\"Accueil\",\"item\":\"https:\/\/www.africa-press.net\/cotedivoire\/\"},{\"@type\":\"ListItem\",\"position\":2,\"name\":\"Mobilisation RHDP \u00e0 Yopougon pour l&#8217;unit\u00e9 et la paix\"}]},{\"@type\":\"WebSite\",\"@id\":\"https:\/\/www.africa-press.net\/cotedivoire\/#website\",\"url\":\"https:\/\/www.africa-press.net\/cotedivoire\/\",\"name\":\"C\u00f4te d&#039;Ivoire\",\"description\":\"Just another Africa News Agency Sites site\",\"potentialAction\":[{\"@type\":\"SearchAction\",\"target\":{\"@type\":\"EntryPoint\",\"urlTemplate\":\"https:\/\/www.africa-press.net\/cotedivoire\/?s={search_term_string}\"},\"query-input\":{\"@type\":\"PropertyValueSpecification\",\"valueRequired\":true,\"valueName\":\"search_term_string\"}}],\"inLanguage\":\"fr-FR\"},{\"@type\":\"Person\",\"@id\":\"https:\/\/www.africa-press.net\/cotedivoire\/#\/schema\/person\/2b1cf3cd81a31e3cd26889ca66d677f1\",\"name\":\"cfeditorfr\"}]}<\/script>\n<!-- \/ Yoast SEO Premium plugin. -->","yoast_head_json":{"title":"Mobilisation RHDP \u00e0 Yopougon pour l'unit\u00e9 et la paix - C\u00f4te d&#039;Ivoire","description":"A\u0300 un an de la pre\u0301sidentielle de 2025, la dynamique e\u0301lectorale s\u2019intensifie dans la commune de Yopougon. Adama Bictogo ...","robots":{"index":"index","follow":"follow","max-snippet":"max-snippet:-1","max-image-preview":"max-image-preview:large","max-video-preview":"max-video-preview:-1"},"canonical":"https:\/\/www.africa-press.net\/cotedivoire\/politique\/mobilisation-rhdp-a-yopougon-pour-lunite-et-la-paix","og_locale":"fr_FR","og_type":"article","og_title":"Mobilisation RHDP \u00e0 Yopougon pour l'unit\u00e9 et la paix","og_description":"A\u0300 un an de la pre\u0301sidentielle de 2025, la dynamique e\u0301lectorale s\u2019intensifie dans la commune de Yopougon. Adama Bictogo ...","og_url":"https:\/\/www.africa-press.net\/cotedivoire\/politique\/mobilisation-rhdp-a-yopougon-pour-lunite-et-la-paix","og_site_name":"C\u00f4te d&#039;Ivoire","article_published_time":"2025-10-08T13:56:48+00:00","article_modified_time":"2025-10-08T14:34:12+00:00","og_image":[{"width":720,"height":480,"url":"https:\/\/static.africa-press.net\/cote\/sites\/43\/2025\/10\/sm_1759921404.623024.jpg","type":"image\/jpeg"}],"author":"cfeditorfr","twitter_card":"summary_large_image","twitter_misc":{"\u00c9crit par":"cfeditorfr","Dur\u00e9e de lecture estim\u00e9e":"2 minutes"},"schema":{"@context":"https:\/\/schema.org","@graph":[{"@type":"Article","@id":"https:\/\/www.africa-press.net\/cotedivoire\/politique\/mobilisation-rhdp-a-yopougon-pour-lunite-et-la-paix#article","isPartOf":{"@id":"https:\/\/www.africa-press.net\/cotedivoire\/politique\/mobilisation-rhdp-a-yopougon-pour-lunite-et-la-paix"},"author":{"name":"cfeditorfr","@id":"https:\/\/www.africa-press.net\/cotedivoire\/#\/schema\/person\/2b1cf3cd81a31e3cd26889ca66d677f1"},"headline":"Mobilisation RHDP \u00e0 Yopougon pour l&rsquo;unit\u00e9 et la paix","datePublished":"2025-10-08T13:56:48+00:00","dateModified":"2025-10-08T14:34:12+00:00","mainEntityOfPage":{"@id":"https:\/\/www.africa-press.net\/cotedivoire\/politique\/mobilisation-rhdp-a-yopougon-pour-lunite-et-la-paix"},"wordCount":388,"commentCount":0,"image":{"@id":"https:\/\/www.africa-press.net\/cotedivoire\/politique\/mobilisation-rhdp-a-yopougon-pour-lunite-et-la-paix#primaryimage"},"thumbnailUrl":"https:\/\/static.africa-press.net\/cote\/sites\/43\/2025\/10\/sm_1759921404.623024.jpg","keywords":["Adama Bictogo","Alassane Ouattara","coh\u00e9sion sociale","C\u00d4TE D'IVOIRE","d\u00e9veloppement","ivoirienne","mobilisation","paix","Politique","RHDP","Yopougon"],"articleSection":["Politique","Toutes les actualit\u00e9s"],"inLanguage":"fr-FR","potentialAction":[{"@type":"CommentAction","name":"Comment","target":["https:\/\/www.africa-press.net\/cotedivoire\/politique\/mobilisation-rhdp-a-yopougon-pour-lunite-et-la-paix#respond"]}]},{"@type":"WebPage","@id":"https:\/\/www.africa-press.net\/cotedivoire\/politique\/mobilisation-rhdp-a-yopougon-pour-lunite-et-la-paix","url":"https:\/\/www.africa-press.net\/cotedivoire\/politique\/mobilisation-rhdp-a-yopougon-pour-lunite-et-la-paix","name":"Mobilisation RHDP \u00e0 Yopougon pour l'unit\u00e9 et la paix - C\u00f4te d&#039;Ivoire","isPartOf":{"@id":"https:\/\/www.africa-press.net\/cotedivoire\/#website"},"primaryImageOfPage":{"@id":"https:\/\/www.africa-press.net\/cotedivoire\/politique\/mobilisation-rhdp-a-yopougon-pour-lunite-et-la-paix#primaryimage"},"image":{"@id":"https:\/\/www.africa-press.net\/cotedivoire\/politique\/mobilisation-rhdp-a-yopougon-pour-lunite-et-la-paix#primaryimage"},"thumbnailUrl":"https:\/\/static.africa-press.net\/cote\/sites\/43\/2025\/10\/sm_1759921404.623024.jpg","datePublished":"2025-10-08T13:56:48+00:00","dateModified":"2025-10-08T14:34:12+00:00","author":{"@id":"https:\/\/www.africa-press.net\/cotedivoire\/#\/schema\/person\/2b1cf3cd81a31e3cd26889ca66d677f1"},"description":"A\u0300 un an de la pre\u0301sidentielle de 2025, la dynamique e\u0301lectorale s\u2019intensifie dans la commune de Yopougon. Adama Bictogo ...","breadcrumb":{"@id":"https:\/\/www.africa-press.net\/cotedivoire\/politique\/mobilisation-rhdp-a-yopougon-pour-lunite-et-la-paix#breadcrumb"},"inLanguage":"fr-FR","potentialAction":[{"@type":"ReadAction","target":["https:\/\/www.africa-press.net\/cotedivoire\/politique\/mobilisation-rhdp-a-yopougon-pour-lunite-et-la-paix"]}]},{"@type":"ImageObject","inLanguage":"fr-FR","@id":"https:\/\/www.africa-press.net\/cotedivoire\/politique\/mobilisation-rhdp-a-yopougon-pour-lunite-et-la-paix#primaryimage","url":"https:\/\/static.africa-press.net\/cote\/sites\/43\/2025\/10\/sm_1759921404.623024.jpg","contentUrl":"https:\/\/static.africa-press.net\/cote\/sites\/43\/2025\/10\/sm_1759921404.623024.jpg","width":720,"height":480,"caption":"Mobilisation RHDP \u00e0 Yopougon pour l'unit\u00e9 et la paix"},{"@type":"BreadcrumbList","@id":"https:\/\/www.africa-press.net\/cotedivoire\/politique\/mobilisation-rhdp-a-yopougon-pour-lunite-et-la-paix#breadcrumb","itemListElement":[{"@type":"ListItem","position":1,"name":"Accueil","item":"https:\/\/www.africa-press.net\/cotedivoire\/"},{"@type":"ListItem","position":2,"name":"Mobilisation RHDP \u00e0 Yopougon pour l&#8217;unit\u00e9 et la paix"}]},{"@type":"WebSite","@id":"https:\/\/www.africa-press.net\/cotedivoire\/#website","url":"https:\/\/www.africa-press.net\/cotedivoire\/","name":"C\u00f4te d&#039;Ivoire","description":"Just another Africa News Agency Sites site","potentialAction":[{"@type":"SearchAction","target":{"@type":"EntryPoint","urlTemplate":"https:\/\/www.africa-press.net\/cotedivoire\/?s={search_term_string}"},"query-input":{"@type":"PropertyValueSpecification","valueRequired":true,"valueName":"search_term_string"}}],"inLanguage":"fr-FR"},{"@type":"Person","@id":"https:\/\/www.africa-press.net\/cotedivoire\/#\/schema\/person\/2b1cf3cd81a31e3cd26889ca66d677f1","name":"cfeditorfr"}]}},"_links":{"self":[{"href":"https:\/\/www.africa-press.net\/cotedivoire\/wp-json\/wp\/v2\/posts\/106425","targetHints":{"allow":["GET"]}}],"collection":[{"href":"https:\/\/www.africa-press.net\/cotedivoire\/wp-json\/wp\/v2\/posts"}],"about":[{"href":"https:\/\/www.africa-press.net\/cotedivoire\/wp-json\/wp\/v2\/types\/post"}],"author":[{"embeddable":true,"href":"https:\/\/www.africa-press.net\/cotedivoire\/wp-json\/wp\/v2\/users\/82"}],"replies":[{"embeddable":true,"href":"https:\/\/www.africa-press.net\/cotedivoire\/wp-json\/wp\/v2\/comments?post=106425"}],"version-history":[{"count":0,"href":"https:\/\/www.africa-press.net\/cotedivoire\/wp-json\/wp\/v2\/posts\/106425\/revisions"}],"wp:featuredmedia":[{"embeddable":true,"href":"https:\/\/www.africa-press.net\/cotedivoire\/wp-json\/wp\/v2\/media\/106424"}],"wp:attachment":[{"href":"https:\/\/www.africa-press.net\/cotedivoire\/wp-json\/wp\/v2\/media?parent=106425"}],"wp:term":[{"taxonomy":"category","embeddable":true,"href":"https:\/\/www.africa-press.net\/cotedivoire\/wp-json\/wp\/v2\/categories?post=106425"},{"taxonomy":"post_tag","embeddable":true,"href":"https:\/\/www.africa-press.net\/cotedivoire\/wp-json\/wp\/v2\/tags?post=106425"}],"curies":[{"name":"wp","href":"https:\/\/api.w.org\/{rel}","templated":true}]}}