{"id":106460,"date":"2025-10-09T20:16:53","date_gmt":"2025-10-09T20:16:53","guid":{"rendered":"https:\/\/www.africa-press.net\/cotedivoire\/politique\/secteur-prive-ivoirien-soutient-ouattara-pour-2025"},"modified":"2025-10-09T20:30:26","modified_gmt":"2025-10-09T20:30:26","slug":"secteur-prive-ivoirien-soutient-ouattara-pour-2025","status":"publish","type":"post","link":"https:\/\/www.africa-press.net\/cotedivoire\/politique\/secteur-prive-ivoirien-soutient-ouattara-pour-2025","title":{"rendered":"Secteur Priv\u00e9 Ivoirien Soutient Ouattara Pour 2025"},"content":{"rendered":"<p><span style=\"color: #ff6600\"><strong>Africa-Press &#8211; C\u00f4te d&rsquo;Ivoire. <\/strong><\/span>Le PM Mambe\u0301 entoure\u0301 des Ministres Kone\u0301 (2), Coulibaly et Diarrassouba et Faman Toure\u0301 ce mercredi a\u0300 Abidjan<\/p>\n<p>Le Sofitel Ho\u0302tel Ivoire d\u2019Abidjan a accueilli, ce mercredi 8 octobre, une ce\u0301re\u0301monie marquante organise\u0301e par les acteurs du secteur prive\u0301 ivoirien en hommage au pre\u0301sident Alassane Ouattara. Cet e\u0301ve\u0301nement a e\u0301te\u0301 l\u2019occasion pour le secteur prive\u0301 d\u2019exprimer sa reconnaissance envers le chef de l\u2019E\u0301tat pour les nombreuses re\u0301formes entreprises depuis son accession a\u0300 la magistrature supre\u0302me en 2011, qui ont largement contribue\u0301 a\u0300 leur essor.<\/p>\n<p>Pre\u0301side\u0301e par le Premier ministre Robert Beugre\u0301 Mambe\u0301 et organise\u0301e par la Chambre de commerce et d\u2019industrie de Co\u0302te d\u2019Ivoire (CCI-CI), la ce\u0301re\u0301monie a re\u0301uni de nombreuses personnalite\u0301s, notamment les ministres Souleymane Diarrassouba (Commerce et Industrie), Amadou Kone\u0301 (Transports), Adama Coulibaly (Finances et Budget), et Bruno Kone\u0301 (Construction et Urbanisme). La pre\u0301sidente du Se\u0301nat, Kandia Camara, ainsi que plusieurs figures influentes du secteur prive\u0301 e\u0301taient e\u0301galement pre\u0301sentes.<\/p>\n<p>L\u2019un des moments forts de la ce\u0301re\u0301monie a e\u0301te\u0301 la remise symbolique d\u2019un che\u0300que de 120 millions de FCFA au pre\u0301sident Ouattara, par l\u2019interme\u0301diaire du Premier ministre. Coulibaly Zoumana, premier vice-pre\u0301sident de la CCI-CI et pre\u0301sident du comite\u0301 d\u2019organisation, a souligne\u0301 que ce geste exprimait leur gratitude pour le soutien constant du chef de l\u2019E\u0301tat et leur volonte\u0301 de rester mobilise\u0301s a\u0300 ses co\u0302te\u0301s.<\/p>\n<p>Dans le me\u0302me esprit, Faman Toure\u0301, pre\u0301sident de la CCI-CI, a offert au pre\u0301sident Ouattara un fauteuil et une canne, symbolisant leur souhait de le voir continuer a\u0300 conduire les destine\u0301es du pays pour les cinq anne\u0301es a\u0300 venir.<\/p>\n<p>Le Premier ministre Robert Beugre\u0301 Mambe\u0301 a exprime\u0301 sa profonde gratitude envers les acteurs du secteur prive\u0301 pour cette initiative. \u00ab La reconnaissance est une valeur divine, une cle\u0301 qui ouvre plusieurs portes \u00bb, a-t-il de\u0301clare\u0301.<\/p>\n<p>Il a ensuite re\u0301affirme\u0301 le ro\u0302le central du secteur prive\u0301 dans le de\u0301veloppement e\u0301conomique de la Co\u0302te d\u2019Ivoire, en rappelant que la contribution attendue de ce secteur dans le cadre du nouveau Plan National de De\u0301veloppement (PND 2026\u20132030) s\u2019e\u0301le\u0300ve a\u0300 75 %.<\/p>\n<p>Mambe\u0301 a profite\u0301 de cette tribune pour annoncer plusieurs projets structurants, notamment l\u2019extension du port de San-Pedro et la construction d\u2019une ligne de chemin de fer reliant cette re\u0301gion au nord du pays.<\/p>\n<p>Ces initiatives visent a\u0300 renforcer les infrastructures e\u0301conomiques et a\u0300 favoriser les e\u0301changes avec les pays voisins.<\/p>\n<p>Les ministres pre\u0301sents ont tour a\u0300 tour mis en avant les re\u0301formes mene\u0301es dans leurs domaines respectifs, qui ont permis a\u0300 l\u2019e\u0301conomie ivoirienne de maintenir un niveau de performance soutenu.<\/p>\n<p>Asse\u0301tou Diakite\u0301, repre\u0301sentant le secteur prive\u0301, a quant a\u0300 elle expose\u0301 leurs attentes pour l\u2019avenir, notamment en matie\u0300re de re\u0301formes fiscales, de lutte contre la corruption et d\u2019augmentation de la part des marche\u0301s publics re\u0301serve\u0301s aux entreprises locales.<\/p>\n<p>Cet e\u0301ve\u0301nement illustre la volonte\u0301 affirme\u0301e du secteur prive\u0301 ivoirien de soutenir la candidature du pre\u0301sident Alassane Ouattara a\u0300 l\u2019e\u0301lection pre\u0301sidentielle de 2025, tout en re\u0301affirmant l\u2019importance strate\u0301gique du partenariat entre l\u2019E\u0301tat et les acteurs e\u0301conomiques pour ba\u0302tir une Co\u0302te d\u2019Ivoire prospe\u0300re et inclusive.<\/p>\n<p><strong>Pour plus d&rsquo;informations et d&rsquo;analyses sur la <span style=\"color: #ff6600\">C\u00f4te d&rsquo;Ivoire<\/span>, suivez <span style=\"color: #ff6600\">Africa-Press<\/span><\/strong><\/p>\n","protected":false},"excerpt":{"rendered":"<p>Africa-Press &#8211; C\u00f4te d&rsquo;Ivoire. Le PM Mambe\u0301 entoure\u0301 des Ministres Kone\u0301 (2), Coulibaly et Diarrassouba et Faman Toure\u0301 ce mercredi a\u0300 Abidjan Le Sofitel Ho\u0302tel Ivoire d\u2019Abidjan a accueilli, ce mercredi 8 octobre, une ce\u0301re\u0301monie marquante organise\u0301e par les acteurs du secteur prive\u0301 ivoirien en hommage au pre\u0301sident Alassane Ouattara. Cet e\u0301ve\u0301nement a e\u0301te\u0301 l\u2019occasion [&hellip;]<\/p>\n","protected":false},"author":82,"featured_media":106459,"comment_status":"open","ping_status":"closed","sticky":false,"template":"","format":"standard","meta":{"footnotes":""},"categories":[2,20,10],"tags":[1182,38,2399,11043,29,7104,16832,7553,733],"class_list":["post-106460","post","type-post","status-publish","format-standard","has-post-thumbnail","hentry","category-politique","category-top-nouvelles","category-toutes-les-actualites","tag-adama-coulibaly","tag-alassane-ouattara","tag-beugre-mambe","tag-cci-ci","tag-cote-divoire","tag-faman-toure","tag-pnd-2026-2030","tag-secteur-prive","tag-souleymane-diarrassouba"],"yoast_head":"<!-- This site is optimized with the Yoast SEO Premium plugin v26.1 (Yoast SEO v27.0) - https:\/\/yoast.com\/product\/yoast-seo-premium-wordpress\/ -->\n<title>Secteur Priv\u00e9 Ivoirien Soutient Ouattara Pour 2025 - C\u00f4te d&#039;Ivoire<\/title>\n<meta name=\"description\" content=\"Le PM Mambe\u0301 entoure\u0301 des Ministres Kone\u0301 (2), Coulibaly et Diarrassouba et Faman Toure\u0301 ce mercredi a\u0300 Abidjan Le Sofi ...\" \/>\n<meta name=\"robots\" content=\"index, follow, max-snippet:-1, max-image-preview:large, max-video-preview:-1\" \/>\n<link rel=\"canonical\" href=\"https:\/\/www.africa-press.net\/cotedivoire\/politique\/secteur-prive-ivoirien-soutient-ouattara-pour-2025\" \/>\n<meta property=\"og:locale\" content=\"fr_FR\" \/>\n<meta property=\"og:type\" content=\"article\" \/>\n<meta property=\"og:title\" content=\"Secteur Priv\u00e9 Ivoirien Soutient Ouattara Pour 2025\" \/>\n<meta property=\"og:description\" content=\"Le PM Mambe\u0301 entoure\u0301 des Ministres Kone\u0301 (2), Coulibaly et Diarrassouba et Faman Toure\u0301 ce mercredi a\u0300 Abidjan Le Sofi ...\" \/>\n<meta property=\"og:url\" content=\"https:\/\/www.africa-press.net\/cotedivoire\/politique\/secteur-prive-ivoirien-soutient-ouattara-pour-2025\" \/>\n<meta property=\"og:site_name\" content=\"C\u00f4te d&#039;Ivoire\" \/>\n<meta property=\"article:published_time\" content=\"2025-10-09T20:16:53+00:00\" \/>\n<meta property=\"article:modified_time\" content=\"2025-10-09T20:30:26+00:00\" \/>\n<meta property=\"og:image\" content=\"https:\/\/static.africa-press.net\/cote\/sites\/43\/2025\/10\/sm_1760029199.671251.jpg\" \/>\n\t<meta property=\"og:image:width\" content=\"720\" \/>\n\t<meta property=\"og:image:height\" content=\"470\" \/>\n\t<meta property=\"og:image:type\" content=\"image\/jpeg\" \/>\n<meta name=\"author\" content=\"cfeditorfr\" \/>\n<meta name=\"twitter:card\" content=\"summary_large_image\" \/>\n<meta name=\"twitter:label1\" content=\"\u00c9crit par\" \/>\n\t<meta name=\"twitter:data1\" content=\"cfeditorfr\" \/>\n\t<meta name=\"twitter:label2\" content=\"Dur\u00e9e de lecture estim\u00e9e\" \/>\n\t<meta name=\"twitter:data2\" content=\"3 minutes\" \/>\n<script type=\"application\/ld+json\" class=\"yoast-schema-graph\">{\"@context\":\"https:\/\/schema.org\",\"@graph\":[{\"@type\":\"Article\",\"@id\":\"https:\/\/www.africa-press.net\/cotedivoire\/politique\/secteur-prive-ivoirien-soutient-ouattara-pour-2025#article\",\"isPartOf\":{\"@id\":\"https:\/\/www.africa-press.net\/cotedivoire\/politique\/secteur-prive-ivoirien-soutient-ouattara-pour-2025\"},\"author\":{\"name\":\"cfeditorfr\",\"@id\":\"https:\/\/www.africa-press.net\/cotedivoire\/#\/schema\/person\/2b1cf3cd81a31e3cd26889ca66d677f1\"},\"headline\":\"Secteur Priv\u00e9 Ivoirien Soutient Ouattara Pour 2025\",\"datePublished\":\"2025-10-09T20:16:53+00:00\",\"dateModified\":\"2025-10-09T20:30:26+00:00\",\"mainEntityOfPage\":{\"@id\":\"https:\/\/www.africa-press.net\/cotedivoire\/politique\/secteur-prive-ivoirien-soutient-ouattara-pour-2025\"},\"wordCount\":610,\"commentCount\":0,\"image\":{\"@id\":\"https:\/\/www.africa-press.net\/cotedivoire\/politique\/secteur-prive-ivoirien-soutient-ouattara-pour-2025#primaryimage\"},\"thumbnailUrl\":\"https:\/\/static.africa-press.net\/cote\/sites\/43\/2025\/10\/sm_1760029199.671251.jpg\",\"keywords\":[\"Adama Coulibaly\",\"Alassane Ouattara\",\"Beugr\u00e9 Mamb\u00e9\",\"CCI-CI\",\"C\u00d4TE D'IVOIRE\",\"Faman Tour\u00e9\",\"PND 2026-2030\",\"secteur priv\u00e9\",\"Souleymane Diarrassouba\"],\"articleSection\":[\"Politique\",\"Top Nouvelles\",\"Toutes les actualit\u00e9s\"],\"inLanguage\":\"fr-FR\",\"potentialAction\":[{\"@type\":\"CommentAction\",\"name\":\"Comment\",\"target\":[\"https:\/\/www.africa-press.net\/cotedivoire\/politique\/secteur-prive-ivoirien-soutient-ouattara-pour-2025#respond\"]}]},{\"@type\":\"WebPage\",\"@id\":\"https:\/\/www.africa-press.net\/cotedivoire\/politique\/secteur-prive-ivoirien-soutient-ouattara-pour-2025\",\"url\":\"https:\/\/www.africa-press.net\/cotedivoire\/politique\/secteur-prive-ivoirien-soutient-ouattara-pour-2025\",\"name\":\"Secteur Priv\u00e9 Ivoirien Soutient Ouattara Pour 2025 - C\u00f4te d&#039;Ivoire\",\"isPartOf\":{\"@id\":\"https:\/\/www.africa-press.net\/cotedivoire\/#website\"},\"primaryImageOfPage\":{\"@id\":\"https:\/\/www.africa-press.net\/cotedivoire\/politique\/secteur-prive-ivoirien-soutient-ouattara-pour-2025#primaryimage\"},\"image\":{\"@id\":\"https:\/\/www.africa-press.net\/cotedivoire\/politique\/secteur-prive-ivoirien-soutient-ouattara-pour-2025#primaryimage\"},\"thumbnailUrl\":\"https:\/\/static.africa-press.net\/cote\/sites\/43\/2025\/10\/sm_1760029199.671251.jpg\",\"datePublished\":\"2025-10-09T20:16:53+00:00\",\"dateModified\":\"2025-10-09T20:30:26+00:00\",\"author\":{\"@id\":\"https:\/\/www.africa-press.net\/cotedivoire\/#\/schema\/person\/2b1cf3cd81a31e3cd26889ca66d677f1\"},\"description\":\"Le PM Mambe\u0301 entoure\u0301 des Ministres Kone\u0301 (2), Coulibaly et Diarrassouba et Faman Toure\u0301 ce mercredi a\u0300 Abidjan Le Sofi ...\",\"breadcrumb\":{\"@id\":\"https:\/\/www.africa-press.net\/cotedivoire\/politique\/secteur-prive-ivoirien-soutient-ouattara-pour-2025#breadcrumb\"},\"inLanguage\":\"fr-FR\",\"potentialAction\":[{\"@type\":\"ReadAction\",\"target\":[\"https:\/\/www.africa-press.net\/cotedivoire\/politique\/secteur-prive-ivoirien-soutient-ouattara-pour-2025\"]}]},{\"@type\":\"ImageObject\",\"inLanguage\":\"fr-FR\",\"@id\":\"https:\/\/www.africa-press.net\/cotedivoire\/politique\/secteur-prive-ivoirien-soutient-ouattara-pour-2025#primaryimage\",\"url\":\"https:\/\/static.africa-press.net\/cote\/sites\/43\/2025\/10\/sm_1760029199.671251.jpg\",\"contentUrl\":\"https:\/\/static.africa-press.net\/cote\/sites\/43\/2025\/10\/sm_1760029199.671251.jpg\",\"width\":720,\"height\":470,\"caption\":\"Secteur Priv\u00e9 Ivoirien Soutient Ouattara Pour 2025\"},{\"@type\":\"BreadcrumbList\",\"@id\":\"https:\/\/www.africa-press.net\/cotedivoire\/politique\/secteur-prive-ivoirien-soutient-ouattara-pour-2025#breadcrumb\",\"itemListElement\":[{\"@type\":\"ListItem\",\"position\":1,\"name\":\"Accueil\",\"item\":\"https:\/\/www.africa-press.net\/cotedivoire\/\"},{\"@type\":\"ListItem\",\"position\":2,\"name\":\"Secteur Priv\u00e9 Ivoirien Soutient Ouattara Pour 2025\"}]},{\"@type\":\"WebSite\",\"@id\":\"https:\/\/www.africa-press.net\/cotedivoire\/#website\",\"url\":\"https:\/\/www.africa-press.net\/cotedivoire\/\",\"name\":\"C\u00f4te d&#039;Ivoire\",\"description\":\"Just another Africa News Agency Sites site\",\"potentialAction\":[{\"@type\":\"SearchAction\",\"target\":{\"@type\":\"EntryPoint\",\"urlTemplate\":\"https:\/\/www.africa-press.net\/cotedivoire\/?s={search_term_string}\"},\"query-input\":{\"@type\":\"PropertyValueSpecification\",\"valueRequired\":true,\"valueName\":\"search_term_string\"}}],\"inLanguage\":\"fr-FR\"},{\"@type\":\"Person\",\"@id\":\"https:\/\/www.africa-press.net\/cotedivoire\/#\/schema\/person\/2b1cf3cd81a31e3cd26889ca66d677f1\",\"name\":\"cfeditorfr\"}]}<\/script>\n<!-- \/ Yoast SEO Premium plugin. -->","yoast_head_json":{"title":"Secteur Priv\u00e9 Ivoirien Soutient Ouattara Pour 2025 - C\u00f4te d&#039;Ivoire","description":"Le PM Mambe\u0301 entoure\u0301 des Ministres Kone\u0301 (2), Coulibaly et Diarrassouba et Faman Toure\u0301 ce mercredi a\u0300 Abidjan Le Sofi ...","robots":{"index":"index","follow":"follow","max-snippet":"max-snippet:-1","max-image-preview":"max-image-preview:large","max-video-preview":"max-video-preview:-1"},"canonical":"https:\/\/www.africa-press.net\/cotedivoire\/politique\/secteur-prive-ivoirien-soutient-ouattara-pour-2025","og_locale":"fr_FR","og_type":"article","og_title":"Secteur Priv\u00e9 Ivoirien Soutient Ouattara Pour 2025","og_description":"Le PM Mambe\u0301 entoure\u0301 des Ministres Kone\u0301 (2), Coulibaly et Diarrassouba et Faman Toure\u0301 ce mercredi a\u0300 Abidjan Le Sofi ...","og_url":"https:\/\/www.africa-press.net\/cotedivoire\/politique\/secteur-prive-ivoirien-soutient-ouattara-pour-2025","og_site_name":"C\u00f4te d&#039;Ivoire","article_published_time":"2025-10-09T20:16:53+00:00","article_modified_time":"2025-10-09T20:30:26+00:00","og_image":[{"width":720,"height":470,"url":"https:\/\/static.africa-press.net\/cote\/sites\/43\/2025\/10\/sm_1760029199.671251.jpg","type":"image\/jpeg"}],"author":"cfeditorfr","twitter_card":"summary_large_image","twitter_misc":{"\u00c9crit par":"cfeditorfr","Dur\u00e9e de lecture estim\u00e9e":"3 minutes"},"schema":{"@context":"https:\/\/schema.org","@graph":[{"@type":"Article","@id":"https:\/\/www.africa-press.net\/cotedivoire\/politique\/secteur-prive-ivoirien-soutient-ouattara-pour-2025#article","isPartOf":{"@id":"https:\/\/www.africa-press.net\/cotedivoire\/politique\/secteur-prive-ivoirien-soutient-ouattara-pour-2025"},"author":{"name":"cfeditorfr","@id":"https:\/\/www.africa-press.net\/cotedivoire\/#\/schema\/person\/2b1cf3cd81a31e3cd26889ca66d677f1"},"headline":"Secteur Priv\u00e9 Ivoirien Soutient Ouattara Pour 2025","datePublished":"2025-10-09T20:16:53+00:00","dateModified":"2025-10-09T20:30:26+00:00","mainEntityOfPage":{"@id":"https:\/\/www.africa-press.net\/cotedivoire\/politique\/secteur-prive-ivoirien-soutient-ouattara-pour-2025"},"wordCount":610,"commentCount":0,"image":{"@id":"https:\/\/www.africa-press.net\/cotedivoire\/politique\/secteur-prive-ivoirien-soutient-ouattara-pour-2025#primaryimage"},"thumbnailUrl":"https:\/\/static.africa-press.net\/cote\/sites\/43\/2025\/10\/sm_1760029199.671251.jpg","keywords":["Adama Coulibaly","Alassane Ouattara","Beugr\u00e9 Mamb\u00e9","CCI-CI","C\u00d4TE D'IVOIRE","Faman Tour\u00e9","PND 2026-2030","secteur priv\u00e9","Souleymane Diarrassouba"],"articleSection":["Politique","Top Nouvelles","Toutes les actualit\u00e9s"],"inLanguage":"fr-FR","potentialAction":[{"@type":"CommentAction","name":"Comment","target":["https:\/\/www.africa-press.net\/cotedivoire\/politique\/secteur-prive-ivoirien-soutient-ouattara-pour-2025#respond"]}]},{"@type":"WebPage","@id":"https:\/\/www.africa-press.net\/cotedivoire\/politique\/secteur-prive-ivoirien-soutient-ouattara-pour-2025","url":"https:\/\/www.africa-press.net\/cotedivoire\/politique\/secteur-prive-ivoirien-soutient-ouattara-pour-2025","name":"Secteur Priv\u00e9 Ivoirien Soutient Ouattara Pour 2025 - C\u00f4te d&#039;Ivoire","isPartOf":{"@id":"https:\/\/www.africa-press.net\/cotedivoire\/#website"},"primaryImageOfPage":{"@id":"https:\/\/www.africa-press.net\/cotedivoire\/politique\/secteur-prive-ivoirien-soutient-ouattara-pour-2025#primaryimage"},"image":{"@id":"https:\/\/www.africa-press.net\/cotedivoire\/politique\/secteur-prive-ivoirien-soutient-ouattara-pour-2025#primaryimage"},"thumbnailUrl":"https:\/\/static.africa-press.net\/cote\/sites\/43\/2025\/10\/sm_1760029199.671251.jpg","datePublished":"2025-10-09T20:16:53+00:00","dateModified":"2025-10-09T20:30:26+00:00","author":{"@id":"https:\/\/www.africa-press.net\/cotedivoire\/#\/schema\/person\/2b1cf3cd81a31e3cd26889ca66d677f1"},"description":"Le PM Mambe\u0301 entoure\u0301 des Ministres Kone\u0301 (2), Coulibaly et Diarrassouba et Faman Toure\u0301 ce mercredi a\u0300 Abidjan Le Sofi ...","breadcrumb":{"@id":"https:\/\/www.africa-press.net\/cotedivoire\/politique\/secteur-prive-ivoirien-soutient-ouattara-pour-2025#breadcrumb"},"inLanguage":"fr-FR","potentialAction":[{"@type":"ReadAction","target":["https:\/\/www.africa-press.net\/cotedivoire\/politique\/secteur-prive-ivoirien-soutient-ouattara-pour-2025"]}]},{"@type":"ImageObject","inLanguage":"fr-FR","@id":"https:\/\/www.africa-press.net\/cotedivoire\/politique\/secteur-prive-ivoirien-soutient-ouattara-pour-2025#primaryimage","url":"https:\/\/static.africa-press.net\/cote\/sites\/43\/2025\/10\/sm_1760029199.671251.jpg","contentUrl":"https:\/\/static.africa-press.net\/cote\/sites\/43\/2025\/10\/sm_1760029199.671251.jpg","width":720,"height":470,"caption":"Secteur Priv\u00e9 Ivoirien Soutient Ouattara Pour 2025"},{"@type":"BreadcrumbList","@id":"https:\/\/www.africa-press.net\/cotedivoire\/politique\/secteur-prive-ivoirien-soutient-ouattara-pour-2025#breadcrumb","itemListElement":[{"@type":"ListItem","position":1,"name":"Accueil","item":"https:\/\/www.africa-press.net\/cotedivoire\/"},{"@type":"ListItem","position":2,"name":"Secteur Priv\u00e9 Ivoirien Soutient Ouattara Pour 2025"}]},{"@type":"WebSite","@id":"https:\/\/www.africa-press.net\/cotedivoire\/#website","url":"https:\/\/www.africa-press.net\/cotedivoire\/","name":"C\u00f4te d&#039;Ivoire","description":"Just another Africa News Agency Sites site","potentialAction":[{"@type":"SearchAction","target":{"@type":"EntryPoint","urlTemplate":"https:\/\/www.africa-press.net\/cotedivoire\/?s={search_term_string}"},"query-input":{"@type":"PropertyValueSpecification","valueRequired":true,"valueName":"search_term_string"}}],"inLanguage":"fr-FR"},{"@type":"Person","@id":"https:\/\/www.africa-press.net\/cotedivoire\/#\/schema\/person\/2b1cf3cd81a31e3cd26889ca66d677f1","name":"cfeditorfr"}]}},"_links":{"self":[{"href":"https:\/\/www.africa-press.net\/cotedivoire\/wp-json\/wp\/v2\/posts\/106460","targetHints":{"allow":["GET"]}}],"collection":[{"href":"https:\/\/www.africa-press.net\/cotedivoire\/wp-json\/wp\/v2\/posts"}],"about":[{"href":"https:\/\/www.africa-press.net\/cotedivoire\/wp-json\/wp\/v2\/types\/post"}],"author":[{"embeddable":true,"href":"https:\/\/www.africa-press.net\/cotedivoire\/wp-json\/wp\/v2\/users\/82"}],"replies":[{"embeddable":true,"href":"https:\/\/www.africa-press.net\/cotedivoire\/wp-json\/wp\/v2\/comments?post=106460"}],"version-history":[{"count":0,"href":"https:\/\/www.africa-press.net\/cotedivoire\/wp-json\/wp\/v2\/posts\/106460\/revisions"}],"wp:featuredmedia":[{"embeddable":true,"href":"https:\/\/www.africa-press.net\/cotedivoire\/wp-json\/wp\/v2\/media\/106459"}],"wp:attachment":[{"href":"https:\/\/www.africa-press.net\/cotedivoire\/wp-json\/wp\/v2\/media?parent=106460"}],"wp:term":[{"taxonomy":"category","embeddable":true,"href":"https:\/\/www.africa-press.net\/cotedivoire\/wp-json\/wp\/v2\/categories?post=106460"},{"taxonomy":"post_tag","embeddable":true,"href":"https:\/\/www.africa-press.net\/cotedivoire\/wp-json\/wp\/v2\/tags?post=106460"}],"curies":[{"name":"wp","href":"https:\/\/api.w.org\/{rel}","templated":true}]}}