{"id":106463,"date":"2025-10-09T20:17:07","date_gmt":"2025-10-09T20:17:07","guid":{"rendered":"https:\/\/www.africa-press.net\/cotedivoire\/politique\/pose-de-la-premiere-pierre-du-pole-economique-a-bingerville"},"modified":"2025-10-09T20:30:45","modified_gmt":"2025-10-09T20:30:45","slug":"pose-de-la-premiere-pierre-du-pole-economique-a-bingerville","status":"publish","type":"post","link":"https:\/\/www.africa-press.net\/cotedivoire\/politique\/pose-de-la-premiere-pierre-du-pole-economique-a-bingerville","title":{"rendered":"Pose de la premi\u00e8re pierre du P\u00f4le \u00e9conomique \u00e0 Bingerville"},"content":{"rendered":"<p><span style=\"color: #ff6600\"><strong>Africa-Press &#8211; C\u00f4te d&rsquo;Ivoire. <\/strong><\/span>La justice ivoirienne poursuit sa transformation. Ce mercredi 8 octobre 2025 a\u0300 Bingerville, le Premier ministre Robert Beugre\u0301 Mambe\u0301, aux co\u0302te\u0301s du Garde des Sceaux, ministre de la Justice et des Droits de l\u2019Homme, Jean Sansan Kambire\u0301, a proce\u0301de\u0301 a\u0300 la pose de la premie\u0300re pierre du sie\u0300ge du Po\u0302le pe\u0301nal e\u0301conomique et financier (PPEF). Un projet ambitieux qui symbolise la volonte\u0301 du gouvernement de doter la Co\u0302te d\u2019Ivoire d\u2019une justice moderne, spe\u0301cialise\u0301e et re\u0301solument tourne\u0301e vers la transparence.<\/p>\n<p>Devant un parterre d\u2019autorite\u0301s politiques, administratives, judiciaires et coutumie\u0300res, le chef du gouvernement en a pre\u0301cise\u0301 la porte\u0301e.<\/p>\n<p>\u00ab Le moment n\u2019est pas anodin. Il ne s\u2019agit pas seulement de lancer la construction d\u2019un ba\u0302timent, mais bien de donner corps a\u0300 une volonte\u0301 politique tre\u0300s forte: celle de ba\u0302tir une justice moderne, performante et digne des aspirations de nos populations \u00bb, a-t-il souligne\u0301.<\/p>\n<p>Pour Robert Beugre\u0301 Mambe\u0301, ce chantier s\u2019inscrit dans la droite ligne de la vision du pre\u0301sident Alassane Ouattara, qui fait de la justice un pilier central de la de\u0301mocratie et du de\u0301veloppement.<\/p>\n<p>Le Premier ministre a rappele\u0301 les nombreuses re\u0301alisations entreprises sous l\u2019impulsion pre\u0301sidentielle dans ce secteur: tribunaux de premie\u0300re instance a\u0300 San Pedro, Guiglo, Abobo ou Bingerville, cours d\u2019appel a\u0300 Daloa et Korhogo, sans oublier la prison de haute se\u0301curite\u0301 de Korhogo et la maison d\u2019arre\u0302t de Katiola.<\/p>\n<p>\u00ab Ces infrastructures te\u0301moignent de l\u2019engagement du gouvernement a\u0300 donner a\u0300 la justice les moyens de ses ambitions \u00bb, a-t-il insiste\u0301, saluant le \u00ab travail acharne\u0301 et discret \u00bb du ministre Sansan Kambire\u0301 pour ame\u0301liorer les conditions de travail des acteurs judiciaires.<\/p>\n<p>Le futur sie\u0300ge du PPEF, dont les travaux dureront trente mois pour un cou\u0302t global de 17,4 milliards de francs CFA, sera ba\u0302ti sur un terrain de deux hectares, a\u0300 proximite\u0301 du tribunal de premie\u0300re instance de Bingerville. Il abritera 86 bureaux, deux salles d\u2019audience de 50 et 150 places, une bibliothe\u0300que, une me\u0301diathe\u0300que, des salles d\u2019archives et un espace de restauration. Finance\u0301 sur le budget de l\u2019E\u0301tat, ce ba\u0302timent moderne incarne une justice au service de la probite\u0301 et de la bonne gouvernance.<\/p>\n<p>Prenant la parole, le ministre Sansan Kambire\u0301 a souligne\u0301 la porte\u0301e strate\u0301gique du projet. \u00ab Ce sie\u0300ge traduit la volonte\u0301 du gouvernement de doter la Co\u0302te d\u2019Ivoire d\u2019outils judiciaires a\u0300 la hauteur des de\u0301fis contemporains. \u00bb<\/p>\n<p>Cre\u0301e\u0301 en 2020 et e\u0301rige\u0301 en juridiction autonome en 2022, le Po\u0302le pe\u0301nal e\u0301conomique et financier a compe\u0301tence nationale pour juger les affaires e\u0301conomiques et financie\u0300res complexes: corruption, de\u0301tournement de fonds, blanchiment de capitaux, fraude fiscale et financement du terrorisme.<\/p>\n<p>\u00ab Jusqu\u2019a\u0300 pre\u0301sent, cette juridiction ne disposait pas de locaux propres. Il e\u0301tait donc indispensable de lui offrir un cadre approprie\u0301\u00bb, a pre\u0301cise\u0301 le ministre.<\/p>\n<p>En dotant le PPEF d\u2019un sie\u0300ge digne de son ro\u0302le, la Co\u0302te d\u2019Ivoire entend re\u0301pondre aux standards internationaux les plus exigeants, notamment ceux du Groupe d\u2019action financie\u0300re (GAFI), renforc\u0327ant ainsi la cre\u0301dibilite\u0301 du pays dans la lutte contre la criminalite\u0301 e\u0301conomique.<\/p>\n<p>Au-dela\u0300 de la pierre symboliquement pose\u0301e, c\u2019est un nouveau pacte de confiance entre l\u2019E\u0301tat et le citoyen que scelle cette ce\u0301re\u0301monie.<\/p>\n<p>\u00ab Ce que nous lanc\u0327ons aujourd\u2019hui, c\u2019est la Co\u0302te d\u2019Ivoire de demain: plus forte, plus juste et plus unie \u00bb, a conclu le Premier ministre Mambe\u0301.<\/p>\n<p><strong>Pour plus d&rsquo;informations et d&rsquo;analyses sur la <span style=\"color: #ff6600\">C\u00f4te d&rsquo;Ivoire<\/span>, suivez <span style=\"color: #ff6600\">Africa-Press<\/span><\/strong><\/p>\n","protected":false},"excerpt":{"rendered":"<p>Africa-Press &#8211; C\u00f4te d&rsquo;Ivoire. La justice ivoirienne poursuit sa transformation. Ce mercredi 8 octobre 2025 a\u0300 Bingerville, le Premier ministre Robert Beugre\u0301 Mambe\u0301, aux co\u0302te\u0301s du Garde des Sceaux, ministre de la Justice et des Droits de l\u2019Homme, Jean Sansan Kambire\u0301, a proce\u0301de\u0301 a\u0300 la pose de la premie\u0300re pierre du sie\u0300ge du Po\u0302le pe\u0301nal [&hellip;]<\/p>\n","protected":false},"author":82,"featured_media":106461,"comment_status":"open","ping_status":"closed","sticky":false,"template":"","format":"standard","meta":{"footnotes":""},"categories":[2,10],"tags":[1731,7454,13765,1181,29,15373,1549,18895,767,5958,16963,19107],"class_list":["post-106463","post","type-post","status-publish","format-standard","has-post-thumbnail","hentry","category-politique","category-toutes-les-actualites","tag-bingerville","tag-bonne","tag-contre","tag-corruption","tag-cote-divoire","tag-gafi","tag-gouvernance","tag-justice-ivoirienne","tag-lutte","tag-ppef","tag-robert-beugre","tag-sansan-kambire"],"yoast_head":"<!-- This site is optimized with the Yoast SEO Premium plugin v26.1 (Yoast SEO v27.0) - https:\/\/yoast.com\/product\/yoast-seo-premium-wordpress\/ -->\n<title>Pose de la premi\u00e8re pierre du P\u00f4le \u00e9conomique \u00e0 Bingerville - C\u00f4te d&#039;Ivoire<\/title>\n<meta name=\"description\" content=\"La justice ivoirienne poursuit sa transformation. Ce mercredi 8 octobre 2025 a\u0300 Bingerville, le Premier ministre Robert ...\" \/>\n<meta name=\"robots\" content=\"index, follow, max-snippet:-1, max-image-preview:large, max-video-preview:-1\" \/>\n<link rel=\"canonical\" href=\"https:\/\/www.africa-press.net\/cotedivoire\/politique\/pose-de-la-premiere-pierre-du-pole-economique-a-bingerville\" \/>\n<meta property=\"og:locale\" content=\"fr_FR\" \/>\n<meta property=\"og:type\" content=\"article\" \/>\n<meta property=\"og:title\" content=\"Pose de la premi\u00e8re pierre du P\u00f4le \u00e9conomique \u00e0 Bingerville\" \/>\n<meta property=\"og:description\" content=\"La justice ivoirienne poursuit sa transformation. Ce mercredi 8 octobre 2025 a\u0300 Bingerville, le Premier ministre Robert ...\" \/>\n<meta property=\"og:url\" content=\"https:\/\/www.africa-press.net\/cotedivoire\/politique\/pose-de-la-premiere-pierre-du-pole-economique-a-bingerville\" \/>\n<meta property=\"og:site_name\" content=\"C\u00f4te d&#039;Ivoire\" \/>\n<meta property=\"article:published_time\" content=\"2025-10-09T20:17:07+00:00\" \/>\n<meta property=\"article:modified_time\" content=\"2025-10-09T20:30:45+00:00\" \/>\n<meta property=\"og:image\" content=\"https:\/\/static.africa-press.net\/cote\/sites\/43\/2025\/10\/sm_1760029221.838306.jpg\" \/>\n\t<meta property=\"og:image:width\" content=\"720\" \/>\n\t<meta property=\"og:image:height\" content=\"474\" \/>\n\t<meta property=\"og:image:type\" content=\"image\/jpeg\" \/>\n<meta name=\"author\" content=\"cfeditorfr\" \/>\n<meta name=\"twitter:card\" content=\"summary_large_image\" \/>\n<meta name=\"twitter:label1\" content=\"\u00c9crit par\" \/>\n\t<meta name=\"twitter:data1\" content=\"cfeditorfr\" \/>\n\t<meta name=\"twitter:label2\" content=\"Dur\u00e9e de lecture estim\u00e9e\" \/>\n\t<meta name=\"twitter:data2\" content=\"3 minutes\" \/>\n<script type=\"application\/ld+json\" class=\"yoast-schema-graph\">{\"@context\":\"https:\/\/schema.org\",\"@graph\":[{\"@type\":\"Article\",\"@id\":\"https:\/\/www.africa-press.net\/cotedivoire\/politique\/pose-de-la-premiere-pierre-du-pole-economique-a-bingerville#article\",\"isPartOf\":{\"@id\":\"https:\/\/www.africa-press.net\/cotedivoire\/politique\/pose-de-la-premiere-pierre-du-pole-economique-a-bingerville\"},\"author\":{\"name\":\"cfeditorfr\",\"@id\":\"https:\/\/www.africa-press.net\/cotedivoire\/#\/schema\/person\/2b1cf3cd81a31e3cd26889ca66d677f1\"},\"headline\":\"Pose de la premi\u00e8re pierre du P\u00f4le \u00e9conomique \u00e0 Bingerville\",\"datePublished\":\"2025-10-09T20:17:07+00:00\",\"dateModified\":\"2025-10-09T20:30:45+00:00\",\"mainEntityOfPage\":{\"@id\":\"https:\/\/www.africa-press.net\/cotedivoire\/politique\/pose-de-la-premiere-pierre-du-pole-economique-a-bingerville\"},\"wordCount\":645,\"commentCount\":0,\"image\":{\"@id\":\"https:\/\/www.africa-press.net\/cotedivoire\/politique\/pose-de-la-premiere-pierre-du-pole-economique-a-bingerville#primaryimage\"},\"thumbnailUrl\":\"https:\/\/static.africa-press.net\/cote\/sites\/43\/2025\/10\/sm_1760029221.838306.jpg\",\"keywords\":[\"Bingerville\",\"bonne\",\"contre\",\"corruption\",\"C\u00d4TE D'IVOIRE\",\"gafi\",\"Gouvernance\",\"justice ivoirienne\",\"lutte\",\"PPEF\",\"Robert Beugr\u00e9\",\"Sansan Kambir\u00e9\"],\"articleSection\":[\"Politique\",\"Toutes les actualit\u00e9s\"],\"inLanguage\":\"fr-FR\",\"potentialAction\":[{\"@type\":\"CommentAction\",\"name\":\"Comment\",\"target\":[\"https:\/\/www.africa-press.net\/cotedivoire\/politique\/pose-de-la-premiere-pierre-du-pole-economique-a-bingerville#respond\"]}]},{\"@type\":\"WebPage\",\"@id\":\"https:\/\/www.africa-press.net\/cotedivoire\/politique\/pose-de-la-premiere-pierre-du-pole-economique-a-bingerville\",\"url\":\"https:\/\/www.africa-press.net\/cotedivoire\/politique\/pose-de-la-premiere-pierre-du-pole-economique-a-bingerville\",\"name\":\"Pose de la premi\u00e8re pierre du P\u00f4le \u00e9conomique \u00e0 Bingerville - C\u00f4te d&#039;Ivoire\",\"isPartOf\":{\"@id\":\"https:\/\/www.africa-press.net\/cotedivoire\/#website\"},\"primaryImageOfPage\":{\"@id\":\"https:\/\/www.africa-press.net\/cotedivoire\/politique\/pose-de-la-premiere-pierre-du-pole-economique-a-bingerville#primaryimage\"},\"image\":{\"@id\":\"https:\/\/www.africa-press.net\/cotedivoire\/politique\/pose-de-la-premiere-pierre-du-pole-economique-a-bingerville#primaryimage\"},\"thumbnailUrl\":\"https:\/\/static.africa-press.net\/cote\/sites\/43\/2025\/10\/sm_1760029221.838306.jpg\",\"datePublished\":\"2025-10-09T20:17:07+00:00\",\"dateModified\":\"2025-10-09T20:30:45+00:00\",\"author\":{\"@id\":\"https:\/\/www.africa-press.net\/cotedivoire\/#\/schema\/person\/2b1cf3cd81a31e3cd26889ca66d677f1\"},\"description\":\"La justice ivoirienne poursuit sa transformation. Ce mercredi 8 octobre 2025 a\u0300 Bingerville, le Premier ministre Robert ...\",\"breadcrumb\":{\"@id\":\"https:\/\/www.africa-press.net\/cotedivoire\/politique\/pose-de-la-premiere-pierre-du-pole-economique-a-bingerville#breadcrumb\"},\"inLanguage\":\"fr-FR\",\"potentialAction\":[{\"@type\":\"ReadAction\",\"target\":[\"https:\/\/www.africa-press.net\/cotedivoire\/politique\/pose-de-la-premiere-pierre-du-pole-economique-a-bingerville\"]}]},{\"@type\":\"ImageObject\",\"inLanguage\":\"fr-FR\",\"@id\":\"https:\/\/www.africa-press.net\/cotedivoire\/politique\/pose-de-la-premiere-pierre-du-pole-economique-a-bingerville#primaryimage\",\"url\":\"https:\/\/static.africa-press.net\/cote\/sites\/43\/2025\/10\/sm_1760029221.838306.jpg\",\"contentUrl\":\"https:\/\/static.africa-press.net\/cote\/sites\/43\/2025\/10\/sm_1760029221.838306.jpg\",\"width\":720,\"height\":474,\"caption\":\"Pose de la premi\u00e8re pierre du P\u00f4le \u00e9conomique \u00e0 Bingerville\"},{\"@type\":\"BreadcrumbList\",\"@id\":\"https:\/\/www.africa-press.net\/cotedivoire\/politique\/pose-de-la-premiere-pierre-du-pole-economique-a-bingerville#breadcrumb\",\"itemListElement\":[{\"@type\":\"ListItem\",\"position\":1,\"name\":\"Accueil\",\"item\":\"https:\/\/www.africa-press.net\/cotedivoire\/\"},{\"@type\":\"ListItem\",\"position\":2,\"name\":\"Pose de la premi\u00e8re pierre du P\u00f4le \u00e9conomique \u00e0 Bingerville\"}]},{\"@type\":\"WebSite\",\"@id\":\"https:\/\/www.africa-press.net\/cotedivoire\/#website\",\"url\":\"https:\/\/www.africa-press.net\/cotedivoire\/\",\"name\":\"C\u00f4te d&#039;Ivoire\",\"description\":\"Just another Africa News Agency Sites site\",\"potentialAction\":[{\"@type\":\"SearchAction\",\"target\":{\"@type\":\"EntryPoint\",\"urlTemplate\":\"https:\/\/www.africa-press.net\/cotedivoire\/?s={search_term_string}\"},\"query-input\":{\"@type\":\"PropertyValueSpecification\",\"valueRequired\":true,\"valueName\":\"search_term_string\"}}],\"inLanguage\":\"fr-FR\"},{\"@type\":\"Person\",\"@id\":\"https:\/\/www.africa-press.net\/cotedivoire\/#\/schema\/person\/2b1cf3cd81a31e3cd26889ca66d677f1\",\"name\":\"cfeditorfr\"}]}<\/script>\n<!-- \/ Yoast SEO Premium plugin. -->","yoast_head_json":{"title":"Pose de la premi\u00e8re pierre du P\u00f4le \u00e9conomique \u00e0 Bingerville - C\u00f4te d&#039;Ivoire","description":"La justice ivoirienne poursuit sa transformation. Ce mercredi 8 octobre 2025 a\u0300 Bingerville, le Premier ministre Robert ...","robots":{"index":"index","follow":"follow","max-snippet":"max-snippet:-1","max-image-preview":"max-image-preview:large","max-video-preview":"max-video-preview:-1"},"canonical":"https:\/\/www.africa-press.net\/cotedivoire\/politique\/pose-de-la-premiere-pierre-du-pole-economique-a-bingerville","og_locale":"fr_FR","og_type":"article","og_title":"Pose de la premi\u00e8re pierre du P\u00f4le \u00e9conomique \u00e0 Bingerville","og_description":"La justice ivoirienne poursuit sa transformation. Ce mercredi 8 octobre 2025 a\u0300 Bingerville, le Premier ministre Robert ...","og_url":"https:\/\/www.africa-press.net\/cotedivoire\/politique\/pose-de-la-premiere-pierre-du-pole-economique-a-bingerville","og_site_name":"C\u00f4te d&#039;Ivoire","article_published_time":"2025-10-09T20:17:07+00:00","article_modified_time":"2025-10-09T20:30:45+00:00","og_image":[{"width":720,"height":474,"url":"https:\/\/static.africa-press.net\/cote\/sites\/43\/2025\/10\/sm_1760029221.838306.jpg","type":"image\/jpeg"}],"author":"cfeditorfr","twitter_card":"summary_large_image","twitter_misc":{"\u00c9crit par":"cfeditorfr","Dur\u00e9e de lecture estim\u00e9e":"3 minutes"},"schema":{"@context":"https:\/\/schema.org","@graph":[{"@type":"Article","@id":"https:\/\/www.africa-press.net\/cotedivoire\/politique\/pose-de-la-premiere-pierre-du-pole-economique-a-bingerville#article","isPartOf":{"@id":"https:\/\/www.africa-press.net\/cotedivoire\/politique\/pose-de-la-premiere-pierre-du-pole-economique-a-bingerville"},"author":{"name":"cfeditorfr","@id":"https:\/\/www.africa-press.net\/cotedivoire\/#\/schema\/person\/2b1cf3cd81a31e3cd26889ca66d677f1"},"headline":"Pose de la premi\u00e8re pierre du P\u00f4le \u00e9conomique \u00e0 Bingerville","datePublished":"2025-10-09T20:17:07+00:00","dateModified":"2025-10-09T20:30:45+00:00","mainEntityOfPage":{"@id":"https:\/\/www.africa-press.net\/cotedivoire\/politique\/pose-de-la-premiere-pierre-du-pole-economique-a-bingerville"},"wordCount":645,"commentCount":0,"image":{"@id":"https:\/\/www.africa-press.net\/cotedivoire\/politique\/pose-de-la-premiere-pierre-du-pole-economique-a-bingerville#primaryimage"},"thumbnailUrl":"https:\/\/static.africa-press.net\/cote\/sites\/43\/2025\/10\/sm_1760029221.838306.jpg","keywords":["Bingerville","bonne","contre","corruption","C\u00d4TE D'IVOIRE","gafi","Gouvernance","justice ivoirienne","lutte","PPEF","Robert Beugr\u00e9","Sansan Kambir\u00e9"],"articleSection":["Politique","Toutes les actualit\u00e9s"],"inLanguage":"fr-FR","potentialAction":[{"@type":"CommentAction","name":"Comment","target":["https:\/\/www.africa-press.net\/cotedivoire\/politique\/pose-de-la-premiere-pierre-du-pole-economique-a-bingerville#respond"]}]},{"@type":"WebPage","@id":"https:\/\/www.africa-press.net\/cotedivoire\/politique\/pose-de-la-premiere-pierre-du-pole-economique-a-bingerville","url":"https:\/\/www.africa-press.net\/cotedivoire\/politique\/pose-de-la-premiere-pierre-du-pole-economique-a-bingerville","name":"Pose de la premi\u00e8re pierre du P\u00f4le \u00e9conomique \u00e0 Bingerville - C\u00f4te d&#039;Ivoire","isPartOf":{"@id":"https:\/\/www.africa-press.net\/cotedivoire\/#website"},"primaryImageOfPage":{"@id":"https:\/\/www.africa-press.net\/cotedivoire\/politique\/pose-de-la-premiere-pierre-du-pole-economique-a-bingerville#primaryimage"},"image":{"@id":"https:\/\/www.africa-press.net\/cotedivoire\/politique\/pose-de-la-premiere-pierre-du-pole-economique-a-bingerville#primaryimage"},"thumbnailUrl":"https:\/\/static.africa-press.net\/cote\/sites\/43\/2025\/10\/sm_1760029221.838306.jpg","datePublished":"2025-10-09T20:17:07+00:00","dateModified":"2025-10-09T20:30:45+00:00","author":{"@id":"https:\/\/www.africa-press.net\/cotedivoire\/#\/schema\/person\/2b1cf3cd81a31e3cd26889ca66d677f1"},"description":"La justice ivoirienne poursuit sa transformation. Ce mercredi 8 octobre 2025 a\u0300 Bingerville, le Premier ministre Robert ...","breadcrumb":{"@id":"https:\/\/www.africa-press.net\/cotedivoire\/politique\/pose-de-la-premiere-pierre-du-pole-economique-a-bingerville#breadcrumb"},"inLanguage":"fr-FR","potentialAction":[{"@type":"ReadAction","target":["https:\/\/www.africa-press.net\/cotedivoire\/politique\/pose-de-la-premiere-pierre-du-pole-economique-a-bingerville"]}]},{"@type":"ImageObject","inLanguage":"fr-FR","@id":"https:\/\/www.africa-press.net\/cotedivoire\/politique\/pose-de-la-premiere-pierre-du-pole-economique-a-bingerville#primaryimage","url":"https:\/\/static.africa-press.net\/cote\/sites\/43\/2025\/10\/sm_1760029221.838306.jpg","contentUrl":"https:\/\/static.africa-press.net\/cote\/sites\/43\/2025\/10\/sm_1760029221.838306.jpg","width":720,"height":474,"caption":"Pose de la premi\u00e8re pierre du P\u00f4le \u00e9conomique \u00e0 Bingerville"},{"@type":"BreadcrumbList","@id":"https:\/\/www.africa-press.net\/cotedivoire\/politique\/pose-de-la-premiere-pierre-du-pole-economique-a-bingerville#breadcrumb","itemListElement":[{"@type":"ListItem","position":1,"name":"Accueil","item":"https:\/\/www.africa-press.net\/cotedivoire\/"},{"@type":"ListItem","position":2,"name":"Pose de la premi\u00e8re pierre du P\u00f4le \u00e9conomique \u00e0 Bingerville"}]},{"@type":"WebSite","@id":"https:\/\/www.africa-press.net\/cotedivoire\/#website","url":"https:\/\/www.africa-press.net\/cotedivoire\/","name":"C\u00f4te d&#039;Ivoire","description":"Just another Africa News Agency Sites site","potentialAction":[{"@type":"SearchAction","target":{"@type":"EntryPoint","urlTemplate":"https:\/\/www.africa-press.net\/cotedivoire\/?s={search_term_string}"},"query-input":{"@type":"PropertyValueSpecification","valueRequired":true,"valueName":"search_term_string"}}],"inLanguage":"fr-FR"},{"@type":"Person","@id":"https:\/\/www.africa-press.net\/cotedivoire\/#\/schema\/person\/2b1cf3cd81a31e3cd26889ca66d677f1","name":"cfeditorfr"}]}},"_links":{"self":[{"href":"https:\/\/www.africa-press.net\/cotedivoire\/wp-json\/wp\/v2\/posts\/106463","targetHints":{"allow":["GET"]}}],"collection":[{"href":"https:\/\/www.africa-press.net\/cotedivoire\/wp-json\/wp\/v2\/posts"}],"about":[{"href":"https:\/\/www.africa-press.net\/cotedivoire\/wp-json\/wp\/v2\/types\/post"}],"author":[{"embeddable":true,"href":"https:\/\/www.africa-press.net\/cotedivoire\/wp-json\/wp\/v2\/users\/82"}],"replies":[{"embeddable":true,"href":"https:\/\/www.africa-press.net\/cotedivoire\/wp-json\/wp\/v2\/comments?post=106463"}],"version-history":[{"count":0,"href":"https:\/\/www.africa-press.net\/cotedivoire\/wp-json\/wp\/v2\/posts\/106463\/revisions"}],"wp:featuredmedia":[{"embeddable":true,"href":"https:\/\/www.africa-press.net\/cotedivoire\/wp-json\/wp\/v2\/media\/106461"}],"wp:attachment":[{"href":"https:\/\/www.africa-press.net\/cotedivoire\/wp-json\/wp\/v2\/media?parent=106463"}],"wp:term":[{"taxonomy":"category","embeddable":true,"href":"https:\/\/www.africa-press.net\/cotedivoire\/wp-json\/wp\/v2\/categories?post=106463"},{"taxonomy":"post_tag","embeddable":true,"href":"https:\/\/www.africa-press.net\/cotedivoire\/wp-json\/wp\/v2\/tags?post=106463"}],"curies":[{"name":"wp","href":"https:\/\/api.w.org\/{rel}","templated":true}]}}