{"id":106468,"date":"2025-10-09T20:17:36","date_gmt":"2025-10-09T20:17:36","guid":{"rendered":"https:\/\/www.africa-press.net\/cotedivoire\/politique\/unite-parlementaire-sur-le-calendrier-de-la-session"},"modified":"2025-10-09T20:31:17","modified_gmt":"2025-10-09T20:31:17","slug":"unite-parlementaire-sur-le-calendrier-de-la-session","status":"publish","type":"post","link":"https:\/\/www.africa-press.net\/cotedivoire\/politique\/unite-parlementaire-sur-le-calendrier-de-la-session","title":{"rendered":"Unit\u00e9 Parlementaire Sur Le Calendrier De La Session"},"content":{"rendered":"<p><span style=\"color: #ff6600\"><strong>Africa-Press &#8211; C\u00f4te d&rsquo;Ivoire. <\/strong><\/span>L\u2019Assemble\u0301e nationale de Co\u0302te d\u2019Ivoire a adopte\u0301, ce mercredi 8 octobre 2025, a\u0300 l\u2019unanimite\u0301 des 151 de\u0301pute\u0301s pre\u0301sents, le projet de calendrier des travaux parlementaires pour la deuxie\u0300me session ordinaire. Cette session s\u2019e\u0301tendra du 8 octobre au 31 de\u0301cembre 2025. La veille, la confe\u0301rence des pre\u0301sidents avait soumis a\u0300 l\u2019approbation de la Chambre basse un programme couvrant l\u2019ensemble des activite\u0301s le\u0301gislatives pre\u0301vues sur cette pe\u0301riode.<\/p>\n<p>Ce calendrier, adopte\u0301 sans re\u0301serve en se\u0301ance ple\u0301nie\u0300re pre\u0301side\u0301e par Adama Bictogo, prend en compte 21 projets de loi. Ils se re\u0301partissent comme suit: une proposition de loi, deux projets d\u2019autorisation de ratification de conventions internationales, sept projets de loi ordinaires et onze projets de loi de ratification d\u2019ordonnances.<\/p>\n<p>Dans un contexte politique marque\u0301 par la pre\u0301paration de l\u2019e\u0301lection pre\u0301sidentielle et des le\u0301gislatives, le bureau de l\u2019Assemble\u0301e a de\u0301cide\u0301 de prioriser les textes d\u2019ordre budge\u0301taire. Deux projets majeurs seront ainsi examine\u0301s: le projet de loi portant re\u0300glement du budget de l\u2019E\u0301tat pour l\u2019anne\u0301e 2024, et le projet de loi de finances pour l\u2019exercice 2026. Ces textes cruciaux feront l\u2019objet d\u2019une e\u0301tude approfondie du 9 octobre au 11 novembre 2025, pe\u0301riode durant laquelle un de\u0301lai de re\u0301flexion a e\u0301te\u0301 accorde\u0301 aux groupes parlementaires.<\/p>\n<p>Adama Bictogo, pre\u0301sident de l\u2019Assemble\u0301e nationale, a salue\u0301 l\u2019esprit de responsabilite\u0301 de ses colle\u0300gues. \u00ab Notre se\u0301ance publique de ce matin est la preuve que, malgre\u0301 nos diffe\u0301rences politiques et ide\u0301ologiques, nous partageons la me\u0302me volonte\u0301 de nous retrouver et de nous de\u0301passer \u00bb, a-t-il de\u0301clare\u0301. Il a souligne\u0301 que les divergences politiques ne doivent pas faire oublier l\u2019essentiel: \u00ab la Co\u0302te d\u2019Ivoire demeure notre patrie, notre bien commun \u00bb.<\/p>\n<p>Autre fait marquant de cette se\u0301ance: la re\u0301vision du calendrier concernant l\u2019examen de la proposition de loi organique modifiant la loi n\u00b02020-558 sur le statut des parlementaires. Initialement pre\u0301vue pour le 25 novembre, la discussion a\u0300 huis clos a e\u0301te\u0301 avance\u0301e au 12 novembre, a\u0300 la demande des pre\u0301sidents de groupes parlementaires. Cette proposition a rec\u0327u un large soutien, traduisant une volonte\u0301 commune de renforcer l\u2019institution parlementaire.<\/p>\n<p>Le pre\u0301sident du groupe parlementaire PPA-CI, Hubert Oulaye, a salue\u0301 cette initiative. Il a insiste\u0301 sur l\u2019importance d\u2019une meilleure valorisation du statut des de\u0301pute\u0301s, notamment a\u0300 travers l\u2019attribution d\u2019assistants parlementaires.<\/p>\n<p>\u00ab Il est bon que les prochains de\u0301pute\u0301s soient mis a\u0300 l\u2019aise dans le travail qu\u2019ils font, car ils repre\u0301sentent le peuple \u00bb, a-t-il de\u0301clare\u0301.<\/p>\n<p>Ce consensus politique et institutionnel, rare dans un contexte pre\u0301e\u0301lectoral, envoie un signal fort a\u0300 la nation: celui d\u2019un Parlement mobilise\u0301, au service de la stabilite\u0301 de\u0301mocratique et du de\u0301veloppement de la Co\u0302te d\u2019Ivoire.<\/p>\n<p><strong>Pour plus d&rsquo;informations et d&rsquo;analyses sur la <span style=\"color: #ff6600\">C\u00f4te d&rsquo;Ivoire<\/span>, suivez <span style=\"color: #ff6600\">Africa-Press<\/span><\/strong><\/p>\n","protected":false},"excerpt":{"rendered":"<p>Africa-Press &#8211; C\u00f4te d&rsquo;Ivoire. L\u2019Assemble\u0301e nationale de Co\u0302te d\u2019Ivoire a adopte\u0301, ce mercredi 8 octobre 2025, a\u0300 l\u2019unanimite\u0301 des 151 de\u0301pute\u0301s pre\u0301sents, le projet de calendrier des travaux parlementaires pour la deuxie\u0300me session ordinaire. Cette session s\u2019e\u0301tendra du 8 octobre au 31 de\u0301cembre 2025. La veille, la confe\u0301rence des pre\u0301sidents avait soumis a\u0300 l\u2019approbation de [&hellip;]<\/p>\n","protected":false},"author":82,"featured_media":106467,"comment_status":"open","ping_status":"closed","sticky":false,"template":"","format":"standard","meta":{"footnotes":""},"categories":[2,20,10],"tags":[1265,1741,19043,29,2097,16246,1348,60,3784],"class_list":["post-106468","post","type-post","status-publish","format-standard","has-post-thumbnail","hentry","category-politique","category-top-nouvelles","category-toutes-les-actualites","tag-adama-bictogo","tag-assemblee-nationale","tag-budget-2026","tag-cote-divoire","tag-hubert-oulaye","tag-legislation","tag-parlementaire","tag-politique","tag-session"],"yoast_head":"<!-- This site is optimized with the Yoast SEO Premium plugin v26.1 (Yoast SEO v27.0) - https:\/\/yoast.com\/product\/yoast-seo-premium-wordpress\/ -->\n<title>Unit\u00e9 Parlementaire Sur Le Calendrier De La Session - C\u00f4te d&#039;Ivoire<\/title>\n<meta name=\"description\" content=\"L\u2019Assemble\u0301e nationale de Co\u0302te d\u2019Ivoire a adopte\u0301, ce mercredi 8 octobre 2025, a\u0300 l\u2019unanimite\u0301 des 151 de\u0301pute\u0301s pre\u0301se ...\" \/>\n<meta name=\"robots\" content=\"index, follow, max-snippet:-1, max-image-preview:large, max-video-preview:-1\" \/>\n<link rel=\"canonical\" href=\"https:\/\/www.africa-press.net\/cotedivoire\/politique\/unite-parlementaire-sur-le-calendrier-de-la-session\" \/>\n<meta property=\"og:locale\" content=\"fr_FR\" \/>\n<meta property=\"og:type\" content=\"article\" \/>\n<meta property=\"og:title\" content=\"Unit\u00e9 Parlementaire Sur Le Calendrier De La Session\" \/>\n<meta property=\"og:description\" content=\"L\u2019Assemble\u0301e nationale de Co\u0302te d\u2019Ivoire a adopte\u0301, ce mercredi 8 octobre 2025, a\u0300 l\u2019unanimite\u0301 des 151 de\u0301pute\u0301s pre\u0301se ...\" \/>\n<meta property=\"og:url\" content=\"https:\/\/www.africa-press.net\/cotedivoire\/politique\/unite-parlementaire-sur-le-calendrier-de-la-session\" \/>\n<meta property=\"og:site_name\" content=\"C\u00f4te d&#039;Ivoire\" \/>\n<meta property=\"article:published_time\" content=\"2025-10-09T20:17:36+00:00\" \/>\n<meta property=\"article:modified_time\" content=\"2025-10-09T20:31:17+00:00\" \/>\n<meta property=\"og:image\" content=\"https:\/\/static.africa-press.net\/cote\/sites\/43\/2025\/10\/sm_1760029257.343958.jpg\" \/>\n\t<meta property=\"og:image:width\" content=\"720\" \/>\n\t<meta property=\"og:image:height\" content=\"350\" \/>\n\t<meta property=\"og:image:type\" content=\"image\/jpeg\" \/>\n<meta name=\"author\" content=\"cfeditorfr\" \/>\n<meta name=\"twitter:card\" content=\"summary_large_image\" \/>\n<meta name=\"twitter:label1\" content=\"\u00c9crit par\" \/>\n\t<meta name=\"twitter:data1\" content=\"cfeditorfr\" \/>\n\t<meta name=\"twitter:label2\" content=\"Dur\u00e9e de lecture estim\u00e9e\" \/>\n\t<meta name=\"twitter:data2\" content=\"3 minutes\" \/>\n<script type=\"application\/ld+json\" class=\"yoast-schema-graph\">{\"@context\":\"https:\/\/schema.org\",\"@graph\":[{\"@type\":\"Article\",\"@id\":\"https:\/\/www.africa-press.net\/cotedivoire\/politique\/unite-parlementaire-sur-le-calendrier-de-la-session#article\",\"isPartOf\":{\"@id\":\"https:\/\/www.africa-press.net\/cotedivoire\/politique\/unite-parlementaire-sur-le-calendrier-de-la-session\"},\"author\":{\"name\":\"cfeditorfr\",\"@id\":\"https:\/\/www.africa-press.net\/cotedivoire\/#\/schema\/person\/2b1cf3cd81a31e3cd26889ca66d677f1\"},\"headline\":\"Unit\u00e9 Parlementaire Sur Le Calendrier De La Session\",\"datePublished\":\"2025-10-09T20:17:36+00:00\",\"dateModified\":\"2025-10-09T20:31:17+00:00\",\"mainEntityOfPage\":{\"@id\":\"https:\/\/www.africa-press.net\/cotedivoire\/politique\/unite-parlementaire-sur-le-calendrier-de-la-session\"},\"wordCount\":529,\"commentCount\":0,\"image\":{\"@id\":\"https:\/\/www.africa-press.net\/cotedivoire\/politique\/unite-parlementaire-sur-le-calendrier-de-la-session#primaryimage\"},\"thumbnailUrl\":\"https:\/\/static.africa-press.net\/cote\/sites\/43\/2025\/10\/sm_1760029257.343958.jpg\",\"keywords\":[\"Adama Bictogo\",\"Assembl\u00e9e nationale\",\"Budget 2026\",\"C\u00d4TE D'IVOIRE\",\"Hubert Oulaye\",\"l\u00e9gislation\",\"parlementaire\",\"Politique\",\"session\"],\"articleSection\":[\"Politique\",\"Top Nouvelles\",\"Toutes les actualit\u00e9s\"],\"inLanguage\":\"fr-FR\",\"potentialAction\":[{\"@type\":\"CommentAction\",\"name\":\"Comment\",\"target\":[\"https:\/\/www.africa-press.net\/cotedivoire\/politique\/unite-parlementaire-sur-le-calendrier-de-la-session#respond\"]}]},{\"@type\":\"WebPage\",\"@id\":\"https:\/\/www.africa-press.net\/cotedivoire\/politique\/unite-parlementaire-sur-le-calendrier-de-la-session\",\"url\":\"https:\/\/www.africa-press.net\/cotedivoire\/politique\/unite-parlementaire-sur-le-calendrier-de-la-session\",\"name\":\"Unit\u00e9 Parlementaire Sur Le Calendrier De La Session - C\u00f4te d&#039;Ivoire\",\"isPartOf\":{\"@id\":\"https:\/\/www.africa-press.net\/cotedivoire\/#website\"},\"primaryImageOfPage\":{\"@id\":\"https:\/\/www.africa-press.net\/cotedivoire\/politique\/unite-parlementaire-sur-le-calendrier-de-la-session#primaryimage\"},\"image\":{\"@id\":\"https:\/\/www.africa-press.net\/cotedivoire\/politique\/unite-parlementaire-sur-le-calendrier-de-la-session#primaryimage\"},\"thumbnailUrl\":\"https:\/\/static.africa-press.net\/cote\/sites\/43\/2025\/10\/sm_1760029257.343958.jpg\",\"datePublished\":\"2025-10-09T20:17:36+00:00\",\"dateModified\":\"2025-10-09T20:31:17+00:00\",\"author\":{\"@id\":\"https:\/\/www.africa-press.net\/cotedivoire\/#\/schema\/person\/2b1cf3cd81a31e3cd26889ca66d677f1\"},\"description\":\"L\u2019Assemble\u0301e nationale de Co\u0302te d\u2019Ivoire a adopte\u0301, ce mercredi 8 octobre 2025, a\u0300 l\u2019unanimite\u0301 des 151 de\u0301pute\u0301s pre\u0301se ...\",\"breadcrumb\":{\"@id\":\"https:\/\/www.africa-press.net\/cotedivoire\/politique\/unite-parlementaire-sur-le-calendrier-de-la-session#breadcrumb\"},\"inLanguage\":\"fr-FR\",\"potentialAction\":[{\"@type\":\"ReadAction\",\"target\":[\"https:\/\/www.africa-press.net\/cotedivoire\/politique\/unite-parlementaire-sur-le-calendrier-de-la-session\"]}]},{\"@type\":\"ImageObject\",\"inLanguage\":\"fr-FR\",\"@id\":\"https:\/\/www.africa-press.net\/cotedivoire\/politique\/unite-parlementaire-sur-le-calendrier-de-la-session#primaryimage\",\"url\":\"https:\/\/static.africa-press.net\/cote\/sites\/43\/2025\/10\/sm_1760029257.343958.jpg\",\"contentUrl\":\"https:\/\/static.africa-press.net\/cote\/sites\/43\/2025\/10\/sm_1760029257.343958.jpg\",\"width\":720,\"height\":350,\"caption\":\"Unit\u00e9 Parlementaire Sur Le Calendrier De La Session\"},{\"@type\":\"BreadcrumbList\",\"@id\":\"https:\/\/www.africa-press.net\/cotedivoire\/politique\/unite-parlementaire-sur-le-calendrier-de-la-session#breadcrumb\",\"itemListElement\":[{\"@type\":\"ListItem\",\"position\":1,\"name\":\"Accueil\",\"item\":\"https:\/\/www.africa-press.net\/cotedivoire\/\"},{\"@type\":\"ListItem\",\"position\":2,\"name\":\"Unit\u00e9 Parlementaire Sur Le Calendrier De La Session\"}]},{\"@type\":\"WebSite\",\"@id\":\"https:\/\/www.africa-press.net\/cotedivoire\/#website\",\"url\":\"https:\/\/www.africa-press.net\/cotedivoire\/\",\"name\":\"C\u00f4te d&#039;Ivoire\",\"description\":\"Just another Africa News Agency Sites site\",\"potentialAction\":[{\"@type\":\"SearchAction\",\"target\":{\"@type\":\"EntryPoint\",\"urlTemplate\":\"https:\/\/www.africa-press.net\/cotedivoire\/?s={search_term_string}\"},\"query-input\":{\"@type\":\"PropertyValueSpecification\",\"valueRequired\":true,\"valueName\":\"search_term_string\"}}],\"inLanguage\":\"fr-FR\"},{\"@type\":\"Person\",\"@id\":\"https:\/\/www.africa-press.net\/cotedivoire\/#\/schema\/person\/2b1cf3cd81a31e3cd26889ca66d677f1\",\"name\":\"cfeditorfr\"}]}<\/script>\n<!-- \/ Yoast SEO Premium plugin. -->","yoast_head_json":{"title":"Unit\u00e9 Parlementaire Sur Le Calendrier De La Session - C\u00f4te d&#039;Ivoire","description":"L\u2019Assemble\u0301e nationale de Co\u0302te d\u2019Ivoire a adopte\u0301, ce mercredi 8 octobre 2025, a\u0300 l\u2019unanimite\u0301 des 151 de\u0301pute\u0301s pre\u0301se ...","robots":{"index":"index","follow":"follow","max-snippet":"max-snippet:-1","max-image-preview":"max-image-preview:large","max-video-preview":"max-video-preview:-1"},"canonical":"https:\/\/www.africa-press.net\/cotedivoire\/politique\/unite-parlementaire-sur-le-calendrier-de-la-session","og_locale":"fr_FR","og_type":"article","og_title":"Unit\u00e9 Parlementaire Sur Le Calendrier De La Session","og_description":"L\u2019Assemble\u0301e nationale de Co\u0302te d\u2019Ivoire a adopte\u0301, ce mercredi 8 octobre 2025, a\u0300 l\u2019unanimite\u0301 des 151 de\u0301pute\u0301s pre\u0301se ...","og_url":"https:\/\/www.africa-press.net\/cotedivoire\/politique\/unite-parlementaire-sur-le-calendrier-de-la-session","og_site_name":"C\u00f4te d&#039;Ivoire","article_published_time":"2025-10-09T20:17:36+00:00","article_modified_time":"2025-10-09T20:31:17+00:00","og_image":[{"width":720,"height":350,"url":"https:\/\/static.africa-press.net\/cote\/sites\/43\/2025\/10\/sm_1760029257.343958.jpg","type":"image\/jpeg"}],"author":"cfeditorfr","twitter_card":"summary_large_image","twitter_misc":{"\u00c9crit par":"cfeditorfr","Dur\u00e9e de lecture estim\u00e9e":"3 minutes"},"schema":{"@context":"https:\/\/schema.org","@graph":[{"@type":"Article","@id":"https:\/\/www.africa-press.net\/cotedivoire\/politique\/unite-parlementaire-sur-le-calendrier-de-la-session#article","isPartOf":{"@id":"https:\/\/www.africa-press.net\/cotedivoire\/politique\/unite-parlementaire-sur-le-calendrier-de-la-session"},"author":{"name":"cfeditorfr","@id":"https:\/\/www.africa-press.net\/cotedivoire\/#\/schema\/person\/2b1cf3cd81a31e3cd26889ca66d677f1"},"headline":"Unit\u00e9 Parlementaire Sur Le Calendrier De La Session","datePublished":"2025-10-09T20:17:36+00:00","dateModified":"2025-10-09T20:31:17+00:00","mainEntityOfPage":{"@id":"https:\/\/www.africa-press.net\/cotedivoire\/politique\/unite-parlementaire-sur-le-calendrier-de-la-session"},"wordCount":529,"commentCount":0,"image":{"@id":"https:\/\/www.africa-press.net\/cotedivoire\/politique\/unite-parlementaire-sur-le-calendrier-de-la-session#primaryimage"},"thumbnailUrl":"https:\/\/static.africa-press.net\/cote\/sites\/43\/2025\/10\/sm_1760029257.343958.jpg","keywords":["Adama Bictogo","Assembl\u00e9e nationale","Budget 2026","C\u00d4TE D'IVOIRE","Hubert Oulaye","l\u00e9gislation","parlementaire","Politique","session"],"articleSection":["Politique","Top Nouvelles","Toutes les actualit\u00e9s"],"inLanguage":"fr-FR","potentialAction":[{"@type":"CommentAction","name":"Comment","target":["https:\/\/www.africa-press.net\/cotedivoire\/politique\/unite-parlementaire-sur-le-calendrier-de-la-session#respond"]}]},{"@type":"WebPage","@id":"https:\/\/www.africa-press.net\/cotedivoire\/politique\/unite-parlementaire-sur-le-calendrier-de-la-session","url":"https:\/\/www.africa-press.net\/cotedivoire\/politique\/unite-parlementaire-sur-le-calendrier-de-la-session","name":"Unit\u00e9 Parlementaire Sur Le Calendrier De La Session - C\u00f4te d&#039;Ivoire","isPartOf":{"@id":"https:\/\/www.africa-press.net\/cotedivoire\/#website"},"primaryImageOfPage":{"@id":"https:\/\/www.africa-press.net\/cotedivoire\/politique\/unite-parlementaire-sur-le-calendrier-de-la-session#primaryimage"},"image":{"@id":"https:\/\/www.africa-press.net\/cotedivoire\/politique\/unite-parlementaire-sur-le-calendrier-de-la-session#primaryimage"},"thumbnailUrl":"https:\/\/static.africa-press.net\/cote\/sites\/43\/2025\/10\/sm_1760029257.343958.jpg","datePublished":"2025-10-09T20:17:36+00:00","dateModified":"2025-10-09T20:31:17+00:00","author":{"@id":"https:\/\/www.africa-press.net\/cotedivoire\/#\/schema\/person\/2b1cf3cd81a31e3cd26889ca66d677f1"},"description":"L\u2019Assemble\u0301e nationale de Co\u0302te d\u2019Ivoire a adopte\u0301, ce mercredi 8 octobre 2025, a\u0300 l\u2019unanimite\u0301 des 151 de\u0301pute\u0301s pre\u0301se ...","breadcrumb":{"@id":"https:\/\/www.africa-press.net\/cotedivoire\/politique\/unite-parlementaire-sur-le-calendrier-de-la-session#breadcrumb"},"inLanguage":"fr-FR","potentialAction":[{"@type":"ReadAction","target":["https:\/\/www.africa-press.net\/cotedivoire\/politique\/unite-parlementaire-sur-le-calendrier-de-la-session"]}]},{"@type":"ImageObject","inLanguage":"fr-FR","@id":"https:\/\/www.africa-press.net\/cotedivoire\/politique\/unite-parlementaire-sur-le-calendrier-de-la-session#primaryimage","url":"https:\/\/static.africa-press.net\/cote\/sites\/43\/2025\/10\/sm_1760029257.343958.jpg","contentUrl":"https:\/\/static.africa-press.net\/cote\/sites\/43\/2025\/10\/sm_1760029257.343958.jpg","width":720,"height":350,"caption":"Unit\u00e9 Parlementaire Sur Le Calendrier De La Session"},{"@type":"BreadcrumbList","@id":"https:\/\/www.africa-press.net\/cotedivoire\/politique\/unite-parlementaire-sur-le-calendrier-de-la-session#breadcrumb","itemListElement":[{"@type":"ListItem","position":1,"name":"Accueil","item":"https:\/\/www.africa-press.net\/cotedivoire\/"},{"@type":"ListItem","position":2,"name":"Unit\u00e9 Parlementaire Sur Le Calendrier De La Session"}]},{"@type":"WebSite","@id":"https:\/\/www.africa-press.net\/cotedivoire\/#website","url":"https:\/\/www.africa-press.net\/cotedivoire\/","name":"C\u00f4te d&#039;Ivoire","description":"Just another Africa News Agency Sites site","potentialAction":[{"@type":"SearchAction","target":{"@type":"EntryPoint","urlTemplate":"https:\/\/www.africa-press.net\/cotedivoire\/?s={search_term_string}"},"query-input":{"@type":"PropertyValueSpecification","valueRequired":true,"valueName":"search_term_string"}}],"inLanguage":"fr-FR"},{"@type":"Person","@id":"https:\/\/www.africa-press.net\/cotedivoire\/#\/schema\/person\/2b1cf3cd81a31e3cd26889ca66d677f1","name":"cfeditorfr"}]}},"_links":{"self":[{"href":"https:\/\/www.africa-press.net\/cotedivoire\/wp-json\/wp\/v2\/posts\/106468","targetHints":{"allow":["GET"]}}],"collection":[{"href":"https:\/\/www.africa-press.net\/cotedivoire\/wp-json\/wp\/v2\/posts"}],"about":[{"href":"https:\/\/www.africa-press.net\/cotedivoire\/wp-json\/wp\/v2\/types\/post"}],"author":[{"embeddable":true,"href":"https:\/\/www.africa-press.net\/cotedivoire\/wp-json\/wp\/v2\/users\/82"}],"replies":[{"embeddable":true,"href":"https:\/\/www.africa-press.net\/cotedivoire\/wp-json\/wp\/v2\/comments?post=106468"}],"version-history":[{"count":0,"href":"https:\/\/www.africa-press.net\/cotedivoire\/wp-json\/wp\/v2\/posts\/106468\/revisions"}],"wp:featuredmedia":[{"embeddable":true,"href":"https:\/\/www.africa-press.net\/cotedivoire\/wp-json\/wp\/v2\/media\/106467"}],"wp:attachment":[{"href":"https:\/\/www.africa-press.net\/cotedivoire\/wp-json\/wp\/v2\/media?parent=106468"}],"wp:term":[{"taxonomy":"category","embeddable":true,"href":"https:\/\/www.africa-press.net\/cotedivoire\/wp-json\/wp\/v2\/categories?post=106468"},{"taxonomy":"post_tag","embeddable":true,"href":"https:\/\/www.africa-press.net\/cotedivoire\/wp-json\/wp\/v2\/tags?post=106468"}],"curies":[{"name":"wp","href":"https:\/\/api.w.org\/{rel}","templated":true}]}}