{"id":106492,"date":"2025-10-10T17:11:52","date_gmt":"2025-10-10T17:11:52","guid":{"rendered":"https:\/\/www.africa-press.net\/cotedivoire\/politique\/beugre-mambe-inaugure-batiment-intelligent-au-plateau"},"modified":"2025-10-10T17:31:53","modified_gmt":"2025-10-10T17:31:53","slug":"beugre-mambe-inaugure-batiment-intelligent-au-plateau","status":"publish","type":"post","link":"https:\/\/www.africa-press.net\/cotedivoire\/economie\/beugre-mambe-inaugure-batiment-intelligent-au-plateau","title":{"rendered":"Beugr\u00e9 Mamb\u00e9 Inaugure B\u00e2timent Intelligent au Plateau"},"content":{"rendered":"<p><span style=\"color: #ff6600\"><strong>Africa-Press &#8211; C\u00f4te d&rsquo;Ivoire. <\/strong><\/span>Ce jeudi 9 octobre 2025, le Premier ministre ivoirien, Robert Beugre\u0301 Mambe\u0301, a proce\u0301de\u0301 a\u0300 l\u2019inauguration officielle du nouveau ba\u0302timent annexe de la Cite\u0301 Financie\u0300re, situe\u0301 au Plateau. Un e\u0301difice moderne, intelligent et symbolique, qui marque un tournant de\u0301cisif dans la dynamique de modernisation de l\u2019administration financie\u0300re de la Co\u0302te d\u2019Ivoire. Plusieurs membres du gouvernement, dont le ministre des Finances et du Budget, Adama Coulibaly, et le directeur ge\u0301ne\u0301ral du Budget et des Finances, Seydou Traore\u0301, ont pris part a\u0300 cette ce\u0301re\u0301monie empreinte de solennite\u0301.<\/p>\n<p>Dans les premiers mots de son allocution, le Premier ministre a tenu a\u0300 saluer la vision et l&rsquo;engagement du chef de l\u2019E\u0301tat, Alassane Ouattara, qu\u2019il a qualifie\u0301 \u00ab d\u2019infatigable ba\u0302tisseur \u00bb. M. Mambe\u0301 a souligne\u0301 que cet imposant ba\u0302timent, mis a\u0300 la disposition des hauts fonctionnaires, s\u2019inscrit dans une se\u0301rie de projets structurants visant a\u0300 enrichir le patrimoine de l\u2019E\u0301tat et a\u0300 ame\u0301liorer le cadre de travail des agents publics.<\/p>\n<p>\u00ab Ce ba\u0302timent moderne, fonctionnel et conforme aux normes internationales est une illustration concre\u0300te de la capacite\u0301 de l\u2019administration ivoirienne a\u0300 conduire a\u0300 bon port des projets ambitieux \u00bb, a-t-il affirme\u0301.<\/p>\n<p>Tout en saluant les performances e\u0301conomiques du pays, notamment lors des re\u0301centes missions avec le FMI, le Premier ministre a appele\u0301 a\u0300 la vigilance: \u00ab L\u2019e\u0301conomie ivoirienne se porte bien, mais les enjeux sont de taille. La Co\u0302te d\u2019Ivoire doit continuer a\u0300 jouer pleinement son ro\u0302le de locomotive au sein de l\u2019UEMOA. \u00bb<\/p>\n<p>Il a par ailleurs fe\u0301licite\u0301 le ministre Adama Coulibaly pour son leadership et sa capacite\u0301 a\u0300 conduire les ne\u0301gociations internationales, souvent complexes mais toujours couronne\u0301es de succe\u0300s, selon ses propos.<\/p>\n<p>Au c\u0153ur du discours du chef du gouvernement, la modernisation de l\u2019administration publique reste un objectif fondamental. Il a e\u0301voque\u0301 la certification ISO 9001:2015 obtenue par la Direction ge\u0301ne\u0301rale du Budget et des Finances (DGBF) comme un indicateur fort de la rigueur et de l\u2019ame\u0301lioration continue dans la gestion budge\u0301taire.<\/p>\n<p>\u00ab Ce ba\u0302timent est un ve\u0301ritable levier pour renforcer la performance, la rigueur et l\u2019innovation au service de la nation \u00bb, a insiste\u0301 Robert Beugre\u0301 Mambe\u0301, invitant les fonctionnaires a\u0300 en faire bon usage, dans le respect des standards professionnels et des exigences du service public.<\/p>\n<p>Le Premier ministre a e\u0301galement aborde\u0301 les questions de maintenance et de pe\u0301rennite\u0301 des infrastructures publiques. Il a plaide\u0301 pour une allocation budge\u0301taire re\u0301gulie\u0300re de\u0301die\u0301e a\u0300 l\u2019entretien de ce type de ba\u0302timent, estimant qu\u2019un taux de 5 % du cou\u0302t de construction devrait e\u0302tre syste\u0301matiquement pre\u0301vu chaque anne\u0301e.<\/p>\n<p>\u00ab Ce ba\u0302timent est beau, il doit le rester pendant dix, quinze, voire vingt ans. Et cela passe par un entretien rigoureux, notamment des ascenseurs intelligents et des groupes e\u0301lectroge\u0300nes \u00bb, a-t-il insiste\u0301.<\/p>\n<p>En conclusion, Robert Beugre\u0301 Mambe\u0301 a re\u0301affirme\u0301 la volonte\u0301 du gouvernement de poursuivre, \u00ab avec la me\u0302me alle\u0301geance a\u0300 la haute autorite\u0301 du pre\u0301sident de la Re\u0301publique \u00bb, les efforts de modernisation de l\u2019administration financie\u0300re, afin de re\u0301pondre aux attentes des citoyens et de renforcer la cre\u0301dibilite\u0301 du pays aupre\u0300s de ses partenaires.<\/p>\n<p>\u00ab Ce ba\u0302timent est une source d\u2019inspiration. Il doit stimuler davantage l\u2019engagement, la cre\u0301ativite\u0301 et la performance de la Direction Ge\u0301ne\u0301rale du Budget et des Finances \u00bb, a-t-il lance\u0301 avec conviction.<\/p>\n<p>Compose\u0301 de 13 e\u0301tages, le nouveau ba\u0302timent annexe abrite 208 bureaux modernes, un auditorium de 100 places, plusieurs salles de re\u0301union modulables, des installations technologiques de pointe, et un syste\u0300me de se\u0301curite\u0301 avance\u0301, le tout dans un cadre durable, intelligent et accessible aux personnes a\u0300 mobilite\u0301 re\u0301duite.<\/p>\n<p>Selon l\u2019architecte mai\u0302tre d\u2019\u0153uvre Jean-Paul Monet, cet e\u0301difice est une re\u0301ponse a\u0300 un \u00ab besoin impe\u0301rieux de l\u2019E\u0301tat ivoirien d\u2019ame\u0301liorer le cadre de travail de ses agents \u00bb, tout en respectant des standards internationaux stricts.<\/p>\n<p>Pour le Directeur ge\u0301ne\u0301ral du Budget et des Finances, Seydou Traore\u0301, cette inauguration est le fruit d\u2019un travail collectif et de la volonte\u0301 politique de donner a\u0300 l\u2019administration les moyens de ses ambitions. Il a exprime\u0301 sa gratitude au Premier ministre, au pre\u0301sident de la Re\u0301publique et a\u0300 l\u2019ensemble des ministres implique\u0301s dans la re\u0301alisation du projet.<\/p>\n<p>De son co\u0302te\u0301, le ministre des Finances, Adama Coulibaly, a rappele\u0301 que cet investissement est \u00ab bien plus qu\u2019un simple immeuble: il est un outil au service de la transformation de l\u2019action publique \u00bb. Il a salue\u0301 le professionnalisme et la proactivite\u0301 des e\u0301quipes de la DGBF, et a renouvele\u0301 son engagement a\u0300 poursuivre les re\u0301formes de bonne gouvernance budge\u0301taire.<\/p>\n<p>L\u2019inauguration du nouveau ba\u0302timent annexe de la Cite\u0301 Financie\u0300re s\u2019inscrit ainsi comme une e\u0301tape emble\u0301matique sur la voie de l\u2019excellence administrative, de la bonne gouvernance et du de\u0301veloppement durable en Co\u0302te d\u2019Ivoire.<\/p>\n<p><strong>Pour plus d&rsquo;informations et d&rsquo;analyses sur la <span style=\"color: #ff6600\">C\u00f4te d&rsquo;Ivoire<\/span>, suivez <span style=\"color: #ff6600\">Africa-Press<\/span><\/strong><\/p>\n","protected":false},"excerpt":{"rendered":"<p>Africa-Press &#8211; C\u00f4te d&rsquo;Ivoire. Ce jeudi 9 octobre 2025, le Premier ministre ivoirien, Robert Beugre\u0301 Mambe\u0301, a proce\u0301de\u0301 a\u0300 l\u2019inauguration officielle du nouveau ba\u0302timent annexe de la Cite\u0301 Financie\u0300re, situe\u0301 au Plateau. Un e\u0301difice moderne, intelligent et symbolique, qui marque un tournant de\u0301cisif dans la dynamique de modernisation de l\u2019administration financie\u0300re de la Co\u0302te d\u2019Ivoire. [&hellip;]<\/p>\n","protected":false},"author":82,"featured_media":106491,"comment_status":"open","ping_status":"closed","sticky":false,"template":"","format":"standard","meta":{"footnotes":""},"categories":[3,10],"tags":[19115,1182,38,2303,29,5388,11994,762,3254,2780,8480,9980],"class_list":["post-106492","post","type-post","status-publish","format-standard","has-post-thumbnail","hentry","category-economie","category-toutes-les-actualites","tag-anne-ouloto-2","tag-adama-coulibaly","tag-alassane-ouattara","tag-budget","tag-cote-divoire","tag-dgbf","tag-finances-publiques","tag-gouvernement","tag-inauguration","tag-infrastructures","tag-modernisation","tag-robert-beugre-mambe"],"yoast_head":"<!-- This site is optimized with the Yoast SEO Premium plugin v26.1 (Yoast SEO v27.0) - https:\/\/yoast.com\/product\/yoast-seo-premium-wordpress\/ -->\n<title>Beugr\u00e9 Mamb\u00e9 Inaugure B\u00e2timent Intelligent au Plateau - C\u00f4te d&#039;Ivoire<\/title>\n<meta name=\"description\" content=\"Ce jeudi 9 octobre 2025, le Premier ministre ivoirien, Robert Beugre\u0301 Mambe\u0301, a proce\u0301de\u0301 a\u0300 l\u2019inauguration officielle d ...\" \/>\n<meta name=\"robots\" content=\"index, follow, max-snippet:-1, max-image-preview:large, max-video-preview:-1\" \/>\n<link rel=\"canonical\" href=\"https:\/\/www.africa-press.net\/cotedivoire\/economie\/beugre-mambe-inaugure-batiment-intelligent-au-plateau\" \/>\n<meta property=\"og:locale\" content=\"fr_FR\" \/>\n<meta property=\"og:type\" content=\"article\" \/>\n<meta property=\"og:title\" content=\"Beugr\u00e9 Mamb\u00e9 Inaugure B\u00e2timent Intelligent au Plateau\" \/>\n<meta property=\"og:description\" content=\"Ce jeudi 9 octobre 2025, le Premier ministre ivoirien, Robert Beugre\u0301 Mambe\u0301, a proce\u0301de\u0301 a\u0300 l\u2019inauguration officielle d ...\" \/>\n<meta property=\"og:url\" content=\"https:\/\/www.africa-press.net\/cotedivoire\/economie\/beugre-mambe-inaugure-batiment-intelligent-au-plateau\" \/>\n<meta property=\"og:site_name\" content=\"C\u00f4te d&#039;Ivoire\" \/>\n<meta property=\"article:published_time\" content=\"2025-10-10T17:11:52+00:00\" \/>\n<meta property=\"article:modified_time\" content=\"2025-10-10T17:31:53+00:00\" \/>\n<meta property=\"og:image\" content=\"https:\/\/static.africa-press.net\/cote\/sites\/43\/2025\/10\/sm_1760104869.416996.jpg\" \/>\n\t<meta property=\"og:image:width\" content=\"720\" \/>\n\t<meta property=\"og:image:height\" content=\"480\" \/>\n\t<meta property=\"og:image:type\" content=\"image\/jpeg\" \/>\n<meta name=\"author\" content=\"cfeditorfr\" \/>\n<meta name=\"twitter:card\" content=\"summary_large_image\" \/>\n<meta name=\"twitter:label1\" content=\"\u00c9crit par\" \/>\n\t<meta name=\"twitter:data1\" content=\"cfeditorfr\" \/>\n\t<meta name=\"twitter:label2\" content=\"Dur\u00e9e de lecture estim\u00e9e\" \/>\n\t<meta name=\"twitter:data2\" content=\"4 minutes\" \/>\n<script type=\"application\/ld+json\" class=\"yoast-schema-graph\">{\"@context\":\"https:\/\/schema.org\",\"@graph\":[{\"@type\":\"Article\",\"@id\":\"https:\/\/www.africa-press.net\/cotedivoire\/economie\/beugre-mambe-inaugure-batiment-intelligent-au-plateau#article\",\"isPartOf\":{\"@id\":\"https:\/\/www.africa-press.net\/cotedivoire\/economie\/beugre-mambe-inaugure-batiment-intelligent-au-plateau\"},\"author\":{\"name\":\"cfeditorfr\",\"@id\":\"https:\/\/www.africa-press.net\/cotedivoire\/#\/schema\/person\/2b1cf3cd81a31e3cd26889ca66d677f1\"},\"headline\":\"Beugr\u00e9 Mamb\u00e9 Inaugure B\u00e2timent Intelligent au Plateau\",\"datePublished\":\"2025-10-10T17:11:52+00:00\",\"dateModified\":\"2025-10-10T17:31:53+00:00\",\"mainEntityOfPage\":{\"@id\":\"https:\/\/www.africa-press.net\/cotedivoire\/economie\/beugre-mambe-inaugure-batiment-intelligent-au-plateau\"},\"wordCount\":891,\"commentCount\":0,\"image\":{\"@id\":\"https:\/\/www.africa-press.net\/cotedivoire\/economie\/beugre-mambe-inaugure-batiment-intelligent-au-plateau#primaryimage\"},\"thumbnailUrl\":\"https:\/\/static.africa-press.net\/cote\/sites\/43\/2025\/10\/sm_1760104869.416996.jpg\",\"keywords\":[\"'Anne Ouloto\",\"Adama Coulibaly\",\"Alassane Ouattara\",\"budget\",\"C\u00d4TE D'IVOIRE\",\"DGBF\",\"finances publiques\",\"Gouvernement\",\"inauguration\",\"infrastructures\",\"modernisation\",\"Robert Beugr\u00e9 Mamb\u00e9\"],\"articleSection\":[\"\u00c9conomie\",\"Toutes les actualit\u00e9s\"],\"inLanguage\":\"fr-FR\",\"potentialAction\":[{\"@type\":\"CommentAction\",\"name\":\"Comment\",\"target\":[\"https:\/\/www.africa-press.net\/cotedivoire\/economie\/beugre-mambe-inaugure-batiment-intelligent-au-plateau#respond\"]}]},{\"@type\":\"WebPage\",\"@id\":\"https:\/\/www.africa-press.net\/cotedivoire\/economie\/beugre-mambe-inaugure-batiment-intelligent-au-plateau\",\"url\":\"https:\/\/www.africa-press.net\/cotedivoire\/economie\/beugre-mambe-inaugure-batiment-intelligent-au-plateau\",\"name\":\"Beugr\u00e9 Mamb\u00e9 Inaugure B\u00e2timent Intelligent au Plateau - C\u00f4te d&#039;Ivoire\",\"isPartOf\":{\"@id\":\"https:\/\/www.africa-press.net\/cotedivoire\/#website\"},\"primaryImageOfPage\":{\"@id\":\"https:\/\/www.africa-press.net\/cotedivoire\/economie\/beugre-mambe-inaugure-batiment-intelligent-au-plateau#primaryimage\"},\"image\":{\"@id\":\"https:\/\/www.africa-press.net\/cotedivoire\/economie\/beugre-mambe-inaugure-batiment-intelligent-au-plateau#primaryimage\"},\"thumbnailUrl\":\"https:\/\/static.africa-press.net\/cote\/sites\/43\/2025\/10\/sm_1760104869.416996.jpg\",\"datePublished\":\"2025-10-10T17:11:52+00:00\",\"dateModified\":\"2025-10-10T17:31:53+00:00\",\"author\":{\"@id\":\"https:\/\/www.africa-press.net\/cotedivoire\/#\/schema\/person\/2b1cf3cd81a31e3cd26889ca66d677f1\"},\"description\":\"Ce jeudi 9 octobre 2025, le Premier ministre ivoirien, Robert Beugre\u0301 Mambe\u0301, a proce\u0301de\u0301 a\u0300 l\u2019inauguration officielle d ...\",\"breadcrumb\":{\"@id\":\"https:\/\/www.africa-press.net\/cotedivoire\/economie\/beugre-mambe-inaugure-batiment-intelligent-au-plateau#breadcrumb\"},\"inLanguage\":\"fr-FR\",\"potentialAction\":[{\"@type\":\"ReadAction\",\"target\":[\"https:\/\/www.africa-press.net\/cotedivoire\/economie\/beugre-mambe-inaugure-batiment-intelligent-au-plateau\"]}]},{\"@type\":\"ImageObject\",\"inLanguage\":\"fr-FR\",\"@id\":\"https:\/\/www.africa-press.net\/cotedivoire\/economie\/beugre-mambe-inaugure-batiment-intelligent-au-plateau#primaryimage\",\"url\":\"https:\/\/static.africa-press.net\/cote\/sites\/43\/2025\/10\/sm_1760104869.416996.jpg\",\"contentUrl\":\"https:\/\/static.africa-press.net\/cote\/sites\/43\/2025\/10\/sm_1760104869.416996.jpg\",\"width\":720,\"height\":480,\"caption\":\"Beugr\u00e9 Mamb\u00e9 Inaugure B\u00e2timent Intelligent au Plateau\"},{\"@type\":\"BreadcrumbList\",\"@id\":\"https:\/\/www.africa-press.net\/cotedivoire\/economie\/beugre-mambe-inaugure-batiment-intelligent-au-plateau#breadcrumb\",\"itemListElement\":[{\"@type\":\"ListItem\",\"position\":1,\"name\":\"Accueil\",\"item\":\"https:\/\/www.africa-press.net\/cotedivoire\/\"},{\"@type\":\"ListItem\",\"position\":2,\"name\":\"Beugr\u00e9 Mamb\u00e9 Inaugure B\u00e2timent Intelligent au Plateau\"}]},{\"@type\":\"WebSite\",\"@id\":\"https:\/\/www.africa-press.net\/cotedivoire\/#website\",\"url\":\"https:\/\/www.africa-press.net\/cotedivoire\/\",\"name\":\"C\u00f4te d&#039;Ivoire\",\"description\":\"Just another Africa News Agency Sites site\",\"potentialAction\":[{\"@type\":\"SearchAction\",\"target\":{\"@type\":\"EntryPoint\",\"urlTemplate\":\"https:\/\/www.africa-press.net\/cotedivoire\/?s={search_term_string}\"},\"query-input\":{\"@type\":\"PropertyValueSpecification\",\"valueRequired\":true,\"valueName\":\"search_term_string\"}}],\"inLanguage\":\"fr-FR\"},{\"@type\":\"Person\",\"@id\":\"https:\/\/www.africa-press.net\/cotedivoire\/#\/schema\/person\/2b1cf3cd81a31e3cd26889ca66d677f1\",\"name\":\"cfeditorfr\"}]}<\/script>\n<!-- \/ Yoast SEO Premium plugin. -->","yoast_head_json":{"title":"Beugr\u00e9 Mamb\u00e9 Inaugure B\u00e2timent Intelligent au Plateau - C\u00f4te d&#039;Ivoire","description":"Ce jeudi 9 octobre 2025, le Premier ministre ivoirien, Robert Beugre\u0301 Mambe\u0301, a proce\u0301de\u0301 a\u0300 l\u2019inauguration officielle d ...","robots":{"index":"index","follow":"follow","max-snippet":"max-snippet:-1","max-image-preview":"max-image-preview:large","max-video-preview":"max-video-preview:-1"},"canonical":"https:\/\/www.africa-press.net\/cotedivoire\/economie\/beugre-mambe-inaugure-batiment-intelligent-au-plateau","og_locale":"fr_FR","og_type":"article","og_title":"Beugr\u00e9 Mamb\u00e9 Inaugure B\u00e2timent Intelligent au Plateau","og_description":"Ce jeudi 9 octobre 2025, le Premier ministre ivoirien, Robert Beugre\u0301 Mambe\u0301, a proce\u0301de\u0301 a\u0300 l\u2019inauguration officielle d ...","og_url":"https:\/\/www.africa-press.net\/cotedivoire\/economie\/beugre-mambe-inaugure-batiment-intelligent-au-plateau","og_site_name":"C\u00f4te d&#039;Ivoire","article_published_time":"2025-10-10T17:11:52+00:00","article_modified_time":"2025-10-10T17:31:53+00:00","og_image":[{"width":720,"height":480,"url":"https:\/\/static.africa-press.net\/cote\/sites\/43\/2025\/10\/sm_1760104869.416996.jpg","type":"image\/jpeg"}],"author":"cfeditorfr","twitter_card":"summary_large_image","twitter_misc":{"\u00c9crit par":"cfeditorfr","Dur\u00e9e de lecture estim\u00e9e":"4 minutes"},"schema":{"@context":"https:\/\/schema.org","@graph":[{"@type":"Article","@id":"https:\/\/www.africa-press.net\/cotedivoire\/economie\/beugre-mambe-inaugure-batiment-intelligent-au-plateau#article","isPartOf":{"@id":"https:\/\/www.africa-press.net\/cotedivoire\/economie\/beugre-mambe-inaugure-batiment-intelligent-au-plateau"},"author":{"name":"cfeditorfr","@id":"https:\/\/www.africa-press.net\/cotedivoire\/#\/schema\/person\/2b1cf3cd81a31e3cd26889ca66d677f1"},"headline":"Beugr\u00e9 Mamb\u00e9 Inaugure B\u00e2timent Intelligent au Plateau","datePublished":"2025-10-10T17:11:52+00:00","dateModified":"2025-10-10T17:31:53+00:00","mainEntityOfPage":{"@id":"https:\/\/www.africa-press.net\/cotedivoire\/economie\/beugre-mambe-inaugure-batiment-intelligent-au-plateau"},"wordCount":891,"commentCount":0,"image":{"@id":"https:\/\/www.africa-press.net\/cotedivoire\/economie\/beugre-mambe-inaugure-batiment-intelligent-au-plateau#primaryimage"},"thumbnailUrl":"https:\/\/static.africa-press.net\/cote\/sites\/43\/2025\/10\/sm_1760104869.416996.jpg","keywords":["'Anne Ouloto","Adama Coulibaly","Alassane Ouattara","budget","C\u00d4TE D'IVOIRE","DGBF","finances publiques","Gouvernement","inauguration","infrastructures","modernisation","Robert Beugr\u00e9 Mamb\u00e9"],"articleSection":["\u00c9conomie","Toutes les actualit\u00e9s"],"inLanguage":"fr-FR","potentialAction":[{"@type":"CommentAction","name":"Comment","target":["https:\/\/www.africa-press.net\/cotedivoire\/economie\/beugre-mambe-inaugure-batiment-intelligent-au-plateau#respond"]}]},{"@type":"WebPage","@id":"https:\/\/www.africa-press.net\/cotedivoire\/economie\/beugre-mambe-inaugure-batiment-intelligent-au-plateau","url":"https:\/\/www.africa-press.net\/cotedivoire\/economie\/beugre-mambe-inaugure-batiment-intelligent-au-plateau","name":"Beugr\u00e9 Mamb\u00e9 Inaugure B\u00e2timent Intelligent au Plateau - C\u00f4te d&#039;Ivoire","isPartOf":{"@id":"https:\/\/www.africa-press.net\/cotedivoire\/#website"},"primaryImageOfPage":{"@id":"https:\/\/www.africa-press.net\/cotedivoire\/economie\/beugre-mambe-inaugure-batiment-intelligent-au-plateau#primaryimage"},"image":{"@id":"https:\/\/www.africa-press.net\/cotedivoire\/economie\/beugre-mambe-inaugure-batiment-intelligent-au-plateau#primaryimage"},"thumbnailUrl":"https:\/\/static.africa-press.net\/cote\/sites\/43\/2025\/10\/sm_1760104869.416996.jpg","datePublished":"2025-10-10T17:11:52+00:00","dateModified":"2025-10-10T17:31:53+00:00","author":{"@id":"https:\/\/www.africa-press.net\/cotedivoire\/#\/schema\/person\/2b1cf3cd81a31e3cd26889ca66d677f1"},"description":"Ce jeudi 9 octobre 2025, le Premier ministre ivoirien, Robert Beugre\u0301 Mambe\u0301, a proce\u0301de\u0301 a\u0300 l\u2019inauguration officielle d ...","breadcrumb":{"@id":"https:\/\/www.africa-press.net\/cotedivoire\/economie\/beugre-mambe-inaugure-batiment-intelligent-au-plateau#breadcrumb"},"inLanguage":"fr-FR","potentialAction":[{"@type":"ReadAction","target":["https:\/\/www.africa-press.net\/cotedivoire\/economie\/beugre-mambe-inaugure-batiment-intelligent-au-plateau"]}]},{"@type":"ImageObject","inLanguage":"fr-FR","@id":"https:\/\/www.africa-press.net\/cotedivoire\/economie\/beugre-mambe-inaugure-batiment-intelligent-au-plateau#primaryimage","url":"https:\/\/static.africa-press.net\/cote\/sites\/43\/2025\/10\/sm_1760104869.416996.jpg","contentUrl":"https:\/\/static.africa-press.net\/cote\/sites\/43\/2025\/10\/sm_1760104869.416996.jpg","width":720,"height":480,"caption":"Beugr\u00e9 Mamb\u00e9 Inaugure B\u00e2timent Intelligent au Plateau"},{"@type":"BreadcrumbList","@id":"https:\/\/www.africa-press.net\/cotedivoire\/economie\/beugre-mambe-inaugure-batiment-intelligent-au-plateau#breadcrumb","itemListElement":[{"@type":"ListItem","position":1,"name":"Accueil","item":"https:\/\/www.africa-press.net\/cotedivoire\/"},{"@type":"ListItem","position":2,"name":"Beugr\u00e9 Mamb\u00e9 Inaugure B\u00e2timent Intelligent au Plateau"}]},{"@type":"WebSite","@id":"https:\/\/www.africa-press.net\/cotedivoire\/#website","url":"https:\/\/www.africa-press.net\/cotedivoire\/","name":"C\u00f4te d&#039;Ivoire","description":"Just another Africa News Agency Sites site","potentialAction":[{"@type":"SearchAction","target":{"@type":"EntryPoint","urlTemplate":"https:\/\/www.africa-press.net\/cotedivoire\/?s={search_term_string}"},"query-input":{"@type":"PropertyValueSpecification","valueRequired":true,"valueName":"search_term_string"}}],"inLanguage":"fr-FR"},{"@type":"Person","@id":"https:\/\/www.africa-press.net\/cotedivoire\/#\/schema\/person\/2b1cf3cd81a31e3cd26889ca66d677f1","name":"cfeditorfr"}]}},"_links":{"self":[{"href":"https:\/\/www.africa-press.net\/cotedivoire\/wp-json\/wp\/v2\/posts\/106492","targetHints":{"allow":["GET"]}}],"collection":[{"href":"https:\/\/www.africa-press.net\/cotedivoire\/wp-json\/wp\/v2\/posts"}],"about":[{"href":"https:\/\/www.africa-press.net\/cotedivoire\/wp-json\/wp\/v2\/types\/post"}],"author":[{"embeddable":true,"href":"https:\/\/www.africa-press.net\/cotedivoire\/wp-json\/wp\/v2\/users\/82"}],"replies":[{"embeddable":true,"href":"https:\/\/www.africa-press.net\/cotedivoire\/wp-json\/wp\/v2\/comments?post=106492"}],"version-history":[{"count":0,"href":"https:\/\/www.africa-press.net\/cotedivoire\/wp-json\/wp\/v2\/posts\/106492\/revisions"}],"wp:featuredmedia":[{"embeddable":true,"href":"https:\/\/www.africa-press.net\/cotedivoire\/wp-json\/wp\/v2\/media\/106491"}],"wp:attachment":[{"href":"https:\/\/www.africa-press.net\/cotedivoire\/wp-json\/wp\/v2\/media?parent=106492"}],"wp:term":[{"taxonomy":"category","embeddable":true,"href":"https:\/\/www.africa-press.net\/cotedivoire\/wp-json\/wp\/v2\/categories?post=106492"},{"taxonomy":"post_tag","embeddable":true,"href":"https:\/\/www.africa-press.net\/cotedivoire\/wp-json\/wp\/v2\/tags?post=106492"}],"curies":[{"name":"wp","href":"https:\/\/api.w.org\/{rel}","templated":true}]}}