{"id":106508,"date":"2025-10-10T17:14:57","date_gmt":"2025-10-10T17:14:57","guid":{"rendered":"https:\/\/www.africa-press.net\/cotedivoire\/politique\/kalilou-sylla-nomme-commissaire-aux-affaires-economiques"},"modified":"2025-10-10T17:33:21","modified_gmt":"2025-10-10T17:33:21","slug":"kalilou-sylla-nomme-commissaire-aux-affaires-economiques","status":"publish","type":"post","link":"https:\/\/www.africa-press.net\/cotedivoire\/economie\/kalilou-sylla-nomme-commissaire-aux-affaires-economiques","title":{"rendered":"Kalilou Sylla Nomm\u00e9 Commissaire aux Affaires \u00c9conomiques"},"content":{"rendered":"<p><span style=\"color: #ff6600\"><strong>Africa-Press &#8211; C\u00f4te d&rsquo;Ivoire. <\/strong><\/span>La Commission de la Communaute\u0301 Economique des E\u0301tats de l&rsquo;Afrique de l&rsquo;Ouest (CEDEAO), a un nouveau Commissaire aux Affaires e\u0301conomiques et a\u0300 l&rsquo;Agriculture. Il s\u2019agit de l\u2019ivoirien, Kalilou Sylla.<\/p>\n<p>Le jeudi 9 octobre 2025, a\u0300 Abuja, au Nigeria, l\u2019Ivoirien, Dr Kalilou Sylla, a pris fonction a\u0300 la Commission de la CEDEAO, comme Commissaire aux Affaires e\u0301conomiques et a\u0300 l&rsquo;Agriculture apre\u0300s avoir pre\u0302te\u0301 serment lors d\u2019une ce\u0301re\u0301monie officielle pre\u0301side\u0301e par le Pre\u0301sident de la Cour de Justice de la Communaute\u0301, l\u2019honorable Juge Ricardo Cla\u0301udio Monteiro Gonc\u0327alves en pre\u0301sence des membres du Conseil des ministres de la CEDEAO re\u0301unis en session extraordinaire ce me\u0302me jour.<\/p>\n<p>M. Sylla, qui succe\u0300de a\u0300 Madame Massandje\u0301 Toure\u0301-Litse\u0301, est Docteur en e\u0301conomie, et a occupe\u0301 plusieurs postes de responsabilite\u0301 dans son pays, dont celui de Directeur de Cabinet du Ministe\u0300re en charge de l&rsquo;inte\u0301gration africaine et des Ivoiriens de l&rsquo;Exte\u0301rieur et de Directeur Ge\u0301ne\u0301ral du Commerce Exte\u0301rieur, Ministe\u0300re du Commerce et de l&rsquo;Industrie.<\/p>\n<p>Dr Kalilou Sylla a aussi servi aux niveaux international, re\u0301gional et national au profit notamment du secteur prive\u0301 et de la socie\u0301te\u0301 civile.<\/p>\n<p><strong>Pour plus d&rsquo;informations et d&rsquo;analyses sur la <span style=\"color: #ff6600\">C\u00f4te d&rsquo;Ivoire<\/span>, suivez <span style=\"color: #ff6600\">Africa-Press<\/span><\/strong><\/p>\n","protected":false},"excerpt":{"rendered":"<p>Africa-Press &#8211; C\u00f4te d&rsquo;Ivoire. La Commission de la Communaute\u0301 Economique des E\u0301tats de l&rsquo;Afrique de l&rsquo;Ouest (CEDEAO), a un nouveau Commissaire aux Affaires e\u0301conomiques et a\u0300 l&rsquo;Agriculture. Il s\u2019agit de l\u2019ivoirien, Kalilou Sylla. Le jeudi 9 octobre 2025, a\u0300 Abuja, au Nigeria, l\u2019Ivoirien, Dr Kalilou Sylla, a pris fonction a\u0300 la Commission de la CEDEAO, [&hellip;]<\/p>\n","protected":false},"author":82,"featured_media":106507,"comment_status":"open","ping_status":"closed","sticky":false,"template":"","format":"standard","meta":{"footnotes":""},"categories":[3,10],"tags":[3256,1150,2539,29,19120,14329,19119],"class_list":["post-106508","post","type-post","status-publish","format-standard","has-post-thumbnail","hentry","category-economie","category-toutes-les-actualites","tag-abuja","tag-cedeao","tag-commission","tag-cote-divoire","tag-kalilou-sylla","tag-massandje-toure-litse-2","tag-ricardo-claudio-monteiro-goncalves"],"yoast_head":"<!-- This site is optimized with the Yoast SEO Premium plugin v26.1 (Yoast SEO v27.0) - https:\/\/yoast.com\/product\/yoast-seo-premium-wordpress\/ -->\n<title>Kalilou Sylla Nomm\u00e9 Commissaire aux Affaires \u00c9conomiques - C\u00f4te d&#039;Ivoire<\/title>\n<meta name=\"description\" content=\"La Commission de la Communaute\u0301 Economique des E\u0301tats de l&#039;Afrique de l&#039;Ouest (CEDEAO), a un nouveau Commissaire aux Aff ...\" \/>\n<meta name=\"robots\" content=\"index, follow, max-snippet:-1, max-image-preview:large, max-video-preview:-1\" \/>\n<link rel=\"canonical\" href=\"https:\/\/www.africa-press.net\/cotedivoire\/economie\/kalilou-sylla-nomme-commissaire-aux-affaires-economiques\" \/>\n<meta property=\"og:locale\" content=\"fr_FR\" \/>\n<meta property=\"og:type\" content=\"article\" \/>\n<meta property=\"og:title\" content=\"Kalilou Sylla Nomm\u00e9 Commissaire aux Affaires \u00c9conomiques\" \/>\n<meta property=\"og:description\" content=\"La Commission de la Communaute\u0301 Economique des E\u0301tats de l&#039;Afrique de l&#039;Ouest (CEDEAO), a un nouveau Commissaire aux Aff ...\" \/>\n<meta property=\"og:url\" content=\"https:\/\/www.africa-press.net\/cotedivoire\/economie\/kalilou-sylla-nomme-commissaire-aux-affaires-economiques\" \/>\n<meta property=\"og:site_name\" content=\"C\u00f4te d&#039;Ivoire\" \/>\n<meta property=\"article:published_time\" content=\"2025-10-10T17:14:57+00:00\" \/>\n<meta property=\"article:modified_time\" content=\"2025-10-10T17:33:21+00:00\" \/>\n<meta property=\"og:image\" content=\"https:\/\/static.africa-press.net\/cote\/sites\/43\/2025\/10\/sm_1760104946.702219.jpg\" \/>\n\t<meta property=\"og:image:width\" content=\"720\" \/>\n\t<meta property=\"og:image:height\" content=\"330\" \/>\n\t<meta property=\"og:image:type\" content=\"image\/jpeg\" \/>\n<meta name=\"author\" content=\"cfeditorfr\" \/>\n<meta name=\"twitter:card\" content=\"summary_large_image\" \/>\n<meta name=\"twitter:label1\" content=\"\u00c9crit par\" \/>\n\t<meta name=\"twitter:data1\" content=\"cfeditorfr\" \/>\n\t<meta name=\"twitter:label2\" content=\"Dur\u00e9e de lecture estim\u00e9e\" \/>\n\t<meta name=\"twitter:data2\" content=\"2 minutes\" \/>\n<script type=\"application\/ld+json\" class=\"yoast-schema-graph\">{\"@context\":\"https:\/\/schema.org\",\"@graph\":[{\"@type\":\"Article\",\"@id\":\"https:\/\/www.africa-press.net\/cotedivoire\/economie\/kalilou-sylla-nomme-commissaire-aux-affaires-economiques#article\",\"isPartOf\":{\"@id\":\"https:\/\/www.africa-press.net\/cotedivoire\/economie\/kalilou-sylla-nomme-commissaire-aux-affaires-economiques\"},\"author\":{\"name\":\"cfeditorfr\",\"@id\":\"https:\/\/www.africa-press.net\/cotedivoire\/#\/schema\/person\/2b1cf3cd81a31e3cd26889ca66d677f1\"},\"headline\":\"Kalilou Sylla Nomm\u00e9 Commissaire aux Affaires \u00c9conomiques\",\"datePublished\":\"2025-10-10T17:14:57+00:00\",\"dateModified\":\"2025-10-10T17:33:21+00:00\",\"mainEntityOfPage\":{\"@id\":\"https:\/\/www.africa-press.net\/cotedivoire\/economie\/kalilou-sylla-nomme-commissaire-aux-affaires-economiques\"},\"wordCount\":244,\"commentCount\":0,\"image\":{\"@id\":\"https:\/\/www.africa-press.net\/cotedivoire\/economie\/kalilou-sylla-nomme-commissaire-aux-affaires-economiques#primaryimage\"},\"thumbnailUrl\":\"https:\/\/static.africa-press.net\/cote\/sites\/43\/2025\/10\/sm_1760104946.702219.jpg\",\"keywords\":[\"Abuja\",\"CEDEAO\",\"commission\",\"C\u00d4TE D'IVOIRE\",\"Kalilou Sylla\",\"Massandj\u00e9 Tour\u00e9-Litse\",\"Ricardo Cl\u00e1udio Monteiro Gon\u00e7alves;\"],\"articleSection\":[\"\u00c9conomie\",\"Toutes les actualit\u00e9s\"],\"inLanguage\":\"fr-FR\",\"potentialAction\":[{\"@type\":\"CommentAction\",\"name\":\"Comment\",\"target\":[\"https:\/\/www.africa-press.net\/cotedivoire\/economie\/kalilou-sylla-nomme-commissaire-aux-affaires-economiques#respond\"]}]},{\"@type\":\"WebPage\",\"@id\":\"https:\/\/www.africa-press.net\/cotedivoire\/economie\/kalilou-sylla-nomme-commissaire-aux-affaires-economiques\",\"url\":\"https:\/\/www.africa-press.net\/cotedivoire\/economie\/kalilou-sylla-nomme-commissaire-aux-affaires-economiques\",\"name\":\"Kalilou Sylla Nomm\u00e9 Commissaire aux Affaires \u00c9conomiques - C\u00f4te d&#039;Ivoire\",\"isPartOf\":{\"@id\":\"https:\/\/www.africa-press.net\/cotedivoire\/#website\"},\"primaryImageOfPage\":{\"@id\":\"https:\/\/www.africa-press.net\/cotedivoire\/economie\/kalilou-sylla-nomme-commissaire-aux-affaires-economiques#primaryimage\"},\"image\":{\"@id\":\"https:\/\/www.africa-press.net\/cotedivoire\/economie\/kalilou-sylla-nomme-commissaire-aux-affaires-economiques#primaryimage\"},\"thumbnailUrl\":\"https:\/\/static.africa-press.net\/cote\/sites\/43\/2025\/10\/sm_1760104946.702219.jpg\",\"datePublished\":\"2025-10-10T17:14:57+00:00\",\"dateModified\":\"2025-10-10T17:33:21+00:00\",\"author\":{\"@id\":\"https:\/\/www.africa-press.net\/cotedivoire\/#\/schema\/person\/2b1cf3cd81a31e3cd26889ca66d677f1\"},\"description\":\"La Commission de la Communaute\u0301 Economique des E\u0301tats de l'Afrique de l'Ouest (CEDEAO), a un nouveau Commissaire aux Aff ...\",\"breadcrumb\":{\"@id\":\"https:\/\/www.africa-press.net\/cotedivoire\/economie\/kalilou-sylla-nomme-commissaire-aux-affaires-economiques#breadcrumb\"},\"inLanguage\":\"fr-FR\",\"potentialAction\":[{\"@type\":\"ReadAction\",\"target\":[\"https:\/\/www.africa-press.net\/cotedivoire\/economie\/kalilou-sylla-nomme-commissaire-aux-affaires-economiques\"]}]},{\"@type\":\"ImageObject\",\"inLanguage\":\"fr-FR\",\"@id\":\"https:\/\/www.africa-press.net\/cotedivoire\/economie\/kalilou-sylla-nomme-commissaire-aux-affaires-economiques#primaryimage\",\"url\":\"https:\/\/static.africa-press.net\/cote\/sites\/43\/2025\/10\/sm_1760104946.702219.jpg\",\"contentUrl\":\"https:\/\/static.africa-press.net\/cote\/sites\/43\/2025\/10\/sm_1760104946.702219.jpg\",\"width\":720,\"height\":330,\"caption\":\"Kalilou Sylla Nomm\u00e9 Commissaire aux Affaires \u00c9conomiques\"},{\"@type\":\"BreadcrumbList\",\"@id\":\"https:\/\/www.africa-press.net\/cotedivoire\/economie\/kalilou-sylla-nomme-commissaire-aux-affaires-economiques#breadcrumb\",\"itemListElement\":[{\"@type\":\"ListItem\",\"position\":1,\"name\":\"Accueil\",\"item\":\"https:\/\/www.africa-press.net\/cotedivoire\/\"},{\"@type\":\"ListItem\",\"position\":2,\"name\":\"Kalilou Sylla Nomm\u00e9 Commissaire aux Affaires \u00c9conomiques\"}]},{\"@type\":\"WebSite\",\"@id\":\"https:\/\/www.africa-press.net\/cotedivoire\/#website\",\"url\":\"https:\/\/www.africa-press.net\/cotedivoire\/\",\"name\":\"C\u00f4te d&#039;Ivoire\",\"description\":\"Just another Africa News Agency Sites site\",\"potentialAction\":[{\"@type\":\"SearchAction\",\"target\":{\"@type\":\"EntryPoint\",\"urlTemplate\":\"https:\/\/www.africa-press.net\/cotedivoire\/?s={search_term_string}\"},\"query-input\":{\"@type\":\"PropertyValueSpecification\",\"valueRequired\":true,\"valueName\":\"search_term_string\"}}],\"inLanguage\":\"fr-FR\"},{\"@type\":\"Person\",\"@id\":\"https:\/\/www.africa-press.net\/cotedivoire\/#\/schema\/person\/2b1cf3cd81a31e3cd26889ca66d677f1\",\"name\":\"cfeditorfr\"}]}<\/script>\n<!-- \/ Yoast SEO Premium plugin. -->","yoast_head_json":{"title":"Kalilou Sylla Nomm\u00e9 Commissaire aux Affaires \u00c9conomiques - C\u00f4te d&#039;Ivoire","description":"La Commission de la Communaute\u0301 Economique des E\u0301tats de l'Afrique de l'Ouest (CEDEAO), a un nouveau Commissaire aux Aff ...","robots":{"index":"index","follow":"follow","max-snippet":"max-snippet:-1","max-image-preview":"max-image-preview:large","max-video-preview":"max-video-preview:-1"},"canonical":"https:\/\/www.africa-press.net\/cotedivoire\/economie\/kalilou-sylla-nomme-commissaire-aux-affaires-economiques","og_locale":"fr_FR","og_type":"article","og_title":"Kalilou Sylla Nomm\u00e9 Commissaire aux Affaires \u00c9conomiques","og_description":"La Commission de la Communaute\u0301 Economique des E\u0301tats de l'Afrique de l'Ouest (CEDEAO), a un nouveau Commissaire aux Aff ...","og_url":"https:\/\/www.africa-press.net\/cotedivoire\/economie\/kalilou-sylla-nomme-commissaire-aux-affaires-economiques","og_site_name":"C\u00f4te d&#039;Ivoire","article_published_time":"2025-10-10T17:14:57+00:00","article_modified_time":"2025-10-10T17:33:21+00:00","og_image":[{"width":720,"height":330,"url":"https:\/\/static.africa-press.net\/cote\/sites\/43\/2025\/10\/sm_1760104946.702219.jpg","type":"image\/jpeg"}],"author":"cfeditorfr","twitter_card":"summary_large_image","twitter_misc":{"\u00c9crit par":"cfeditorfr","Dur\u00e9e de lecture estim\u00e9e":"2 minutes"},"schema":{"@context":"https:\/\/schema.org","@graph":[{"@type":"Article","@id":"https:\/\/www.africa-press.net\/cotedivoire\/economie\/kalilou-sylla-nomme-commissaire-aux-affaires-economiques#article","isPartOf":{"@id":"https:\/\/www.africa-press.net\/cotedivoire\/economie\/kalilou-sylla-nomme-commissaire-aux-affaires-economiques"},"author":{"name":"cfeditorfr","@id":"https:\/\/www.africa-press.net\/cotedivoire\/#\/schema\/person\/2b1cf3cd81a31e3cd26889ca66d677f1"},"headline":"Kalilou Sylla Nomm\u00e9 Commissaire aux Affaires \u00c9conomiques","datePublished":"2025-10-10T17:14:57+00:00","dateModified":"2025-10-10T17:33:21+00:00","mainEntityOfPage":{"@id":"https:\/\/www.africa-press.net\/cotedivoire\/economie\/kalilou-sylla-nomme-commissaire-aux-affaires-economiques"},"wordCount":244,"commentCount":0,"image":{"@id":"https:\/\/www.africa-press.net\/cotedivoire\/economie\/kalilou-sylla-nomme-commissaire-aux-affaires-economiques#primaryimage"},"thumbnailUrl":"https:\/\/static.africa-press.net\/cote\/sites\/43\/2025\/10\/sm_1760104946.702219.jpg","keywords":["Abuja","CEDEAO","commission","C\u00d4TE D'IVOIRE","Kalilou Sylla","Massandj\u00e9 Tour\u00e9-Litse","Ricardo Cl\u00e1udio Monteiro Gon\u00e7alves;"],"articleSection":["\u00c9conomie","Toutes les actualit\u00e9s"],"inLanguage":"fr-FR","potentialAction":[{"@type":"CommentAction","name":"Comment","target":["https:\/\/www.africa-press.net\/cotedivoire\/economie\/kalilou-sylla-nomme-commissaire-aux-affaires-economiques#respond"]}]},{"@type":"WebPage","@id":"https:\/\/www.africa-press.net\/cotedivoire\/economie\/kalilou-sylla-nomme-commissaire-aux-affaires-economiques","url":"https:\/\/www.africa-press.net\/cotedivoire\/economie\/kalilou-sylla-nomme-commissaire-aux-affaires-economiques","name":"Kalilou Sylla Nomm\u00e9 Commissaire aux Affaires \u00c9conomiques - C\u00f4te d&#039;Ivoire","isPartOf":{"@id":"https:\/\/www.africa-press.net\/cotedivoire\/#website"},"primaryImageOfPage":{"@id":"https:\/\/www.africa-press.net\/cotedivoire\/economie\/kalilou-sylla-nomme-commissaire-aux-affaires-economiques#primaryimage"},"image":{"@id":"https:\/\/www.africa-press.net\/cotedivoire\/economie\/kalilou-sylla-nomme-commissaire-aux-affaires-economiques#primaryimage"},"thumbnailUrl":"https:\/\/static.africa-press.net\/cote\/sites\/43\/2025\/10\/sm_1760104946.702219.jpg","datePublished":"2025-10-10T17:14:57+00:00","dateModified":"2025-10-10T17:33:21+00:00","author":{"@id":"https:\/\/www.africa-press.net\/cotedivoire\/#\/schema\/person\/2b1cf3cd81a31e3cd26889ca66d677f1"},"description":"La Commission de la Communaute\u0301 Economique des E\u0301tats de l'Afrique de l'Ouest (CEDEAO), a un nouveau Commissaire aux Aff ...","breadcrumb":{"@id":"https:\/\/www.africa-press.net\/cotedivoire\/economie\/kalilou-sylla-nomme-commissaire-aux-affaires-economiques#breadcrumb"},"inLanguage":"fr-FR","potentialAction":[{"@type":"ReadAction","target":["https:\/\/www.africa-press.net\/cotedivoire\/economie\/kalilou-sylla-nomme-commissaire-aux-affaires-economiques"]}]},{"@type":"ImageObject","inLanguage":"fr-FR","@id":"https:\/\/www.africa-press.net\/cotedivoire\/economie\/kalilou-sylla-nomme-commissaire-aux-affaires-economiques#primaryimage","url":"https:\/\/static.africa-press.net\/cote\/sites\/43\/2025\/10\/sm_1760104946.702219.jpg","contentUrl":"https:\/\/static.africa-press.net\/cote\/sites\/43\/2025\/10\/sm_1760104946.702219.jpg","width":720,"height":330,"caption":"Kalilou Sylla Nomm\u00e9 Commissaire aux Affaires \u00c9conomiques"},{"@type":"BreadcrumbList","@id":"https:\/\/www.africa-press.net\/cotedivoire\/economie\/kalilou-sylla-nomme-commissaire-aux-affaires-economiques#breadcrumb","itemListElement":[{"@type":"ListItem","position":1,"name":"Accueil","item":"https:\/\/www.africa-press.net\/cotedivoire\/"},{"@type":"ListItem","position":2,"name":"Kalilou Sylla Nomm\u00e9 Commissaire aux Affaires \u00c9conomiques"}]},{"@type":"WebSite","@id":"https:\/\/www.africa-press.net\/cotedivoire\/#website","url":"https:\/\/www.africa-press.net\/cotedivoire\/","name":"C\u00f4te d&#039;Ivoire","description":"Just another Africa News Agency Sites site","potentialAction":[{"@type":"SearchAction","target":{"@type":"EntryPoint","urlTemplate":"https:\/\/www.africa-press.net\/cotedivoire\/?s={search_term_string}"},"query-input":{"@type":"PropertyValueSpecification","valueRequired":true,"valueName":"search_term_string"}}],"inLanguage":"fr-FR"},{"@type":"Person","@id":"https:\/\/www.africa-press.net\/cotedivoire\/#\/schema\/person\/2b1cf3cd81a31e3cd26889ca66d677f1","name":"cfeditorfr"}]}},"_links":{"self":[{"href":"https:\/\/www.africa-press.net\/cotedivoire\/wp-json\/wp\/v2\/posts\/106508","targetHints":{"allow":["GET"]}}],"collection":[{"href":"https:\/\/www.africa-press.net\/cotedivoire\/wp-json\/wp\/v2\/posts"}],"about":[{"href":"https:\/\/www.africa-press.net\/cotedivoire\/wp-json\/wp\/v2\/types\/post"}],"author":[{"embeddable":true,"href":"https:\/\/www.africa-press.net\/cotedivoire\/wp-json\/wp\/v2\/users\/82"}],"replies":[{"embeddable":true,"href":"https:\/\/www.africa-press.net\/cotedivoire\/wp-json\/wp\/v2\/comments?post=106508"}],"version-history":[{"count":0,"href":"https:\/\/www.africa-press.net\/cotedivoire\/wp-json\/wp\/v2\/posts\/106508\/revisions"}],"wp:featuredmedia":[{"embeddable":true,"href":"https:\/\/www.africa-press.net\/cotedivoire\/wp-json\/wp\/v2\/media\/106507"}],"wp:attachment":[{"href":"https:\/\/www.africa-press.net\/cotedivoire\/wp-json\/wp\/v2\/media?parent=106508"}],"wp:term":[{"taxonomy":"category","embeddable":true,"href":"https:\/\/www.africa-press.net\/cotedivoire\/wp-json\/wp\/v2\/categories?post=106508"},{"taxonomy":"post_tag","embeddable":true,"href":"https:\/\/www.africa-press.net\/cotedivoire\/wp-json\/wp\/v2\/tags?post=106508"}],"curies":[{"name":"wp","href":"https:\/\/api.w.org\/{rel}","templated":true}]}}