{"id":106529,"date":"2025-10-10T17:18:58","date_gmt":"2025-10-10T17:18:58","guid":{"rendered":"https:\/\/www.africa-press.net\/cotedivoire\/politique\/aeria-dement-contrat-dexclusivite-avec-chaine-etrangere"},"modified":"2025-10-10T17:35:03","modified_gmt":"2025-10-10T17:35:03","slug":"aeria-dement-contrat-dexclusivite-avec-chaine-etrangere","status":"publish","type":"post","link":"https:\/\/www.africa-press.net\/cotedivoire\/culture-et-art\/aeria-dement-contrat-dexclusivite-avec-chaine-etrangere","title":{"rendered":"AERIA D\u00e9ment Contrat d&rsquo;Exclusivit\u00e9 avec Cha\u00eene \u00c9trang\u00e8re"},"content":{"rendered":"<p><span style=\"color: #ff6600\"><strong>Africa-Press &#8211; C\u00f4te d&rsquo;Ivoire. <\/strong><\/span>La socie\u0301te\u0301 AERIA, gestionnaire de l\u2019Ae\u0301roport International Fe\u0301lix Houphoue\u0308t-Boigny d\u2019Abidjan, a formellement de\u0301menti les alle\u0301gations selon lesquelles un contrat d\u2019exclusivite\u0301 aurait e\u0301te\u0301 signe\u0301 avec une chai\u0302ne de te\u0301le\u0301vision e\u0301trange\u0300re, empe\u0302chant la diffusion de programmes de la chai\u0302ne nationale dans ses installations.<\/p>\n<p>Dans un communique\u0301 officiel publie\u0301 le jeudi, la direction ge\u0301ne\u0301rale d\u2019AERIA s\u2019est dite \u00ab e\u0301tonne\u0301e \u00bb par de telles affirmations, e\u0301voque\u0301es lors d\u2019un re\u0301cent de\u0301bat public. Elle a tenu a\u0300 clarifier sa position et rappeler les principes fondamentaux qui re\u0301gissent son action en tant que concessionnaire de service public ae\u0301roportuaire.<\/p>\n<p>AERIA souligne qu\u2019elle ne peut, de par ses obligations re\u0301glementaires, conclure de partenariat d\u2019exclusivite\u0301 avec aucune chai\u0302ne de te\u0301le\u0301vision, qu\u2019elle soit nationale ou e\u0301trange\u0300re.<\/p>\n<p>\u00ab Conforme\u0301ment a\u0300 notre mission et a\u0300 notre Charte E\u0301thique, nous veillons a\u0300 ce que la pluralite\u0301 de l\u2019information soit respecte\u0301e et que toutes les chai\u0302nes nationales et internationales soient accessibles librement dans nos espaces \u00bb, affirme le communique\u0301.<\/p>\n<p>Depuis 1996, AERIA \u0153uvre a\u0300 moderniser et exploiter l\u2019ae\u0301roport d\u2019Abidjan, avec pour ambition d\u2019en faire un hub re\u0301gional de re\u0301fe\u0301rence. Cette strate\u0301gie s\u2019est traduite par plusieurs distinctions internationales, l\u2019organisation de l\u2019Aviation Civile Internationale (OACI) a classe\u0301 l\u2019aviation civile ivoirienne au 1er rang africain en matie\u0300re de su\u0302rete\u0301 et se\u0301curite\u0301 ae\u0301rienne, avec un taux de conformite\u0301 de 94 %. L\u2019ae\u0301roport d\u2019Abidjan est devenu le premier en Afrique a\u0300 atteindre la neutralite\u0301 carbone, avec le certificat ACA4+ de\u0301livre\u0301 par ACI Monde. Enfin, lors du Sommet ACI World 2025 a\u0300 Guangzhou (Chine), AERIA a rec\u0327u le certificat Customer Experience &#8211; Niveau 3 (ASQ), une reconnaissance mondiale de la qualite\u0301 de l\u2019expe\u0301rience passager.<\/p>\n<p>Au-dela\u0300 des chiffres, l\u2019Ae\u0301roport International Fe\u0301lix Houphoue\u0308t-Boigny est un acteur majeur du rayonnement national, ayant joue\u0301 un ro\u0302le central lors d\u2019e\u0301ve\u0301nements d\u2019envergure comme la CAN 2023. AERIA rappelle son engagement a\u0300 promouvoir l\u2019identite\u0301, la culture et les valeurs ivoiriennes, notamment a\u0300 travers ses supports de communication internes.<\/p>\n<p>Dans un contexte ou\u0300 les rumeurs peuvent rapidement se propager, AERIA appelle a\u0300 \u00ab la vigilance de tous \u00bb et invite les me\u0301dias et le public a\u0300 ve\u0301rifier l\u2019exactitude des informations avant leur diffusion.<\/p>\n<p>\u00ab L\u2019e\u0301thique, la transparence et la bonne gouvernance sont les piliers de notre action quotidienne \u00bb, conclut la direction ge\u0301ne\u0301rale.<\/p>\n<p><strong>Pour plus d&rsquo;informations et d&rsquo;analyses sur la <span style=\"color: #ff6600\">C\u00f4te d&rsquo;Ivoire<\/span>, suivez <span style=\"color: #ff6600\">Africa-Press<\/span><\/strong><\/p>\n","protected":false},"excerpt":{"rendered":"<p>Africa-Press &#8211; C\u00f4te d&rsquo;Ivoire. La socie\u0301te\u0301 AERIA, gestionnaire de l\u2019Ae\u0301roport International Fe\u0301lix Houphoue\u0308t-Boigny d\u2019Abidjan, a formellement de\u0301menti les alle\u0301gations selon lesquelles un contrat d\u2019exclusivite\u0301 aurait e\u0301te\u0301 signe\u0301 avec une chai\u0302ne de te\u0301le\u0301vision e\u0301trange\u0300re, empe\u0302chant la diffusion de programmes de la chai\u0302ne nationale dans ses installations. Dans un communique\u0301 officiel publie\u0301 le jeudi, la direction ge\u0301ne\u0301rale [&hellip;]<\/p>\n","protected":false},"author":82,"featured_media":106527,"comment_status":"open","ping_status":"closed","sticky":false,"template":"","format":"standard","meta":{"footnotes":""},"categories":[5,10],"tags":[30,5988,4143,19130,29,7798,2972,92,10835],"class_list":["post-106529","post","type-post","status-publish","format-standard","has-post-thumbnail","hentry","category-culture-et-art","category-toutes-les-actualites","tag-abidjan","tag-aeria","tag-aeroport","tag-aviation-civile","tag-cote-divoire","tag-fake-news","tag-houphouet-boigny-2","tag-medias","tag-transparence"],"yoast_head":"<!-- This site is optimized with the Yoast SEO Premium plugin v26.1 (Yoast SEO v27.0) - https:\/\/yoast.com\/product\/yoast-seo-premium-wordpress\/ -->\n<title>AERIA D\u00e9ment Contrat d&#039;Exclusivit\u00e9 avec Cha\u00eene \u00c9trang\u00e8re - C\u00f4te d&#039;Ivoire<\/title>\n<meta name=\"description\" content=\"La socie\u0301te\u0301 AERIA, gestionnaire de l\u2019Ae\u0301roport International Fe\u0301lix Houphoue\u0308t-Boigny d\u2019Abidjan, a formellement de\u0301ment ...\" \/>\n<meta name=\"robots\" content=\"index, follow, max-snippet:-1, max-image-preview:large, max-video-preview:-1\" \/>\n<link rel=\"canonical\" href=\"https:\/\/www.africa-press.net\/cotedivoire\/culture-et-art\/aeria-dement-contrat-dexclusivite-avec-chaine-etrangere\" \/>\n<meta property=\"og:locale\" content=\"fr_FR\" \/>\n<meta property=\"og:type\" content=\"article\" \/>\n<meta property=\"og:title\" content=\"AERIA D\u00e9ment Contrat d&#039;Exclusivit\u00e9 avec Cha\u00eene \u00c9trang\u00e8re\" \/>\n<meta property=\"og:description\" content=\"La socie\u0301te\u0301 AERIA, gestionnaire de l\u2019Ae\u0301roport International Fe\u0301lix Houphoue\u0308t-Boigny d\u2019Abidjan, a formellement de\u0301ment ...\" \/>\n<meta property=\"og:url\" content=\"https:\/\/www.africa-press.net\/cotedivoire\/culture-et-art\/aeria-dement-contrat-dexclusivite-avec-chaine-etrangere\" \/>\n<meta property=\"og:site_name\" content=\"C\u00f4te d&#039;Ivoire\" \/>\n<meta property=\"article:published_time\" content=\"2025-10-10T17:18:58+00:00\" \/>\n<meta property=\"article:modified_time\" content=\"2025-10-10T17:35:03+00:00\" \/>\n<meta property=\"og:image\" content=\"https:\/\/static.africa-press.net\/cote\/sites\/43\/2025\/10\/sm_1760105042.695296.jpg\" \/>\n\t<meta property=\"og:image:width\" content=\"720\" \/>\n\t<meta property=\"og:image:height\" content=\"337\" \/>\n\t<meta property=\"og:image:type\" content=\"image\/jpeg\" \/>\n<meta name=\"author\" content=\"cfeditorfr\" \/>\n<meta name=\"twitter:card\" content=\"summary_large_image\" \/>\n<meta name=\"twitter:label1\" content=\"\u00c9crit par\" \/>\n\t<meta name=\"twitter:data1\" content=\"cfeditorfr\" \/>\n\t<meta name=\"twitter:label2\" content=\"Dur\u00e9e de lecture estim\u00e9e\" \/>\n\t<meta name=\"twitter:data2\" content=\"3 minutes\" \/>\n<script type=\"application\/ld+json\" class=\"yoast-schema-graph\">{\"@context\":\"https:\/\/schema.org\",\"@graph\":[{\"@type\":\"Article\",\"@id\":\"https:\/\/www.africa-press.net\/cotedivoire\/culture-et-art\/aeria-dement-contrat-dexclusivite-avec-chaine-etrangere#article\",\"isPartOf\":{\"@id\":\"https:\/\/www.africa-press.net\/cotedivoire\/culture-et-art\/aeria-dement-contrat-dexclusivite-avec-chaine-etrangere\"},\"author\":{\"name\":\"cfeditorfr\",\"@id\":\"https:\/\/www.africa-press.net\/cotedivoire\/#\/schema\/person\/2b1cf3cd81a31e3cd26889ca66d677f1\"},\"headline\":\"AERIA D\u00e9ment Contrat d&rsquo;Exclusivit\u00e9 avec Cha\u00eene \u00c9trang\u00e8re\",\"datePublished\":\"2025-10-10T17:18:58+00:00\",\"dateModified\":\"2025-10-10T17:35:03+00:00\",\"mainEntityOfPage\":{\"@id\":\"https:\/\/www.africa-press.net\/cotedivoire\/culture-et-art\/aeria-dement-contrat-dexclusivite-avec-chaine-etrangere\"},\"wordCount\":466,\"commentCount\":0,\"image\":{\"@id\":\"https:\/\/www.africa-press.net\/cotedivoire\/culture-et-art\/aeria-dement-contrat-dexclusivite-avec-chaine-etrangere#primaryimage\"},\"thumbnailUrl\":\"https:\/\/static.africa-press.net\/cote\/sites\/43\/2025\/10\/sm_1760105042.695296.jpg\",\"keywords\":[\"Abidjan\",\"AERIA\",\"a\u00e9roport\",\"aviation civile\",\"C\u00d4TE D'IVOIRE\",\"fake news\",\"Houphou\u00ebt Boigny\",\"M\u00e9dias\",\"transparence\"],\"articleSection\":[\"Culture et Art\",\"Toutes les actualit\u00e9s\"],\"inLanguage\":\"fr-FR\",\"potentialAction\":[{\"@type\":\"CommentAction\",\"name\":\"Comment\",\"target\":[\"https:\/\/www.africa-press.net\/cotedivoire\/culture-et-art\/aeria-dement-contrat-dexclusivite-avec-chaine-etrangere#respond\"]}]},{\"@type\":\"WebPage\",\"@id\":\"https:\/\/www.africa-press.net\/cotedivoire\/culture-et-art\/aeria-dement-contrat-dexclusivite-avec-chaine-etrangere\",\"url\":\"https:\/\/www.africa-press.net\/cotedivoire\/culture-et-art\/aeria-dement-contrat-dexclusivite-avec-chaine-etrangere\",\"name\":\"AERIA D\u00e9ment Contrat d'Exclusivit\u00e9 avec Cha\u00eene \u00c9trang\u00e8re - C\u00f4te d&#039;Ivoire\",\"isPartOf\":{\"@id\":\"https:\/\/www.africa-press.net\/cotedivoire\/#website\"},\"primaryImageOfPage\":{\"@id\":\"https:\/\/www.africa-press.net\/cotedivoire\/culture-et-art\/aeria-dement-contrat-dexclusivite-avec-chaine-etrangere#primaryimage\"},\"image\":{\"@id\":\"https:\/\/www.africa-press.net\/cotedivoire\/culture-et-art\/aeria-dement-contrat-dexclusivite-avec-chaine-etrangere#primaryimage\"},\"thumbnailUrl\":\"https:\/\/static.africa-press.net\/cote\/sites\/43\/2025\/10\/sm_1760105042.695296.jpg\",\"datePublished\":\"2025-10-10T17:18:58+00:00\",\"dateModified\":\"2025-10-10T17:35:03+00:00\",\"author\":{\"@id\":\"https:\/\/www.africa-press.net\/cotedivoire\/#\/schema\/person\/2b1cf3cd81a31e3cd26889ca66d677f1\"},\"description\":\"La socie\u0301te\u0301 AERIA, gestionnaire de l\u2019Ae\u0301roport International Fe\u0301lix Houphoue\u0308t-Boigny d\u2019Abidjan, a formellement de\u0301ment ...\",\"breadcrumb\":{\"@id\":\"https:\/\/www.africa-press.net\/cotedivoire\/culture-et-art\/aeria-dement-contrat-dexclusivite-avec-chaine-etrangere#breadcrumb\"},\"inLanguage\":\"fr-FR\",\"potentialAction\":[{\"@type\":\"ReadAction\",\"target\":[\"https:\/\/www.africa-press.net\/cotedivoire\/culture-et-art\/aeria-dement-contrat-dexclusivite-avec-chaine-etrangere\"]}]},{\"@type\":\"ImageObject\",\"inLanguage\":\"fr-FR\",\"@id\":\"https:\/\/www.africa-press.net\/cotedivoire\/culture-et-art\/aeria-dement-contrat-dexclusivite-avec-chaine-etrangere#primaryimage\",\"url\":\"https:\/\/static.africa-press.net\/cote\/sites\/43\/2025\/10\/sm_1760105042.695296.jpg\",\"contentUrl\":\"https:\/\/static.africa-press.net\/cote\/sites\/43\/2025\/10\/sm_1760105042.695296.jpg\",\"width\":720,\"height\":337,\"caption\":\"AERIA D\u00e9ment Contrat d'Exclusivit\u00e9 avec Cha\u00eene \u00c9trang\u00e8re\"},{\"@type\":\"BreadcrumbList\",\"@id\":\"https:\/\/www.africa-press.net\/cotedivoire\/culture-et-art\/aeria-dement-contrat-dexclusivite-avec-chaine-etrangere#breadcrumb\",\"itemListElement\":[{\"@type\":\"ListItem\",\"position\":1,\"name\":\"Accueil\",\"item\":\"https:\/\/www.africa-press.net\/cotedivoire\/\"},{\"@type\":\"ListItem\",\"position\":2,\"name\":\"AERIA D\u00e9ment Contrat d&#8217;Exclusivit\u00e9 avec Cha\u00eene \u00c9trang\u00e8re\"}]},{\"@type\":\"WebSite\",\"@id\":\"https:\/\/www.africa-press.net\/cotedivoire\/#website\",\"url\":\"https:\/\/www.africa-press.net\/cotedivoire\/\",\"name\":\"C\u00f4te d&#039;Ivoire\",\"description\":\"Just another Africa News Agency Sites site\",\"potentialAction\":[{\"@type\":\"SearchAction\",\"target\":{\"@type\":\"EntryPoint\",\"urlTemplate\":\"https:\/\/www.africa-press.net\/cotedivoire\/?s={search_term_string}\"},\"query-input\":{\"@type\":\"PropertyValueSpecification\",\"valueRequired\":true,\"valueName\":\"search_term_string\"}}],\"inLanguage\":\"fr-FR\"},{\"@type\":\"Person\",\"@id\":\"https:\/\/www.africa-press.net\/cotedivoire\/#\/schema\/person\/2b1cf3cd81a31e3cd26889ca66d677f1\",\"name\":\"cfeditorfr\"}]}<\/script>\n<!-- \/ Yoast SEO Premium plugin. -->","yoast_head_json":{"title":"AERIA D\u00e9ment Contrat d'Exclusivit\u00e9 avec Cha\u00eene \u00c9trang\u00e8re - C\u00f4te d&#039;Ivoire","description":"La socie\u0301te\u0301 AERIA, gestionnaire de l\u2019Ae\u0301roport International Fe\u0301lix Houphoue\u0308t-Boigny d\u2019Abidjan, a formellement de\u0301ment ...","robots":{"index":"index","follow":"follow","max-snippet":"max-snippet:-1","max-image-preview":"max-image-preview:large","max-video-preview":"max-video-preview:-1"},"canonical":"https:\/\/www.africa-press.net\/cotedivoire\/culture-et-art\/aeria-dement-contrat-dexclusivite-avec-chaine-etrangere","og_locale":"fr_FR","og_type":"article","og_title":"AERIA D\u00e9ment Contrat d'Exclusivit\u00e9 avec Cha\u00eene \u00c9trang\u00e8re","og_description":"La socie\u0301te\u0301 AERIA, gestionnaire de l\u2019Ae\u0301roport International Fe\u0301lix Houphoue\u0308t-Boigny d\u2019Abidjan, a formellement de\u0301ment ...","og_url":"https:\/\/www.africa-press.net\/cotedivoire\/culture-et-art\/aeria-dement-contrat-dexclusivite-avec-chaine-etrangere","og_site_name":"C\u00f4te d&#039;Ivoire","article_published_time":"2025-10-10T17:18:58+00:00","article_modified_time":"2025-10-10T17:35:03+00:00","og_image":[{"width":720,"height":337,"url":"https:\/\/static.africa-press.net\/cote\/sites\/43\/2025\/10\/sm_1760105042.695296.jpg","type":"image\/jpeg"}],"author":"cfeditorfr","twitter_card":"summary_large_image","twitter_misc":{"\u00c9crit par":"cfeditorfr","Dur\u00e9e de lecture estim\u00e9e":"3 minutes"},"schema":{"@context":"https:\/\/schema.org","@graph":[{"@type":"Article","@id":"https:\/\/www.africa-press.net\/cotedivoire\/culture-et-art\/aeria-dement-contrat-dexclusivite-avec-chaine-etrangere#article","isPartOf":{"@id":"https:\/\/www.africa-press.net\/cotedivoire\/culture-et-art\/aeria-dement-contrat-dexclusivite-avec-chaine-etrangere"},"author":{"name":"cfeditorfr","@id":"https:\/\/www.africa-press.net\/cotedivoire\/#\/schema\/person\/2b1cf3cd81a31e3cd26889ca66d677f1"},"headline":"AERIA D\u00e9ment Contrat d&rsquo;Exclusivit\u00e9 avec Cha\u00eene \u00c9trang\u00e8re","datePublished":"2025-10-10T17:18:58+00:00","dateModified":"2025-10-10T17:35:03+00:00","mainEntityOfPage":{"@id":"https:\/\/www.africa-press.net\/cotedivoire\/culture-et-art\/aeria-dement-contrat-dexclusivite-avec-chaine-etrangere"},"wordCount":466,"commentCount":0,"image":{"@id":"https:\/\/www.africa-press.net\/cotedivoire\/culture-et-art\/aeria-dement-contrat-dexclusivite-avec-chaine-etrangere#primaryimage"},"thumbnailUrl":"https:\/\/static.africa-press.net\/cote\/sites\/43\/2025\/10\/sm_1760105042.695296.jpg","keywords":["Abidjan","AERIA","a\u00e9roport","aviation civile","C\u00d4TE D'IVOIRE","fake news","Houphou\u00ebt Boigny","M\u00e9dias","transparence"],"articleSection":["Culture et Art","Toutes les actualit\u00e9s"],"inLanguage":"fr-FR","potentialAction":[{"@type":"CommentAction","name":"Comment","target":["https:\/\/www.africa-press.net\/cotedivoire\/culture-et-art\/aeria-dement-contrat-dexclusivite-avec-chaine-etrangere#respond"]}]},{"@type":"WebPage","@id":"https:\/\/www.africa-press.net\/cotedivoire\/culture-et-art\/aeria-dement-contrat-dexclusivite-avec-chaine-etrangere","url":"https:\/\/www.africa-press.net\/cotedivoire\/culture-et-art\/aeria-dement-contrat-dexclusivite-avec-chaine-etrangere","name":"AERIA D\u00e9ment Contrat d'Exclusivit\u00e9 avec Cha\u00eene \u00c9trang\u00e8re - C\u00f4te d&#039;Ivoire","isPartOf":{"@id":"https:\/\/www.africa-press.net\/cotedivoire\/#website"},"primaryImageOfPage":{"@id":"https:\/\/www.africa-press.net\/cotedivoire\/culture-et-art\/aeria-dement-contrat-dexclusivite-avec-chaine-etrangere#primaryimage"},"image":{"@id":"https:\/\/www.africa-press.net\/cotedivoire\/culture-et-art\/aeria-dement-contrat-dexclusivite-avec-chaine-etrangere#primaryimage"},"thumbnailUrl":"https:\/\/static.africa-press.net\/cote\/sites\/43\/2025\/10\/sm_1760105042.695296.jpg","datePublished":"2025-10-10T17:18:58+00:00","dateModified":"2025-10-10T17:35:03+00:00","author":{"@id":"https:\/\/www.africa-press.net\/cotedivoire\/#\/schema\/person\/2b1cf3cd81a31e3cd26889ca66d677f1"},"description":"La socie\u0301te\u0301 AERIA, gestionnaire de l\u2019Ae\u0301roport International Fe\u0301lix Houphoue\u0308t-Boigny d\u2019Abidjan, a formellement de\u0301ment ...","breadcrumb":{"@id":"https:\/\/www.africa-press.net\/cotedivoire\/culture-et-art\/aeria-dement-contrat-dexclusivite-avec-chaine-etrangere#breadcrumb"},"inLanguage":"fr-FR","potentialAction":[{"@type":"ReadAction","target":["https:\/\/www.africa-press.net\/cotedivoire\/culture-et-art\/aeria-dement-contrat-dexclusivite-avec-chaine-etrangere"]}]},{"@type":"ImageObject","inLanguage":"fr-FR","@id":"https:\/\/www.africa-press.net\/cotedivoire\/culture-et-art\/aeria-dement-contrat-dexclusivite-avec-chaine-etrangere#primaryimage","url":"https:\/\/static.africa-press.net\/cote\/sites\/43\/2025\/10\/sm_1760105042.695296.jpg","contentUrl":"https:\/\/static.africa-press.net\/cote\/sites\/43\/2025\/10\/sm_1760105042.695296.jpg","width":720,"height":337,"caption":"AERIA D\u00e9ment Contrat d'Exclusivit\u00e9 avec Cha\u00eene \u00c9trang\u00e8re"},{"@type":"BreadcrumbList","@id":"https:\/\/www.africa-press.net\/cotedivoire\/culture-et-art\/aeria-dement-contrat-dexclusivite-avec-chaine-etrangere#breadcrumb","itemListElement":[{"@type":"ListItem","position":1,"name":"Accueil","item":"https:\/\/www.africa-press.net\/cotedivoire\/"},{"@type":"ListItem","position":2,"name":"AERIA D\u00e9ment Contrat d&#8217;Exclusivit\u00e9 avec Cha\u00eene \u00c9trang\u00e8re"}]},{"@type":"WebSite","@id":"https:\/\/www.africa-press.net\/cotedivoire\/#website","url":"https:\/\/www.africa-press.net\/cotedivoire\/","name":"C\u00f4te d&#039;Ivoire","description":"Just another Africa News Agency Sites site","potentialAction":[{"@type":"SearchAction","target":{"@type":"EntryPoint","urlTemplate":"https:\/\/www.africa-press.net\/cotedivoire\/?s={search_term_string}"},"query-input":{"@type":"PropertyValueSpecification","valueRequired":true,"valueName":"search_term_string"}}],"inLanguage":"fr-FR"},{"@type":"Person","@id":"https:\/\/www.africa-press.net\/cotedivoire\/#\/schema\/person\/2b1cf3cd81a31e3cd26889ca66d677f1","name":"cfeditorfr"}]}},"_links":{"self":[{"href":"https:\/\/www.africa-press.net\/cotedivoire\/wp-json\/wp\/v2\/posts\/106529","targetHints":{"allow":["GET"]}}],"collection":[{"href":"https:\/\/www.africa-press.net\/cotedivoire\/wp-json\/wp\/v2\/posts"}],"about":[{"href":"https:\/\/www.africa-press.net\/cotedivoire\/wp-json\/wp\/v2\/types\/post"}],"author":[{"embeddable":true,"href":"https:\/\/www.africa-press.net\/cotedivoire\/wp-json\/wp\/v2\/users\/82"}],"replies":[{"embeddable":true,"href":"https:\/\/www.africa-press.net\/cotedivoire\/wp-json\/wp\/v2\/comments?post=106529"}],"version-history":[{"count":0,"href":"https:\/\/www.africa-press.net\/cotedivoire\/wp-json\/wp\/v2\/posts\/106529\/revisions"}],"wp:featuredmedia":[{"embeddable":true,"href":"https:\/\/www.africa-press.net\/cotedivoire\/wp-json\/wp\/v2\/media\/106527"}],"wp:attachment":[{"href":"https:\/\/www.africa-press.net\/cotedivoire\/wp-json\/wp\/v2\/media?parent=106529"}],"wp:term":[{"taxonomy":"category","embeddable":true,"href":"https:\/\/www.africa-press.net\/cotedivoire\/wp-json\/wp\/v2\/categories?post=106529"},{"taxonomy":"post_tag","embeddable":true,"href":"https:\/\/www.africa-press.net\/cotedivoire\/wp-json\/wp\/v2\/tags?post=106529"}],"curies":[{"name":"wp","href":"https:\/\/api.w.org\/{rel}","templated":true}]}}