{"id":106556,"date":"2025-10-11T17:15:56","date_gmt":"2025-10-11T17:15:56","guid":{"rendered":"https:\/\/www.africa-press.net\/cotedivoire\/politique\/adama-bictogo-et-amede-kouakou-mobilisent-pour-ouattara"},"modified":"2025-10-11T17:44:26","modified_gmt":"2025-10-11T17:44:26","slug":"adama-bictogo-et-amede-kouakou-mobilisent-pour-ouattara","status":"publish","type":"post","link":"https:\/\/www.africa-press.net\/cotedivoire\/politique\/adama-bictogo-et-amede-kouakou-mobilisent-pour-ouattara","title":{"rendered":"Adama Bictogo et Am\u00e9d\u00e9 Kouakou Mobilisent pour Ouattara"},"content":{"rendered":"<p><span style=\"color: #ff6600\"><strong>Africa-Press &#8211; C\u00f4te d&rsquo;Ivoire. <\/strong><\/span>La campagne pre\u0301sidentielle du candidat du RHDP, Son Excellence Monsieur Alassane OUATTARA, a officiellement e\u0301te\u0301 lance\u0301e ce vendredi sur l\u2019ensemble du territoire ivoirien. A\u0300 la te\u0302te d\u2019un projet ambitieux pour 2025-2030, le Pre\u0301sident sortant souhaite engager la Co\u0302te d\u2019Ivoire sur la voie d\u2019un avenir partage\u0301, sous la bannie\u0300re: \u00ab Pour une grande nation \u00bb.<\/p>\n<p>C\u2019est dans la ville de Divo, capitale du district du Lo\u0302h-Djiboua, que le Directeur national de campagne adjoint, M. Adama Bictogo, a choisi de marquer le coup d\u2019envoi de la campagne pre\u0301sidentielle. Il e\u0301tait accompagne\u0301 du Ministre Ame\u0301de\u0301 Koffi KOUAKOU, Directeur re\u0301gional de campagne, dans une ambiance de ferveur populaire ou\u0300 militants et sympathisants ont massivement re\u0301pondu a\u0300 l\u2019appel du RHDP.<\/p>\n<p>\u00ab Allez dire au Pre\u0301sident Alassane Ouattara que chez nous ici, c\u2019est un coup K.O. ! (&#8230;) On va voter Alassane Ouattara pian, et puis il n\u2019y a rien ! \u00bb, a lance\u0301 le ministre Ame\u0301de\u0301 Kouakou, de\u0301clenchant une salve d\u2019applaudissements.<\/p>\n<p>La campagne du Pre\u0301sident Ouattara s\u2019articule autour d\u2019un projet de socie\u0301te\u0301 structure\u0301 et ambitieux, centre\u0301 sur la paix durable, le de\u0301veloppement e\u0301quilibre\u0301 du territoire, la cre\u0301ation d\u2019emplois, le renforcement des infrastructures et l\u2019acce\u0300s a\u0300 la sante\u0301 et a\u0300 l\u2019e\u0301ducation pour tous.<\/p>\n<p>Le message est clair: poursuivre et consolider les acquis des quinze dernie\u0300res anne\u0301es, tout en affrontant les de\u0301fis du futur avec pragmatisme et de\u0301termination.<\/p>\n<p>\u00ab Le Pre\u0301sident Alassane Ouattara a transforme\u0301 la Co\u0302te d\u2019Ivoire. Il a ba\u0302ti des routes, des ponts, des ho\u0302pitaux. C\u2019est lui qui a relie\u0301 les re\u0301gions, de\u0301senclave\u0301 les campagnes, et redonne\u0301 de l\u2019espoir aux Ivoiriens \u00bb, a rappele\u0301 Adama Bictogo.<\/p>\n<p>Le Directeur re\u0301gional de campagne de Yopougon a pris la parole avec un ton empreint de conviction, rendant hommage aux grandes re\u0301alisations du Pre\u0301sident: \u00ab Tu pars de la Riviera, tu prends la Y4, tu arrives sur l\u2019autoroute, tu continues vers Yamoussoukro, puis Bouake\u0301, Boundiali, Odienne\u0301, Se\u0301gue\u0301la&#8230; Mais c\u2019est quel homme c\u0327a? ADO, on peut faire c\u0327a? \u00bb<\/p>\n<p>Il a e\u0301galement souligne\u0301 l\u2019impact symbolique des infrastructures dans les localite\u0301s recule\u0301es: \u00ab A\u0300 Danane\u0301, petite ville de l\u2019ouest, il a fait construire l\u2019ho\u0302pital le plus moderne du pays. Parce que dans son c\u0153ur, il n\u2019y a pas de place pour la division. \u00bb<\/p>\n<p>En invoquant la me\u0301moire du Pre\u0301sident Fe\u0301lix Houphoue\u0308t-Boigny, pe\u0300re fondateur de la nation ivoirienne, les cadres du RHDP ont voulu inscrire Alassane Ouattara dans une continuite\u0301 historique: \u00ab Houphoue\u0308t-Boigny a ba\u0302ti les fondations, il a dirige\u0301 ce pays pendant 50 ans. Alassane Ouattara est venu pour qu\u2019il reste solide encore 50 ans ! \u00bb<\/p>\n<p>Ce meeting de Divo marque le top de\u0301part d\u2019une campagne nationale que le RHDP entend mener avec rigueur, proximite\u0301 et mobilisation. Le cap est fixe\u0301: une victoire au premier tour pour le Pre\u0301sident sortant, fort d\u2019un bilan salue\u0301 et d\u2019une vision re\u0301solument tourne\u0301e vers l\u2019avenir.<\/p>\n<p><strong>Pour plus d&rsquo;informations et d&rsquo;analyses sur la <span style=\"color: #ff6600\">C\u00f4te d&rsquo;Ivoire<\/span>, suivez <span style=\"color: #ff6600\">Africa-Press<\/span><\/strong><\/p>\n","protected":false},"excerpt":{"rendered":"<p>Africa-Press &#8211; C\u00f4te d&rsquo;Ivoire. La campagne pre\u0301sidentielle du candidat du RHDP, Son Excellence Monsieur Alassane OUATTARA, a officiellement e\u0301te\u0301 lance\u0301e ce vendredi sur l\u2019ensemble du territoire ivoirien. A\u0300 la te\u0302te d\u2019un projet ambitieux pour 2025-2030, le Pre\u0301sident sortant souhaite engager la Co\u0302te d\u2019Ivoire sur la voie d\u2019un avenir partage\u0301, sous la bannie\u0300re: \u00ab Pour une [&hellip;]<\/p>\n","protected":false},"author":82,"featured_media":106555,"comment_status":"open","ping_status":"closed","sticky":false,"template":"","format":"standard","meta":{"footnotes":""},"categories":[2,10],"tags":[1265,8151,38,1914,2711,29,19137,2175,8005,7913,371,5062],"class_list":["post-106556","post","type-post","status-publish","format-standard","has-post-thumbnail","hentry","category-politique","category-toutes-les-actualites","tag-adama-bictogo","tag-ado","tag-alassane-ouattara","tag-amede-kouakou","tag-campagne","tag-cote-divoire","tag-coupko","tag-divo","tag-lancement","tag-loh-djiboua-2","tag-rhdp","tag-vision-2030"],"yoast_head":"<!-- This site is optimized with the Yoast SEO Premium plugin v26.1 (Yoast SEO v27.0) - https:\/\/yoast.com\/product\/yoast-seo-premium-wordpress\/ -->\n<title>Adama Bictogo et Am\u00e9d\u00e9 Kouakou Mobilisent pour Ouattara - C\u00f4te d&#039;Ivoire<\/title>\n<meta name=\"description\" content=\"La campagne pre\u0301sidentielle du candidat du RHDP, Son Excellence Monsieur Alassane OUATTARA, a officiellement e\u0301te\u0301 lance ...\" \/>\n<meta name=\"robots\" content=\"index, follow, max-snippet:-1, max-image-preview:large, max-video-preview:-1\" \/>\n<link rel=\"canonical\" href=\"https:\/\/www.africa-press.net\/cotedivoire\/politique\/adama-bictogo-et-amede-kouakou-mobilisent-pour-ouattara\" \/>\n<meta property=\"og:locale\" content=\"fr_FR\" \/>\n<meta property=\"og:type\" content=\"article\" \/>\n<meta property=\"og:title\" content=\"Adama Bictogo et Am\u00e9d\u00e9 Kouakou Mobilisent pour Ouattara\" \/>\n<meta property=\"og:description\" content=\"La campagne pre\u0301sidentielle du candidat du RHDP, Son Excellence Monsieur Alassane OUATTARA, a officiellement e\u0301te\u0301 lance ...\" \/>\n<meta property=\"og:url\" content=\"https:\/\/www.africa-press.net\/cotedivoire\/politique\/adama-bictogo-et-amede-kouakou-mobilisent-pour-ouattara\" \/>\n<meta property=\"og:site_name\" content=\"C\u00f4te d&#039;Ivoire\" \/>\n<meta property=\"article:published_time\" content=\"2025-10-11T17:15:56+00:00\" \/>\n<meta property=\"article:modified_time\" content=\"2025-10-11T17:44:26+00:00\" \/>\n<meta property=\"og:image\" content=\"https:\/\/static.africa-press.net\/cote\/sites\/43\/2025\/10\/sm_1760192016.957841.jpg\" \/>\n\t<meta property=\"og:image:width\" content=\"720\" \/>\n\t<meta property=\"og:image:height\" content=\"480\" \/>\n\t<meta property=\"og:image:type\" content=\"image\/jpeg\" \/>\n<meta name=\"author\" content=\"cfeditorfr\" \/>\n<meta name=\"twitter:card\" content=\"summary_large_image\" \/>\n<meta name=\"twitter:label1\" content=\"\u00c9crit par\" \/>\n\t<meta name=\"twitter:data1\" content=\"cfeditorfr\" \/>\n\t<meta name=\"twitter:label2\" content=\"Dur\u00e9e de lecture estim\u00e9e\" \/>\n\t<meta name=\"twitter:data2\" content=\"3 minutes\" \/>\n<script type=\"application\/ld+json\" class=\"yoast-schema-graph\">{\"@context\":\"https:\/\/schema.org\",\"@graph\":[{\"@type\":\"Article\",\"@id\":\"https:\/\/www.africa-press.net\/cotedivoire\/politique\/adama-bictogo-et-amede-kouakou-mobilisent-pour-ouattara#article\",\"isPartOf\":{\"@id\":\"https:\/\/www.africa-press.net\/cotedivoire\/politique\/adama-bictogo-et-amede-kouakou-mobilisent-pour-ouattara\"},\"author\":{\"name\":\"cfeditorfr\",\"@id\":\"https:\/\/www.africa-press.net\/cotedivoire\/#\/schema\/person\/2b1cf3cd81a31e3cd26889ca66d677f1\"},\"headline\":\"Adama Bictogo et Am\u00e9d\u00e9 Kouakou Mobilisent pour Ouattara\",\"datePublished\":\"2025-10-11T17:15:56+00:00\",\"dateModified\":\"2025-10-11T17:44:26+00:00\",\"mainEntityOfPage\":{\"@id\":\"https:\/\/www.africa-press.net\/cotedivoire\/politique\/adama-bictogo-et-amede-kouakou-mobilisent-pour-ouattara\"},\"wordCount\":560,\"commentCount\":0,\"image\":{\"@id\":\"https:\/\/www.africa-press.net\/cotedivoire\/politique\/adama-bictogo-et-amede-kouakou-mobilisent-pour-ouattara#primaryimage\"},\"thumbnailUrl\":\"https:\/\/static.africa-press.net\/cote\/sites\/43\/2025\/10\/sm_1760192016.957841.jpg\",\"keywords\":[\"Adama Bictogo\",\"ADO\",\"Alassane Ouattara\",\"Am\u00e9d\u00e9 Kouakou\",\"campagne\",\"C\u00d4TE D'IVOIRE\",\"CoupKO\",\"Divo\",\"lancement\",\"L\u00f4h Djiboua\",\"RHDP\",\"vision 2030\"],\"articleSection\":[\"Politique\",\"Toutes les actualit\u00e9s\"],\"inLanguage\":\"fr-FR\",\"potentialAction\":[{\"@type\":\"CommentAction\",\"name\":\"Comment\",\"target\":[\"https:\/\/www.africa-press.net\/cotedivoire\/politique\/adama-bictogo-et-amede-kouakou-mobilisent-pour-ouattara#respond\"]}]},{\"@type\":\"WebPage\",\"@id\":\"https:\/\/www.africa-press.net\/cotedivoire\/politique\/adama-bictogo-et-amede-kouakou-mobilisent-pour-ouattara\",\"url\":\"https:\/\/www.africa-press.net\/cotedivoire\/politique\/adama-bictogo-et-amede-kouakou-mobilisent-pour-ouattara\",\"name\":\"Adama Bictogo et Am\u00e9d\u00e9 Kouakou Mobilisent pour Ouattara - C\u00f4te d&#039;Ivoire\",\"isPartOf\":{\"@id\":\"https:\/\/www.africa-press.net\/cotedivoire\/#website\"},\"primaryImageOfPage\":{\"@id\":\"https:\/\/www.africa-press.net\/cotedivoire\/politique\/adama-bictogo-et-amede-kouakou-mobilisent-pour-ouattara#primaryimage\"},\"image\":{\"@id\":\"https:\/\/www.africa-press.net\/cotedivoire\/politique\/adama-bictogo-et-amede-kouakou-mobilisent-pour-ouattara#primaryimage\"},\"thumbnailUrl\":\"https:\/\/static.africa-press.net\/cote\/sites\/43\/2025\/10\/sm_1760192016.957841.jpg\",\"datePublished\":\"2025-10-11T17:15:56+00:00\",\"dateModified\":\"2025-10-11T17:44:26+00:00\",\"author\":{\"@id\":\"https:\/\/www.africa-press.net\/cotedivoire\/#\/schema\/person\/2b1cf3cd81a31e3cd26889ca66d677f1\"},\"description\":\"La campagne pre\u0301sidentielle du candidat du RHDP, Son Excellence Monsieur Alassane OUATTARA, a officiellement e\u0301te\u0301 lance ...\",\"breadcrumb\":{\"@id\":\"https:\/\/www.africa-press.net\/cotedivoire\/politique\/adama-bictogo-et-amede-kouakou-mobilisent-pour-ouattara#breadcrumb\"},\"inLanguage\":\"fr-FR\",\"potentialAction\":[{\"@type\":\"ReadAction\",\"target\":[\"https:\/\/www.africa-press.net\/cotedivoire\/politique\/adama-bictogo-et-amede-kouakou-mobilisent-pour-ouattara\"]}]},{\"@type\":\"ImageObject\",\"inLanguage\":\"fr-FR\",\"@id\":\"https:\/\/www.africa-press.net\/cotedivoire\/politique\/adama-bictogo-et-amede-kouakou-mobilisent-pour-ouattara#primaryimage\",\"url\":\"https:\/\/static.africa-press.net\/cote\/sites\/43\/2025\/10\/sm_1760192016.957841.jpg\",\"contentUrl\":\"https:\/\/static.africa-press.net\/cote\/sites\/43\/2025\/10\/sm_1760192016.957841.jpg\",\"width\":720,\"height\":480,\"caption\":\"Adama Bictogo et Am\u00e9d\u00e9 Kouakou Mobilisent pour Ouattara\"},{\"@type\":\"BreadcrumbList\",\"@id\":\"https:\/\/www.africa-press.net\/cotedivoire\/politique\/adama-bictogo-et-amede-kouakou-mobilisent-pour-ouattara#breadcrumb\",\"itemListElement\":[{\"@type\":\"ListItem\",\"position\":1,\"name\":\"Accueil\",\"item\":\"https:\/\/www.africa-press.net\/cotedivoire\/\"},{\"@type\":\"ListItem\",\"position\":2,\"name\":\"Adama Bictogo et Am\u00e9d\u00e9 Kouakou Mobilisent pour Ouattara\"}]},{\"@type\":\"WebSite\",\"@id\":\"https:\/\/www.africa-press.net\/cotedivoire\/#website\",\"url\":\"https:\/\/www.africa-press.net\/cotedivoire\/\",\"name\":\"C\u00f4te d&#039;Ivoire\",\"description\":\"Just another Africa News Agency Sites site\",\"potentialAction\":[{\"@type\":\"SearchAction\",\"target\":{\"@type\":\"EntryPoint\",\"urlTemplate\":\"https:\/\/www.africa-press.net\/cotedivoire\/?s={search_term_string}\"},\"query-input\":{\"@type\":\"PropertyValueSpecification\",\"valueRequired\":true,\"valueName\":\"search_term_string\"}}],\"inLanguage\":\"fr-FR\"},{\"@type\":\"Person\",\"@id\":\"https:\/\/www.africa-press.net\/cotedivoire\/#\/schema\/person\/2b1cf3cd81a31e3cd26889ca66d677f1\",\"name\":\"cfeditorfr\"}]}<\/script>\n<!-- \/ Yoast SEO Premium plugin. -->","yoast_head_json":{"title":"Adama Bictogo et Am\u00e9d\u00e9 Kouakou Mobilisent pour Ouattara - C\u00f4te d&#039;Ivoire","description":"La campagne pre\u0301sidentielle du candidat du RHDP, Son Excellence Monsieur Alassane OUATTARA, a officiellement e\u0301te\u0301 lance ...","robots":{"index":"index","follow":"follow","max-snippet":"max-snippet:-1","max-image-preview":"max-image-preview:large","max-video-preview":"max-video-preview:-1"},"canonical":"https:\/\/www.africa-press.net\/cotedivoire\/politique\/adama-bictogo-et-amede-kouakou-mobilisent-pour-ouattara","og_locale":"fr_FR","og_type":"article","og_title":"Adama Bictogo et Am\u00e9d\u00e9 Kouakou Mobilisent pour Ouattara","og_description":"La campagne pre\u0301sidentielle du candidat du RHDP, Son Excellence Monsieur Alassane OUATTARA, a officiellement e\u0301te\u0301 lance ...","og_url":"https:\/\/www.africa-press.net\/cotedivoire\/politique\/adama-bictogo-et-amede-kouakou-mobilisent-pour-ouattara","og_site_name":"C\u00f4te d&#039;Ivoire","article_published_time":"2025-10-11T17:15:56+00:00","article_modified_time":"2025-10-11T17:44:26+00:00","og_image":[{"width":720,"height":480,"url":"https:\/\/static.africa-press.net\/cote\/sites\/43\/2025\/10\/sm_1760192016.957841.jpg","type":"image\/jpeg"}],"author":"cfeditorfr","twitter_card":"summary_large_image","twitter_misc":{"\u00c9crit par":"cfeditorfr","Dur\u00e9e de lecture estim\u00e9e":"3 minutes"},"schema":{"@context":"https:\/\/schema.org","@graph":[{"@type":"Article","@id":"https:\/\/www.africa-press.net\/cotedivoire\/politique\/adama-bictogo-et-amede-kouakou-mobilisent-pour-ouattara#article","isPartOf":{"@id":"https:\/\/www.africa-press.net\/cotedivoire\/politique\/adama-bictogo-et-amede-kouakou-mobilisent-pour-ouattara"},"author":{"name":"cfeditorfr","@id":"https:\/\/www.africa-press.net\/cotedivoire\/#\/schema\/person\/2b1cf3cd81a31e3cd26889ca66d677f1"},"headline":"Adama Bictogo et Am\u00e9d\u00e9 Kouakou Mobilisent pour Ouattara","datePublished":"2025-10-11T17:15:56+00:00","dateModified":"2025-10-11T17:44:26+00:00","mainEntityOfPage":{"@id":"https:\/\/www.africa-press.net\/cotedivoire\/politique\/adama-bictogo-et-amede-kouakou-mobilisent-pour-ouattara"},"wordCount":560,"commentCount":0,"image":{"@id":"https:\/\/www.africa-press.net\/cotedivoire\/politique\/adama-bictogo-et-amede-kouakou-mobilisent-pour-ouattara#primaryimage"},"thumbnailUrl":"https:\/\/static.africa-press.net\/cote\/sites\/43\/2025\/10\/sm_1760192016.957841.jpg","keywords":["Adama Bictogo","ADO","Alassane Ouattara","Am\u00e9d\u00e9 Kouakou","campagne","C\u00d4TE D'IVOIRE","CoupKO","Divo","lancement","L\u00f4h Djiboua","RHDP","vision 2030"],"articleSection":["Politique","Toutes les actualit\u00e9s"],"inLanguage":"fr-FR","potentialAction":[{"@type":"CommentAction","name":"Comment","target":["https:\/\/www.africa-press.net\/cotedivoire\/politique\/adama-bictogo-et-amede-kouakou-mobilisent-pour-ouattara#respond"]}]},{"@type":"WebPage","@id":"https:\/\/www.africa-press.net\/cotedivoire\/politique\/adama-bictogo-et-amede-kouakou-mobilisent-pour-ouattara","url":"https:\/\/www.africa-press.net\/cotedivoire\/politique\/adama-bictogo-et-amede-kouakou-mobilisent-pour-ouattara","name":"Adama Bictogo et Am\u00e9d\u00e9 Kouakou Mobilisent pour Ouattara - C\u00f4te d&#039;Ivoire","isPartOf":{"@id":"https:\/\/www.africa-press.net\/cotedivoire\/#website"},"primaryImageOfPage":{"@id":"https:\/\/www.africa-press.net\/cotedivoire\/politique\/adama-bictogo-et-amede-kouakou-mobilisent-pour-ouattara#primaryimage"},"image":{"@id":"https:\/\/www.africa-press.net\/cotedivoire\/politique\/adama-bictogo-et-amede-kouakou-mobilisent-pour-ouattara#primaryimage"},"thumbnailUrl":"https:\/\/static.africa-press.net\/cote\/sites\/43\/2025\/10\/sm_1760192016.957841.jpg","datePublished":"2025-10-11T17:15:56+00:00","dateModified":"2025-10-11T17:44:26+00:00","author":{"@id":"https:\/\/www.africa-press.net\/cotedivoire\/#\/schema\/person\/2b1cf3cd81a31e3cd26889ca66d677f1"},"description":"La campagne pre\u0301sidentielle du candidat du RHDP, Son Excellence Monsieur Alassane OUATTARA, a officiellement e\u0301te\u0301 lance ...","breadcrumb":{"@id":"https:\/\/www.africa-press.net\/cotedivoire\/politique\/adama-bictogo-et-amede-kouakou-mobilisent-pour-ouattara#breadcrumb"},"inLanguage":"fr-FR","potentialAction":[{"@type":"ReadAction","target":["https:\/\/www.africa-press.net\/cotedivoire\/politique\/adama-bictogo-et-amede-kouakou-mobilisent-pour-ouattara"]}]},{"@type":"ImageObject","inLanguage":"fr-FR","@id":"https:\/\/www.africa-press.net\/cotedivoire\/politique\/adama-bictogo-et-amede-kouakou-mobilisent-pour-ouattara#primaryimage","url":"https:\/\/static.africa-press.net\/cote\/sites\/43\/2025\/10\/sm_1760192016.957841.jpg","contentUrl":"https:\/\/static.africa-press.net\/cote\/sites\/43\/2025\/10\/sm_1760192016.957841.jpg","width":720,"height":480,"caption":"Adama Bictogo et Am\u00e9d\u00e9 Kouakou Mobilisent pour Ouattara"},{"@type":"BreadcrumbList","@id":"https:\/\/www.africa-press.net\/cotedivoire\/politique\/adama-bictogo-et-amede-kouakou-mobilisent-pour-ouattara#breadcrumb","itemListElement":[{"@type":"ListItem","position":1,"name":"Accueil","item":"https:\/\/www.africa-press.net\/cotedivoire\/"},{"@type":"ListItem","position":2,"name":"Adama Bictogo et Am\u00e9d\u00e9 Kouakou Mobilisent pour Ouattara"}]},{"@type":"WebSite","@id":"https:\/\/www.africa-press.net\/cotedivoire\/#website","url":"https:\/\/www.africa-press.net\/cotedivoire\/","name":"C\u00f4te d&#039;Ivoire","description":"Just another Africa News Agency Sites site","potentialAction":[{"@type":"SearchAction","target":{"@type":"EntryPoint","urlTemplate":"https:\/\/www.africa-press.net\/cotedivoire\/?s={search_term_string}"},"query-input":{"@type":"PropertyValueSpecification","valueRequired":true,"valueName":"search_term_string"}}],"inLanguage":"fr-FR"},{"@type":"Person","@id":"https:\/\/www.africa-press.net\/cotedivoire\/#\/schema\/person\/2b1cf3cd81a31e3cd26889ca66d677f1","name":"cfeditorfr"}]}},"_links":{"self":[{"href":"https:\/\/www.africa-press.net\/cotedivoire\/wp-json\/wp\/v2\/posts\/106556","targetHints":{"allow":["GET"]}}],"collection":[{"href":"https:\/\/www.africa-press.net\/cotedivoire\/wp-json\/wp\/v2\/posts"}],"about":[{"href":"https:\/\/www.africa-press.net\/cotedivoire\/wp-json\/wp\/v2\/types\/post"}],"author":[{"embeddable":true,"href":"https:\/\/www.africa-press.net\/cotedivoire\/wp-json\/wp\/v2\/users\/82"}],"replies":[{"embeddable":true,"href":"https:\/\/www.africa-press.net\/cotedivoire\/wp-json\/wp\/v2\/comments?post=106556"}],"version-history":[{"count":0,"href":"https:\/\/www.africa-press.net\/cotedivoire\/wp-json\/wp\/v2\/posts\/106556\/revisions"}],"wp:featuredmedia":[{"embeddable":true,"href":"https:\/\/www.africa-press.net\/cotedivoire\/wp-json\/wp\/v2\/media\/106555"}],"wp:attachment":[{"href":"https:\/\/www.africa-press.net\/cotedivoire\/wp-json\/wp\/v2\/media?parent=106556"}],"wp:term":[{"taxonomy":"category","embeddable":true,"href":"https:\/\/www.africa-press.net\/cotedivoire\/wp-json\/wp\/v2\/categories?post=106556"},{"taxonomy":"post_tag","embeddable":true,"href":"https:\/\/www.africa-press.net\/cotedivoire\/wp-json\/wp\/v2\/tags?post=106556"}],"curies":[{"name":"wp","href":"https:\/\/api.w.org\/{rel}","templated":true}]}}