{"id":106560,"date":"2025-10-11T17:17:24","date_gmt":"2025-10-11T17:17:24","guid":{"rendered":"https:\/\/www.africa-press.net\/cotedivoire\/politique\/achi-defend-le-programme-dado-pour-2025"},"modified":"2025-10-11T17:45:04","modified_gmt":"2025-10-11T17:45:04","slug":"achi-defend-le-programme-dado-pour-2025","status":"publish","type":"post","link":"https:\/\/www.africa-press.net\/cotedivoire\/economie\/achi-defend-le-programme-dado-pour-2025","title":{"rendered":"Achi D\u00e9fend le Programme d&rsquo;Ado pour 2025"},"content":{"rendered":"<p><span style=\"color: #ff6600\"><strong>Africa-Press &#8211; C\u00f4te d&rsquo;Ivoire. <\/strong><\/span>Le compte a\u0300 rebours est lance\u0301. Le 25 octobre, les Ivoiriens se rendront aux urnes pour e\u0301lire le prochain pre\u0301sident de la Re\u0301publique. En lice pour un nouveau mandat, Alassane Ouattara a officiellement lance\u0301 sa campagne avec un message fort: ba\u0302tir une Co\u0302te d\u2019Ivoire moderne, inclusive et re\u0301siliente, pre\u0302te a\u0300 relever les de\u0301fis de demain.<\/p>\n<p>Vendredi 10 octobre, au Sofitel Ho\u0302tel Ivoire de Cocody, c\u2019est a\u0300 une de\u0301monstration de force et de vision strate\u0301gique que le camp pre\u0301sidentiel a convie\u0301 l\u2019opinion. Devant un parterre de cadres du parti, de membres du gouvernement, de jeunes et d\u2019invite\u0301s, Patrick Achi, ancien Premier ministre, et Niale\u0301 Kaba, ministre du Plan et du De\u0301veloppement, ont pre\u0301sente\u0301 dans le de\u0301tail le projet de socie\u0301te\u0301 du candidat du RHDP pour la pe\u0301riode 2025-2030.<\/p>\n<p>Patrick Achi a ouvert la rencontre en dressant un bilan e\u0301loquent des quinze dernie\u0300res anne\u0301es. Il a rappele\u0301 que la Co\u0302te d\u2019Ivoire sortait d\u2019une crise profonde au de\u0301but des anne\u0301es 2010, avec un taux de pauvrete\u0301 de 50 %, un pays \u00ab en comas \u00bb selon ses mots.<\/p>\n<p>\u00ab En 2011, nous nous demandions ce que ce pays allait devenir sans votre leadership. Gra\u0302ce a\u0300 votre vision et a\u0300 votre de\u0301termination, le malade s\u2019est releve\u0301 \u00bb, a-t-il lance\u0301 a\u0300 l\u2019attention du pre\u0301sident sortant.<\/p>\n<p>De son co\u0302te\u0301, Niale\u0301 Kaba a mis en lumie\u0300re la croissance soutenue, la paix retrouve\u0301e, la se\u0301curite\u0301 renforce\u0301e, mais aussi les investissements massifs dans les infrastructures, l\u2019e\u0301ducation, la sante\u0301 et la formation professionnelle. \u00ab Nous avons quitte\u0301 l\u2019ornie\u0300re pour prendre une trajectoire de croissance phe\u0301nome\u0301nale \u00bb, a-t-elle affirme\u0301.<\/p>\n<p>Le projet de socie\u0301te\u0301 d\u2019Alassane Ouattara pour les cinq prochaines anne\u0301es repose sur une vision claire: \u00ab Construire une grande nation ambitieuse et solidaire \u00bb.<\/p>\n<p>Selon Patrick Achi, cette vision implique un Ivoirien, mieux forme\u0301, en meilleure sante\u0301, plus productif et pllus entreprenant<\/p>\n<p>Elle vise aussi une classe moyenne e\u0301largie, une socie\u0301te\u0301 plus moderne et unie, et une jeunesse forme\u0301e aux enjeux technologiques du monde contemporain. \u00ab Il s\u2019agit de prendre le virage de la re\u0301volution nume\u0301rique et industrielle pour rattraper notre retard \u00bb, a-t-il insiste\u0301.<\/p>\n<p>Patrick Achi n\u2019a pas e\u0301lude\u0301 les difficulte\u0301s. Dans un contexte mondial marque\u0301 par les conflits, le repli e\u0301conomique des partenaires et la re\u0301duction de l\u2019aide au de\u0301veloppement, la Co\u0302te d\u2019Ivoire doit apprendre a\u0300 compter sur ses propres forces.<\/p>\n<p>\u00ab Le monde change. La solidarite\u0301 internationale s\u2019effrite. Nous devons mobiliser nous-me\u0302mes les ressources pour financer notre de\u0301veloppement \u00bb, a-t-il martele\u0301.<\/p>\n<p>Face aux menaces se\u0301curitaires sous-re\u0301gionales, il a souligne\u0301 la ne\u0301cessite\u0301 d\u2019une allocation e\u0301quilibre\u0301e des ressources entre se\u0301curite\u0301 et de\u0301veloppement, tout en conside\u0301rant ces de\u0301fis comme des leviers potentiels pour renforcer l\u2019attractivite\u0301 e\u0301conomique du pays, notamment en matie\u0300re de transformation locale et d\u2019industrialisation.<\/p>\n<p>La guerre tarifaire mondiale, selon le confe\u0301rencier, repre\u0301sente une opportunite\u0301 strate\u0301gique pour les pays comme la Co\u0302te d\u2019Ivoire. \u00ab Aujourd\u2019hui, nous avons l\u2019avantage. Si nous savons produire localement des biens comme les ve\u0302tements ou des e\u0301quipements en caoutchouc, nous pouvons devenir des fournisseurs majeurs \u00bb, a de\u0301clare\u0301 Achi.<\/p>\n<p>Le mot d\u2019ordre: transformation locale des matie\u0300res premie\u0300res. Le pays entend devenir un acteur majeur de la chai\u0302ne de valeur africaine dans les cinq prochaines anne\u0301es.<\/p>\n<p>La croissance reste au c\u0153ur du programme du candidat Ouattara. Le projet vise a\u0300 maintenir un taux de croissance de 7,2 %, avec un objectif de re\u0301duction du taux de pauvrete\u0301 de 37,5 % a\u0300 moins de 20 % d\u2019ici 2030.<\/p>\n<p>Pour cela, le socle repose sur quatre priorite\u0301s strate\u0301giques, un capital humain de qualite\u0301: e\u0301ducation, formation, emploi des jeunes.Des infrastructures modernes: routes, e\u0301nergie, eau, digitalisation. Le de\u0301veloppement des po\u0302les e\u0301conomiques re\u0301gionaux: dynamiser les territoires selon leurs potentiels spe\u0301cifiques. La transformation structurelle de l\u2019e\u0301conomie: encourager la production locale, renforcer l\u2019agriculture, cre\u0301er des chai\u0302nes de valeur compe\u0301titives.<\/p>\n<p>Dans sa vision pour le prochain quinquennat, Ouattara place l\u2019agriculture et la se\u0301curite\u0301 alimentaire au c\u0153ur des priorite\u0301s. Plus de 200 barrages sont pre\u0301vus pour les retenues d\u2019eau et l\u2019irrigation, un investissement majeur pour soutenir la production agricole et les zones rurales.<\/p>\n<p>Patrick Achi a lance\u0301 un appel a\u0300 la mobilisation, insistant sur l\u2019enjeu de stabilite\u0301 et de continuite\u0301: \u00ab On ne peut pas passer 15 ans a\u0300 sortir du trou pour prendre le risque d\u2019y retourner. En aucun cas. \u00bb<\/p>\n<p>Fide\u0300le a\u0300 sa ligne de conduite, le RHDP veut convaincre les Ivoiriens qu\u2019un avenir meilleur passe par la consolidation des acquis et l\u2019acce\u0301le\u0301ration des re\u0301formes, sous la houlette d\u2019un pre\u0301sident expe\u0301rimente\u0301.<\/p>\n<p><strong>Pour plus d&rsquo;informations et d&rsquo;analyses sur la <span style=\"color: #ff6600\">C\u00f4te d&rsquo;Ivoire<\/span>, suivez <span style=\"color: #ff6600\">Africa-Press<\/span><\/strong><\/p>\n","protected":false},"excerpt":{"rendered":"<p>Africa-Press &#8211; C\u00f4te d&rsquo;Ivoire. Le compte a\u0300 rebours est lance\u0301. Le 25 octobre, les Ivoiriens se rendront aux urnes pour e\u0301lire le prochain pre\u0301sident de la Re\u0301publique. En lice pour un nouveau mandat, Alassane Ouattara a officiellement lance\u0301 sa campagne avec un message fort: ba\u0302tir une Co\u0302te d\u2019Ivoire moderne, inclusive et re\u0301siliente, pre\u0302te a\u0300 relever [&hellip;]<\/p>\n","protected":false},"author":82,"featured_media":106559,"comment_status":"open","ping_status":"closed","sticky":false,"template":"","format":"standard","meta":{"footnotes":""},"categories":[3,10],"tags":[29,2526,4147,19144,2780,18591,402,312,371,303,5062],"class_list":["post-106560","post","type-post","status-publish","format-standard","has-post-thumbnail","hentry","category-economie","category-toutes-les-actualites","tag-cote-divoire","tag-croissance","tag-economique","tag-emploi-jeune","tag-infrastructures","tag-ouattara-2025","tag-patrick-achi","tag-presidentielle","tag-rhdp","tag-securite","tag-vision-2030"],"yoast_head":"<!-- This site is optimized with the Yoast SEO Premium plugin v26.1 (Yoast SEO v27.0) - https:\/\/yoast.com\/product\/yoast-seo-premium-wordpress\/ -->\n<title>Achi D\u00e9fend le Programme d&#039;Ado pour 2025 - C\u00f4te d&#039;Ivoire<\/title>\n<meta name=\"description\" content=\"Le compte a\u0300 rebours est lance\u0301. Le 25 octobre, les Ivoiriens se rendront aux urnes pour e\u0301lire le prochain pre\u0301sident d ...\" \/>\n<meta name=\"robots\" content=\"index, follow, max-snippet:-1, max-image-preview:large, max-video-preview:-1\" \/>\n<link rel=\"canonical\" href=\"https:\/\/www.africa-press.net\/cotedivoire\/economie\/achi-defend-le-programme-dado-pour-2025\" \/>\n<meta property=\"og:locale\" content=\"fr_FR\" \/>\n<meta property=\"og:type\" content=\"article\" \/>\n<meta property=\"og:title\" content=\"Achi D\u00e9fend le Programme d&#039;Ado pour 2025\" \/>\n<meta property=\"og:description\" content=\"Le compte a\u0300 rebours est lance\u0301. Le 25 octobre, les Ivoiriens se rendront aux urnes pour e\u0301lire le prochain pre\u0301sident d ...\" \/>\n<meta property=\"og:url\" content=\"https:\/\/www.africa-press.net\/cotedivoire\/economie\/achi-defend-le-programme-dado-pour-2025\" \/>\n<meta property=\"og:site_name\" content=\"C\u00f4te d&#039;Ivoire\" \/>\n<meta property=\"article:published_time\" content=\"2025-10-11T17:17:24+00:00\" \/>\n<meta property=\"article:modified_time\" content=\"2025-10-11T17:45:04+00:00\" \/>\n<meta property=\"og:image\" content=\"https:\/\/static.africa-press.net\/cote\/sites\/43\/2025\/10\/sm_1760192067.902732.jpg\" \/>\n\t<meta property=\"og:image:width\" content=\"720\" \/>\n\t<meta property=\"og:image:height\" content=\"480\" \/>\n\t<meta property=\"og:image:type\" content=\"image\/jpeg\" \/>\n<meta name=\"author\" content=\"cfeditorfr\" \/>\n<meta name=\"twitter:card\" content=\"summary_large_image\" \/>\n<meta name=\"twitter:label1\" content=\"\u00c9crit par\" \/>\n\t<meta name=\"twitter:data1\" content=\"cfeditorfr\" \/>\n\t<meta name=\"twitter:label2\" content=\"Dur\u00e9e de lecture estim\u00e9e\" \/>\n\t<meta name=\"twitter:data2\" content=\"4 minutes\" \/>\n<script type=\"application\/ld+json\" class=\"yoast-schema-graph\">{\"@context\":\"https:\/\/schema.org\",\"@graph\":[{\"@type\":\"Article\",\"@id\":\"https:\/\/www.africa-press.net\/cotedivoire\/economie\/achi-defend-le-programme-dado-pour-2025#article\",\"isPartOf\":{\"@id\":\"https:\/\/www.africa-press.net\/cotedivoire\/economie\/achi-defend-le-programme-dado-pour-2025\"},\"author\":{\"name\":\"cfeditorfr\",\"@id\":\"https:\/\/www.africa-press.net\/cotedivoire\/#\/schema\/person\/2b1cf3cd81a31e3cd26889ca66d677f1\"},\"headline\":\"Achi D\u00e9fend le Programme d&rsquo;Ado pour 2025\",\"datePublished\":\"2025-10-11T17:17:24+00:00\",\"dateModified\":\"2025-10-11T17:45:04+00:00\",\"mainEntityOfPage\":{\"@id\":\"https:\/\/www.africa-press.net\/cotedivoire\/economie\/achi-defend-le-programme-dado-pour-2025\"},\"wordCount\":858,\"commentCount\":0,\"image\":{\"@id\":\"https:\/\/www.africa-press.net\/cotedivoire\/economie\/achi-defend-le-programme-dado-pour-2025#primaryimage\"},\"thumbnailUrl\":\"https:\/\/static.africa-press.net\/cote\/sites\/43\/2025\/10\/sm_1760192067.902732.jpg\",\"keywords\":[\"C\u00d4TE D'IVOIRE\",\"Croissance\",\"Economique\",\"emploi jeune\",\"infrastructures\",\"Ouattara 2025\",\"Patrick Achi\",\"pr\u00e9sidentielle\",\"RHDP\",\"SECURITE\",\"vision 2030\"],\"articleSection\":[\"\u00c9conomie\",\"Toutes les actualit\u00e9s\"],\"inLanguage\":\"fr-FR\",\"potentialAction\":[{\"@type\":\"CommentAction\",\"name\":\"Comment\",\"target\":[\"https:\/\/www.africa-press.net\/cotedivoire\/economie\/achi-defend-le-programme-dado-pour-2025#respond\"]}]},{\"@type\":\"WebPage\",\"@id\":\"https:\/\/www.africa-press.net\/cotedivoire\/economie\/achi-defend-le-programme-dado-pour-2025\",\"url\":\"https:\/\/www.africa-press.net\/cotedivoire\/economie\/achi-defend-le-programme-dado-pour-2025\",\"name\":\"Achi D\u00e9fend le Programme d'Ado pour 2025 - C\u00f4te d&#039;Ivoire\",\"isPartOf\":{\"@id\":\"https:\/\/www.africa-press.net\/cotedivoire\/#website\"},\"primaryImageOfPage\":{\"@id\":\"https:\/\/www.africa-press.net\/cotedivoire\/economie\/achi-defend-le-programme-dado-pour-2025#primaryimage\"},\"image\":{\"@id\":\"https:\/\/www.africa-press.net\/cotedivoire\/economie\/achi-defend-le-programme-dado-pour-2025#primaryimage\"},\"thumbnailUrl\":\"https:\/\/static.africa-press.net\/cote\/sites\/43\/2025\/10\/sm_1760192067.902732.jpg\",\"datePublished\":\"2025-10-11T17:17:24+00:00\",\"dateModified\":\"2025-10-11T17:45:04+00:00\",\"author\":{\"@id\":\"https:\/\/www.africa-press.net\/cotedivoire\/#\/schema\/person\/2b1cf3cd81a31e3cd26889ca66d677f1\"},\"description\":\"Le compte a\u0300 rebours est lance\u0301. Le 25 octobre, les Ivoiriens se rendront aux urnes pour e\u0301lire le prochain pre\u0301sident d ...\",\"breadcrumb\":{\"@id\":\"https:\/\/www.africa-press.net\/cotedivoire\/economie\/achi-defend-le-programme-dado-pour-2025#breadcrumb\"},\"inLanguage\":\"fr-FR\",\"potentialAction\":[{\"@type\":\"ReadAction\",\"target\":[\"https:\/\/www.africa-press.net\/cotedivoire\/economie\/achi-defend-le-programme-dado-pour-2025\"]}]},{\"@type\":\"ImageObject\",\"inLanguage\":\"fr-FR\",\"@id\":\"https:\/\/www.africa-press.net\/cotedivoire\/economie\/achi-defend-le-programme-dado-pour-2025#primaryimage\",\"url\":\"https:\/\/static.africa-press.net\/cote\/sites\/43\/2025\/10\/sm_1760192067.902732.jpg\",\"contentUrl\":\"https:\/\/static.africa-press.net\/cote\/sites\/43\/2025\/10\/sm_1760192067.902732.jpg\",\"width\":720,\"height\":480,\"caption\":\"Achi D\u00e9fend le Programme d'Ado pour 2025\"},{\"@type\":\"BreadcrumbList\",\"@id\":\"https:\/\/www.africa-press.net\/cotedivoire\/economie\/achi-defend-le-programme-dado-pour-2025#breadcrumb\",\"itemListElement\":[{\"@type\":\"ListItem\",\"position\":1,\"name\":\"Accueil\",\"item\":\"https:\/\/www.africa-press.net\/cotedivoire\/\"},{\"@type\":\"ListItem\",\"position\":2,\"name\":\"Achi D\u00e9fend le Programme d&#8217;Ado pour 2025\"}]},{\"@type\":\"WebSite\",\"@id\":\"https:\/\/www.africa-press.net\/cotedivoire\/#website\",\"url\":\"https:\/\/www.africa-press.net\/cotedivoire\/\",\"name\":\"C\u00f4te d&#039;Ivoire\",\"description\":\"Just another Africa News Agency Sites site\",\"potentialAction\":[{\"@type\":\"SearchAction\",\"target\":{\"@type\":\"EntryPoint\",\"urlTemplate\":\"https:\/\/www.africa-press.net\/cotedivoire\/?s={search_term_string}\"},\"query-input\":{\"@type\":\"PropertyValueSpecification\",\"valueRequired\":true,\"valueName\":\"search_term_string\"}}],\"inLanguage\":\"fr-FR\"},{\"@type\":\"Person\",\"@id\":\"https:\/\/www.africa-press.net\/cotedivoire\/#\/schema\/person\/2b1cf3cd81a31e3cd26889ca66d677f1\",\"name\":\"cfeditorfr\"}]}<\/script>\n<!-- \/ Yoast SEO Premium plugin. -->","yoast_head_json":{"title":"Achi D\u00e9fend le Programme d'Ado pour 2025 - C\u00f4te d&#039;Ivoire","description":"Le compte a\u0300 rebours est lance\u0301. Le 25 octobre, les Ivoiriens se rendront aux urnes pour e\u0301lire le prochain pre\u0301sident d ...","robots":{"index":"index","follow":"follow","max-snippet":"max-snippet:-1","max-image-preview":"max-image-preview:large","max-video-preview":"max-video-preview:-1"},"canonical":"https:\/\/www.africa-press.net\/cotedivoire\/economie\/achi-defend-le-programme-dado-pour-2025","og_locale":"fr_FR","og_type":"article","og_title":"Achi D\u00e9fend le Programme d'Ado pour 2025","og_description":"Le compte a\u0300 rebours est lance\u0301. Le 25 octobre, les Ivoiriens se rendront aux urnes pour e\u0301lire le prochain pre\u0301sident d ...","og_url":"https:\/\/www.africa-press.net\/cotedivoire\/economie\/achi-defend-le-programme-dado-pour-2025","og_site_name":"C\u00f4te d&#039;Ivoire","article_published_time":"2025-10-11T17:17:24+00:00","article_modified_time":"2025-10-11T17:45:04+00:00","og_image":[{"width":720,"height":480,"url":"https:\/\/static.africa-press.net\/cote\/sites\/43\/2025\/10\/sm_1760192067.902732.jpg","type":"image\/jpeg"}],"author":"cfeditorfr","twitter_card":"summary_large_image","twitter_misc":{"\u00c9crit par":"cfeditorfr","Dur\u00e9e de lecture estim\u00e9e":"4 minutes"},"schema":{"@context":"https:\/\/schema.org","@graph":[{"@type":"Article","@id":"https:\/\/www.africa-press.net\/cotedivoire\/economie\/achi-defend-le-programme-dado-pour-2025#article","isPartOf":{"@id":"https:\/\/www.africa-press.net\/cotedivoire\/economie\/achi-defend-le-programme-dado-pour-2025"},"author":{"name":"cfeditorfr","@id":"https:\/\/www.africa-press.net\/cotedivoire\/#\/schema\/person\/2b1cf3cd81a31e3cd26889ca66d677f1"},"headline":"Achi D\u00e9fend le Programme d&rsquo;Ado pour 2025","datePublished":"2025-10-11T17:17:24+00:00","dateModified":"2025-10-11T17:45:04+00:00","mainEntityOfPage":{"@id":"https:\/\/www.africa-press.net\/cotedivoire\/economie\/achi-defend-le-programme-dado-pour-2025"},"wordCount":858,"commentCount":0,"image":{"@id":"https:\/\/www.africa-press.net\/cotedivoire\/economie\/achi-defend-le-programme-dado-pour-2025#primaryimage"},"thumbnailUrl":"https:\/\/static.africa-press.net\/cote\/sites\/43\/2025\/10\/sm_1760192067.902732.jpg","keywords":["C\u00d4TE D'IVOIRE","Croissance","Economique","emploi jeune","infrastructures","Ouattara 2025","Patrick Achi","pr\u00e9sidentielle","RHDP","SECURITE","vision 2030"],"articleSection":["\u00c9conomie","Toutes les actualit\u00e9s"],"inLanguage":"fr-FR","potentialAction":[{"@type":"CommentAction","name":"Comment","target":["https:\/\/www.africa-press.net\/cotedivoire\/economie\/achi-defend-le-programme-dado-pour-2025#respond"]}]},{"@type":"WebPage","@id":"https:\/\/www.africa-press.net\/cotedivoire\/economie\/achi-defend-le-programme-dado-pour-2025","url":"https:\/\/www.africa-press.net\/cotedivoire\/economie\/achi-defend-le-programme-dado-pour-2025","name":"Achi D\u00e9fend le Programme d'Ado pour 2025 - C\u00f4te d&#039;Ivoire","isPartOf":{"@id":"https:\/\/www.africa-press.net\/cotedivoire\/#website"},"primaryImageOfPage":{"@id":"https:\/\/www.africa-press.net\/cotedivoire\/economie\/achi-defend-le-programme-dado-pour-2025#primaryimage"},"image":{"@id":"https:\/\/www.africa-press.net\/cotedivoire\/economie\/achi-defend-le-programme-dado-pour-2025#primaryimage"},"thumbnailUrl":"https:\/\/static.africa-press.net\/cote\/sites\/43\/2025\/10\/sm_1760192067.902732.jpg","datePublished":"2025-10-11T17:17:24+00:00","dateModified":"2025-10-11T17:45:04+00:00","author":{"@id":"https:\/\/www.africa-press.net\/cotedivoire\/#\/schema\/person\/2b1cf3cd81a31e3cd26889ca66d677f1"},"description":"Le compte a\u0300 rebours est lance\u0301. Le 25 octobre, les Ivoiriens se rendront aux urnes pour e\u0301lire le prochain pre\u0301sident d ...","breadcrumb":{"@id":"https:\/\/www.africa-press.net\/cotedivoire\/economie\/achi-defend-le-programme-dado-pour-2025#breadcrumb"},"inLanguage":"fr-FR","potentialAction":[{"@type":"ReadAction","target":["https:\/\/www.africa-press.net\/cotedivoire\/economie\/achi-defend-le-programme-dado-pour-2025"]}]},{"@type":"ImageObject","inLanguage":"fr-FR","@id":"https:\/\/www.africa-press.net\/cotedivoire\/economie\/achi-defend-le-programme-dado-pour-2025#primaryimage","url":"https:\/\/static.africa-press.net\/cote\/sites\/43\/2025\/10\/sm_1760192067.902732.jpg","contentUrl":"https:\/\/static.africa-press.net\/cote\/sites\/43\/2025\/10\/sm_1760192067.902732.jpg","width":720,"height":480,"caption":"Achi D\u00e9fend le Programme d'Ado pour 2025"},{"@type":"BreadcrumbList","@id":"https:\/\/www.africa-press.net\/cotedivoire\/economie\/achi-defend-le-programme-dado-pour-2025#breadcrumb","itemListElement":[{"@type":"ListItem","position":1,"name":"Accueil","item":"https:\/\/www.africa-press.net\/cotedivoire\/"},{"@type":"ListItem","position":2,"name":"Achi D\u00e9fend le Programme d&#8217;Ado pour 2025"}]},{"@type":"WebSite","@id":"https:\/\/www.africa-press.net\/cotedivoire\/#website","url":"https:\/\/www.africa-press.net\/cotedivoire\/","name":"C\u00f4te d&#039;Ivoire","description":"Just another Africa News Agency Sites site","potentialAction":[{"@type":"SearchAction","target":{"@type":"EntryPoint","urlTemplate":"https:\/\/www.africa-press.net\/cotedivoire\/?s={search_term_string}"},"query-input":{"@type":"PropertyValueSpecification","valueRequired":true,"valueName":"search_term_string"}}],"inLanguage":"fr-FR"},{"@type":"Person","@id":"https:\/\/www.africa-press.net\/cotedivoire\/#\/schema\/person\/2b1cf3cd81a31e3cd26889ca66d677f1","name":"cfeditorfr"}]}},"_links":{"self":[{"href":"https:\/\/www.africa-press.net\/cotedivoire\/wp-json\/wp\/v2\/posts\/106560","targetHints":{"allow":["GET"]}}],"collection":[{"href":"https:\/\/www.africa-press.net\/cotedivoire\/wp-json\/wp\/v2\/posts"}],"about":[{"href":"https:\/\/www.africa-press.net\/cotedivoire\/wp-json\/wp\/v2\/types\/post"}],"author":[{"embeddable":true,"href":"https:\/\/www.africa-press.net\/cotedivoire\/wp-json\/wp\/v2\/users\/82"}],"replies":[{"embeddable":true,"href":"https:\/\/www.africa-press.net\/cotedivoire\/wp-json\/wp\/v2\/comments?post=106560"}],"version-history":[{"count":0,"href":"https:\/\/www.africa-press.net\/cotedivoire\/wp-json\/wp\/v2\/posts\/106560\/revisions"}],"wp:featuredmedia":[{"embeddable":true,"href":"https:\/\/www.africa-press.net\/cotedivoire\/wp-json\/wp\/v2\/media\/106559"}],"wp:attachment":[{"href":"https:\/\/www.africa-press.net\/cotedivoire\/wp-json\/wp\/v2\/media?parent=106560"}],"wp:term":[{"taxonomy":"category","embeddable":true,"href":"https:\/\/www.africa-press.net\/cotedivoire\/wp-json\/wp\/v2\/categories?post=106560"},{"taxonomy":"post_tag","embeddable":true,"href":"https:\/\/www.africa-press.net\/cotedivoire\/wp-json\/wp\/v2\/tags?post=106560"}],"curies":[{"name":"wp","href":"https:\/\/api.w.org\/{rel}","templated":true}]}}