{"id":106567,"date":"2025-10-11T17:17:54","date_gmt":"2025-10-11T17:17:54","guid":{"rendered":"https:\/\/www.africa-press.net\/cotedivoire\/politique\/don-mello-propose-42-idees-pour-renforcer-la-democratie"},"modified":"2025-10-11T17:46:12","modified_gmt":"2025-10-11T17:46:12","slug":"don-mello-propose-42-idees-pour-renforcer-la-democratie","status":"publish","type":"post","link":"https:\/\/www.africa-press.net\/cotedivoire\/politique\/don-mello-propose-42-idees-pour-renforcer-la-democratie","title":{"rendered":"Don Mello Propose 42 Id\u00e9es Pour Renforcer La D\u00e9mocratie"},"content":{"rendered":"<p><span style=\"color: #ff6600\"><strong>Africa-Press &#8211; C\u00f4te d&rsquo;Ivoire. <\/strong><\/span>L\u2019espace Latrille Events de Cocody Deux Plateaux a servi de cadre, ce vendredi 10 octobre 2025, au lancement officiel de la campagne d\u2019Ahoua Don Mello. L\u2019ancien ministre et proche du pre\u0301sident Laurent Gbagbo y a pre\u0301sente\u0301 le comite\u0301 de pilotage ainsi que l\u2019e\u0301quipe nationale de sa campagne, dirige\u0301e par un trio de responsables a\u0300 la te\u0302te de la direction nationale.<\/p>\n<p>Au cours de cette ce\u0301re\u0301monie, Ahoua Don Mello a de\u0301voile\u0301 les grandes lignes de son projet de socie\u0301te\u0301 articule\u0301 autour de 42 propositions et structure\u0301 en quatre grands chantiers. Dans un discours dense et sans de\u0301tour, le candidat a plaide\u0301 pour une refondation profonde de l\u2019E\u0301tat ivoirien fonde\u0301e sur la de\u0301mocratie re\u0301elle, la justice, la bonne gouvernance et la souverainete\u0301 nationale.<\/p>\n<p>\u00ab Il faut faire travailler tous les citoyens pour l\u2019ensemble des usines que nous voulons cre\u0301er, tout le chantier de la de\u0301mocratie \u00bb, a-t-il lance\u0301, avant d\u2019appeler a\u0300 \u00ab briser les cloisons \u00bb ethniques, religieuses et partisanes afin de ba\u0302tir un E\u0301tat dirige\u0301 par et pour l\u2019ensemble des citoyens.<\/p>\n<p>Le candidat a de\u0301nonce\u0301 avec vigueur la corruption ende\u0301mique, estime\u0301e selon lui a\u0300 pre\u0300s de 1 000 milliards de francs CFA, et qui gangre\u0300ne l\u2019administration publique: \u00ab Aujourd\u2019hui, tout s\u2019ache\u0300te, me\u0302me un simple acte de naissance. Si nous pouvons re\u0301cupe\u0301rer ces ressources perdues, nous serons capables de faire tourner notre pays. \u00bb<\/p>\n<p>Pour Don Mello, la refondation de la de\u0301mocratie ivoirienne passera par l\u2019instauration d\u2019une justice e\u0301gale pour tous, d\u2019une Commission e\u0301lectorale ve\u0301ritablement inde\u0301pendante, et d\u2019un code e\u0301lectoral consensuel. Il a e\u0301galement promis que la premie\u0300re mesure de son futur gouvernement serait l\u2019adoption d\u2019une loi d\u2019amnistie ge\u0301ne\u0301rale, pour libe\u0301rer les prisonniers politiques et favoriser le retour des exile\u0301s.<\/p>\n<p>Dans la me\u0302me logique de re\u0301conciliation et de me\u0301moire nationale, il a annonce\u0301 la cre\u0301ation d\u2019un Comite\u0301 des sages, compose\u0301 d\u2019anciens pre\u0301sidents, de repre\u0301sentants des principaux partis politiques, des autorite\u0301s religieuses, traditionnelles et de la socie\u0301te\u0301 civile, charge\u0301 de veiller a\u0300 la neutralite\u0301 des institutions re\u0301publicaines.<\/p>\n<p>Enfin, abordant le volet e\u0301conomique et strate\u0301gique, Ahoua Don Mello a pre\u0301sente\u0301 son concept du \u00ab triangle de Bermudes \u00bb, fonde\u0301 sur la mai\u0302trise de trois piliers: l\u2019arme\u0301e, la monnaie et les contrats de concession. Il a pro\u0302ne\u0301 la rupture avec les accords de de\u0301fense signe\u0301s avec la France depuis 1961 et la mise en place d\u2019un complexe industriel militaire national pour garantir la souverainete\u0301 du pays.<\/p>\n<p>Concernant la politique mone\u0301taire, il a plaide\u0301 pour une re\u0301forme en profondeur du syste\u0300me bancaire et du cre\u0301dit, jugeant les taux actuels (12 a\u0300 18 %) incompatibles avec le de\u0301veloppement. Il a e\u0301galement insiste\u0301 sur la ne\u0301cessite\u0301 de reprendre le projet de monnaie unique \u00ab E\u0301co \u00bb, en affirmant: \u00ab C\u2019est sur la base de cette monnaie unique que nous allons reconfigurer l\u2019Afrique de l\u2019Ouest. \u00bb<\/p>\n<p>En conclusion, Ahoua Don Mello a lance\u0301 un appel a\u0300 l\u2019unite\u0301, au patriotisme et a\u0300 la responsabilite\u0301 collective: \u00ab Nous devons ba\u0302tir une Co\u0302te d\u2019Ivoire souveraine, juste et prospe\u0300re, gouverne\u0301e par le peuple et pour le peuple. \u00bb<\/p>\n<p><strong>Pour plus d&rsquo;informations et d&rsquo;analyses sur la <span style=\"color: #ff6600\">C\u00f4te d&rsquo;Ivoire<\/span>, suivez <span style=\"color: #ff6600\">Africa-Press<\/span><\/strong><\/p>\n","protected":false},"excerpt":{"rendered":"<p>Africa-Press &#8211; C\u00f4te d&rsquo;Ivoire. L\u2019espace Latrille Events de Cocody Deux Plateaux a servi de cadre, ce vendredi 10 octobre 2025, au lancement officiel de la campagne d\u2019Ahoua Don Mello. L\u2019ancien ministre et proche du pre\u0301sident Laurent Gbagbo y a pre\u0301sente\u0301 le comite\u0301 de pilotage ainsi que l\u2019e\u0301quipe nationale de sa campagne, dirige\u0301e par un trio [&hellip;]<\/p>\n","protected":false},"author":82,"featured_media":106566,"comment_status":"open","ping_status":"closed","sticky":false,"template":"","format":"standard","meta":{"footnotes":""},"categories":[2,10],"tags":[29,1227,88,320,55,4223,3451,60,19147],"class_list":["post-106567","post","type-post","status-publish","format-standard","has-post-thumbnail","hentry","category-politique","category-toutes-les-actualites","tag-cote-divoire","tag-don-mello","tag-france","tag-gbagbo","tag-justice","tag-ligne","tag-peuple","tag-politique","tag-refondation"],"yoast_head":"<!-- This site is optimized with the Yoast SEO Premium plugin v26.1 (Yoast SEO v27.0) - https:\/\/yoast.com\/product\/yoast-seo-premium-wordpress\/ -->\n<title>Don Mello Propose 42 Id\u00e9es Pour Renforcer La D\u00e9mocratie - C\u00f4te d&#039;Ivoire<\/title>\n<meta name=\"description\" content=\"L\u2019espace Latrille Events de Cocody Deux Plateaux a servi de cadre, ce vendredi 10 octobre 2025, au lancement officiel de ...\" \/>\n<meta name=\"robots\" content=\"index, follow, max-snippet:-1, max-image-preview:large, max-video-preview:-1\" \/>\n<link rel=\"canonical\" href=\"https:\/\/www.africa-press.net\/cotedivoire\/politique\/don-mello-propose-42-idees-pour-renforcer-la-democratie\" \/>\n<meta property=\"og:locale\" content=\"fr_FR\" \/>\n<meta property=\"og:type\" content=\"article\" \/>\n<meta property=\"og:title\" content=\"Don Mello Propose 42 Id\u00e9es Pour Renforcer La D\u00e9mocratie\" \/>\n<meta property=\"og:description\" content=\"L\u2019espace Latrille Events de Cocody Deux Plateaux a servi de cadre, ce vendredi 10 octobre 2025, au lancement officiel de ...\" \/>\n<meta property=\"og:url\" content=\"https:\/\/www.africa-press.net\/cotedivoire\/politique\/don-mello-propose-42-idees-pour-renforcer-la-democratie\" \/>\n<meta property=\"og:site_name\" content=\"C\u00f4te d&#039;Ivoire\" \/>\n<meta property=\"article:published_time\" content=\"2025-10-11T17:17:54+00:00\" \/>\n<meta property=\"article:modified_time\" content=\"2025-10-11T17:46:12+00:00\" \/>\n<meta property=\"og:image\" content=\"https:\/\/static.africa-press.net\/cote\/sites\/43\/2025\/10\/sm_1760192114.768585.jpg\" \/>\n\t<meta property=\"og:image:width\" content=\"720\" \/>\n\t<meta property=\"og:image:height\" content=\"385\" \/>\n\t<meta property=\"og:image:type\" content=\"image\/jpeg\" \/>\n<meta name=\"author\" content=\"cfeditorfr\" \/>\n<meta name=\"twitter:card\" content=\"summary_large_image\" \/>\n<meta name=\"twitter:label1\" content=\"\u00c9crit par\" \/>\n\t<meta name=\"twitter:data1\" content=\"cfeditorfr\" \/>\n\t<meta name=\"twitter:label2\" content=\"Dur\u00e9e de lecture estim\u00e9e\" \/>\n\t<meta name=\"twitter:data2\" content=\"3 minutes\" \/>\n<script type=\"application\/ld+json\" class=\"yoast-schema-graph\">{\"@context\":\"https:\/\/schema.org\",\"@graph\":[{\"@type\":\"Article\",\"@id\":\"https:\/\/www.africa-press.net\/cotedivoire\/politique\/don-mello-propose-42-idees-pour-renforcer-la-democratie#article\",\"isPartOf\":{\"@id\":\"https:\/\/www.africa-press.net\/cotedivoire\/politique\/don-mello-propose-42-idees-pour-renforcer-la-democratie\"},\"author\":{\"name\":\"cfeditorfr\",\"@id\":\"https:\/\/www.africa-press.net\/cotedivoire\/#\/schema\/person\/2b1cf3cd81a31e3cd26889ca66d677f1\"},\"headline\":\"Don Mello Propose 42 Id\u00e9es Pour Renforcer La D\u00e9mocratie\",\"datePublished\":\"2025-10-11T17:17:54+00:00\",\"dateModified\":\"2025-10-11T17:46:12+00:00\",\"mainEntityOfPage\":{\"@id\":\"https:\/\/www.africa-press.net\/cotedivoire\/politique\/don-mello-propose-42-idees-pour-renforcer-la-democratie\"},\"wordCount\":598,\"commentCount\":0,\"image\":{\"@id\":\"https:\/\/www.africa-press.net\/cotedivoire\/politique\/don-mello-propose-42-idees-pour-renforcer-la-democratie#primaryimage\"},\"thumbnailUrl\":\"https:\/\/static.africa-press.net\/cote\/sites\/43\/2025\/10\/sm_1760192114.768585.jpg\",\"keywords\":[\"C\u00d4TE D'IVOIRE\",\"Don Mello\",\"France\",\"Gbagbo\",\"Justice\",\"ligne\",\"peuple\",\"Politique\",\"refondation\"],\"articleSection\":[\"Politique\",\"Toutes les actualit\u00e9s\"],\"inLanguage\":\"fr-FR\",\"potentialAction\":[{\"@type\":\"CommentAction\",\"name\":\"Comment\",\"target\":[\"https:\/\/www.africa-press.net\/cotedivoire\/politique\/don-mello-propose-42-idees-pour-renforcer-la-democratie#respond\"]}]},{\"@type\":\"WebPage\",\"@id\":\"https:\/\/www.africa-press.net\/cotedivoire\/politique\/don-mello-propose-42-idees-pour-renforcer-la-democratie\",\"url\":\"https:\/\/www.africa-press.net\/cotedivoire\/politique\/don-mello-propose-42-idees-pour-renforcer-la-democratie\",\"name\":\"Don Mello Propose 42 Id\u00e9es Pour Renforcer La D\u00e9mocratie - C\u00f4te d&#039;Ivoire\",\"isPartOf\":{\"@id\":\"https:\/\/www.africa-press.net\/cotedivoire\/#website\"},\"primaryImageOfPage\":{\"@id\":\"https:\/\/www.africa-press.net\/cotedivoire\/politique\/don-mello-propose-42-idees-pour-renforcer-la-democratie#primaryimage\"},\"image\":{\"@id\":\"https:\/\/www.africa-press.net\/cotedivoire\/politique\/don-mello-propose-42-idees-pour-renforcer-la-democratie#primaryimage\"},\"thumbnailUrl\":\"https:\/\/static.africa-press.net\/cote\/sites\/43\/2025\/10\/sm_1760192114.768585.jpg\",\"datePublished\":\"2025-10-11T17:17:54+00:00\",\"dateModified\":\"2025-10-11T17:46:12+00:00\",\"author\":{\"@id\":\"https:\/\/www.africa-press.net\/cotedivoire\/#\/schema\/person\/2b1cf3cd81a31e3cd26889ca66d677f1\"},\"description\":\"L\u2019espace Latrille Events de Cocody Deux Plateaux a servi de cadre, ce vendredi 10 octobre 2025, au lancement officiel de ...\",\"breadcrumb\":{\"@id\":\"https:\/\/www.africa-press.net\/cotedivoire\/politique\/don-mello-propose-42-idees-pour-renforcer-la-democratie#breadcrumb\"},\"inLanguage\":\"fr-FR\",\"potentialAction\":[{\"@type\":\"ReadAction\",\"target\":[\"https:\/\/www.africa-press.net\/cotedivoire\/politique\/don-mello-propose-42-idees-pour-renforcer-la-democratie\"]}]},{\"@type\":\"ImageObject\",\"inLanguage\":\"fr-FR\",\"@id\":\"https:\/\/www.africa-press.net\/cotedivoire\/politique\/don-mello-propose-42-idees-pour-renforcer-la-democratie#primaryimage\",\"url\":\"https:\/\/static.africa-press.net\/cote\/sites\/43\/2025\/10\/sm_1760192114.768585.jpg\",\"contentUrl\":\"https:\/\/static.africa-press.net\/cote\/sites\/43\/2025\/10\/sm_1760192114.768585.jpg\",\"width\":720,\"height\":385,\"caption\":\"Don Mello Propose 42 Id\u00e9es Pour Renforcer La D\u00e9mocratie\"},{\"@type\":\"BreadcrumbList\",\"@id\":\"https:\/\/www.africa-press.net\/cotedivoire\/politique\/don-mello-propose-42-idees-pour-renforcer-la-democratie#breadcrumb\",\"itemListElement\":[{\"@type\":\"ListItem\",\"position\":1,\"name\":\"Accueil\",\"item\":\"https:\/\/www.africa-press.net\/cotedivoire\/\"},{\"@type\":\"ListItem\",\"position\":2,\"name\":\"Don Mello Propose 42 Id\u00e9es Pour Renforcer La D\u00e9mocratie\"}]},{\"@type\":\"WebSite\",\"@id\":\"https:\/\/www.africa-press.net\/cotedivoire\/#website\",\"url\":\"https:\/\/www.africa-press.net\/cotedivoire\/\",\"name\":\"C\u00f4te d&#039;Ivoire\",\"description\":\"Just another Africa News Agency Sites site\",\"potentialAction\":[{\"@type\":\"SearchAction\",\"target\":{\"@type\":\"EntryPoint\",\"urlTemplate\":\"https:\/\/www.africa-press.net\/cotedivoire\/?s={search_term_string}\"},\"query-input\":{\"@type\":\"PropertyValueSpecification\",\"valueRequired\":true,\"valueName\":\"search_term_string\"}}],\"inLanguage\":\"fr-FR\"},{\"@type\":\"Person\",\"@id\":\"https:\/\/www.africa-press.net\/cotedivoire\/#\/schema\/person\/2b1cf3cd81a31e3cd26889ca66d677f1\",\"name\":\"cfeditorfr\"}]}<\/script>\n<!-- \/ Yoast SEO Premium plugin. -->","yoast_head_json":{"title":"Don Mello Propose 42 Id\u00e9es Pour Renforcer La D\u00e9mocratie - C\u00f4te d&#039;Ivoire","description":"L\u2019espace Latrille Events de Cocody Deux Plateaux a servi de cadre, ce vendredi 10 octobre 2025, au lancement officiel de ...","robots":{"index":"index","follow":"follow","max-snippet":"max-snippet:-1","max-image-preview":"max-image-preview:large","max-video-preview":"max-video-preview:-1"},"canonical":"https:\/\/www.africa-press.net\/cotedivoire\/politique\/don-mello-propose-42-idees-pour-renforcer-la-democratie","og_locale":"fr_FR","og_type":"article","og_title":"Don Mello Propose 42 Id\u00e9es Pour Renforcer La D\u00e9mocratie","og_description":"L\u2019espace Latrille Events de Cocody Deux Plateaux a servi de cadre, ce vendredi 10 octobre 2025, au lancement officiel de ...","og_url":"https:\/\/www.africa-press.net\/cotedivoire\/politique\/don-mello-propose-42-idees-pour-renforcer-la-democratie","og_site_name":"C\u00f4te d&#039;Ivoire","article_published_time":"2025-10-11T17:17:54+00:00","article_modified_time":"2025-10-11T17:46:12+00:00","og_image":[{"width":720,"height":385,"url":"https:\/\/static.africa-press.net\/cote\/sites\/43\/2025\/10\/sm_1760192114.768585.jpg","type":"image\/jpeg"}],"author":"cfeditorfr","twitter_card":"summary_large_image","twitter_misc":{"\u00c9crit par":"cfeditorfr","Dur\u00e9e de lecture estim\u00e9e":"3 minutes"},"schema":{"@context":"https:\/\/schema.org","@graph":[{"@type":"Article","@id":"https:\/\/www.africa-press.net\/cotedivoire\/politique\/don-mello-propose-42-idees-pour-renforcer-la-democratie#article","isPartOf":{"@id":"https:\/\/www.africa-press.net\/cotedivoire\/politique\/don-mello-propose-42-idees-pour-renforcer-la-democratie"},"author":{"name":"cfeditorfr","@id":"https:\/\/www.africa-press.net\/cotedivoire\/#\/schema\/person\/2b1cf3cd81a31e3cd26889ca66d677f1"},"headline":"Don Mello Propose 42 Id\u00e9es Pour Renforcer La D\u00e9mocratie","datePublished":"2025-10-11T17:17:54+00:00","dateModified":"2025-10-11T17:46:12+00:00","mainEntityOfPage":{"@id":"https:\/\/www.africa-press.net\/cotedivoire\/politique\/don-mello-propose-42-idees-pour-renforcer-la-democratie"},"wordCount":598,"commentCount":0,"image":{"@id":"https:\/\/www.africa-press.net\/cotedivoire\/politique\/don-mello-propose-42-idees-pour-renforcer-la-democratie#primaryimage"},"thumbnailUrl":"https:\/\/static.africa-press.net\/cote\/sites\/43\/2025\/10\/sm_1760192114.768585.jpg","keywords":["C\u00d4TE D'IVOIRE","Don Mello","France","Gbagbo","Justice","ligne","peuple","Politique","refondation"],"articleSection":["Politique","Toutes les actualit\u00e9s"],"inLanguage":"fr-FR","potentialAction":[{"@type":"CommentAction","name":"Comment","target":["https:\/\/www.africa-press.net\/cotedivoire\/politique\/don-mello-propose-42-idees-pour-renforcer-la-democratie#respond"]}]},{"@type":"WebPage","@id":"https:\/\/www.africa-press.net\/cotedivoire\/politique\/don-mello-propose-42-idees-pour-renforcer-la-democratie","url":"https:\/\/www.africa-press.net\/cotedivoire\/politique\/don-mello-propose-42-idees-pour-renforcer-la-democratie","name":"Don Mello Propose 42 Id\u00e9es Pour Renforcer La D\u00e9mocratie - C\u00f4te d&#039;Ivoire","isPartOf":{"@id":"https:\/\/www.africa-press.net\/cotedivoire\/#website"},"primaryImageOfPage":{"@id":"https:\/\/www.africa-press.net\/cotedivoire\/politique\/don-mello-propose-42-idees-pour-renforcer-la-democratie#primaryimage"},"image":{"@id":"https:\/\/www.africa-press.net\/cotedivoire\/politique\/don-mello-propose-42-idees-pour-renforcer-la-democratie#primaryimage"},"thumbnailUrl":"https:\/\/static.africa-press.net\/cote\/sites\/43\/2025\/10\/sm_1760192114.768585.jpg","datePublished":"2025-10-11T17:17:54+00:00","dateModified":"2025-10-11T17:46:12+00:00","author":{"@id":"https:\/\/www.africa-press.net\/cotedivoire\/#\/schema\/person\/2b1cf3cd81a31e3cd26889ca66d677f1"},"description":"L\u2019espace Latrille Events de Cocody Deux Plateaux a servi de cadre, ce vendredi 10 octobre 2025, au lancement officiel de ...","breadcrumb":{"@id":"https:\/\/www.africa-press.net\/cotedivoire\/politique\/don-mello-propose-42-idees-pour-renforcer-la-democratie#breadcrumb"},"inLanguage":"fr-FR","potentialAction":[{"@type":"ReadAction","target":["https:\/\/www.africa-press.net\/cotedivoire\/politique\/don-mello-propose-42-idees-pour-renforcer-la-democratie"]}]},{"@type":"ImageObject","inLanguage":"fr-FR","@id":"https:\/\/www.africa-press.net\/cotedivoire\/politique\/don-mello-propose-42-idees-pour-renforcer-la-democratie#primaryimage","url":"https:\/\/static.africa-press.net\/cote\/sites\/43\/2025\/10\/sm_1760192114.768585.jpg","contentUrl":"https:\/\/static.africa-press.net\/cote\/sites\/43\/2025\/10\/sm_1760192114.768585.jpg","width":720,"height":385,"caption":"Don Mello Propose 42 Id\u00e9es Pour Renforcer La D\u00e9mocratie"},{"@type":"BreadcrumbList","@id":"https:\/\/www.africa-press.net\/cotedivoire\/politique\/don-mello-propose-42-idees-pour-renforcer-la-democratie#breadcrumb","itemListElement":[{"@type":"ListItem","position":1,"name":"Accueil","item":"https:\/\/www.africa-press.net\/cotedivoire\/"},{"@type":"ListItem","position":2,"name":"Don Mello Propose 42 Id\u00e9es Pour Renforcer La D\u00e9mocratie"}]},{"@type":"WebSite","@id":"https:\/\/www.africa-press.net\/cotedivoire\/#website","url":"https:\/\/www.africa-press.net\/cotedivoire\/","name":"C\u00f4te d&#039;Ivoire","description":"Just another Africa News Agency Sites site","potentialAction":[{"@type":"SearchAction","target":{"@type":"EntryPoint","urlTemplate":"https:\/\/www.africa-press.net\/cotedivoire\/?s={search_term_string}"},"query-input":{"@type":"PropertyValueSpecification","valueRequired":true,"valueName":"search_term_string"}}],"inLanguage":"fr-FR"},{"@type":"Person","@id":"https:\/\/www.africa-press.net\/cotedivoire\/#\/schema\/person\/2b1cf3cd81a31e3cd26889ca66d677f1","name":"cfeditorfr"}]}},"_links":{"self":[{"href":"https:\/\/www.africa-press.net\/cotedivoire\/wp-json\/wp\/v2\/posts\/106567","targetHints":{"allow":["GET"]}}],"collection":[{"href":"https:\/\/www.africa-press.net\/cotedivoire\/wp-json\/wp\/v2\/posts"}],"about":[{"href":"https:\/\/www.africa-press.net\/cotedivoire\/wp-json\/wp\/v2\/types\/post"}],"author":[{"embeddable":true,"href":"https:\/\/www.africa-press.net\/cotedivoire\/wp-json\/wp\/v2\/users\/82"}],"replies":[{"embeddable":true,"href":"https:\/\/www.africa-press.net\/cotedivoire\/wp-json\/wp\/v2\/comments?post=106567"}],"version-history":[{"count":0,"href":"https:\/\/www.africa-press.net\/cotedivoire\/wp-json\/wp\/v2\/posts\/106567\/revisions"}],"wp:featuredmedia":[{"embeddable":true,"href":"https:\/\/www.africa-press.net\/cotedivoire\/wp-json\/wp\/v2\/media\/106566"}],"wp:attachment":[{"href":"https:\/\/www.africa-press.net\/cotedivoire\/wp-json\/wp\/v2\/media?parent=106567"}],"wp:term":[{"taxonomy":"category","embeddable":true,"href":"https:\/\/www.africa-press.net\/cotedivoire\/wp-json\/wp\/v2\/categories?post=106567"},{"taxonomy":"post_tag","embeddable":true,"href":"https:\/\/www.africa-press.net\/cotedivoire\/wp-json\/wp\/v2\/tags?post=106567"}],"curies":[{"name":"wp","href":"https:\/\/api.w.org\/{rel}","templated":true}]}}