{"id":106595,"date":"2025-10-12T16:39:47","date_gmt":"2025-10-12T16:39:47","guid":{"rendered":"https:\/\/www.africa-press.net\/cotedivoire\/politique\/ahoua-don-mello-promet-salaire-et-droits-feminins"},"modified":"2025-10-12T17:38:01","modified_gmt":"2025-10-12T17:38:01","slug":"ahoua-don-mello-promet-salaire-et-droits-feminins","status":"publish","type":"post","link":"https:\/\/www.africa-press.net\/cotedivoire\/politique\/ahoua-don-mello-promet-salaire-et-droits-feminins","title":{"rendered":"Ahoua Don Mello Promet Salaire et Droits F\u00e9minins"},"content":{"rendered":"<p><span style=\"color: #ff6600\"><strong>Africa-Press &#8211; C\u00f4te d&rsquo;Ivoire. <\/strong><\/span>Dans l\u2019e\u0301mission \u00ab Les candidats face aux femmes \u00bb, Ahoua Don Mello de\u0301voile un programme audacieux axe\u0301 sur la reconnaissance du travail domestique, la sante\u0301 maternelle et la lutte contre les ste\u0301re\u0301otypes culturels.<\/p>\n<p>L\u2019e\u0301mission Les candidats face aux femmes continue de s\u2019imposer comme le rendez-vous incontournable de l\u2019e\u0301lection pre\u0301sidentielle ivoirienne de 2025. Apre\u0300s Jean-Louis Billon et Henriette Lagou, c\u2019e\u0301tait au tour d\u2019Ahoua Don Mello, candidat de\u0301clare\u0301 a\u0300 la magistrature supre\u0302me, de pre\u0301senter sa vision sur l\u2019e\u0301mancipation des femmes, ce jeudi soir, devant un panel d\u2019expertes de haut niveau.<\/p>\n<p>L\u2019e\u0301mission, initie\u0301e par Rebecca Yao, experte en genre et pre\u0301sidente de l\u2019ONG Femmes Ivoiriennes en Politique, a permis de poser un cadre rigoureux au de\u0301bat. Elle e\u0301tait accompagne\u0301e du Professeur Weu Me\u0301lanie Tia, spe\u0301cialiste en ne\u0301phrologie et immunologie, enseignante-chercheure, et secre\u0301taire adjointe de l\u2019Association des Femmes Chercheurs de Co\u0302te d\u2019Ivoire.<\/p>\n<p>Cette configuration a offert un dialogue nourri, combinant expertise scientifique, expe\u0301rience de terrain et propositions politiques concre\u0300tes.<\/p>\n<p>De\u0300s les premie\u0300res minutes, Ahoua Don Mello a plante\u0301 le de\u0301cor: \u00ab Le principal frein a\u0300 l\u2019e\u0301mancipation des femmes est culturel \u00bb, a-t-il martele\u0301. De\u0301nonc\u0327ant une socie\u0301te\u0301 qui re\u0301duit encore trop souvent la femme au ro\u0302le de \u00ab me\u0301nage\u0300re \u00bb, il a raconte\u0301 une sce\u0300ne de son enfance: celle d\u2019une jeune villageoise, be\u0301be\u0301 au dos, travaillant seule au champ, expose\u0301e aux dangers de la brousse. Une image grave\u0301e dans sa me\u0301moire et qui a nourri, selon lui, son engagement pour les droits humains.<\/p>\n<p>Mais c\u2019est sur la question du travail domestique non re\u0301mune\u0301re\u0301 que le candidat a le plus surpris. Qualifiant ce travail de \u00ab service public \u00bb, il a propose\u0301 la mise en place d\u2019un syste\u0300me de re\u0301mune\u0301ration pour les femmes au foyer, a\u0300 condition que ce choix soit volontaire.<\/p>\n<p>\u00ab Lorsqu\u2019un enfant est bien e\u0301duque\u0301, c\u2019est toute la socie\u0301te\u0301 qui en be\u0301ne\u0301ficie. Il est temps de reconnai\u0302tre la valeur du travail invisible effectue\u0301 chaque jour par des millions de femmes \u00bb, a-t-il plaide\u0301.<\/p>\n<p>Cette proposition, salue\u0301e par une partie du public, marque une rupture avec les politiques traditionnelles, en inte\u0301grant pleinement l\u2019e\u0301conomie du care dans le programme pre\u0301sidentiel.<\/p>\n<p>Interroge\u0301 par le Professeur Weu Me\u0301lanie Tia sur la question de la mortalite\u0301 maternelle, Ahoua Don Mello a reconnu la gravite\u0301 de la situation. Il a insiste\u0301 sur la ne\u0301cessite\u0301 d\u2019aller au-dela\u0300 de la construction d\u2019infrastructures, souvent de\u0301pourvues d\u2019e\u0301quipements de base comme l\u2019eau ou l\u2019e\u0301lectricite\u0301.<\/p>\n<p>Il a notamment propose\u0301 deux mesures fortes, la cre\u0301ation d\u2019une industrie pharmaceutique locale pour assurer l\u2019acce\u0300s aux me\u0301dicaments essentiels et le renforcement du personnel me\u0301dical, avec le de\u0301ploiement syste\u0301matique de sages-femmes dans les zones rurales.<\/p>\n<p>Ces mesures seraient soutenues par une ge\u0301ne\u0301ralisation de l\u2019assurance maladie universelle, pour garantir a\u0300 toutes les femmes un acce\u0300s e\u0301quitable aux soins.<\/p>\n<p>Ahoua Don Mello a de\u0301fendu une approche holistique de l\u2019autonomisation des femmes, fonde\u0301e sur la transformation des mentalite\u0301s, la justice sociale et le de\u0301veloppement des services publics. \u00ab Il ne s\u2019agit pas seulement de promouvoir les droits des femmes, mais de reconstruire une socie\u0301te\u0301 plus juste et plus e\u0301quilibre\u0301e \u00bb, a-t-il conclu.<\/p>\n<p>Son passage dans Les candidats face aux femmes a permis de clarifier une ambition politique singulie\u0300re, ou\u0300 la place de la femme ne rele\u0300ve pas de la simple rhe\u0301torique e\u0301lectorale, mais d\u2019un projet de socie\u0301te\u0301 a\u0300 part entie\u0300re.<\/p>\n<p><strong>Pour plus d&rsquo;informations et d&rsquo;analyses sur la <span style=\"color: #ff6600\">C\u00f4te d&rsquo;Ivoire<\/span>, suivez <span style=\"color: #ff6600\">Africa-Press<\/span><\/strong><\/p>\n","protected":false},"excerpt":{"rendered":"<p>Africa-Press &#8211; C\u00f4te d&rsquo;Ivoire. Dans l\u2019e\u0301mission \u00ab Les candidats face aux femmes \u00bb, Ahoua Don Mello de\u0301voile un programme audacieux axe\u0301 sur la reconnaissance du travail domestique, la sante\u0301 maternelle et la lutte contre les ste\u0301re\u0301otypes culturels. L\u2019e\u0301mission Les candidats face aux femmes continue de s\u2019imposer comme le rendez-vous incontournable de l\u2019e\u0301lection pre\u0301sidentielle ivoirienne de [&hellip;]<\/p>\n","protected":false},"author":82,"featured_media":106593,"comment_status":"open","ping_status":"closed","sticky":false,"template":"","format":"standard","meta":{"footnotes":""},"categories":[2,10],"tags":[2387,13087,29,15955,2288,205,103,2720,19150,19151],"class_list":["post-106595","post","type-post","status-publish","format-standard","has-post-thumbnail","hentry","category-politique","category-toutes-les-actualites","tag-ahoua-don-mello","tag-autonomisation","tag-cote-divoire","tag-egalite","tag-femmes","tag-genre","tag-politiques","tag-publiques","tag-sante-maternelle","tag-travail-domestique"],"yoast_head":"<!-- This site is optimized with the Yoast SEO Premium plugin v26.1 (Yoast SEO v27.0) - https:\/\/yoast.com\/product\/yoast-seo-premium-wordpress\/ -->\n<title>Ahoua Don Mello Promet Salaire et Droits F\u00e9minins - C\u00f4te d&#039;Ivoire<\/title>\n<meta name=\"description\" content=\"Dans l\u2019e\u0301mission \u00ab Les candidats face aux femmes \u00bb, Ahoua Don Mello de\u0301voile un programme audacieux axe\u0301 sur la reconnai ...\" \/>\n<meta name=\"robots\" content=\"index, follow, max-snippet:-1, max-image-preview:large, max-video-preview:-1\" \/>\n<link rel=\"canonical\" href=\"https:\/\/www.africa-press.net\/cotedivoire\/politique\/ahoua-don-mello-promet-salaire-et-droits-feminins\" \/>\n<meta property=\"og:locale\" content=\"fr_FR\" \/>\n<meta property=\"og:type\" content=\"article\" \/>\n<meta property=\"og:title\" content=\"Ahoua Don Mello Promet Salaire et Droits F\u00e9minins\" \/>\n<meta property=\"og:description\" content=\"Dans l\u2019e\u0301mission \u00ab Les candidats face aux femmes \u00bb, Ahoua Don Mello de\u0301voile un programme audacieux axe\u0301 sur la reconnai ...\" \/>\n<meta property=\"og:url\" content=\"https:\/\/www.africa-press.net\/cotedivoire\/politique\/ahoua-don-mello-promet-salaire-et-droits-feminins\" \/>\n<meta property=\"og:site_name\" content=\"C\u00f4te d&#039;Ivoire\" \/>\n<meta property=\"article:published_time\" content=\"2025-10-12T16:39:47+00:00\" \/>\n<meta property=\"article:modified_time\" content=\"2025-10-12T17:38:01+00:00\" \/>\n<meta property=\"og:image\" content=\"https:\/\/static.africa-press.net\/cote\/sites\/43\/2025\/10\/sm_1760278038.839362.jpg\" \/>\n\t<meta property=\"og:image:width\" content=\"720\" \/>\n\t<meta property=\"og:image:height\" content=\"384\" \/>\n\t<meta property=\"og:image:type\" content=\"image\/jpeg\" \/>\n<meta name=\"author\" content=\"cfeditorfr\" \/>\n<meta name=\"twitter:card\" content=\"summary_large_image\" \/>\n<meta name=\"twitter:label1\" content=\"\u00c9crit par\" \/>\n\t<meta name=\"twitter:data1\" content=\"cfeditorfr\" \/>\n\t<meta name=\"twitter:label2\" content=\"Dur\u00e9e de lecture estim\u00e9e\" \/>\n\t<meta name=\"twitter:data2\" content=\"3 minutes\" \/>\n<script type=\"application\/ld+json\" class=\"yoast-schema-graph\">{\"@context\":\"https:\/\/schema.org\",\"@graph\":[{\"@type\":\"Article\",\"@id\":\"https:\/\/www.africa-press.net\/cotedivoire\/politique\/ahoua-don-mello-promet-salaire-et-droits-feminins#article\",\"isPartOf\":{\"@id\":\"https:\/\/www.africa-press.net\/cotedivoire\/politique\/ahoua-don-mello-promet-salaire-et-droits-feminins\"},\"author\":{\"name\":\"cfeditorfr\",\"@id\":\"https:\/\/www.africa-press.net\/cotedivoire\/#\/schema\/person\/2b1cf3cd81a31e3cd26889ca66d677f1\"},\"headline\":\"Ahoua Don Mello Promet Salaire et Droits F\u00e9minins\",\"datePublished\":\"2025-10-12T16:39:47+00:00\",\"dateModified\":\"2025-10-12T17:38:01+00:00\",\"mainEntityOfPage\":{\"@id\":\"https:\/\/www.africa-press.net\/cotedivoire\/politique\/ahoua-don-mello-promet-salaire-et-droits-feminins\"},\"wordCount\":668,\"commentCount\":0,\"image\":{\"@id\":\"https:\/\/www.africa-press.net\/cotedivoire\/politique\/ahoua-don-mello-promet-salaire-et-droits-feminins#primaryimage\"},\"thumbnailUrl\":\"https:\/\/static.africa-press.net\/cote\/sites\/43\/2025\/10\/sm_1760278038.839362.jpg\",\"keywords\":[\"Ahoua Don Mello\",\"autonomisation\",\"C\u00d4TE D'IVOIRE\",\"\u00e9galit\u00e9\",\"femmes\",\"GENRE\",\"POLITIQUES\",\"publiques\",\"sant\u00e9 maternelle\",\"travail domestique\"],\"articleSection\":[\"Politique\",\"Toutes les actualit\u00e9s\"],\"inLanguage\":\"fr-FR\",\"potentialAction\":[{\"@type\":\"CommentAction\",\"name\":\"Comment\",\"target\":[\"https:\/\/www.africa-press.net\/cotedivoire\/politique\/ahoua-don-mello-promet-salaire-et-droits-feminins#respond\"]}]},{\"@type\":\"WebPage\",\"@id\":\"https:\/\/www.africa-press.net\/cotedivoire\/politique\/ahoua-don-mello-promet-salaire-et-droits-feminins\",\"url\":\"https:\/\/www.africa-press.net\/cotedivoire\/politique\/ahoua-don-mello-promet-salaire-et-droits-feminins\",\"name\":\"Ahoua Don Mello Promet Salaire et Droits F\u00e9minins - C\u00f4te d&#039;Ivoire\",\"isPartOf\":{\"@id\":\"https:\/\/www.africa-press.net\/cotedivoire\/#website\"},\"primaryImageOfPage\":{\"@id\":\"https:\/\/www.africa-press.net\/cotedivoire\/politique\/ahoua-don-mello-promet-salaire-et-droits-feminins#primaryimage\"},\"image\":{\"@id\":\"https:\/\/www.africa-press.net\/cotedivoire\/politique\/ahoua-don-mello-promet-salaire-et-droits-feminins#primaryimage\"},\"thumbnailUrl\":\"https:\/\/static.africa-press.net\/cote\/sites\/43\/2025\/10\/sm_1760278038.839362.jpg\",\"datePublished\":\"2025-10-12T16:39:47+00:00\",\"dateModified\":\"2025-10-12T17:38:01+00:00\",\"author\":{\"@id\":\"https:\/\/www.africa-press.net\/cotedivoire\/#\/schema\/person\/2b1cf3cd81a31e3cd26889ca66d677f1\"},\"description\":\"Dans l\u2019e\u0301mission \u00ab Les candidats face aux femmes \u00bb, Ahoua Don Mello de\u0301voile un programme audacieux axe\u0301 sur la reconnai ...\",\"breadcrumb\":{\"@id\":\"https:\/\/www.africa-press.net\/cotedivoire\/politique\/ahoua-don-mello-promet-salaire-et-droits-feminins#breadcrumb\"},\"inLanguage\":\"fr-FR\",\"potentialAction\":[{\"@type\":\"ReadAction\",\"target\":[\"https:\/\/www.africa-press.net\/cotedivoire\/politique\/ahoua-don-mello-promet-salaire-et-droits-feminins\"]}]},{\"@type\":\"ImageObject\",\"inLanguage\":\"fr-FR\",\"@id\":\"https:\/\/www.africa-press.net\/cotedivoire\/politique\/ahoua-don-mello-promet-salaire-et-droits-feminins#primaryimage\",\"url\":\"https:\/\/static.africa-press.net\/cote\/sites\/43\/2025\/10\/sm_1760278038.839362.jpg\",\"contentUrl\":\"https:\/\/static.africa-press.net\/cote\/sites\/43\/2025\/10\/sm_1760278038.839362.jpg\",\"width\":720,\"height\":384,\"caption\":\"Ahoua Don Mello Promet Salaire et Droits F\u00e9minins\"},{\"@type\":\"BreadcrumbList\",\"@id\":\"https:\/\/www.africa-press.net\/cotedivoire\/politique\/ahoua-don-mello-promet-salaire-et-droits-feminins#breadcrumb\",\"itemListElement\":[{\"@type\":\"ListItem\",\"position\":1,\"name\":\"Accueil\",\"item\":\"https:\/\/www.africa-press.net\/cotedivoire\/\"},{\"@type\":\"ListItem\",\"position\":2,\"name\":\"Ahoua Don Mello Promet Salaire et Droits F\u00e9minins\"}]},{\"@type\":\"WebSite\",\"@id\":\"https:\/\/www.africa-press.net\/cotedivoire\/#website\",\"url\":\"https:\/\/www.africa-press.net\/cotedivoire\/\",\"name\":\"C\u00f4te d&#039;Ivoire\",\"description\":\"Just another Africa News Agency Sites site\",\"potentialAction\":[{\"@type\":\"SearchAction\",\"target\":{\"@type\":\"EntryPoint\",\"urlTemplate\":\"https:\/\/www.africa-press.net\/cotedivoire\/?s={search_term_string}\"},\"query-input\":{\"@type\":\"PropertyValueSpecification\",\"valueRequired\":true,\"valueName\":\"search_term_string\"}}],\"inLanguage\":\"fr-FR\"},{\"@type\":\"Person\",\"@id\":\"https:\/\/www.africa-press.net\/cotedivoire\/#\/schema\/person\/2b1cf3cd81a31e3cd26889ca66d677f1\",\"name\":\"cfeditorfr\"}]}<\/script>\n<!-- \/ Yoast SEO Premium plugin. -->","yoast_head_json":{"title":"Ahoua Don Mello Promet Salaire et Droits F\u00e9minins - C\u00f4te d&#039;Ivoire","description":"Dans l\u2019e\u0301mission \u00ab Les candidats face aux femmes \u00bb, Ahoua Don Mello de\u0301voile un programme audacieux axe\u0301 sur la reconnai ...","robots":{"index":"index","follow":"follow","max-snippet":"max-snippet:-1","max-image-preview":"max-image-preview:large","max-video-preview":"max-video-preview:-1"},"canonical":"https:\/\/www.africa-press.net\/cotedivoire\/politique\/ahoua-don-mello-promet-salaire-et-droits-feminins","og_locale":"fr_FR","og_type":"article","og_title":"Ahoua Don Mello Promet Salaire et Droits F\u00e9minins","og_description":"Dans l\u2019e\u0301mission \u00ab Les candidats face aux femmes \u00bb, Ahoua Don Mello de\u0301voile un programme audacieux axe\u0301 sur la reconnai ...","og_url":"https:\/\/www.africa-press.net\/cotedivoire\/politique\/ahoua-don-mello-promet-salaire-et-droits-feminins","og_site_name":"C\u00f4te d&#039;Ivoire","article_published_time":"2025-10-12T16:39:47+00:00","article_modified_time":"2025-10-12T17:38:01+00:00","og_image":[{"width":720,"height":384,"url":"https:\/\/static.africa-press.net\/cote\/sites\/43\/2025\/10\/sm_1760278038.839362.jpg","type":"image\/jpeg"}],"author":"cfeditorfr","twitter_card":"summary_large_image","twitter_misc":{"\u00c9crit par":"cfeditorfr","Dur\u00e9e de lecture estim\u00e9e":"3 minutes"},"schema":{"@context":"https:\/\/schema.org","@graph":[{"@type":"Article","@id":"https:\/\/www.africa-press.net\/cotedivoire\/politique\/ahoua-don-mello-promet-salaire-et-droits-feminins#article","isPartOf":{"@id":"https:\/\/www.africa-press.net\/cotedivoire\/politique\/ahoua-don-mello-promet-salaire-et-droits-feminins"},"author":{"name":"cfeditorfr","@id":"https:\/\/www.africa-press.net\/cotedivoire\/#\/schema\/person\/2b1cf3cd81a31e3cd26889ca66d677f1"},"headline":"Ahoua Don Mello Promet Salaire et Droits F\u00e9minins","datePublished":"2025-10-12T16:39:47+00:00","dateModified":"2025-10-12T17:38:01+00:00","mainEntityOfPage":{"@id":"https:\/\/www.africa-press.net\/cotedivoire\/politique\/ahoua-don-mello-promet-salaire-et-droits-feminins"},"wordCount":668,"commentCount":0,"image":{"@id":"https:\/\/www.africa-press.net\/cotedivoire\/politique\/ahoua-don-mello-promet-salaire-et-droits-feminins#primaryimage"},"thumbnailUrl":"https:\/\/static.africa-press.net\/cote\/sites\/43\/2025\/10\/sm_1760278038.839362.jpg","keywords":["Ahoua Don Mello","autonomisation","C\u00d4TE D'IVOIRE","\u00e9galit\u00e9","femmes","GENRE","POLITIQUES","publiques","sant\u00e9 maternelle","travail domestique"],"articleSection":["Politique","Toutes les actualit\u00e9s"],"inLanguage":"fr-FR","potentialAction":[{"@type":"CommentAction","name":"Comment","target":["https:\/\/www.africa-press.net\/cotedivoire\/politique\/ahoua-don-mello-promet-salaire-et-droits-feminins#respond"]}]},{"@type":"WebPage","@id":"https:\/\/www.africa-press.net\/cotedivoire\/politique\/ahoua-don-mello-promet-salaire-et-droits-feminins","url":"https:\/\/www.africa-press.net\/cotedivoire\/politique\/ahoua-don-mello-promet-salaire-et-droits-feminins","name":"Ahoua Don Mello Promet Salaire et Droits F\u00e9minins - C\u00f4te d&#039;Ivoire","isPartOf":{"@id":"https:\/\/www.africa-press.net\/cotedivoire\/#website"},"primaryImageOfPage":{"@id":"https:\/\/www.africa-press.net\/cotedivoire\/politique\/ahoua-don-mello-promet-salaire-et-droits-feminins#primaryimage"},"image":{"@id":"https:\/\/www.africa-press.net\/cotedivoire\/politique\/ahoua-don-mello-promet-salaire-et-droits-feminins#primaryimage"},"thumbnailUrl":"https:\/\/static.africa-press.net\/cote\/sites\/43\/2025\/10\/sm_1760278038.839362.jpg","datePublished":"2025-10-12T16:39:47+00:00","dateModified":"2025-10-12T17:38:01+00:00","author":{"@id":"https:\/\/www.africa-press.net\/cotedivoire\/#\/schema\/person\/2b1cf3cd81a31e3cd26889ca66d677f1"},"description":"Dans l\u2019e\u0301mission \u00ab Les candidats face aux femmes \u00bb, Ahoua Don Mello de\u0301voile un programme audacieux axe\u0301 sur la reconnai ...","breadcrumb":{"@id":"https:\/\/www.africa-press.net\/cotedivoire\/politique\/ahoua-don-mello-promet-salaire-et-droits-feminins#breadcrumb"},"inLanguage":"fr-FR","potentialAction":[{"@type":"ReadAction","target":["https:\/\/www.africa-press.net\/cotedivoire\/politique\/ahoua-don-mello-promet-salaire-et-droits-feminins"]}]},{"@type":"ImageObject","inLanguage":"fr-FR","@id":"https:\/\/www.africa-press.net\/cotedivoire\/politique\/ahoua-don-mello-promet-salaire-et-droits-feminins#primaryimage","url":"https:\/\/static.africa-press.net\/cote\/sites\/43\/2025\/10\/sm_1760278038.839362.jpg","contentUrl":"https:\/\/static.africa-press.net\/cote\/sites\/43\/2025\/10\/sm_1760278038.839362.jpg","width":720,"height":384,"caption":"Ahoua Don Mello Promet Salaire et Droits F\u00e9minins"},{"@type":"BreadcrumbList","@id":"https:\/\/www.africa-press.net\/cotedivoire\/politique\/ahoua-don-mello-promet-salaire-et-droits-feminins#breadcrumb","itemListElement":[{"@type":"ListItem","position":1,"name":"Accueil","item":"https:\/\/www.africa-press.net\/cotedivoire\/"},{"@type":"ListItem","position":2,"name":"Ahoua Don Mello Promet Salaire et Droits F\u00e9minins"}]},{"@type":"WebSite","@id":"https:\/\/www.africa-press.net\/cotedivoire\/#website","url":"https:\/\/www.africa-press.net\/cotedivoire\/","name":"C\u00f4te d&#039;Ivoire","description":"Just another Africa News Agency Sites site","potentialAction":[{"@type":"SearchAction","target":{"@type":"EntryPoint","urlTemplate":"https:\/\/www.africa-press.net\/cotedivoire\/?s={search_term_string}"},"query-input":{"@type":"PropertyValueSpecification","valueRequired":true,"valueName":"search_term_string"}}],"inLanguage":"fr-FR"},{"@type":"Person","@id":"https:\/\/www.africa-press.net\/cotedivoire\/#\/schema\/person\/2b1cf3cd81a31e3cd26889ca66d677f1","name":"cfeditorfr"}]}},"_links":{"self":[{"href":"https:\/\/www.africa-press.net\/cotedivoire\/wp-json\/wp\/v2\/posts\/106595","targetHints":{"allow":["GET"]}}],"collection":[{"href":"https:\/\/www.africa-press.net\/cotedivoire\/wp-json\/wp\/v2\/posts"}],"about":[{"href":"https:\/\/www.africa-press.net\/cotedivoire\/wp-json\/wp\/v2\/types\/post"}],"author":[{"embeddable":true,"href":"https:\/\/www.africa-press.net\/cotedivoire\/wp-json\/wp\/v2\/users\/82"}],"replies":[{"embeddable":true,"href":"https:\/\/www.africa-press.net\/cotedivoire\/wp-json\/wp\/v2\/comments?post=106595"}],"version-history":[{"count":0,"href":"https:\/\/www.africa-press.net\/cotedivoire\/wp-json\/wp\/v2\/posts\/106595\/revisions"}],"wp:featuredmedia":[{"embeddable":true,"href":"https:\/\/www.africa-press.net\/cotedivoire\/wp-json\/wp\/v2\/media\/106593"}],"wp:attachment":[{"href":"https:\/\/www.africa-press.net\/cotedivoire\/wp-json\/wp\/v2\/media?parent=106595"}],"wp:term":[{"taxonomy":"category","embeddable":true,"href":"https:\/\/www.africa-press.net\/cotedivoire\/wp-json\/wp\/v2\/categories?post=106595"},{"taxonomy":"post_tag","embeddable":true,"href":"https:\/\/www.africa-press.net\/cotedivoire\/wp-json\/wp\/v2\/tags?post=106595"}],"curies":[{"name":"wp","href":"https:\/\/api.w.org\/{rel}","templated":true}]}}