{"id":106614,"date":"2025-10-13T14:19:18","date_gmt":"2025-10-13T14:19:18","guid":{"rendered":"https:\/\/www.africa-press.net\/cotedivoire\/politique\/simone-gbagbo-richesses-de-la-cote-divoire-mal-reparties"},"modified":"2025-10-13T15:45:19","modified_gmt":"2025-10-13T15:45:19","slug":"simone-gbagbo-richesses-de-la-cote-divoire-mal-reparties","status":"publish","type":"post","link":"https:\/\/www.africa-press.net\/cotedivoire\/politique\/simone-gbagbo-richesses-de-la-cote-divoire-mal-reparties","title":{"rendered":"Simone Gbagbo: Richesses de la Co\u0302te d&rsquo;Ivoire mal re\u0301parties"},"content":{"rendered":"<p><span style=\"color: #ff6600\"><strong>Africa-Press &#8211; C\u00f4te d&rsquo;Ivoire. <\/strong><\/span>La campagne e\u0301lectorale est ouverte depuis le vendredi 10 octobre 2025 sur le territoire national. La Candidate du Mouvement des Ge\u0301ne\u0301rations Capables (MGC), Simone Ehivet Gbagbo, a ouvert sa campagne a\u0300 Bouafle\u0301 dans la Marahoue\u0301 (Centre-ouest).<\/p>\n<p>Lors de sa rencontre avec les populations, l\u2019ex-premie\u0300re Dame ivoirienne, a fait connai\u0302tre sa volonte\u0301 de faire de la Co\u0302te d\u2019Ivoire, un pays souverain et respecte\u0301.<\/p>\n<p>Un pays qui e\u0301change avec les autres nations, sans aucun complexe et d\u2019e\u0301gal a\u0300 e\u0301gal. Un pays qui de\u0301cide par lui-me\u0302me et pour lui-me\u0302me. Cela doit e\u0302tre perceptible dans les secteurs de l\u2019e\u0301conomie, des relations internationales, de la se\u0301curite\u0301, de l\u2019e\u0301ducation, de la recherche et de l\u2019innovation.<\/p>\n<p>\u00ab La Co\u0302te d&rsquo;Ivoire est un pays riche, mais ses richesses ne profitent pas a\u0300 ses citoyens dont les conditions mate\u0301rielles laissent a\u0300 de\u0301sirer. Derrie\u0300re les chiffres mirobolants, la re\u0301alite\u0301 d\u2019une extraversion des richesses frappe \u00bb. Plus de 80 % des richesses du pays se trouvent, en effet, entre les mains de multinationales et des puissances e\u0301trange\u0300res.<\/p>\n<p>Simone Ehivet a se\u0301journe\u0301 dans la ville de Bouafle\u0301 le vendredi 10 octobre 2025 dans le cadre de la campagne e\u0301lectorale.<\/p>\n<p><strong>Pour plus d&rsquo;informations et d&rsquo;analyses sur la <span style=\"color: #ff6600\">C\u00f4te d&rsquo;Ivoire<\/span>, suivez <span style=\"color: #ff6600\">Africa-Press<\/span><\/strong><\/p>\n","protected":false},"excerpt":{"rendered":"<p>Africa-Press &#8211; C\u00f4te d&rsquo;Ivoire. La campagne e\u0301lectorale est ouverte depuis le vendredi 10 octobre 2025 sur le territoire national. La Candidate du Mouvement des Ge\u0301ne\u0301rations Capables (MGC), Simone Ehivet Gbagbo, a ouvert sa campagne a\u0300 Bouafle\u0301 dans la Marahoue\u0301 (Centre-ouest). Lors de sa rencontre avec les populations, l\u2019ex-premie\u0300re Dame ivoirienne, a fait connai\u0302tre sa volonte\u0301 [&hellip;]<\/p>\n","protected":false},"author":82,"featured_media":106613,"comment_status":"open","ping_status":"closed","sticky":false,"template":"","format":"standard","meta":{"footnotes":""},"categories":[2,10],"tags":[1803,29,1589,312,222],"class_list":["post-106614","post","type-post","status-publish","format-standard","has-post-thumbnail","hentry","category-politique","category-toutes-les-actualites","tag-bouafle","tag-cote-divoire","tag-mgc","tag-presidentielle","tag-simone-gbagbo"],"yoast_head":"<!-- This site is optimized with the Yoast SEO Premium plugin v26.1 (Yoast SEO v27.0) - https:\/\/yoast.com\/product\/yoast-seo-premium-wordpress\/ -->\n<title>Simone Gbagbo: Richesses de la Co\u0302te d&#039;Ivoire mal re\u0301parties - C\u00f4te d&#039;Ivoire<\/title>\n<meta name=\"description\" content=\"La campagne e\u0301lectorale est ouverte depuis le vendredi 10 octobre 2025 sur le territoire national. La Candidate du Mouve ...\" \/>\n<meta name=\"robots\" content=\"index, follow, max-snippet:-1, max-image-preview:large, max-video-preview:-1\" \/>\n<link rel=\"canonical\" href=\"https:\/\/www.africa-press.net\/cotedivoire\/politique\/simone-gbagbo-richesses-de-la-cote-divoire-mal-reparties\" \/>\n<meta property=\"og:locale\" content=\"fr_FR\" \/>\n<meta property=\"og:type\" content=\"article\" \/>\n<meta property=\"og:title\" content=\"Simone Gbagbo: Richesses de la Co\u0302te d&#039;Ivoire mal re\u0301parties\" \/>\n<meta property=\"og:description\" content=\"La campagne e\u0301lectorale est ouverte depuis le vendredi 10 octobre 2025 sur le territoire national. La Candidate du Mouve ...\" \/>\n<meta property=\"og:url\" content=\"https:\/\/www.africa-press.net\/cotedivoire\/politique\/simone-gbagbo-richesses-de-la-cote-divoire-mal-reparties\" \/>\n<meta property=\"og:site_name\" content=\"C\u00f4te d&#039;Ivoire\" \/>\n<meta property=\"article:published_time\" content=\"2025-10-13T14:19:18+00:00\" \/>\n<meta property=\"article:modified_time\" content=\"2025-10-13T15:45:19+00:00\" \/>\n<meta property=\"og:image\" content=\"https:\/\/static.africa-press.net\/cote\/sites\/43\/2025\/10\/sm_1760357614.510937.jpg\" \/>\n\t<meta property=\"og:image:width\" content=\"715\" \/>\n\t<meta property=\"og:image:height\" content=\"324\" \/>\n\t<meta property=\"og:image:type\" content=\"image\/jpeg\" \/>\n<meta name=\"author\" content=\"cfeditorfr\" \/>\n<meta name=\"twitter:card\" content=\"summary_large_image\" \/>\n<meta name=\"twitter:label1\" content=\"\u00c9crit par\" \/>\n\t<meta name=\"twitter:data1\" content=\"cfeditorfr\" \/>\n\t<meta name=\"twitter:label2\" content=\"Dur\u00e9e de lecture estim\u00e9e\" \/>\n\t<meta name=\"twitter:data2\" content=\"2 minutes\" \/>\n<script type=\"application\/ld+json\" class=\"yoast-schema-graph\">{\"@context\":\"https:\/\/schema.org\",\"@graph\":[{\"@type\":\"Article\",\"@id\":\"https:\/\/www.africa-press.net\/cotedivoire\/politique\/simone-gbagbo-richesses-de-la-cote-divoire-mal-reparties#article\",\"isPartOf\":{\"@id\":\"https:\/\/www.africa-press.net\/cotedivoire\/politique\/simone-gbagbo-richesses-de-la-cote-divoire-mal-reparties\"},\"author\":{\"name\":\"cfeditorfr\",\"@id\":\"https:\/\/www.africa-press.net\/cotedivoire\/#\/schema\/person\/2b1cf3cd81a31e3cd26889ca66d677f1\"},\"headline\":\"Simone Gbagbo: Richesses de la Co\u0302te d&rsquo;Ivoire mal re\u0301parties\",\"datePublished\":\"2025-10-13T14:19:18+00:00\",\"dateModified\":\"2025-10-13T15:45:19+00:00\",\"mainEntityOfPage\":{\"@id\":\"https:\/\/www.africa-press.net\/cotedivoire\/politique\/simone-gbagbo-richesses-de-la-cote-divoire-mal-reparties\"},\"wordCount\":245,\"commentCount\":0,\"image\":{\"@id\":\"https:\/\/www.africa-press.net\/cotedivoire\/politique\/simone-gbagbo-richesses-de-la-cote-divoire-mal-reparties#primaryimage\"},\"thumbnailUrl\":\"https:\/\/static.africa-press.net\/cote\/sites\/43\/2025\/10\/sm_1760357614.510937.jpg\",\"keywords\":[\"Bouafl\u00e9\",\"C\u00d4TE D'IVOIRE\",\"MGC\",\"pr\u00e9sidentielle\",\"Simone Gbagbo\"],\"articleSection\":[\"Politique\",\"Toutes les actualit\u00e9s\"],\"inLanguage\":\"fr-FR\",\"potentialAction\":[{\"@type\":\"CommentAction\",\"name\":\"Comment\",\"target\":[\"https:\/\/www.africa-press.net\/cotedivoire\/politique\/simone-gbagbo-richesses-de-la-cote-divoire-mal-reparties#respond\"]}]},{\"@type\":\"WebPage\",\"@id\":\"https:\/\/www.africa-press.net\/cotedivoire\/politique\/simone-gbagbo-richesses-de-la-cote-divoire-mal-reparties\",\"url\":\"https:\/\/www.africa-press.net\/cotedivoire\/politique\/simone-gbagbo-richesses-de-la-cote-divoire-mal-reparties\",\"name\":\"Simone Gbagbo: Richesses de la Co\u0302te d'Ivoire mal re\u0301parties - C\u00f4te d&#039;Ivoire\",\"isPartOf\":{\"@id\":\"https:\/\/www.africa-press.net\/cotedivoire\/#website\"},\"primaryImageOfPage\":{\"@id\":\"https:\/\/www.africa-press.net\/cotedivoire\/politique\/simone-gbagbo-richesses-de-la-cote-divoire-mal-reparties#primaryimage\"},\"image\":{\"@id\":\"https:\/\/www.africa-press.net\/cotedivoire\/politique\/simone-gbagbo-richesses-de-la-cote-divoire-mal-reparties#primaryimage\"},\"thumbnailUrl\":\"https:\/\/static.africa-press.net\/cote\/sites\/43\/2025\/10\/sm_1760357614.510937.jpg\",\"datePublished\":\"2025-10-13T14:19:18+00:00\",\"dateModified\":\"2025-10-13T15:45:19+00:00\",\"author\":{\"@id\":\"https:\/\/www.africa-press.net\/cotedivoire\/#\/schema\/person\/2b1cf3cd81a31e3cd26889ca66d677f1\"},\"description\":\"La campagne e\u0301lectorale est ouverte depuis le vendredi 10 octobre 2025 sur le territoire national. La Candidate du Mouve ...\",\"breadcrumb\":{\"@id\":\"https:\/\/www.africa-press.net\/cotedivoire\/politique\/simone-gbagbo-richesses-de-la-cote-divoire-mal-reparties#breadcrumb\"},\"inLanguage\":\"fr-FR\",\"potentialAction\":[{\"@type\":\"ReadAction\",\"target\":[\"https:\/\/www.africa-press.net\/cotedivoire\/politique\/simone-gbagbo-richesses-de-la-cote-divoire-mal-reparties\"]}]},{\"@type\":\"ImageObject\",\"inLanguage\":\"fr-FR\",\"@id\":\"https:\/\/www.africa-press.net\/cotedivoire\/politique\/simone-gbagbo-richesses-de-la-cote-divoire-mal-reparties#primaryimage\",\"url\":\"https:\/\/static.africa-press.net\/cote\/sites\/43\/2025\/10\/sm_1760357614.510937.jpg\",\"contentUrl\":\"https:\/\/static.africa-press.net\/cote\/sites\/43\/2025\/10\/sm_1760357614.510937.jpg\",\"width\":715,\"height\":324,\"caption\":\"Simone Gbagbo: Richesses de la Co\u0302te d'Ivoire mal re\u0301parties\"},{\"@type\":\"BreadcrumbList\",\"@id\":\"https:\/\/www.africa-press.net\/cotedivoire\/politique\/simone-gbagbo-richesses-de-la-cote-divoire-mal-reparties#breadcrumb\",\"itemListElement\":[{\"@type\":\"ListItem\",\"position\":1,\"name\":\"Accueil\",\"item\":\"https:\/\/www.africa-press.net\/cotedivoire\/\"},{\"@type\":\"ListItem\",\"position\":2,\"name\":\"Simone Gbagbo: Richesses de la Co\u0302te d&#8217;Ivoire mal re\u0301parties\"}]},{\"@type\":\"WebSite\",\"@id\":\"https:\/\/www.africa-press.net\/cotedivoire\/#website\",\"url\":\"https:\/\/www.africa-press.net\/cotedivoire\/\",\"name\":\"C\u00f4te d&#039;Ivoire\",\"description\":\"Just another Africa News Agency Sites site\",\"potentialAction\":[{\"@type\":\"SearchAction\",\"target\":{\"@type\":\"EntryPoint\",\"urlTemplate\":\"https:\/\/www.africa-press.net\/cotedivoire\/?s={search_term_string}\"},\"query-input\":{\"@type\":\"PropertyValueSpecification\",\"valueRequired\":true,\"valueName\":\"search_term_string\"}}],\"inLanguage\":\"fr-FR\"},{\"@type\":\"Person\",\"@id\":\"https:\/\/www.africa-press.net\/cotedivoire\/#\/schema\/person\/2b1cf3cd81a31e3cd26889ca66d677f1\",\"name\":\"cfeditorfr\"}]}<\/script>\n<!-- \/ Yoast SEO Premium plugin. -->","yoast_head_json":{"title":"Simone Gbagbo: Richesses de la Co\u0302te d'Ivoire mal re\u0301parties - C\u00f4te d&#039;Ivoire","description":"La campagne e\u0301lectorale est ouverte depuis le vendredi 10 octobre 2025 sur le territoire national. La Candidate du Mouve ...","robots":{"index":"index","follow":"follow","max-snippet":"max-snippet:-1","max-image-preview":"max-image-preview:large","max-video-preview":"max-video-preview:-1"},"canonical":"https:\/\/www.africa-press.net\/cotedivoire\/politique\/simone-gbagbo-richesses-de-la-cote-divoire-mal-reparties","og_locale":"fr_FR","og_type":"article","og_title":"Simone Gbagbo: Richesses de la Co\u0302te d'Ivoire mal re\u0301parties","og_description":"La campagne e\u0301lectorale est ouverte depuis le vendredi 10 octobre 2025 sur le territoire national. La Candidate du Mouve ...","og_url":"https:\/\/www.africa-press.net\/cotedivoire\/politique\/simone-gbagbo-richesses-de-la-cote-divoire-mal-reparties","og_site_name":"C\u00f4te d&#039;Ivoire","article_published_time":"2025-10-13T14:19:18+00:00","article_modified_time":"2025-10-13T15:45:19+00:00","og_image":[{"width":715,"height":324,"url":"https:\/\/static.africa-press.net\/cote\/sites\/43\/2025\/10\/sm_1760357614.510937.jpg","type":"image\/jpeg"}],"author":"cfeditorfr","twitter_card":"summary_large_image","twitter_misc":{"\u00c9crit par":"cfeditorfr","Dur\u00e9e de lecture estim\u00e9e":"2 minutes"},"schema":{"@context":"https:\/\/schema.org","@graph":[{"@type":"Article","@id":"https:\/\/www.africa-press.net\/cotedivoire\/politique\/simone-gbagbo-richesses-de-la-cote-divoire-mal-reparties#article","isPartOf":{"@id":"https:\/\/www.africa-press.net\/cotedivoire\/politique\/simone-gbagbo-richesses-de-la-cote-divoire-mal-reparties"},"author":{"name":"cfeditorfr","@id":"https:\/\/www.africa-press.net\/cotedivoire\/#\/schema\/person\/2b1cf3cd81a31e3cd26889ca66d677f1"},"headline":"Simone Gbagbo: Richesses de la Co\u0302te d&rsquo;Ivoire mal re\u0301parties","datePublished":"2025-10-13T14:19:18+00:00","dateModified":"2025-10-13T15:45:19+00:00","mainEntityOfPage":{"@id":"https:\/\/www.africa-press.net\/cotedivoire\/politique\/simone-gbagbo-richesses-de-la-cote-divoire-mal-reparties"},"wordCount":245,"commentCount":0,"image":{"@id":"https:\/\/www.africa-press.net\/cotedivoire\/politique\/simone-gbagbo-richesses-de-la-cote-divoire-mal-reparties#primaryimage"},"thumbnailUrl":"https:\/\/static.africa-press.net\/cote\/sites\/43\/2025\/10\/sm_1760357614.510937.jpg","keywords":["Bouafl\u00e9","C\u00d4TE D'IVOIRE","MGC","pr\u00e9sidentielle","Simone Gbagbo"],"articleSection":["Politique","Toutes les actualit\u00e9s"],"inLanguage":"fr-FR","potentialAction":[{"@type":"CommentAction","name":"Comment","target":["https:\/\/www.africa-press.net\/cotedivoire\/politique\/simone-gbagbo-richesses-de-la-cote-divoire-mal-reparties#respond"]}]},{"@type":"WebPage","@id":"https:\/\/www.africa-press.net\/cotedivoire\/politique\/simone-gbagbo-richesses-de-la-cote-divoire-mal-reparties","url":"https:\/\/www.africa-press.net\/cotedivoire\/politique\/simone-gbagbo-richesses-de-la-cote-divoire-mal-reparties","name":"Simone Gbagbo: Richesses de la Co\u0302te d'Ivoire mal re\u0301parties - C\u00f4te d&#039;Ivoire","isPartOf":{"@id":"https:\/\/www.africa-press.net\/cotedivoire\/#website"},"primaryImageOfPage":{"@id":"https:\/\/www.africa-press.net\/cotedivoire\/politique\/simone-gbagbo-richesses-de-la-cote-divoire-mal-reparties#primaryimage"},"image":{"@id":"https:\/\/www.africa-press.net\/cotedivoire\/politique\/simone-gbagbo-richesses-de-la-cote-divoire-mal-reparties#primaryimage"},"thumbnailUrl":"https:\/\/static.africa-press.net\/cote\/sites\/43\/2025\/10\/sm_1760357614.510937.jpg","datePublished":"2025-10-13T14:19:18+00:00","dateModified":"2025-10-13T15:45:19+00:00","author":{"@id":"https:\/\/www.africa-press.net\/cotedivoire\/#\/schema\/person\/2b1cf3cd81a31e3cd26889ca66d677f1"},"description":"La campagne e\u0301lectorale est ouverte depuis le vendredi 10 octobre 2025 sur le territoire national. La Candidate du Mouve ...","breadcrumb":{"@id":"https:\/\/www.africa-press.net\/cotedivoire\/politique\/simone-gbagbo-richesses-de-la-cote-divoire-mal-reparties#breadcrumb"},"inLanguage":"fr-FR","potentialAction":[{"@type":"ReadAction","target":["https:\/\/www.africa-press.net\/cotedivoire\/politique\/simone-gbagbo-richesses-de-la-cote-divoire-mal-reparties"]}]},{"@type":"ImageObject","inLanguage":"fr-FR","@id":"https:\/\/www.africa-press.net\/cotedivoire\/politique\/simone-gbagbo-richesses-de-la-cote-divoire-mal-reparties#primaryimage","url":"https:\/\/static.africa-press.net\/cote\/sites\/43\/2025\/10\/sm_1760357614.510937.jpg","contentUrl":"https:\/\/static.africa-press.net\/cote\/sites\/43\/2025\/10\/sm_1760357614.510937.jpg","width":715,"height":324,"caption":"Simone Gbagbo: Richesses de la Co\u0302te d'Ivoire mal re\u0301parties"},{"@type":"BreadcrumbList","@id":"https:\/\/www.africa-press.net\/cotedivoire\/politique\/simone-gbagbo-richesses-de-la-cote-divoire-mal-reparties#breadcrumb","itemListElement":[{"@type":"ListItem","position":1,"name":"Accueil","item":"https:\/\/www.africa-press.net\/cotedivoire\/"},{"@type":"ListItem","position":2,"name":"Simone Gbagbo: Richesses de la Co\u0302te d&#8217;Ivoire mal re\u0301parties"}]},{"@type":"WebSite","@id":"https:\/\/www.africa-press.net\/cotedivoire\/#website","url":"https:\/\/www.africa-press.net\/cotedivoire\/","name":"C\u00f4te d&#039;Ivoire","description":"Just another Africa News Agency Sites site","potentialAction":[{"@type":"SearchAction","target":{"@type":"EntryPoint","urlTemplate":"https:\/\/www.africa-press.net\/cotedivoire\/?s={search_term_string}"},"query-input":{"@type":"PropertyValueSpecification","valueRequired":true,"valueName":"search_term_string"}}],"inLanguage":"fr-FR"},{"@type":"Person","@id":"https:\/\/www.africa-press.net\/cotedivoire\/#\/schema\/person\/2b1cf3cd81a31e3cd26889ca66d677f1","name":"cfeditorfr"}]}},"_links":{"self":[{"href":"https:\/\/www.africa-press.net\/cotedivoire\/wp-json\/wp\/v2\/posts\/106614","targetHints":{"allow":["GET"]}}],"collection":[{"href":"https:\/\/www.africa-press.net\/cotedivoire\/wp-json\/wp\/v2\/posts"}],"about":[{"href":"https:\/\/www.africa-press.net\/cotedivoire\/wp-json\/wp\/v2\/types\/post"}],"author":[{"embeddable":true,"href":"https:\/\/www.africa-press.net\/cotedivoire\/wp-json\/wp\/v2\/users\/82"}],"replies":[{"embeddable":true,"href":"https:\/\/www.africa-press.net\/cotedivoire\/wp-json\/wp\/v2\/comments?post=106614"}],"version-history":[{"count":0,"href":"https:\/\/www.africa-press.net\/cotedivoire\/wp-json\/wp\/v2\/posts\/106614\/revisions"}],"wp:featuredmedia":[{"embeddable":true,"href":"https:\/\/www.africa-press.net\/cotedivoire\/wp-json\/wp\/v2\/media\/106613"}],"wp:attachment":[{"href":"https:\/\/www.africa-press.net\/cotedivoire\/wp-json\/wp\/v2\/media?parent=106614"}],"wp:term":[{"taxonomy":"category","embeddable":true,"href":"https:\/\/www.africa-press.net\/cotedivoire\/wp-json\/wp\/v2\/categories?post=106614"},{"taxonomy":"post_tag","embeddable":true,"href":"https:\/\/www.africa-press.net\/cotedivoire\/wp-json\/wp\/v2\/tags?post=106614"}],"curies":[{"name":"wp","href":"https:\/\/api.w.org\/{rel}","templated":true}]}}