{"id":106617,"date":"2025-10-13T14:19:51","date_gmt":"2025-10-13T14:19:51","guid":{"rendered":"https:\/\/www.africa-press.net\/cotedivoire\/politique\/zagne-et-tai-soutiennent-ouattara-pour-2025"},"modified":"2025-10-13T15:46:27","modified_gmt":"2025-10-13T15:46:27","slug":"zagne-et-tai-soutiennent-ouattara-pour-2025","status":"publish","type":"post","link":"https:\/\/www.africa-press.net\/cotedivoire\/politique\/zagne-et-tai-soutiennent-ouattara-pour-2025","title":{"rendered":"Zagn\u00e9 et Ta\u00ef Soutiennent Ouattara pour 2025"},"content":{"rendered":"<p><span style=\"color: #ff6600\"><strong>Africa-Press &#8211; C\u00f4te d&rsquo;Ivoire. <\/strong><\/span>La localite\u0301 de Zagne\u0301, premie\u0300re sous-pre\u0301fecture du de\u0301partement de Tai\u0308 a accueilli l&rsquo;e\u0301quipe de campagne du candidat du RHDP au deuxie\u0300me jour de la campagne pre\u0301sidentielle dans le Cavally. La directrice re\u0301gionale de campagne (DRC) Anne De\u0301sire\u0301e Ouloto-Lamizana a entretenu ses parents notamment les femmes, les jeunes, les chefs traditionnels et les guides religieux sur l&rsquo;enjeu de cette e\u0301lection pre\u0301sidentielle pre\u0301vue le 25 octobre 2025, a\u0300 la place publique de Zagne\u0301 qui, pour la circonstance, a refuse\u0301 du monde.<\/p>\n<p>Pour l&rsquo;ouest et pour toute la Co\u0302te d&rsquo;Ivoire, le plus important est la se\u0301curite\u0301, la stabilite\u0301, la paix et le de\u0301veloppement, a-t-elle affirme\u0301. Et, c&rsquo;est a\u0300 cela que le candidat du RHDP s&rsquo;est attele\u0301 depuis 2011. \u00a0\u00bb Depuis 15 ans, la Co\u0302te d&rsquo;Ivoire est stable et en paix. La paix n\u2019a pas de prix. Depuis 2011, aucun ivoirien n\u2019a fui son pays pour aller au Ghana ou au Liberia. Un pre\u0301sident doit travailler pour la stabilite\u0301 de son pays \u00ab\u00a0, a-t-elle de\u0301clare\u0301, appelant de ce fait ses parents a\u0300 ne pas prendre de risque.<\/p>\n<p>Cela d&rsquo;autant plus que la re\u0301gion du Cavally gra\u0302ce a\u0300 la stabilite\u0301 et la paix a amorce\u0301 son de\u0301veloppement avec le pre\u0301sident Alassane Ouattara.<\/p>\n<p>\u00ab Nous avons eu le bitumage de nos routes Zagne\u0301 a eu un cha\u0302teau d\u2019eau, Tai\u0308 a e\u0301te\u0301 connecte\u0301 au re\u0301seau e\u0301lectrique national, a-t-elle rappele\u0301.<\/p>\n<p>La DRC du candidat ADO dans le Cavally a rassure\u0301 ses parents. La route Guiglo-Zagne\u0301-Tai\u0308 sera bitume\u0301e. Les e\u0301tudes ont e\u0301te\u0301 faites, le financement boucle\u0301 et les entreprises ont de\u0301ja\u0300 e\u0301te\u0301 choisies.<\/p>\n<p>\u00ab Est-ce que nous devons changer pour changer? Non, nous devons continuer avec le de\u0301veloppement qui s&rsquo;appelle ADO \u00bb, a lance\u0301 Anne Ouloto, la population sous les applaudissements.<\/p>\n<p>Des 5 candidats retenus, seul le candidat Alassane Ouattara a-t-elle insiste\u0301, peut maintenir la Co\u0302te d&rsquo;Ivoire sur le chemin de la stabilite\u0301 et du de\u0301veloppement. C&rsquo;est pourquoi elle a exhorte\u0301 les populations de Zagne\u0301 et de Tai\u0308 a\u0300 sortir massivement le 25 octobre pour aller voter le candidat du parti au pouvoir. Mais, de\u0301ja\u0300, elle les a encourage\u0301s a\u0300 aller retirer leurs cartes d&rsquo;e\u0301lecteur.<\/p>\n<p>Au vu de toutes les re\u0301alisations du candidat ADO dans le Cavally et surtout a\u0300 Tai\u0308 et Zagne\u0301, monsieur Kouyate\u0301 Salif, secre\u0301taire de\u0301partemental RHDP de Zagne\u0301 a promis une victoire e\u0301clatante dans la localite\u0301.<\/p>\n<p>Les chefs par la voix de leur porte-parole ont insiste\u0301 sur le bitumage de la voie Guiglo&#8211;Zagne\u0301. Au regard des re\u0301alisations en cours pour le de\u0301veloppement et en droit de ce qui reste encore a\u0300 faire pour la localite\u0301, le candidat Alassane Ouattara, a rassure\u0301 le porte-parole des chefs, est en terrain conquis a\u0300 Zagne\u0301.<\/p>\n<p><strong>Pour plus d&rsquo;informations et d&rsquo;analyses sur la <span style=\"color: #ff6600\">C\u00f4te d&rsquo;Ivoire<\/span>, suivez <span style=\"color: #ff6600\">Africa-Press<\/span><\/strong><\/p>\n","protected":false},"excerpt":{"rendered":"<p>Africa-Press &#8211; C\u00f4te d&rsquo;Ivoire. La localite\u0301 de Zagne\u0301, premie\u0300re sous-pre\u0301fecture du de\u0301partement de Tai\u0308 a accueilli l&rsquo;e\u0301quipe de campagne du candidat du RHDP au deuxie\u0300me jour de la campagne pre\u0301sidentielle dans le Cavally. La directrice re\u0301gionale de campagne (DRC) Anne De\u0301sire\u0301e Ouloto-Lamizana a entretenu ses parents notamment les femmes, les jeunes, les chefs traditionnels et [&hellip;]<\/p>\n","protected":false},"author":82,"featured_media":106616,"comment_status":"open","ping_status":"closed","sticky":false,"template":"","format":"standard","meta":{"footnotes":""},"categories":[2,10],"tags":[38,1687,5252,382,29,377,312,371,1806,1715],"class_list":["post-106617","post","type-post","status-publish","format-standard","has-post-thumbnail","hentry","category-politique","category-toutes-les-actualites","tag-alassane-ouattara","tag-anne-ouloto","tag-candidat","tag-cavally","tag-cote-divoire","tag-guiglo","tag-presidentielle","tag-rhdp","tag-tai","tag-zagne"],"yoast_head":"<!-- This site is optimized with the Yoast SEO Premium plugin v26.1 (Yoast SEO v27.0) - https:\/\/yoast.com\/product\/yoast-seo-premium-wordpress\/ -->\n<title>Zagn\u00e9 et Ta\u00ef Soutiennent Ouattara pour 2025 - C\u00f4te d&#039;Ivoire<\/title>\n<meta name=\"description\" content=\"La localite\u0301 de Zagne\u0301, premie\u0300re sous-pre\u0301fecture du de\u0301partement de Tai\u0308 a accueilli l&#039;e\u0301quipe de campagne du candidat ...\" \/>\n<meta name=\"robots\" content=\"index, follow, max-snippet:-1, max-image-preview:large, max-video-preview:-1\" \/>\n<link rel=\"canonical\" href=\"https:\/\/www.africa-press.net\/cotedivoire\/politique\/zagne-et-tai-soutiennent-ouattara-pour-2025\" \/>\n<meta property=\"og:locale\" content=\"fr_FR\" \/>\n<meta property=\"og:type\" content=\"article\" \/>\n<meta property=\"og:title\" content=\"Zagn\u00e9 et Ta\u00ef Soutiennent Ouattara pour 2025\" \/>\n<meta property=\"og:description\" content=\"La localite\u0301 de Zagne\u0301, premie\u0300re sous-pre\u0301fecture du de\u0301partement de Tai\u0308 a accueilli l&#039;e\u0301quipe de campagne du candidat ...\" \/>\n<meta property=\"og:url\" content=\"https:\/\/www.africa-press.net\/cotedivoire\/politique\/zagne-et-tai-soutiennent-ouattara-pour-2025\" \/>\n<meta property=\"og:site_name\" content=\"C\u00f4te d&#039;Ivoire\" \/>\n<meta property=\"article:published_time\" content=\"2025-10-13T14:19:51+00:00\" \/>\n<meta property=\"article:modified_time\" content=\"2025-10-13T15:46:27+00:00\" \/>\n<meta property=\"og:image\" content=\"https:\/\/static.africa-press.net\/cote\/sites\/43\/2025\/10\/sm_1760357679.363168.jpg\" \/>\n\t<meta property=\"og:image:width\" content=\"720\" \/>\n\t<meta property=\"og:image:height\" content=\"480\" \/>\n\t<meta property=\"og:image:type\" content=\"image\/jpeg\" \/>\n<meta name=\"author\" content=\"cfeditorfr\" \/>\n<meta name=\"twitter:card\" content=\"summary_large_image\" \/>\n<meta name=\"twitter:label1\" content=\"\u00c9crit par\" \/>\n\t<meta name=\"twitter:data1\" content=\"cfeditorfr\" \/>\n\t<meta name=\"twitter:label2\" content=\"Dur\u00e9e de lecture estim\u00e9e\" \/>\n\t<meta name=\"twitter:data2\" content=\"3 minutes\" \/>\n<script type=\"application\/ld+json\" class=\"yoast-schema-graph\">{\"@context\":\"https:\/\/schema.org\",\"@graph\":[{\"@type\":\"Article\",\"@id\":\"https:\/\/www.africa-press.net\/cotedivoire\/politique\/zagne-et-tai-soutiennent-ouattara-pour-2025#article\",\"isPartOf\":{\"@id\":\"https:\/\/www.africa-press.net\/cotedivoire\/politique\/zagne-et-tai-soutiennent-ouattara-pour-2025\"},\"author\":{\"name\":\"cfeditorfr\",\"@id\":\"https:\/\/www.africa-press.net\/cotedivoire\/#\/schema\/person\/2b1cf3cd81a31e3cd26889ca66d677f1\"},\"headline\":\"Zagn\u00e9 et Ta\u00ef Soutiennent Ouattara pour 2025\",\"datePublished\":\"2025-10-13T14:19:51+00:00\",\"dateModified\":\"2025-10-13T15:46:27+00:00\",\"mainEntityOfPage\":{\"@id\":\"https:\/\/www.africa-press.net\/cotedivoire\/politique\/zagne-et-tai-soutiennent-ouattara-pour-2025\"},\"wordCount\":509,\"commentCount\":0,\"image\":{\"@id\":\"https:\/\/www.africa-press.net\/cotedivoire\/politique\/zagne-et-tai-soutiennent-ouattara-pour-2025#primaryimage\"},\"thumbnailUrl\":\"https:\/\/static.africa-press.net\/cote\/sites\/43\/2025\/10\/sm_1760357679.363168.jpg\",\"keywords\":[\"Alassane Ouattara\",\"Anne Ouloto\",\"candidat\",\"Cavally\",\"C\u00d4TE D'IVOIRE\",\"Guiglo\",\"pr\u00e9sidentielle\",\"RHDP\",\"Ta\u00ef\",\"Zagn\u00e9\"],\"articleSection\":[\"Politique\",\"Toutes les actualit\u00e9s\"],\"inLanguage\":\"fr-FR\",\"potentialAction\":[{\"@type\":\"CommentAction\",\"name\":\"Comment\",\"target\":[\"https:\/\/www.africa-press.net\/cotedivoire\/politique\/zagne-et-tai-soutiennent-ouattara-pour-2025#respond\"]}]},{\"@type\":\"WebPage\",\"@id\":\"https:\/\/www.africa-press.net\/cotedivoire\/politique\/zagne-et-tai-soutiennent-ouattara-pour-2025\",\"url\":\"https:\/\/www.africa-press.net\/cotedivoire\/politique\/zagne-et-tai-soutiennent-ouattara-pour-2025\",\"name\":\"Zagn\u00e9 et Ta\u00ef Soutiennent Ouattara pour 2025 - C\u00f4te d&#039;Ivoire\",\"isPartOf\":{\"@id\":\"https:\/\/www.africa-press.net\/cotedivoire\/#website\"},\"primaryImageOfPage\":{\"@id\":\"https:\/\/www.africa-press.net\/cotedivoire\/politique\/zagne-et-tai-soutiennent-ouattara-pour-2025#primaryimage\"},\"image\":{\"@id\":\"https:\/\/www.africa-press.net\/cotedivoire\/politique\/zagne-et-tai-soutiennent-ouattara-pour-2025#primaryimage\"},\"thumbnailUrl\":\"https:\/\/static.africa-press.net\/cote\/sites\/43\/2025\/10\/sm_1760357679.363168.jpg\",\"datePublished\":\"2025-10-13T14:19:51+00:00\",\"dateModified\":\"2025-10-13T15:46:27+00:00\",\"author\":{\"@id\":\"https:\/\/www.africa-press.net\/cotedivoire\/#\/schema\/person\/2b1cf3cd81a31e3cd26889ca66d677f1\"},\"description\":\"La localite\u0301 de Zagne\u0301, premie\u0300re sous-pre\u0301fecture du de\u0301partement de Tai\u0308 a accueilli l'e\u0301quipe de campagne du candidat ...\",\"breadcrumb\":{\"@id\":\"https:\/\/www.africa-press.net\/cotedivoire\/politique\/zagne-et-tai-soutiennent-ouattara-pour-2025#breadcrumb\"},\"inLanguage\":\"fr-FR\",\"potentialAction\":[{\"@type\":\"ReadAction\",\"target\":[\"https:\/\/www.africa-press.net\/cotedivoire\/politique\/zagne-et-tai-soutiennent-ouattara-pour-2025\"]}]},{\"@type\":\"ImageObject\",\"inLanguage\":\"fr-FR\",\"@id\":\"https:\/\/www.africa-press.net\/cotedivoire\/politique\/zagne-et-tai-soutiennent-ouattara-pour-2025#primaryimage\",\"url\":\"https:\/\/static.africa-press.net\/cote\/sites\/43\/2025\/10\/sm_1760357679.363168.jpg\",\"contentUrl\":\"https:\/\/static.africa-press.net\/cote\/sites\/43\/2025\/10\/sm_1760357679.363168.jpg\",\"width\":720,\"height\":480,\"caption\":\"Zagn\u00e9 et Ta\u00ef Soutiennent Ouattara pour 2025\"},{\"@type\":\"BreadcrumbList\",\"@id\":\"https:\/\/www.africa-press.net\/cotedivoire\/politique\/zagne-et-tai-soutiennent-ouattara-pour-2025#breadcrumb\",\"itemListElement\":[{\"@type\":\"ListItem\",\"position\":1,\"name\":\"Accueil\",\"item\":\"https:\/\/www.africa-press.net\/cotedivoire\/\"},{\"@type\":\"ListItem\",\"position\":2,\"name\":\"Zagn\u00e9 et Ta\u00ef Soutiennent Ouattara pour 2025\"}]},{\"@type\":\"WebSite\",\"@id\":\"https:\/\/www.africa-press.net\/cotedivoire\/#website\",\"url\":\"https:\/\/www.africa-press.net\/cotedivoire\/\",\"name\":\"C\u00f4te d&#039;Ivoire\",\"description\":\"Just another Africa News Agency Sites site\",\"potentialAction\":[{\"@type\":\"SearchAction\",\"target\":{\"@type\":\"EntryPoint\",\"urlTemplate\":\"https:\/\/www.africa-press.net\/cotedivoire\/?s={search_term_string}\"},\"query-input\":{\"@type\":\"PropertyValueSpecification\",\"valueRequired\":true,\"valueName\":\"search_term_string\"}}],\"inLanguage\":\"fr-FR\"},{\"@type\":\"Person\",\"@id\":\"https:\/\/www.africa-press.net\/cotedivoire\/#\/schema\/person\/2b1cf3cd81a31e3cd26889ca66d677f1\",\"name\":\"cfeditorfr\"}]}<\/script>\n<!-- \/ Yoast SEO Premium plugin. -->","yoast_head_json":{"title":"Zagn\u00e9 et Ta\u00ef Soutiennent Ouattara pour 2025 - C\u00f4te d&#039;Ivoire","description":"La localite\u0301 de Zagne\u0301, premie\u0300re sous-pre\u0301fecture du de\u0301partement de Tai\u0308 a accueilli l'e\u0301quipe de campagne du candidat ...","robots":{"index":"index","follow":"follow","max-snippet":"max-snippet:-1","max-image-preview":"max-image-preview:large","max-video-preview":"max-video-preview:-1"},"canonical":"https:\/\/www.africa-press.net\/cotedivoire\/politique\/zagne-et-tai-soutiennent-ouattara-pour-2025","og_locale":"fr_FR","og_type":"article","og_title":"Zagn\u00e9 et Ta\u00ef Soutiennent Ouattara pour 2025","og_description":"La localite\u0301 de Zagne\u0301, premie\u0300re sous-pre\u0301fecture du de\u0301partement de Tai\u0308 a accueilli l'e\u0301quipe de campagne du candidat ...","og_url":"https:\/\/www.africa-press.net\/cotedivoire\/politique\/zagne-et-tai-soutiennent-ouattara-pour-2025","og_site_name":"C\u00f4te d&#039;Ivoire","article_published_time":"2025-10-13T14:19:51+00:00","article_modified_time":"2025-10-13T15:46:27+00:00","og_image":[{"width":720,"height":480,"url":"https:\/\/static.africa-press.net\/cote\/sites\/43\/2025\/10\/sm_1760357679.363168.jpg","type":"image\/jpeg"}],"author":"cfeditorfr","twitter_card":"summary_large_image","twitter_misc":{"\u00c9crit par":"cfeditorfr","Dur\u00e9e de lecture estim\u00e9e":"3 minutes"},"schema":{"@context":"https:\/\/schema.org","@graph":[{"@type":"Article","@id":"https:\/\/www.africa-press.net\/cotedivoire\/politique\/zagne-et-tai-soutiennent-ouattara-pour-2025#article","isPartOf":{"@id":"https:\/\/www.africa-press.net\/cotedivoire\/politique\/zagne-et-tai-soutiennent-ouattara-pour-2025"},"author":{"name":"cfeditorfr","@id":"https:\/\/www.africa-press.net\/cotedivoire\/#\/schema\/person\/2b1cf3cd81a31e3cd26889ca66d677f1"},"headline":"Zagn\u00e9 et Ta\u00ef Soutiennent Ouattara pour 2025","datePublished":"2025-10-13T14:19:51+00:00","dateModified":"2025-10-13T15:46:27+00:00","mainEntityOfPage":{"@id":"https:\/\/www.africa-press.net\/cotedivoire\/politique\/zagne-et-tai-soutiennent-ouattara-pour-2025"},"wordCount":509,"commentCount":0,"image":{"@id":"https:\/\/www.africa-press.net\/cotedivoire\/politique\/zagne-et-tai-soutiennent-ouattara-pour-2025#primaryimage"},"thumbnailUrl":"https:\/\/static.africa-press.net\/cote\/sites\/43\/2025\/10\/sm_1760357679.363168.jpg","keywords":["Alassane Ouattara","Anne Ouloto","candidat","Cavally","C\u00d4TE D'IVOIRE","Guiglo","pr\u00e9sidentielle","RHDP","Ta\u00ef","Zagn\u00e9"],"articleSection":["Politique","Toutes les actualit\u00e9s"],"inLanguage":"fr-FR","potentialAction":[{"@type":"CommentAction","name":"Comment","target":["https:\/\/www.africa-press.net\/cotedivoire\/politique\/zagne-et-tai-soutiennent-ouattara-pour-2025#respond"]}]},{"@type":"WebPage","@id":"https:\/\/www.africa-press.net\/cotedivoire\/politique\/zagne-et-tai-soutiennent-ouattara-pour-2025","url":"https:\/\/www.africa-press.net\/cotedivoire\/politique\/zagne-et-tai-soutiennent-ouattara-pour-2025","name":"Zagn\u00e9 et Ta\u00ef Soutiennent Ouattara pour 2025 - C\u00f4te d&#039;Ivoire","isPartOf":{"@id":"https:\/\/www.africa-press.net\/cotedivoire\/#website"},"primaryImageOfPage":{"@id":"https:\/\/www.africa-press.net\/cotedivoire\/politique\/zagne-et-tai-soutiennent-ouattara-pour-2025#primaryimage"},"image":{"@id":"https:\/\/www.africa-press.net\/cotedivoire\/politique\/zagne-et-tai-soutiennent-ouattara-pour-2025#primaryimage"},"thumbnailUrl":"https:\/\/static.africa-press.net\/cote\/sites\/43\/2025\/10\/sm_1760357679.363168.jpg","datePublished":"2025-10-13T14:19:51+00:00","dateModified":"2025-10-13T15:46:27+00:00","author":{"@id":"https:\/\/www.africa-press.net\/cotedivoire\/#\/schema\/person\/2b1cf3cd81a31e3cd26889ca66d677f1"},"description":"La localite\u0301 de Zagne\u0301, premie\u0300re sous-pre\u0301fecture du de\u0301partement de Tai\u0308 a accueilli l'e\u0301quipe de campagne du candidat ...","breadcrumb":{"@id":"https:\/\/www.africa-press.net\/cotedivoire\/politique\/zagne-et-tai-soutiennent-ouattara-pour-2025#breadcrumb"},"inLanguage":"fr-FR","potentialAction":[{"@type":"ReadAction","target":["https:\/\/www.africa-press.net\/cotedivoire\/politique\/zagne-et-tai-soutiennent-ouattara-pour-2025"]}]},{"@type":"ImageObject","inLanguage":"fr-FR","@id":"https:\/\/www.africa-press.net\/cotedivoire\/politique\/zagne-et-tai-soutiennent-ouattara-pour-2025#primaryimage","url":"https:\/\/static.africa-press.net\/cote\/sites\/43\/2025\/10\/sm_1760357679.363168.jpg","contentUrl":"https:\/\/static.africa-press.net\/cote\/sites\/43\/2025\/10\/sm_1760357679.363168.jpg","width":720,"height":480,"caption":"Zagn\u00e9 et Ta\u00ef Soutiennent Ouattara pour 2025"},{"@type":"BreadcrumbList","@id":"https:\/\/www.africa-press.net\/cotedivoire\/politique\/zagne-et-tai-soutiennent-ouattara-pour-2025#breadcrumb","itemListElement":[{"@type":"ListItem","position":1,"name":"Accueil","item":"https:\/\/www.africa-press.net\/cotedivoire\/"},{"@type":"ListItem","position":2,"name":"Zagn\u00e9 et Ta\u00ef Soutiennent Ouattara pour 2025"}]},{"@type":"WebSite","@id":"https:\/\/www.africa-press.net\/cotedivoire\/#website","url":"https:\/\/www.africa-press.net\/cotedivoire\/","name":"C\u00f4te d&#039;Ivoire","description":"Just another Africa News Agency Sites site","potentialAction":[{"@type":"SearchAction","target":{"@type":"EntryPoint","urlTemplate":"https:\/\/www.africa-press.net\/cotedivoire\/?s={search_term_string}"},"query-input":{"@type":"PropertyValueSpecification","valueRequired":true,"valueName":"search_term_string"}}],"inLanguage":"fr-FR"},{"@type":"Person","@id":"https:\/\/www.africa-press.net\/cotedivoire\/#\/schema\/person\/2b1cf3cd81a31e3cd26889ca66d677f1","name":"cfeditorfr"}]}},"_links":{"self":[{"href":"https:\/\/www.africa-press.net\/cotedivoire\/wp-json\/wp\/v2\/posts\/106617","targetHints":{"allow":["GET"]}}],"collection":[{"href":"https:\/\/www.africa-press.net\/cotedivoire\/wp-json\/wp\/v2\/posts"}],"about":[{"href":"https:\/\/www.africa-press.net\/cotedivoire\/wp-json\/wp\/v2\/types\/post"}],"author":[{"embeddable":true,"href":"https:\/\/www.africa-press.net\/cotedivoire\/wp-json\/wp\/v2\/users\/82"}],"replies":[{"embeddable":true,"href":"https:\/\/www.africa-press.net\/cotedivoire\/wp-json\/wp\/v2\/comments?post=106617"}],"version-history":[{"count":0,"href":"https:\/\/www.africa-press.net\/cotedivoire\/wp-json\/wp\/v2\/posts\/106617\/revisions"}],"wp:featuredmedia":[{"embeddable":true,"href":"https:\/\/www.africa-press.net\/cotedivoire\/wp-json\/wp\/v2\/media\/106616"}],"wp:attachment":[{"href":"https:\/\/www.africa-press.net\/cotedivoire\/wp-json\/wp\/v2\/media?parent=106617"}],"wp:term":[{"taxonomy":"category","embeddable":true,"href":"https:\/\/www.africa-press.net\/cotedivoire\/wp-json\/wp\/v2\/categories?post=106617"},{"taxonomy":"post_tag","embeddable":true,"href":"https:\/\/www.africa-press.net\/cotedivoire\/wp-json\/wp\/v2\/tags?post=106617"}],"curies":[{"name":"wp","href":"https:\/\/api.w.org\/{rel}","templated":true}]}}