{"id":106620,"date":"2025-10-13T14:20:04","date_gmt":"2025-10-13T14:20:04","guid":{"rendered":"https:\/\/www.africa-press.net\/cotedivoire\/politique\/dialogue-multi-acteurs-pour-election-presidentielle-apaisee"},"modified":"2025-10-13T15:46:44","modified_gmt":"2025-10-13T15:46:44","slug":"dialogue-multi-acteurs-pour-election-presidentielle-apaisee","status":"publish","type":"post","link":"https:\/\/www.africa-press.net\/cotedivoire\/politique\/dialogue-multi-acteurs-pour-election-presidentielle-apaisee","title":{"rendered":"Dialogue Multi-Acteurs Pour \u00c9lection Pr\u00e9sidentielle Apais\u00e9e"},"content":{"rendered":"<p><span style=\"color: #ff6600\"><strong>Africa-Press &#8211; C\u00f4te d&rsquo;Ivoire. <\/strong><\/span>Les 16 et 17 octobre 2025, a\u0300 Abidjan, le Gore\u0301e Institute (Centre pour la De\u0301mocratie, le De\u0301veloppement et la Culture en Afrique) organise un atelier de dialogue multi-acteurs visant a\u0300 promouvoir la paix et a\u0300 renforcer la cohe\u0301sion sociale en vue d\u2019une e\u0301lection pre\u0301sidentielle apaise\u0301e en Co\u0302te d\u2019Ivoire, pre\u0301vue le 25 octobre 2025, apprend KOACI aupre\u0300s d\u2019un communique\u0301.<\/p>\n<p>Cette initiative s\u2019inscrit dans le cadre du projet Recherche au Service de la De\u0301mocratie et de la Cohe\u0301sion Sociale (RESDECS), cofinance\u0301 par l\u2019Union europe\u0301enne et mis en \u0153uvre par ENABEL, l\u2019agence belge de de\u0301veloppement.<\/p>\n<p>Pendant deux jours, l\u2019atelier place\u0301 sous le the\u0300me: \u00ab Promouvoir la paix et renforcer la cohe\u0301sion sociale pour une e\u0301lection apaise\u0301e en Co\u0302te d\u2019Ivoire \u00bb re\u0301unira une diversite\u0301 d\u2019acteurs e\u0301tatiques, politiques, communautaires et de la socie\u0301te\u0301 civile, autour d\u2019un objectif commun: favoriser un dialogue constructif et inclusif sur les enjeux sociopolitiques du pays a\u0300 la veille d\u2019un scrutin de\u0301cisif. A\u0300 cette occasion, le Gore\u0301e Institute partagera les re\u0301sultats de ses recherches de terrain et notes politiques issues du syste\u0300me de veille et d\u2019alerte pre\u0301coce mis en place dans le cadre du projet RESDECS.<\/p>\n<p>Ces travaux mettent en lumie\u0300re les dynamiques locales de fragilite\u0301, notamment les tensions lie\u0301es aux proce\u0301dures e\u0301lectorales, les ine\u0301galite\u0301s sociales persistantes, le de\u0301fi de l\u2019emploi des jeunes et la confiance envers les institutions.<\/p>\n<p>L\u2019atelier a pour objectifs spe\u0301cifiques de pre\u0301senter les re\u0301sultats des recherches mene\u0301es dans le cadre du projet RESDECS, d\u2019identifier les facteurs de fragilite\u0301 susceptibles d\u2019affecter la stabilite\u0301 nationale, de formuler des propositions concre\u0300tes pour renforcer la de\u0301mocratie et la cohe\u0301sion sociale, et d\u2019e\u0301laborer une strate\u0301gie de plaidoyer collectif a\u0300 l\u2019intention des de\u0301cideurs politiques et des institutions publiques.<\/p>\n<p>En favorisant la concertation et la mutualisation des perspectives, cette rencontre entend contribuer a\u0300 ba\u0302tir un consensus national en faveur d\u2019un processus e\u0301lectoral pacifique, cre\u0301dible et inclusif.<\/p>\n<p><strong>Pour plus d&rsquo;informations et d&rsquo;analyses sur la <span style=\"color: #ff6600\">C\u00f4te d&rsquo;Ivoire<\/span>, suivez <span style=\"color: #ff6600\">Africa-Press<\/span><\/strong><\/p>\n","protected":false},"excerpt":{"rendered":"<p>Africa-Press &#8211; C\u00f4te d&rsquo;Ivoire. Les 16 et 17 octobre 2025, a\u0300 Abidjan, le Gore\u0301e Institute (Centre pour la De\u0301mocratie, le De\u0301veloppement et la Culture en Afrique) organise un atelier de dialogue multi-acteurs visant a\u0300 promouvoir la paix et a\u0300 renforcer la cohe\u0301sion sociale en vue d\u2019une e\u0301lection pre\u0301sidentielle apaise\u0301e en Co\u0302te d\u2019Ivoire, pre\u0301vue le 25 [&hellip;]<\/p>\n","protected":false},"author":82,"featured_media":106619,"comment_status":"open","ping_status":"closed","sticky":false,"template":"","format":"standard","meta":{"footnotes":""},"categories":[2,10],"tags":[9840,29,41,19156,19155,19157,19158],"class_list":["post-106620","post","type-post","status-publish","format-standard","has-post-thumbnail","hentry","category-politique","category-toutes-les-actualites","tag-apaisees","tag-cote-divoire","tag-elections","tag-enabel","tag-goree","tag-institute","tag-resdecs"],"yoast_head":"<!-- This site is optimized with the Yoast SEO Premium plugin v26.1 (Yoast SEO v27.0) - https:\/\/yoast.com\/product\/yoast-seo-premium-wordpress\/ -->\n<title>Dialogue Multi-Acteurs Pour \u00c9lection Pr\u00e9sidentielle Apais\u00e9e - C\u00f4te d&#039;Ivoire<\/title>\n<meta name=\"description\" content=\"Les 16 et 17 octobre 2025, a\u0300 Abidjan, le Gore\u0301e Institute (Centre pour la De\u0301mocratie, le De\u0301veloppement et la Culture ...\" \/>\n<meta name=\"robots\" content=\"index, follow, max-snippet:-1, max-image-preview:large, max-video-preview:-1\" \/>\n<link rel=\"canonical\" href=\"https:\/\/www.africa-press.net\/cotedivoire\/politique\/dialogue-multi-acteurs-pour-election-presidentielle-apaisee\" \/>\n<meta property=\"og:locale\" content=\"fr_FR\" \/>\n<meta property=\"og:type\" content=\"article\" \/>\n<meta property=\"og:title\" content=\"Dialogue Multi-Acteurs Pour \u00c9lection Pr\u00e9sidentielle Apais\u00e9e\" \/>\n<meta property=\"og:description\" content=\"Les 16 et 17 octobre 2025, a\u0300 Abidjan, le Gore\u0301e Institute (Centre pour la De\u0301mocratie, le De\u0301veloppement et la Culture ...\" \/>\n<meta property=\"og:url\" content=\"https:\/\/www.africa-press.net\/cotedivoire\/politique\/dialogue-multi-acteurs-pour-election-presidentielle-apaisee\" \/>\n<meta property=\"og:site_name\" content=\"C\u00f4te d&#039;Ivoire\" \/>\n<meta property=\"article:published_time\" content=\"2025-10-13T14:20:04+00:00\" \/>\n<meta property=\"article:modified_time\" content=\"2025-10-13T15:46:44+00:00\" \/>\n<meta property=\"og:image\" content=\"https:\/\/static.africa-press.net\/cote\/sites\/43\/2025\/10\/sm_1760357729.739508.jpg\" \/>\n\t<meta property=\"og:image:width\" content=\"720\" \/>\n\t<meta property=\"og:image:height\" content=\"372\" \/>\n\t<meta property=\"og:image:type\" content=\"image\/jpeg\" \/>\n<meta name=\"author\" content=\"cfeditorfr\" \/>\n<meta name=\"twitter:card\" content=\"summary_large_image\" \/>\n<meta name=\"twitter:label1\" content=\"\u00c9crit par\" \/>\n\t<meta name=\"twitter:data1\" content=\"cfeditorfr\" \/>\n\t<meta name=\"twitter:label2\" content=\"Dur\u00e9e de lecture estim\u00e9e\" \/>\n\t<meta name=\"twitter:data2\" content=\"2 minutes\" \/>\n<script type=\"application\/ld+json\" class=\"yoast-schema-graph\">{\"@context\":\"https:\/\/schema.org\",\"@graph\":[{\"@type\":\"Article\",\"@id\":\"https:\/\/www.africa-press.net\/cotedivoire\/politique\/dialogue-multi-acteurs-pour-election-presidentielle-apaisee#article\",\"isPartOf\":{\"@id\":\"https:\/\/www.africa-press.net\/cotedivoire\/politique\/dialogue-multi-acteurs-pour-election-presidentielle-apaisee\"},\"author\":{\"name\":\"cfeditorfr\",\"@id\":\"https:\/\/www.africa-press.net\/cotedivoire\/#\/schema\/person\/2b1cf3cd81a31e3cd26889ca66d677f1\"},\"headline\":\"Dialogue Multi-Acteurs Pour \u00c9lection Pr\u00e9sidentielle Apais\u00e9e\",\"datePublished\":\"2025-10-13T14:20:04+00:00\",\"dateModified\":\"2025-10-13T15:46:44+00:00\",\"mainEntityOfPage\":{\"@id\":\"https:\/\/www.africa-press.net\/cotedivoire\/politique\/dialogue-multi-acteurs-pour-election-presidentielle-apaisee\"},\"wordCount\":390,\"commentCount\":0,\"image\":{\"@id\":\"https:\/\/www.africa-press.net\/cotedivoire\/politique\/dialogue-multi-acteurs-pour-election-presidentielle-apaisee#primaryimage\"},\"thumbnailUrl\":\"https:\/\/static.africa-press.net\/cote\/sites\/43\/2025\/10\/sm_1760357729.739508.jpg\",\"keywords\":[\"apais\u00e9es\",\"C\u00d4TE D'IVOIRE\",\"\u00c9lections\",\"ENABEL\",\"Gor\u00e9e\",\"Institute\",\"RESDECS\"],\"articleSection\":[\"Politique\",\"Toutes les actualit\u00e9s\"],\"inLanguage\":\"fr-FR\",\"potentialAction\":[{\"@type\":\"CommentAction\",\"name\":\"Comment\",\"target\":[\"https:\/\/www.africa-press.net\/cotedivoire\/politique\/dialogue-multi-acteurs-pour-election-presidentielle-apaisee#respond\"]}]},{\"@type\":\"WebPage\",\"@id\":\"https:\/\/www.africa-press.net\/cotedivoire\/politique\/dialogue-multi-acteurs-pour-election-presidentielle-apaisee\",\"url\":\"https:\/\/www.africa-press.net\/cotedivoire\/politique\/dialogue-multi-acteurs-pour-election-presidentielle-apaisee\",\"name\":\"Dialogue Multi-Acteurs Pour \u00c9lection Pr\u00e9sidentielle Apais\u00e9e - C\u00f4te d&#039;Ivoire\",\"isPartOf\":{\"@id\":\"https:\/\/www.africa-press.net\/cotedivoire\/#website\"},\"primaryImageOfPage\":{\"@id\":\"https:\/\/www.africa-press.net\/cotedivoire\/politique\/dialogue-multi-acteurs-pour-election-presidentielle-apaisee#primaryimage\"},\"image\":{\"@id\":\"https:\/\/www.africa-press.net\/cotedivoire\/politique\/dialogue-multi-acteurs-pour-election-presidentielle-apaisee#primaryimage\"},\"thumbnailUrl\":\"https:\/\/static.africa-press.net\/cote\/sites\/43\/2025\/10\/sm_1760357729.739508.jpg\",\"datePublished\":\"2025-10-13T14:20:04+00:00\",\"dateModified\":\"2025-10-13T15:46:44+00:00\",\"author\":{\"@id\":\"https:\/\/www.africa-press.net\/cotedivoire\/#\/schema\/person\/2b1cf3cd81a31e3cd26889ca66d677f1\"},\"description\":\"Les 16 et 17 octobre 2025, a\u0300 Abidjan, le Gore\u0301e Institute (Centre pour la De\u0301mocratie, le De\u0301veloppement et la Culture ...\",\"breadcrumb\":{\"@id\":\"https:\/\/www.africa-press.net\/cotedivoire\/politique\/dialogue-multi-acteurs-pour-election-presidentielle-apaisee#breadcrumb\"},\"inLanguage\":\"fr-FR\",\"potentialAction\":[{\"@type\":\"ReadAction\",\"target\":[\"https:\/\/www.africa-press.net\/cotedivoire\/politique\/dialogue-multi-acteurs-pour-election-presidentielle-apaisee\"]}]},{\"@type\":\"ImageObject\",\"inLanguage\":\"fr-FR\",\"@id\":\"https:\/\/www.africa-press.net\/cotedivoire\/politique\/dialogue-multi-acteurs-pour-election-presidentielle-apaisee#primaryimage\",\"url\":\"https:\/\/static.africa-press.net\/cote\/sites\/43\/2025\/10\/sm_1760357729.739508.jpg\",\"contentUrl\":\"https:\/\/static.africa-press.net\/cote\/sites\/43\/2025\/10\/sm_1760357729.739508.jpg\",\"width\":720,\"height\":372,\"caption\":\"Dialogue Multi-Acteurs Pour \u00c9lection Pr\u00e9sidentielle Apais\u00e9e\"},{\"@type\":\"BreadcrumbList\",\"@id\":\"https:\/\/www.africa-press.net\/cotedivoire\/politique\/dialogue-multi-acteurs-pour-election-presidentielle-apaisee#breadcrumb\",\"itemListElement\":[{\"@type\":\"ListItem\",\"position\":1,\"name\":\"Accueil\",\"item\":\"https:\/\/www.africa-press.net\/cotedivoire\/\"},{\"@type\":\"ListItem\",\"position\":2,\"name\":\"Dialogue Multi-Acteurs Pour \u00c9lection Pr\u00e9sidentielle Apais\u00e9e\"}]},{\"@type\":\"WebSite\",\"@id\":\"https:\/\/www.africa-press.net\/cotedivoire\/#website\",\"url\":\"https:\/\/www.africa-press.net\/cotedivoire\/\",\"name\":\"C\u00f4te d&#039;Ivoire\",\"description\":\"Just another Africa News Agency Sites site\",\"potentialAction\":[{\"@type\":\"SearchAction\",\"target\":{\"@type\":\"EntryPoint\",\"urlTemplate\":\"https:\/\/www.africa-press.net\/cotedivoire\/?s={search_term_string}\"},\"query-input\":{\"@type\":\"PropertyValueSpecification\",\"valueRequired\":true,\"valueName\":\"search_term_string\"}}],\"inLanguage\":\"fr-FR\"},{\"@type\":\"Person\",\"@id\":\"https:\/\/www.africa-press.net\/cotedivoire\/#\/schema\/person\/2b1cf3cd81a31e3cd26889ca66d677f1\",\"name\":\"cfeditorfr\"}]}<\/script>\n<!-- \/ Yoast SEO Premium plugin. -->","yoast_head_json":{"title":"Dialogue Multi-Acteurs Pour \u00c9lection Pr\u00e9sidentielle Apais\u00e9e - C\u00f4te d&#039;Ivoire","description":"Les 16 et 17 octobre 2025, a\u0300 Abidjan, le Gore\u0301e Institute (Centre pour la De\u0301mocratie, le De\u0301veloppement et la Culture ...","robots":{"index":"index","follow":"follow","max-snippet":"max-snippet:-1","max-image-preview":"max-image-preview:large","max-video-preview":"max-video-preview:-1"},"canonical":"https:\/\/www.africa-press.net\/cotedivoire\/politique\/dialogue-multi-acteurs-pour-election-presidentielle-apaisee","og_locale":"fr_FR","og_type":"article","og_title":"Dialogue Multi-Acteurs Pour \u00c9lection Pr\u00e9sidentielle Apais\u00e9e","og_description":"Les 16 et 17 octobre 2025, a\u0300 Abidjan, le Gore\u0301e Institute (Centre pour la De\u0301mocratie, le De\u0301veloppement et la Culture ...","og_url":"https:\/\/www.africa-press.net\/cotedivoire\/politique\/dialogue-multi-acteurs-pour-election-presidentielle-apaisee","og_site_name":"C\u00f4te d&#039;Ivoire","article_published_time":"2025-10-13T14:20:04+00:00","article_modified_time":"2025-10-13T15:46:44+00:00","og_image":[{"width":720,"height":372,"url":"https:\/\/static.africa-press.net\/cote\/sites\/43\/2025\/10\/sm_1760357729.739508.jpg","type":"image\/jpeg"}],"author":"cfeditorfr","twitter_card":"summary_large_image","twitter_misc":{"\u00c9crit par":"cfeditorfr","Dur\u00e9e de lecture estim\u00e9e":"2 minutes"},"schema":{"@context":"https:\/\/schema.org","@graph":[{"@type":"Article","@id":"https:\/\/www.africa-press.net\/cotedivoire\/politique\/dialogue-multi-acteurs-pour-election-presidentielle-apaisee#article","isPartOf":{"@id":"https:\/\/www.africa-press.net\/cotedivoire\/politique\/dialogue-multi-acteurs-pour-election-presidentielle-apaisee"},"author":{"name":"cfeditorfr","@id":"https:\/\/www.africa-press.net\/cotedivoire\/#\/schema\/person\/2b1cf3cd81a31e3cd26889ca66d677f1"},"headline":"Dialogue Multi-Acteurs Pour \u00c9lection Pr\u00e9sidentielle Apais\u00e9e","datePublished":"2025-10-13T14:20:04+00:00","dateModified":"2025-10-13T15:46:44+00:00","mainEntityOfPage":{"@id":"https:\/\/www.africa-press.net\/cotedivoire\/politique\/dialogue-multi-acteurs-pour-election-presidentielle-apaisee"},"wordCount":390,"commentCount":0,"image":{"@id":"https:\/\/www.africa-press.net\/cotedivoire\/politique\/dialogue-multi-acteurs-pour-election-presidentielle-apaisee#primaryimage"},"thumbnailUrl":"https:\/\/static.africa-press.net\/cote\/sites\/43\/2025\/10\/sm_1760357729.739508.jpg","keywords":["apais\u00e9es","C\u00d4TE D'IVOIRE","\u00c9lections","ENABEL","Gor\u00e9e","Institute","RESDECS"],"articleSection":["Politique","Toutes les actualit\u00e9s"],"inLanguage":"fr-FR","potentialAction":[{"@type":"CommentAction","name":"Comment","target":["https:\/\/www.africa-press.net\/cotedivoire\/politique\/dialogue-multi-acteurs-pour-election-presidentielle-apaisee#respond"]}]},{"@type":"WebPage","@id":"https:\/\/www.africa-press.net\/cotedivoire\/politique\/dialogue-multi-acteurs-pour-election-presidentielle-apaisee","url":"https:\/\/www.africa-press.net\/cotedivoire\/politique\/dialogue-multi-acteurs-pour-election-presidentielle-apaisee","name":"Dialogue Multi-Acteurs Pour \u00c9lection Pr\u00e9sidentielle Apais\u00e9e - C\u00f4te d&#039;Ivoire","isPartOf":{"@id":"https:\/\/www.africa-press.net\/cotedivoire\/#website"},"primaryImageOfPage":{"@id":"https:\/\/www.africa-press.net\/cotedivoire\/politique\/dialogue-multi-acteurs-pour-election-presidentielle-apaisee#primaryimage"},"image":{"@id":"https:\/\/www.africa-press.net\/cotedivoire\/politique\/dialogue-multi-acteurs-pour-election-presidentielle-apaisee#primaryimage"},"thumbnailUrl":"https:\/\/static.africa-press.net\/cote\/sites\/43\/2025\/10\/sm_1760357729.739508.jpg","datePublished":"2025-10-13T14:20:04+00:00","dateModified":"2025-10-13T15:46:44+00:00","author":{"@id":"https:\/\/www.africa-press.net\/cotedivoire\/#\/schema\/person\/2b1cf3cd81a31e3cd26889ca66d677f1"},"description":"Les 16 et 17 octobre 2025, a\u0300 Abidjan, le Gore\u0301e Institute (Centre pour la De\u0301mocratie, le De\u0301veloppement et la Culture ...","breadcrumb":{"@id":"https:\/\/www.africa-press.net\/cotedivoire\/politique\/dialogue-multi-acteurs-pour-election-presidentielle-apaisee#breadcrumb"},"inLanguage":"fr-FR","potentialAction":[{"@type":"ReadAction","target":["https:\/\/www.africa-press.net\/cotedivoire\/politique\/dialogue-multi-acteurs-pour-election-presidentielle-apaisee"]}]},{"@type":"ImageObject","inLanguage":"fr-FR","@id":"https:\/\/www.africa-press.net\/cotedivoire\/politique\/dialogue-multi-acteurs-pour-election-presidentielle-apaisee#primaryimage","url":"https:\/\/static.africa-press.net\/cote\/sites\/43\/2025\/10\/sm_1760357729.739508.jpg","contentUrl":"https:\/\/static.africa-press.net\/cote\/sites\/43\/2025\/10\/sm_1760357729.739508.jpg","width":720,"height":372,"caption":"Dialogue Multi-Acteurs Pour \u00c9lection Pr\u00e9sidentielle Apais\u00e9e"},{"@type":"BreadcrumbList","@id":"https:\/\/www.africa-press.net\/cotedivoire\/politique\/dialogue-multi-acteurs-pour-election-presidentielle-apaisee#breadcrumb","itemListElement":[{"@type":"ListItem","position":1,"name":"Accueil","item":"https:\/\/www.africa-press.net\/cotedivoire\/"},{"@type":"ListItem","position":2,"name":"Dialogue Multi-Acteurs Pour \u00c9lection Pr\u00e9sidentielle Apais\u00e9e"}]},{"@type":"WebSite","@id":"https:\/\/www.africa-press.net\/cotedivoire\/#website","url":"https:\/\/www.africa-press.net\/cotedivoire\/","name":"C\u00f4te d&#039;Ivoire","description":"Just another Africa News Agency Sites site","potentialAction":[{"@type":"SearchAction","target":{"@type":"EntryPoint","urlTemplate":"https:\/\/www.africa-press.net\/cotedivoire\/?s={search_term_string}"},"query-input":{"@type":"PropertyValueSpecification","valueRequired":true,"valueName":"search_term_string"}}],"inLanguage":"fr-FR"},{"@type":"Person","@id":"https:\/\/www.africa-press.net\/cotedivoire\/#\/schema\/person\/2b1cf3cd81a31e3cd26889ca66d677f1","name":"cfeditorfr"}]}},"_links":{"self":[{"href":"https:\/\/www.africa-press.net\/cotedivoire\/wp-json\/wp\/v2\/posts\/106620","targetHints":{"allow":["GET"]}}],"collection":[{"href":"https:\/\/www.africa-press.net\/cotedivoire\/wp-json\/wp\/v2\/posts"}],"about":[{"href":"https:\/\/www.africa-press.net\/cotedivoire\/wp-json\/wp\/v2\/types\/post"}],"author":[{"embeddable":true,"href":"https:\/\/www.africa-press.net\/cotedivoire\/wp-json\/wp\/v2\/users\/82"}],"replies":[{"embeddable":true,"href":"https:\/\/www.africa-press.net\/cotedivoire\/wp-json\/wp\/v2\/comments?post=106620"}],"version-history":[{"count":0,"href":"https:\/\/www.africa-press.net\/cotedivoire\/wp-json\/wp\/v2\/posts\/106620\/revisions"}],"wp:featuredmedia":[{"embeddable":true,"href":"https:\/\/www.africa-press.net\/cotedivoire\/wp-json\/wp\/v2\/media\/106619"}],"wp:attachment":[{"href":"https:\/\/www.africa-press.net\/cotedivoire\/wp-json\/wp\/v2\/media?parent=106620"}],"wp:term":[{"taxonomy":"category","embeddable":true,"href":"https:\/\/www.africa-press.net\/cotedivoire\/wp-json\/wp\/v2\/categories?post=106620"},{"taxonomy":"post_tag","embeddable":true,"href":"https:\/\/www.africa-press.net\/cotedivoire\/wp-json\/wp\/v2\/tags?post=106620"}],"curies":[{"name":"wp","href":"https:\/\/api.w.org\/{rel}","templated":true}]}}