{"id":106699,"date":"2025-10-14T18:10:08","date_gmt":"2025-10-14T18:10:08","guid":{"rendered":"https:\/\/www.africa-press.net\/cotedivoire\/politique\/bruno-kone-mobilise-la-jeunesse-de-la-bagoue"},"modified":"2025-10-14T18:37:15","modified_gmt":"2025-10-14T18:37:15","slug":"bruno-kone-mobilise-la-jeunesse-de-la-bagoue","status":"publish","type":"post","link":"https:\/\/www.africa-press.net\/cotedivoire\/politique\/bruno-kone-mobilise-la-jeunesse-de-la-bagoue","title":{"rendered":"Bruno Kon\u00e9 Mobilise la Jeunesse de la Bagou\u00e9"},"content":{"rendered":"<p><span style=\"color: #ff6600\"><strong>Africa-Press &#8211; C\u00f4te d&rsquo;Ivoire. <\/strong><\/span>Le ministre Bruno Nabagne\u0301 Kone\u0301, Directeur Re\u0301gional de Campagne pour Alassane Ouattara, a lance\u0301 le lundi 13 octobre 2025 la campagne pour les e\u0301lections pre\u0301sidentielles dans la re\u0301gion de la Bagoue\u0301, en animant un meeting gigantesque avec les jeunes du Rhdp au sie\u0300ge du parti a\u0300 Boundiali. Cet e\u0301ve\u0301nement a rassemble\u0301 plusieurs milliers de jeunes venus des de\u0301partements voisins pour entendre les directives de leur candidat a\u0300 l\u2019approche du scrutin du 25 octobre.<\/p>\n<p>Bruno Kone\u0301 a exhorte\u0301 les jeunes pre\u0301sents a\u0300 maintenir leur engagement envers le Rhdp et Alassane Ouattara, soulignant l\u2019importance de leur ro\u0302le en tant qu\u2019ambassadeurs de la campagne. Il a insiste\u0301 sur l\u2019urgence de se mobiliser massivement lors du jour du vote, afin de remercier le pre\u0301sident pour les nombreuses re\u0301alisations en faveur de la re\u0301gion. \u00ab Dans la Bagoue\u0301, Alassane Ouattara a de\u0301ja\u0300 gagne\u0301. Ce que nous cherchons de\u0301sormais, c&rsquo;est un taux de participation e\u0301leve\u0301 pour exprimer notre gratitude pour tout ce qu&rsquo;il a fait pour nous \u00bb, a-t-il de\u0301clare\u0301 avec enthousiasme.<\/p>\n<p>La ministre Mariatou Kone\u0301, directrice de campagne adjointe, a e\u0301galement pris la parole pour rappeler les multiples avance\u0301es en matie\u0300re de de\u0301veloppement dont la re\u0301gion a be\u0301ne\u0301ficie\u0301 depuis l\u2019accession du pre\u0301sident Ouattara au pouvoir. Elle a e\u0301voque\u0301 les ame\u0301liorations notables dans les infrastructures scolaires, routie\u0300res et l\u2019e\u0301lectrification rurale, soulignant que ces initiatives ont contribue\u0301 a\u0300 l\u2019ame\u0301lioration des conditions de vie des populations locales. Pour elle, la continuite\u0301 de ces actions passe ne\u0301cessairement par un soutien sans faille a\u0300 Alassane Ouattara.<\/p>\n<p>Les jeunes de la Bagoue\u0301, repre\u0301sente\u0301s par leur porte-parole Youssouf Diarrassouba, ont exprime\u0301 leur de\u0301termination a\u0300 renouveler leur soutien a\u0300 celui qui, selon eux, a fait plus que n&rsquo;importe quel autre pre\u0301sident pour les jeunes du pays. Ils ont cite\u0301 les nombreux programmes d\u2019insertion professionnelle, le financement de projets ge\u0301ne\u0301rateurs de revenus, ainsi que l\u2019accroissement des offres de formation avec la construction de milliers de salles de classe, de nouvelles universite\u0301s et d\u2019e\u0301coles de formation professionnelle. \u00ab Alassane Ouattara a investi dans notre avenir \u00bb, ont-ils affirme\u0301, assurant que leur vote serait une manifestation de reconnaissance et de confiance envers le pre\u0301sident sortant.<\/p>\n<p>A\u0300 l\u2019issue de ce rassemblement, les jeunes de la Bagoue\u0301 ont promis un soutien massif au chef de l\u2019E\u0301tat le 25 octobre, convaincus que sa re\u0301e\u0301lection est la cle\u0301 pour la poursuite des progre\u0300s et du de\u0301veloppement de leur re\u0301gion et de tout le pays.<\/p>\n<p><strong>Pour plus d&rsquo;informations et d&rsquo;analyses sur la <span style=\"color: #ff6600\">C\u00f4te d&rsquo;Ivoire<\/span>, suivez <span style=\"color: #ff6600\">Africa-Press<\/span><\/strong><\/p>\n","protected":false},"excerpt":{"rendered":"<p>Africa-Press &#8211; C\u00f4te d&rsquo;Ivoire. Le ministre Bruno Nabagne\u0301 Kone\u0301, Directeur Re\u0301gional de Campagne pour Alassane Ouattara, a lance\u0301 le lundi 13 octobre 2025 la campagne pour les e\u0301lections pre\u0301sidentielles dans la re\u0301gion de la Bagoue\u0301, en animant un meeting gigantesque avec les jeunes du Rhdp au sie\u0300ge du parti a\u0300 Boundiali. Cet e\u0301ve\u0301nement a rassemble\u0301 [&hellip;]<\/p>\n","protected":false},"author":82,"featured_media":106697,"comment_status":"open","ping_status":"closed","sticky":false,"template":"","format":"standard","meta":{"footnotes":""},"categories":[2,10],"tags":[38,4229,403,5252,29,401,371],"class_list":["post-106699","post","type-post","status-publish","format-standard","has-post-thumbnail","hentry","category-politique","category-toutes-les-actualites","tag-alassane-ouattara","tag-boundiali","tag-bruno","tag-candidat","tag-cote-divoire","tag-kone","tag-rhdp"],"yoast_head":"<!-- This site is optimized with the Yoast SEO Premium plugin v26.1 (Yoast SEO v27.0) - https:\/\/yoast.com\/product\/yoast-seo-premium-wordpress\/ -->\n<title>Bruno Kon\u00e9 Mobilise la Jeunesse de la Bagou\u00e9 - C\u00f4te d&#039;Ivoire<\/title>\n<meta name=\"description\" content=\"Le ministre Bruno Nabagne\u0301 Kone\u0301, Directeur Re\u0301gional de Campagne pour Alassane Ouattara, a lance\u0301 le lundi 13 octobre 2 ...\" \/>\n<meta name=\"robots\" content=\"index, follow, max-snippet:-1, max-image-preview:large, max-video-preview:-1\" \/>\n<link rel=\"canonical\" href=\"https:\/\/www.africa-press.net\/cotedivoire\/politique\/bruno-kone-mobilise-la-jeunesse-de-la-bagoue\" \/>\n<meta property=\"og:locale\" content=\"fr_FR\" \/>\n<meta property=\"og:type\" content=\"article\" \/>\n<meta property=\"og:title\" content=\"Bruno Kon\u00e9 Mobilise la Jeunesse de la Bagou\u00e9\" \/>\n<meta property=\"og:description\" content=\"Le ministre Bruno Nabagne\u0301 Kone\u0301, Directeur Re\u0301gional de Campagne pour Alassane Ouattara, a lance\u0301 le lundi 13 octobre 2 ...\" \/>\n<meta property=\"og:url\" content=\"https:\/\/www.africa-press.net\/cotedivoire\/politique\/bruno-kone-mobilise-la-jeunesse-de-la-bagoue\" \/>\n<meta property=\"og:site_name\" content=\"C\u00f4te d&#039;Ivoire\" \/>\n<meta property=\"article:published_time\" content=\"2025-10-14T18:10:08+00:00\" \/>\n<meta property=\"article:modified_time\" content=\"2025-10-14T18:37:15+00:00\" \/>\n<meta property=\"og:image\" content=\"https:\/\/static.africa-press.net\/cote\/sites\/43\/2025\/10\/sm_1760454410.384648.jpg\" \/>\n\t<meta property=\"og:image:width\" content=\"720\" \/>\n\t<meta property=\"og:image:height\" content=\"456\" \/>\n\t<meta property=\"og:image:type\" content=\"image\/jpeg\" \/>\n<meta name=\"author\" content=\"cfeditorfr\" \/>\n<meta name=\"twitter:card\" content=\"summary_large_image\" \/>\n<meta name=\"twitter:label1\" content=\"\u00c9crit par\" \/>\n\t<meta name=\"twitter:data1\" content=\"cfeditorfr\" \/>\n\t<meta name=\"twitter:label2\" content=\"Dur\u00e9e de lecture estim\u00e9e\" \/>\n\t<meta name=\"twitter:data2\" content=\"3 minutes\" \/>\n<script type=\"application\/ld+json\" class=\"yoast-schema-graph\">{\"@context\":\"https:\/\/schema.org\",\"@graph\":[{\"@type\":\"Article\",\"@id\":\"https:\/\/www.africa-press.net\/cotedivoire\/politique\/bruno-kone-mobilise-la-jeunesse-de-la-bagoue#article\",\"isPartOf\":{\"@id\":\"https:\/\/www.africa-press.net\/cotedivoire\/politique\/bruno-kone-mobilise-la-jeunesse-de-la-bagoue\"},\"author\":{\"name\":\"cfeditorfr\",\"@id\":\"https:\/\/www.africa-press.net\/cotedivoire\/#\/schema\/person\/2b1cf3cd81a31e3cd26889ca66d677f1\"},\"headline\":\"Bruno Kon\u00e9 Mobilise la Jeunesse de la Bagou\u00e9\",\"datePublished\":\"2025-10-14T18:10:08+00:00\",\"dateModified\":\"2025-10-14T18:37:15+00:00\",\"mainEntityOfPage\":{\"@id\":\"https:\/\/www.africa-press.net\/cotedivoire\/politique\/bruno-kone-mobilise-la-jeunesse-de-la-bagoue\"},\"wordCount\":476,\"commentCount\":0,\"image\":{\"@id\":\"https:\/\/www.africa-press.net\/cotedivoire\/politique\/bruno-kone-mobilise-la-jeunesse-de-la-bagoue#primaryimage\"},\"thumbnailUrl\":\"https:\/\/static.africa-press.net\/cote\/sites\/43\/2025\/10\/sm_1760454410.384648.jpg\",\"keywords\":[\"Alassane Ouattara\",\"Boundiali\",\"Bruno\",\"candidat\",\"C\u00d4TE D'IVOIRE\",\"Kon\u00e9\",\"RHDP\"],\"articleSection\":[\"Politique\",\"Toutes les actualit\u00e9s\"],\"inLanguage\":\"fr-FR\",\"potentialAction\":[{\"@type\":\"CommentAction\",\"name\":\"Comment\",\"target\":[\"https:\/\/www.africa-press.net\/cotedivoire\/politique\/bruno-kone-mobilise-la-jeunesse-de-la-bagoue#respond\"]}]},{\"@type\":\"WebPage\",\"@id\":\"https:\/\/www.africa-press.net\/cotedivoire\/politique\/bruno-kone-mobilise-la-jeunesse-de-la-bagoue\",\"url\":\"https:\/\/www.africa-press.net\/cotedivoire\/politique\/bruno-kone-mobilise-la-jeunesse-de-la-bagoue\",\"name\":\"Bruno Kon\u00e9 Mobilise la Jeunesse de la Bagou\u00e9 - C\u00f4te d&#039;Ivoire\",\"isPartOf\":{\"@id\":\"https:\/\/www.africa-press.net\/cotedivoire\/#website\"},\"primaryImageOfPage\":{\"@id\":\"https:\/\/www.africa-press.net\/cotedivoire\/politique\/bruno-kone-mobilise-la-jeunesse-de-la-bagoue#primaryimage\"},\"image\":{\"@id\":\"https:\/\/www.africa-press.net\/cotedivoire\/politique\/bruno-kone-mobilise-la-jeunesse-de-la-bagoue#primaryimage\"},\"thumbnailUrl\":\"https:\/\/static.africa-press.net\/cote\/sites\/43\/2025\/10\/sm_1760454410.384648.jpg\",\"datePublished\":\"2025-10-14T18:10:08+00:00\",\"dateModified\":\"2025-10-14T18:37:15+00:00\",\"author\":{\"@id\":\"https:\/\/www.africa-press.net\/cotedivoire\/#\/schema\/person\/2b1cf3cd81a31e3cd26889ca66d677f1\"},\"description\":\"Le ministre Bruno Nabagne\u0301 Kone\u0301, Directeur Re\u0301gional de Campagne pour Alassane Ouattara, a lance\u0301 le lundi 13 octobre 2 ...\",\"breadcrumb\":{\"@id\":\"https:\/\/www.africa-press.net\/cotedivoire\/politique\/bruno-kone-mobilise-la-jeunesse-de-la-bagoue#breadcrumb\"},\"inLanguage\":\"fr-FR\",\"potentialAction\":[{\"@type\":\"ReadAction\",\"target\":[\"https:\/\/www.africa-press.net\/cotedivoire\/politique\/bruno-kone-mobilise-la-jeunesse-de-la-bagoue\"]}]},{\"@type\":\"ImageObject\",\"inLanguage\":\"fr-FR\",\"@id\":\"https:\/\/www.africa-press.net\/cotedivoire\/politique\/bruno-kone-mobilise-la-jeunesse-de-la-bagoue#primaryimage\",\"url\":\"https:\/\/static.africa-press.net\/cote\/sites\/43\/2025\/10\/sm_1760454410.384648.jpg\",\"contentUrl\":\"https:\/\/static.africa-press.net\/cote\/sites\/43\/2025\/10\/sm_1760454410.384648.jpg\",\"width\":720,\"height\":456,\"caption\":\"Bruno Kon\u00e9 Mobilise la Jeunesse de la Bagou\u00e9\"},{\"@type\":\"BreadcrumbList\",\"@id\":\"https:\/\/www.africa-press.net\/cotedivoire\/politique\/bruno-kone-mobilise-la-jeunesse-de-la-bagoue#breadcrumb\",\"itemListElement\":[{\"@type\":\"ListItem\",\"position\":1,\"name\":\"Accueil\",\"item\":\"https:\/\/www.africa-press.net\/cotedivoire\/\"},{\"@type\":\"ListItem\",\"position\":2,\"name\":\"Bruno Kon\u00e9 Mobilise la Jeunesse de la Bagou\u00e9\"}]},{\"@type\":\"WebSite\",\"@id\":\"https:\/\/www.africa-press.net\/cotedivoire\/#website\",\"url\":\"https:\/\/www.africa-press.net\/cotedivoire\/\",\"name\":\"C\u00f4te d&#039;Ivoire\",\"description\":\"Just another Africa News Agency Sites site\",\"potentialAction\":[{\"@type\":\"SearchAction\",\"target\":{\"@type\":\"EntryPoint\",\"urlTemplate\":\"https:\/\/www.africa-press.net\/cotedivoire\/?s={search_term_string}\"},\"query-input\":{\"@type\":\"PropertyValueSpecification\",\"valueRequired\":true,\"valueName\":\"search_term_string\"}}],\"inLanguage\":\"fr-FR\"},{\"@type\":\"Person\",\"@id\":\"https:\/\/www.africa-press.net\/cotedivoire\/#\/schema\/person\/2b1cf3cd81a31e3cd26889ca66d677f1\",\"name\":\"cfeditorfr\"}]}<\/script>\n<!-- \/ Yoast SEO Premium plugin. -->","yoast_head_json":{"title":"Bruno Kon\u00e9 Mobilise la Jeunesse de la Bagou\u00e9 - C\u00f4te d&#039;Ivoire","description":"Le ministre Bruno Nabagne\u0301 Kone\u0301, Directeur Re\u0301gional de Campagne pour Alassane Ouattara, a lance\u0301 le lundi 13 octobre 2 ...","robots":{"index":"index","follow":"follow","max-snippet":"max-snippet:-1","max-image-preview":"max-image-preview:large","max-video-preview":"max-video-preview:-1"},"canonical":"https:\/\/www.africa-press.net\/cotedivoire\/politique\/bruno-kone-mobilise-la-jeunesse-de-la-bagoue","og_locale":"fr_FR","og_type":"article","og_title":"Bruno Kon\u00e9 Mobilise la Jeunesse de la Bagou\u00e9","og_description":"Le ministre Bruno Nabagne\u0301 Kone\u0301, Directeur Re\u0301gional de Campagne pour Alassane Ouattara, a lance\u0301 le lundi 13 octobre 2 ...","og_url":"https:\/\/www.africa-press.net\/cotedivoire\/politique\/bruno-kone-mobilise-la-jeunesse-de-la-bagoue","og_site_name":"C\u00f4te d&#039;Ivoire","article_published_time":"2025-10-14T18:10:08+00:00","article_modified_time":"2025-10-14T18:37:15+00:00","og_image":[{"width":720,"height":456,"url":"https:\/\/static.africa-press.net\/cote\/sites\/43\/2025\/10\/sm_1760454410.384648.jpg","type":"image\/jpeg"}],"author":"cfeditorfr","twitter_card":"summary_large_image","twitter_misc":{"\u00c9crit par":"cfeditorfr","Dur\u00e9e de lecture estim\u00e9e":"3 minutes"},"schema":{"@context":"https:\/\/schema.org","@graph":[{"@type":"Article","@id":"https:\/\/www.africa-press.net\/cotedivoire\/politique\/bruno-kone-mobilise-la-jeunesse-de-la-bagoue#article","isPartOf":{"@id":"https:\/\/www.africa-press.net\/cotedivoire\/politique\/bruno-kone-mobilise-la-jeunesse-de-la-bagoue"},"author":{"name":"cfeditorfr","@id":"https:\/\/www.africa-press.net\/cotedivoire\/#\/schema\/person\/2b1cf3cd81a31e3cd26889ca66d677f1"},"headline":"Bruno Kon\u00e9 Mobilise la Jeunesse de la Bagou\u00e9","datePublished":"2025-10-14T18:10:08+00:00","dateModified":"2025-10-14T18:37:15+00:00","mainEntityOfPage":{"@id":"https:\/\/www.africa-press.net\/cotedivoire\/politique\/bruno-kone-mobilise-la-jeunesse-de-la-bagoue"},"wordCount":476,"commentCount":0,"image":{"@id":"https:\/\/www.africa-press.net\/cotedivoire\/politique\/bruno-kone-mobilise-la-jeunesse-de-la-bagoue#primaryimage"},"thumbnailUrl":"https:\/\/static.africa-press.net\/cote\/sites\/43\/2025\/10\/sm_1760454410.384648.jpg","keywords":["Alassane Ouattara","Boundiali","Bruno","candidat","C\u00d4TE D'IVOIRE","Kon\u00e9","RHDP"],"articleSection":["Politique","Toutes les actualit\u00e9s"],"inLanguage":"fr-FR","potentialAction":[{"@type":"CommentAction","name":"Comment","target":["https:\/\/www.africa-press.net\/cotedivoire\/politique\/bruno-kone-mobilise-la-jeunesse-de-la-bagoue#respond"]}]},{"@type":"WebPage","@id":"https:\/\/www.africa-press.net\/cotedivoire\/politique\/bruno-kone-mobilise-la-jeunesse-de-la-bagoue","url":"https:\/\/www.africa-press.net\/cotedivoire\/politique\/bruno-kone-mobilise-la-jeunesse-de-la-bagoue","name":"Bruno Kon\u00e9 Mobilise la Jeunesse de la Bagou\u00e9 - C\u00f4te d&#039;Ivoire","isPartOf":{"@id":"https:\/\/www.africa-press.net\/cotedivoire\/#website"},"primaryImageOfPage":{"@id":"https:\/\/www.africa-press.net\/cotedivoire\/politique\/bruno-kone-mobilise-la-jeunesse-de-la-bagoue#primaryimage"},"image":{"@id":"https:\/\/www.africa-press.net\/cotedivoire\/politique\/bruno-kone-mobilise-la-jeunesse-de-la-bagoue#primaryimage"},"thumbnailUrl":"https:\/\/static.africa-press.net\/cote\/sites\/43\/2025\/10\/sm_1760454410.384648.jpg","datePublished":"2025-10-14T18:10:08+00:00","dateModified":"2025-10-14T18:37:15+00:00","author":{"@id":"https:\/\/www.africa-press.net\/cotedivoire\/#\/schema\/person\/2b1cf3cd81a31e3cd26889ca66d677f1"},"description":"Le ministre Bruno Nabagne\u0301 Kone\u0301, Directeur Re\u0301gional de Campagne pour Alassane Ouattara, a lance\u0301 le lundi 13 octobre 2 ...","breadcrumb":{"@id":"https:\/\/www.africa-press.net\/cotedivoire\/politique\/bruno-kone-mobilise-la-jeunesse-de-la-bagoue#breadcrumb"},"inLanguage":"fr-FR","potentialAction":[{"@type":"ReadAction","target":["https:\/\/www.africa-press.net\/cotedivoire\/politique\/bruno-kone-mobilise-la-jeunesse-de-la-bagoue"]}]},{"@type":"ImageObject","inLanguage":"fr-FR","@id":"https:\/\/www.africa-press.net\/cotedivoire\/politique\/bruno-kone-mobilise-la-jeunesse-de-la-bagoue#primaryimage","url":"https:\/\/static.africa-press.net\/cote\/sites\/43\/2025\/10\/sm_1760454410.384648.jpg","contentUrl":"https:\/\/static.africa-press.net\/cote\/sites\/43\/2025\/10\/sm_1760454410.384648.jpg","width":720,"height":456,"caption":"Bruno Kon\u00e9 Mobilise la Jeunesse de la Bagou\u00e9"},{"@type":"BreadcrumbList","@id":"https:\/\/www.africa-press.net\/cotedivoire\/politique\/bruno-kone-mobilise-la-jeunesse-de-la-bagoue#breadcrumb","itemListElement":[{"@type":"ListItem","position":1,"name":"Accueil","item":"https:\/\/www.africa-press.net\/cotedivoire\/"},{"@type":"ListItem","position":2,"name":"Bruno Kon\u00e9 Mobilise la Jeunesse de la Bagou\u00e9"}]},{"@type":"WebSite","@id":"https:\/\/www.africa-press.net\/cotedivoire\/#website","url":"https:\/\/www.africa-press.net\/cotedivoire\/","name":"C\u00f4te d&#039;Ivoire","description":"Just another Africa News Agency Sites site","potentialAction":[{"@type":"SearchAction","target":{"@type":"EntryPoint","urlTemplate":"https:\/\/www.africa-press.net\/cotedivoire\/?s={search_term_string}"},"query-input":{"@type":"PropertyValueSpecification","valueRequired":true,"valueName":"search_term_string"}}],"inLanguage":"fr-FR"},{"@type":"Person","@id":"https:\/\/www.africa-press.net\/cotedivoire\/#\/schema\/person\/2b1cf3cd81a31e3cd26889ca66d677f1","name":"cfeditorfr"}]}},"_links":{"self":[{"href":"https:\/\/www.africa-press.net\/cotedivoire\/wp-json\/wp\/v2\/posts\/106699","targetHints":{"allow":["GET"]}}],"collection":[{"href":"https:\/\/www.africa-press.net\/cotedivoire\/wp-json\/wp\/v2\/posts"}],"about":[{"href":"https:\/\/www.africa-press.net\/cotedivoire\/wp-json\/wp\/v2\/types\/post"}],"author":[{"embeddable":true,"href":"https:\/\/www.africa-press.net\/cotedivoire\/wp-json\/wp\/v2\/users\/82"}],"replies":[{"embeddable":true,"href":"https:\/\/www.africa-press.net\/cotedivoire\/wp-json\/wp\/v2\/comments?post=106699"}],"version-history":[{"count":0,"href":"https:\/\/www.africa-press.net\/cotedivoire\/wp-json\/wp\/v2\/posts\/106699\/revisions"}],"wp:featuredmedia":[{"embeddable":true,"href":"https:\/\/www.africa-press.net\/cotedivoire\/wp-json\/wp\/v2\/media\/106697"}],"wp:attachment":[{"href":"https:\/\/www.africa-press.net\/cotedivoire\/wp-json\/wp\/v2\/media?parent=106699"}],"wp:term":[{"taxonomy":"category","embeddable":true,"href":"https:\/\/www.africa-press.net\/cotedivoire\/wp-json\/wp\/v2\/categories?post=106699"},{"taxonomy":"post_tag","embeddable":true,"href":"https:\/\/www.africa-press.net\/cotedivoire\/wp-json\/wp\/v2\/tags?post=106699"}],"curies":[{"name":"wp","href":"https:\/\/api.w.org\/{rel}","templated":true}]}}