{"id":106711,"date":"2025-10-14T18:11:25","date_gmt":"2025-10-14T18:11:25","guid":{"rendered":"https:\/\/www.africa-press.net\/cotedivoire\/politique\/mobilisation-a-seguela-pour-la-presidentielle-2025"},"modified":"2025-10-14T18:39:56","modified_gmt":"2025-10-14T18:39:56","slug":"mobilisation-a-seguela-pour-la-presidentielle-2025","status":"publish","type":"post","link":"https:\/\/www.africa-press.net\/cotedivoire\/politique\/mobilisation-a-seguela-pour-la-presidentielle-2025","title":{"rendered":"Mobilisation \u00e0 S\u00e9gu\u00e9la pour la pr\u00e9sidentielle 2025"},"content":{"rendered":"<p><span style=\"color: #ff6600\"><strong>Africa-Press &#8211; C\u00f4te d&rsquo;Ivoire. <\/strong><\/span>Plus de 30 000 personnes rassemble\u0301es a\u0300 la Place de la Re\u0301publique pour le lancement officiel de la campagne du RHDP. Gaoussou Toure\u0301 salue une ferveur populaire sans pre\u0301ce\u0301dent en faveur d\u2019un \u00ab un coup K.O. \u00bb pour ADO.<\/p>\n<p>C\u2019est dans une ambiance e\u0301lectrise\u0301e et re\u0301solument engage\u0301e que le Rassemblement des Houphoue\u0308tistes pour la De\u0301mocratie et la Paix (RHDP) a officiellement lance\u0301 sa campagne pre\u0301sidentielle dans la re\u0301gion du Worodougou, avec pour objectif une victoire e\u0301clatante de\u0300s le premier tour pour son candidat, le pre\u0301sident sortant Alassane Ouattara.<\/p>\n<p>La Place de la Re\u0301publique de Se\u0301gue\u0301la a e\u0301te\u0301 litte\u0301ralement envahie par une foule estime\u0301e a\u0300 plus de 30 000 personnes, venues des quatre coins de la re\u0301gion, de\u0301termine\u0301es a\u0300 montrer leur soutien inde\u0301fectible au RHDP et a\u0300 ADO. De\u0300s les premie\u0300res heures de la matine\u0301e, jeunes, femmes, chefs traditionnels, leaders communautaires et militants e\u0301taient de\u0301ja\u0300 en place, dans une mare\u0301e humaine de drapeaux orange-blanc-vert et de slogans en faveur du candidat sortant.<\/p>\n<p>Pre\u0301sent a\u0300 cette ce\u0301re\u0301monie d\u2019envergure, Gaoussou Toure\u0301, superviseur de la campagne pour les Districts du Dengue\u0301le\u0301 et du Woroba, a exprime\u0301 sa grande satisfaction face a\u0300 cette de\u0301monstration de force.<\/p>\n<p>\u00ab Nous sommes venus vous dire merci de la part du Pre\u0301sident Alassane Ouattara. Il vous salue pour hier, pour aujourd\u2019hui et pour ce que vous ferez demain. Le Worodougou dit 100 % pour ADO \u00bb, a-t-il de\u0301clare\u0301 avec e\u0301motion.<\/p>\n<p>A\u0300 ses co\u0302te\u0301s, Bouake\u0301 Fofana, Directeur re\u0301gional de campagne, a renche\u0301ri:\u00ab Le Worodougou est pre\u0302t, debout et investi pour le 100 %. Un seul mot d\u2019ordre: un coup K.O. pour ADO. Ici, c\u2019est Adodougou ! \u00a0\u00bb<\/p>\n<p>Selon Gaoussou Kane\u0301, pre\u0301sident re\u0301gional de l\u2019Union des Jeunes du RHDP, plus de 20 000 jeunes e\u0301taient pre\u0301sents a\u0300 l\u2019e\u0301ve\u0301nement, mobilise\u0301s pour de\u0301fendre les acquis du re\u0301gime et s\u2019assurer de leur continuite\u0301.<\/p>\n<p>Kadi Bakayoko, pre\u0301sidente re\u0301gionale des Femmes RHDP, a pour sa part salue\u0301 la pre\u0301sence de plus de 10 000 femmes, de\u0301termine\u0301es a\u0300 participer activement a\u0300 la campagne.<\/p>\n<p>Point d\u2019orgue de cette journe\u0301e, la prestation exceptionnelle du ce\u0301le\u0300bre artiste reggae ivoirien Ismae\u0308l Isaac a conquis la foule. Entre rythmes engage\u0301s et messages de paix, l\u2019artiste a donne\u0301 une autre dimension a\u0300 cet e\u0301ve\u0301nement, me\u0302lant culture et engagement citoyen.<\/p>\n<p>Pour Adama Dosso, Directeur re\u0301gional de campagne associe\u0301, la forte adhe\u0301sion populaire s\u2019explique par les nombreuses re\u0301alisations du Pre\u0301sident Ouattara dans la re\u0301gion: infrastructures routie\u0300res, e\u0301lectrification rurale (pre\u0300s de 100 %), e\u0301coles, centres de sante\u0301&#8230;<\/p>\n<p>\u00ab Alassane Ouattara est le choix de la raison, de l\u2019efficacite\u0301 et du de\u0301veloppement. Votons pour lui afin qu\u2019il poursuive son \u0153uvre \u00bb, a-t-il exhorte\u0301.<\/p>\n<p>La population du Worodougou, qui compte 103 216 e\u0301lecteurs inscrits, a e\u0301te\u0301 invite\u0301e a\u0300 aller retirer leurs cartes et a\u0300 voter massivement.<\/p>\n<p>Ce lancement spectaculaire n\u2019est que le de\u0301but. La Direction re\u0301gionale de campagne a annonce\u0301 la poursuite de la mobilisation dans toutes les sous-pre\u0301fectures de la re\u0301gion, avec un meeting de clo\u0302ture pre\u0301vu le 22 octobre a\u0300 Kani.<\/p>\n<p>Le Worodougou a lance\u0301 un message fort: Alassane Ouattara reste le choix populaire pour 2025. Avec une mobilisation aussi massive, une organisation bien huile\u0301e et une ferveur militante palpable, le RHDP semble avoir pris une longueur d\u2019avance dans cette pre\u0301sidentielle cruciale.<\/p>\n<p><strong>Pour plus d&rsquo;informations et d&rsquo;analyses sur la <span style=\"color: #ff6600\">C\u00f4te d&rsquo;Ivoire<\/span>, suivez <span style=\"color: #ff6600\">Africa-Press<\/span><\/strong><\/p>\n","protected":false},"excerpt":{"rendered":"<p>Africa-Press &#8211; C\u00f4te d&rsquo;Ivoire. Plus de 30 000 personnes rassemble\u0301es a\u0300 la Place de la Re\u0301publique pour le lancement officiel de la campagne du RHDP. Gaoussou Toure\u0301 salue une ferveur populaire sans pre\u0301ce\u0301dent en faveur d\u2019un \u00ab un coup K.O. \u00bb pour ADO. C\u2019est dans une ambiance e\u0301lectrise\u0301e et re\u0301solument engage\u0301e que le Rassemblement des [&hellip;]<\/p>\n","protected":false},"author":82,"featured_media":106709,"comment_status":"open","ping_status":"closed","sticky":false,"template":"","format":"standard","meta":{"footnotes":""},"categories":[2,10],"tags":[4379,677,29,6372,19173,371,1261,4022],"class_list":["post-106711","post","type-post","status-publish","format-standard","has-post-thumbnail","hentry","category-politique","category-toutes-les-actualites","tag-adama-dosso","tag-bouake-fofana","tag-cote-divoire","tag-gaoussou-toure","tag-ismael-isaac-alassane-ouattara","tag-rhdp","tag-seguela","tag-worodougou"],"yoast_head":"<!-- This site is optimized with the Yoast SEO Premium plugin v26.1 (Yoast SEO v27.0) - https:\/\/yoast.com\/product\/yoast-seo-premium-wordpress\/ -->\n<title>Mobilisation \u00e0 S\u00e9gu\u00e9la pour la pr\u00e9sidentielle 2025 - C\u00f4te d&#039;Ivoire<\/title>\n<meta name=\"description\" content=\"Plus de 30 000 personnes rassemble\u0301es a\u0300 la Place de la Re\u0301publique pour le lancement officiel de la campagne du RHDP. G ...\" \/>\n<meta name=\"robots\" content=\"index, follow, max-snippet:-1, max-image-preview:large, max-video-preview:-1\" \/>\n<link rel=\"canonical\" href=\"https:\/\/www.africa-press.net\/cotedivoire\/politique\/mobilisation-a-seguela-pour-la-presidentielle-2025\" \/>\n<meta property=\"og:locale\" content=\"fr_FR\" \/>\n<meta property=\"og:type\" content=\"article\" \/>\n<meta property=\"og:title\" content=\"Mobilisation \u00e0 S\u00e9gu\u00e9la pour la pr\u00e9sidentielle 2025\" \/>\n<meta property=\"og:description\" content=\"Plus de 30 000 personnes rassemble\u0301es a\u0300 la Place de la Re\u0301publique pour le lancement officiel de la campagne du RHDP. G ...\" \/>\n<meta property=\"og:url\" content=\"https:\/\/www.africa-press.net\/cotedivoire\/politique\/mobilisation-a-seguela-pour-la-presidentielle-2025\" \/>\n<meta property=\"og:site_name\" content=\"C\u00f4te d&#039;Ivoire\" \/>\n<meta property=\"article:published_time\" content=\"2025-10-14T18:11:25+00:00\" \/>\n<meta property=\"article:modified_time\" content=\"2025-10-14T18:39:56+00:00\" \/>\n<meta property=\"og:image\" content=\"https:\/\/static.africa-press.net\/cote\/sites\/43\/2025\/10\/sm_1760454532.440664.jpg\" \/>\n\t<meta property=\"og:image:width\" content=\"720\" \/>\n\t<meta property=\"og:image:height\" content=\"480\" \/>\n\t<meta property=\"og:image:type\" content=\"image\/jpeg\" \/>\n<meta name=\"author\" content=\"cfeditorfr\" \/>\n<meta name=\"twitter:card\" content=\"summary_large_image\" \/>\n<meta name=\"twitter:label1\" content=\"\u00c9crit par\" \/>\n\t<meta name=\"twitter:data1\" content=\"cfeditorfr\" \/>\n\t<meta name=\"twitter:label2\" content=\"Dur\u00e9e de lecture estim\u00e9e\" \/>\n\t<meta name=\"twitter:data2\" content=\"3 minutes\" \/>\n<script type=\"application\/ld+json\" class=\"yoast-schema-graph\">{\"@context\":\"https:\/\/schema.org\",\"@graph\":[{\"@type\":\"Article\",\"@id\":\"https:\/\/www.africa-press.net\/cotedivoire\/politique\/mobilisation-a-seguela-pour-la-presidentielle-2025#article\",\"isPartOf\":{\"@id\":\"https:\/\/www.africa-press.net\/cotedivoire\/politique\/mobilisation-a-seguela-pour-la-presidentielle-2025\"},\"author\":{\"name\":\"cfeditorfr\",\"@id\":\"https:\/\/www.africa-press.net\/cotedivoire\/#\/schema\/person\/2b1cf3cd81a31e3cd26889ca66d677f1\"},\"headline\":\"Mobilisation \u00e0 S\u00e9gu\u00e9la pour la pr\u00e9sidentielle 2025\",\"datePublished\":\"2025-10-14T18:11:25+00:00\",\"dateModified\":\"2025-10-14T18:39:56+00:00\",\"mainEntityOfPage\":{\"@id\":\"https:\/\/www.africa-press.net\/cotedivoire\/politique\/mobilisation-a-seguela-pour-la-presidentielle-2025\"},\"wordCount\":634,\"commentCount\":0,\"image\":{\"@id\":\"https:\/\/www.africa-press.net\/cotedivoire\/politique\/mobilisation-a-seguela-pour-la-presidentielle-2025#primaryimage\"},\"thumbnailUrl\":\"https:\/\/static.africa-press.net\/cote\/sites\/43\/2025\/10\/sm_1760454532.440664.jpg\",\"keywords\":[\"Adama Dosso\",\"Bouak\u00e9 Fofana\",\"C\u00d4TE D'IVOIRE\",\"Gaoussou Tour\u00e9\",\"Ismael Isaac Alassane Ouattara\",\"RHDP\",\"S\u00e9gu\u00e9la\",\"Worodougou\"],\"articleSection\":[\"Politique\",\"Toutes les actualit\u00e9s\"],\"inLanguage\":\"fr-FR\",\"potentialAction\":[{\"@type\":\"CommentAction\",\"name\":\"Comment\",\"target\":[\"https:\/\/www.africa-press.net\/cotedivoire\/politique\/mobilisation-a-seguela-pour-la-presidentielle-2025#respond\"]}]},{\"@type\":\"WebPage\",\"@id\":\"https:\/\/www.africa-press.net\/cotedivoire\/politique\/mobilisation-a-seguela-pour-la-presidentielle-2025\",\"url\":\"https:\/\/www.africa-press.net\/cotedivoire\/politique\/mobilisation-a-seguela-pour-la-presidentielle-2025\",\"name\":\"Mobilisation \u00e0 S\u00e9gu\u00e9la pour la pr\u00e9sidentielle 2025 - C\u00f4te d&#039;Ivoire\",\"isPartOf\":{\"@id\":\"https:\/\/www.africa-press.net\/cotedivoire\/#website\"},\"primaryImageOfPage\":{\"@id\":\"https:\/\/www.africa-press.net\/cotedivoire\/politique\/mobilisation-a-seguela-pour-la-presidentielle-2025#primaryimage\"},\"image\":{\"@id\":\"https:\/\/www.africa-press.net\/cotedivoire\/politique\/mobilisation-a-seguela-pour-la-presidentielle-2025#primaryimage\"},\"thumbnailUrl\":\"https:\/\/static.africa-press.net\/cote\/sites\/43\/2025\/10\/sm_1760454532.440664.jpg\",\"datePublished\":\"2025-10-14T18:11:25+00:00\",\"dateModified\":\"2025-10-14T18:39:56+00:00\",\"author\":{\"@id\":\"https:\/\/www.africa-press.net\/cotedivoire\/#\/schema\/person\/2b1cf3cd81a31e3cd26889ca66d677f1\"},\"description\":\"Plus de 30 000 personnes rassemble\u0301es a\u0300 la Place de la Re\u0301publique pour le lancement officiel de la campagne du RHDP. G ...\",\"breadcrumb\":{\"@id\":\"https:\/\/www.africa-press.net\/cotedivoire\/politique\/mobilisation-a-seguela-pour-la-presidentielle-2025#breadcrumb\"},\"inLanguage\":\"fr-FR\",\"potentialAction\":[{\"@type\":\"ReadAction\",\"target\":[\"https:\/\/www.africa-press.net\/cotedivoire\/politique\/mobilisation-a-seguela-pour-la-presidentielle-2025\"]}]},{\"@type\":\"ImageObject\",\"inLanguage\":\"fr-FR\",\"@id\":\"https:\/\/www.africa-press.net\/cotedivoire\/politique\/mobilisation-a-seguela-pour-la-presidentielle-2025#primaryimage\",\"url\":\"https:\/\/static.africa-press.net\/cote\/sites\/43\/2025\/10\/sm_1760454532.440664.jpg\",\"contentUrl\":\"https:\/\/static.africa-press.net\/cote\/sites\/43\/2025\/10\/sm_1760454532.440664.jpg\",\"width\":720,\"height\":480,\"caption\":\"Mobilisation \u00e0 S\u00e9gu\u00e9la pour la pr\u00e9sidentielle 2025\"},{\"@type\":\"BreadcrumbList\",\"@id\":\"https:\/\/www.africa-press.net\/cotedivoire\/politique\/mobilisation-a-seguela-pour-la-presidentielle-2025#breadcrumb\",\"itemListElement\":[{\"@type\":\"ListItem\",\"position\":1,\"name\":\"Accueil\",\"item\":\"https:\/\/www.africa-press.net\/cotedivoire\/\"},{\"@type\":\"ListItem\",\"position\":2,\"name\":\"Mobilisation \u00e0 S\u00e9gu\u00e9la pour la pr\u00e9sidentielle 2025\"}]},{\"@type\":\"WebSite\",\"@id\":\"https:\/\/www.africa-press.net\/cotedivoire\/#website\",\"url\":\"https:\/\/www.africa-press.net\/cotedivoire\/\",\"name\":\"C\u00f4te d&#039;Ivoire\",\"description\":\"Just another Africa News Agency Sites site\",\"potentialAction\":[{\"@type\":\"SearchAction\",\"target\":{\"@type\":\"EntryPoint\",\"urlTemplate\":\"https:\/\/www.africa-press.net\/cotedivoire\/?s={search_term_string}\"},\"query-input\":{\"@type\":\"PropertyValueSpecification\",\"valueRequired\":true,\"valueName\":\"search_term_string\"}}],\"inLanguage\":\"fr-FR\"},{\"@type\":\"Person\",\"@id\":\"https:\/\/www.africa-press.net\/cotedivoire\/#\/schema\/person\/2b1cf3cd81a31e3cd26889ca66d677f1\",\"name\":\"cfeditorfr\"}]}<\/script>\n<!-- \/ Yoast SEO Premium plugin. -->","yoast_head_json":{"title":"Mobilisation \u00e0 S\u00e9gu\u00e9la pour la pr\u00e9sidentielle 2025 - C\u00f4te d&#039;Ivoire","description":"Plus de 30 000 personnes rassemble\u0301es a\u0300 la Place de la Re\u0301publique pour le lancement officiel de la campagne du RHDP. G ...","robots":{"index":"index","follow":"follow","max-snippet":"max-snippet:-1","max-image-preview":"max-image-preview:large","max-video-preview":"max-video-preview:-1"},"canonical":"https:\/\/www.africa-press.net\/cotedivoire\/politique\/mobilisation-a-seguela-pour-la-presidentielle-2025","og_locale":"fr_FR","og_type":"article","og_title":"Mobilisation \u00e0 S\u00e9gu\u00e9la pour la pr\u00e9sidentielle 2025","og_description":"Plus de 30 000 personnes rassemble\u0301es a\u0300 la Place de la Re\u0301publique pour le lancement officiel de la campagne du RHDP. G ...","og_url":"https:\/\/www.africa-press.net\/cotedivoire\/politique\/mobilisation-a-seguela-pour-la-presidentielle-2025","og_site_name":"C\u00f4te d&#039;Ivoire","article_published_time":"2025-10-14T18:11:25+00:00","article_modified_time":"2025-10-14T18:39:56+00:00","og_image":[{"width":720,"height":480,"url":"https:\/\/static.africa-press.net\/cote\/sites\/43\/2025\/10\/sm_1760454532.440664.jpg","type":"image\/jpeg"}],"author":"cfeditorfr","twitter_card":"summary_large_image","twitter_misc":{"\u00c9crit par":"cfeditorfr","Dur\u00e9e de lecture estim\u00e9e":"3 minutes"},"schema":{"@context":"https:\/\/schema.org","@graph":[{"@type":"Article","@id":"https:\/\/www.africa-press.net\/cotedivoire\/politique\/mobilisation-a-seguela-pour-la-presidentielle-2025#article","isPartOf":{"@id":"https:\/\/www.africa-press.net\/cotedivoire\/politique\/mobilisation-a-seguela-pour-la-presidentielle-2025"},"author":{"name":"cfeditorfr","@id":"https:\/\/www.africa-press.net\/cotedivoire\/#\/schema\/person\/2b1cf3cd81a31e3cd26889ca66d677f1"},"headline":"Mobilisation \u00e0 S\u00e9gu\u00e9la pour la pr\u00e9sidentielle 2025","datePublished":"2025-10-14T18:11:25+00:00","dateModified":"2025-10-14T18:39:56+00:00","mainEntityOfPage":{"@id":"https:\/\/www.africa-press.net\/cotedivoire\/politique\/mobilisation-a-seguela-pour-la-presidentielle-2025"},"wordCount":634,"commentCount":0,"image":{"@id":"https:\/\/www.africa-press.net\/cotedivoire\/politique\/mobilisation-a-seguela-pour-la-presidentielle-2025#primaryimage"},"thumbnailUrl":"https:\/\/static.africa-press.net\/cote\/sites\/43\/2025\/10\/sm_1760454532.440664.jpg","keywords":["Adama Dosso","Bouak\u00e9 Fofana","C\u00d4TE D'IVOIRE","Gaoussou Tour\u00e9","Ismael Isaac Alassane Ouattara","RHDP","S\u00e9gu\u00e9la","Worodougou"],"articleSection":["Politique","Toutes les actualit\u00e9s"],"inLanguage":"fr-FR","potentialAction":[{"@type":"CommentAction","name":"Comment","target":["https:\/\/www.africa-press.net\/cotedivoire\/politique\/mobilisation-a-seguela-pour-la-presidentielle-2025#respond"]}]},{"@type":"WebPage","@id":"https:\/\/www.africa-press.net\/cotedivoire\/politique\/mobilisation-a-seguela-pour-la-presidentielle-2025","url":"https:\/\/www.africa-press.net\/cotedivoire\/politique\/mobilisation-a-seguela-pour-la-presidentielle-2025","name":"Mobilisation \u00e0 S\u00e9gu\u00e9la pour la pr\u00e9sidentielle 2025 - C\u00f4te d&#039;Ivoire","isPartOf":{"@id":"https:\/\/www.africa-press.net\/cotedivoire\/#website"},"primaryImageOfPage":{"@id":"https:\/\/www.africa-press.net\/cotedivoire\/politique\/mobilisation-a-seguela-pour-la-presidentielle-2025#primaryimage"},"image":{"@id":"https:\/\/www.africa-press.net\/cotedivoire\/politique\/mobilisation-a-seguela-pour-la-presidentielle-2025#primaryimage"},"thumbnailUrl":"https:\/\/static.africa-press.net\/cote\/sites\/43\/2025\/10\/sm_1760454532.440664.jpg","datePublished":"2025-10-14T18:11:25+00:00","dateModified":"2025-10-14T18:39:56+00:00","author":{"@id":"https:\/\/www.africa-press.net\/cotedivoire\/#\/schema\/person\/2b1cf3cd81a31e3cd26889ca66d677f1"},"description":"Plus de 30 000 personnes rassemble\u0301es a\u0300 la Place de la Re\u0301publique pour le lancement officiel de la campagne du RHDP. G ...","breadcrumb":{"@id":"https:\/\/www.africa-press.net\/cotedivoire\/politique\/mobilisation-a-seguela-pour-la-presidentielle-2025#breadcrumb"},"inLanguage":"fr-FR","potentialAction":[{"@type":"ReadAction","target":["https:\/\/www.africa-press.net\/cotedivoire\/politique\/mobilisation-a-seguela-pour-la-presidentielle-2025"]}]},{"@type":"ImageObject","inLanguage":"fr-FR","@id":"https:\/\/www.africa-press.net\/cotedivoire\/politique\/mobilisation-a-seguela-pour-la-presidentielle-2025#primaryimage","url":"https:\/\/static.africa-press.net\/cote\/sites\/43\/2025\/10\/sm_1760454532.440664.jpg","contentUrl":"https:\/\/static.africa-press.net\/cote\/sites\/43\/2025\/10\/sm_1760454532.440664.jpg","width":720,"height":480,"caption":"Mobilisation \u00e0 S\u00e9gu\u00e9la pour la pr\u00e9sidentielle 2025"},{"@type":"BreadcrumbList","@id":"https:\/\/www.africa-press.net\/cotedivoire\/politique\/mobilisation-a-seguela-pour-la-presidentielle-2025#breadcrumb","itemListElement":[{"@type":"ListItem","position":1,"name":"Accueil","item":"https:\/\/www.africa-press.net\/cotedivoire\/"},{"@type":"ListItem","position":2,"name":"Mobilisation \u00e0 S\u00e9gu\u00e9la pour la pr\u00e9sidentielle 2025"}]},{"@type":"WebSite","@id":"https:\/\/www.africa-press.net\/cotedivoire\/#website","url":"https:\/\/www.africa-press.net\/cotedivoire\/","name":"C\u00f4te d&#039;Ivoire","description":"Just another Africa News Agency Sites site","potentialAction":[{"@type":"SearchAction","target":{"@type":"EntryPoint","urlTemplate":"https:\/\/www.africa-press.net\/cotedivoire\/?s={search_term_string}"},"query-input":{"@type":"PropertyValueSpecification","valueRequired":true,"valueName":"search_term_string"}}],"inLanguage":"fr-FR"},{"@type":"Person","@id":"https:\/\/www.africa-press.net\/cotedivoire\/#\/schema\/person\/2b1cf3cd81a31e3cd26889ca66d677f1","name":"cfeditorfr"}]}},"_links":{"self":[{"href":"https:\/\/www.africa-press.net\/cotedivoire\/wp-json\/wp\/v2\/posts\/106711","targetHints":{"allow":["GET"]}}],"collection":[{"href":"https:\/\/www.africa-press.net\/cotedivoire\/wp-json\/wp\/v2\/posts"}],"about":[{"href":"https:\/\/www.africa-press.net\/cotedivoire\/wp-json\/wp\/v2\/types\/post"}],"author":[{"embeddable":true,"href":"https:\/\/www.africa-press.net\/cotedivoire\/wp-json\/wp\/v2\/users\/82"}],"replies":[{"embeddable":true,"href":"https:\/\/www.africa-press.net\/cotedivoire\/wp-json\/wp\/v2\/comments?post=106711"}],"version-history":[{"count":0,"href":"https:\/\/www.africa-press.net\/cotedivoire\/wp-json\/wp\/v2\/posts\/106711\/revisions"}],"wp:featuredmedia":[{"embeddable":true,"href":"https:\/\/www.africa-press.net\/cotedivoire\/wp-json\/wp\/v2\/media\/106709"}],"wp:attachment":[{"href":"https:\/\/www.africa-press.net\/cotedivoire\/wp-json\/wp\/v2\/media?parent=106711"}],"wp:term":[{"taxonomy":"category","embeddable":true,"href":"https:\/\/www.africa-press.net\/cotedivoire\/wp-json\/wp\/v2\/categories?post=106711"},{"taxonomy":"post_tag","embeddable":true,"href":"https:\/\/www.africa-press.net\/cotedivoire\/wp-json\/wp\/v2\/tags?post=106711"}],"curies":[{"name":"wp","href":"https:\/\/api.w.org\/{rel}","templated":true}]}}