{"id":106731,"date":"2025-10-14T18:18:14","date_gmt":"2025-10-14T18:18:14","guid":{"rendered":"https:\/\/www.africa-press.net\/cotedivoire\/politique\/tiemoko-meyliet-kone-lance-campagne-rhdp-a-katiola"},"modified":"2025-10-14T18:44:49","modified_gmt":"2025-10-14T18:44:49","slug":"tiemoko-meyliet-kone-lance-campagne-rhdp-a-katiola","status":"publish","type":"post","link":"https:\/\/www.africa-press.net\/cotedivoire\/politique\/tiemoko-meyliet-kone-lance-campagne-rhdp-a-katiola","title":{"rendered":"Ti\u00e9moko Meyliet Kon\u00e9 Lance Campagne RHDP \u00e0 Katiola"},"content":{"rendered":"<p><span style=\"color: #ff6600\"><strong>Africa-Press &#8211; C\u00f4te d&rsquo;Ivoire. <\/strong><\/span>La re\u0301gion du Hambol a donne\u0301 le ton de la campagne pre\u0301sidentielle du RHDP avec un lancement retentissant ce lundi a\u0300 Katiola. A\u0300 la te\u0302te de cette mobilisation, le Vice-Pre\u0301sident de la Re\u0301publique, Tie\u0301moko Meyliet Kone\u0301, pre\u0301sident du Comite\u0301 d\u2019orientation strate\u0301gique, a officiellement lance\u0301 la campagne du candidat Alassane Ouattara dans une atmosphe\u0300re de grande ferveur.<\/p>\n<p>Des milliers de militants venus des de\u0301partements de Katiola, Niakara et Dabakala ont converge\u0301 vers la place publique de Katiola, transforme\u0301e pour l\u2019occasion en ve\u0301ritable are\u0300ne de soutien populaire, comme constate\u0301 sur place par KOACI.<\/p>\n<p>Entoure\u0301 du Ministre d\u2019E\u0301tat Te\u0301ne\u0301 Birahima Ouattara, du Grand Chancelier Ali Coulibaly, Directeur ge\u0301ne\u0301ral de campagne dans le Hambol, et du Ministre Kalil Konate\u0301, Directeur re\u0301gional de campagne associe\u0301, le Vice-Pre\u0301sident a salue\u0301 l\u2019engagement massif des populations.<\/p>\n<p>\u00ab Le Pre\u0301sident Alassane Ouattara a entendu votre appel. Il a accepte\u0301 d\u2019e\u0302tre candidat pour pre\u0301server la paix, garantir la stabilite\u0301 et poursuivre le de\u0301veloppement de notre pays \u00bb, a de\u0301clare\u0301 Tie\u0301moko Meyliet Kone\u0301, sous une salve d\u2019applaudissements.<\/p>\n<p>Prenant la parole avec e\u0301nergie, le Ministre Kalil Konate\u0301 a dresse\u0301 un bilan e\u0301logieux du mandat du Pre\u0301sident sortant dans la re\u0301gion du Hambol, chiffres a\u0300 l\u2019appui.<\/p>\n<p>\u00ab Plus de 350 villages e\u0301lectrifie\u0301s, des routes modernise\u0301es, des centres de sante\u0301 re\u0301habilite\u0301s&#8230; Le Hambol a change\u0301 de visage gra\u0302ce au Pre\u0301sident Ouattara. Il me\u0301rite notre reconnaissance et notre fide\u0301lite\u0301 de\u0300s le premier tour \u00bb, a-t-il insiste\u0301.<\/p>\n<p>Le Grand Chancelier Ali Coulibaly a, pour sa part, salue\u0301 la cohe\u0301sion et la constance politique du Hambol: \u00ab Ici, la fide\u0301lite\u0301 n\u2019est pas un mot, c\u2019est une valeur. Le 25 octobre, votons massivement pour exprimer notre reconnaissance au Pre\u0301sident Ouattara. \u00bb<\/p>\n<p>Ho\u0302te de la ce\u0301re\u0301monie, le de\u0301pute\u0301-maire de Katiola, Thomas Camara, a remercie\u0301 le Vice-Pre\u0301sident pour sa pre\u0301sence et a appele\u0301 a\u0300 une mobilisation sans rela\u0302che: \u00ab\u00a0Le Hambol doit rester le bastion ine\u0301branlable du RHDP. Nous devons transformer notre ferveur en votes concrets. \u00bb<\/p>\n<p>Chants, danses traditionnelles, ovations et slogans&#8230; C\u2019est dans une ambiance festive et militante que la re\u0301gion du Hambol a re\u0301affirme\u0301 son attachement au RHDP et a\u0300 son candidat, Alassane Ouattara. Une de\u0301monstration de force qui augure d\u2019une campagne dynamique et d\u2019un soutien massif en faveur de la continuite\u0301.<\/p>\n<p><strong>Pour plus d&rsquo;informations et d&rsquo;analyses sur la <span style=\"color: #ff6600\">C\u00f4te d&rsquo;Ivoire<\/span>, suivez <span style=\"color: #ff6600\">Africa-Press<\/span><\/strong><\/p>\n","protected":false},"excerpt":{"rendered":"<p>Africa-Press &#8211; C\u00f4te d&rsquo;Ivoire. La re\u0301gion du Hambol a donne\u0301 le ton de la campagne pre\u0301sidentielle du RHDP avec un lancement retentissant ce lundi a\u0300 Katiola. A\u0300 la te\u0302te de cette mobilisation, le Vice-Pre\u0301sident de la Re\u0301publique, Tie\u0301moko Meyliet Kone\u0301, pre\u0301sident du Comite\u0301 d\u2019orientation strate\u0301gique, a officiellement lance\u0301 la campagne du candidat Alassane Ouattara dans [&hellip;]<\/p>\n","protected":false},"author":82,"featured_media":106730,"comment_status":"open","ping_status":"closed","sticky":false,"template":"","format":"standard","meta":{"footnotes":""},"categories":[2,10],"tags":[38,29,19176,3284,4160,742,371,9649,5615],"class_list":["post-106731","post","type-post","status-publish","format-standard","has-post-thumbnail","hentry","category-politique","category-toutes-les-actualites","tag-alassane-ouattara","tag-cote-divoire","tag-fidelite","tag-hambol","tag-katiola","tag-presidentielle-2025","tag-rhdp","tag-stabilite","tag-tiemoko-meyliet-kone"],"yoast_head":"<!-- This site is optimized with the Yoast SEO Premium plugin v26.1 (Yoast SEO v27.0) - https:\/\/yoast.com\/product\/yoast-seo-premium-wordpress\/ -->\n<title>Ti\u00e9moko Meyliet Kon\u00e9 Lance Campagne RHDP \u00e0 Katiola - C\u00f4te d&#039;Ivoire<\/title>\n<meta name=\"description\" content=\"La re\u0301gion du Hambol a donne\u0301 le ton de la campagne pre\u0301sidentielle du RHDP avec un lancement retentissant ce lundi a\u0300 K ...\" \/>\n<meta name=\"robots\" content=\"index, follow, max-snippet:-1, max-image-preview:large, max-video-preview:-1\" \/>\n<link rel=\"canonical\" href=\"https:\/\/www.africa-press.net\/cotedivoire\/politique\/tiemoko-meyliet-kone-lance-campagne-rhdp-a-katiola\" \/>\n<meta property=\"og:locale\" content=\"fr_FR\" \/>\n<meta property=\"og:type\" content=\"article\" \/>\n<meta property=\"og:title\" content=\"Ti\u00e9moko Meyliet Kon\u00e9 Lance Campagne RHDP \u00e0 Katiola\" \/>\n<meta property=\"og:description\" content=\"La re\u0301gion du Hambol a donne\u0301 le ton de la campagne pre\u0301sidentielle du RHDP avec un lancement retentissant ce lundi a\u0300 K ...\" \/>\n<meta property=\"og:url\" content=\"https:\/\/www.africa-press.net\/cotedivoire\/politique\/tiemoko-meyliet-kone-lance-campagne-rhdp-a-katiola\" \/>\n<meta property=\"og:site_name\" content=\"C\u00f4te d&#039;Ivoire\" \/>\n<meta property=\"article:published_time\" content=\"2025-10-14T18:18:14+00:00\" \/>\n<meta property=\"article:modified_time\" content=\"2025-10-14T18:44:49+00:00\" \/>\n<meta property=\"og:image\" content=\"https:\/\/static.africa-press.net\/cote\/sites\/43\/2025\/10\/sm_1760454843.665383.jpg\" \/>\n\t<meta property=\"og:image:width\" content=\"720\" \/>\n\t<meta property=\"og:image:height\" content=\"356\" \/>\n\t<meta property=\"og:image:type\" content=\"image\/jpeg\" \/>\n<meta name=\"author\" content=\"cfeditorfr\" \/>\n<meta name=\"twitter:card\" content=\"summary_large_image\" \/>\n<meta name=\"twitter:label1\" content=\"\u00c9crit par\" \/>\n\t<meta name=\"twitter:data1\" content=\"cfeditorfr\" \/>\n\t<meta name=\"twitter:label2\" content=\"Dur\u00e9e de lecture estim\u00e9e\" \/>\n\t<meta name=\"twitter:data2\" content=\"2 minutes\" \/>\n<script type=\"application\/ld+json\" class=\"yoast-schema-graph\">{\"@context\":\"https:\/\/schema.org\",\"@graph\":[{\"@type\":\"Article\",\"@id\":\"https:\/\/www.africa-press.net\/cotedivoire\/politique\/tiemoko-meyliet-kone-lance-campagne-rhdp-a-katiola#article\",\"isPartOf\":{\"@id\":\"https:\/\/www.africa-press.net\/cotedivoire\/politique\/tiemoko-meyliet-kone-lance-campagne-rhdp-a-katiola\"},\"author\":{\"name\":\"cfeditorfr\",\"@id\":\"https:\/\/www.africa-press.net\/cotedivoire\/#\/schema\/person\/2b1cf3cd81a31e3cd26889ca66d677f1\"},\"headline\":\"Ti\u00e9moko Meyliet Kon\u00e9 Lance Campagne RHDP \u00e0 Katiola\",\"datePublished\":\"2025-10-14T18:18:14+00:00\",\"dateModified\":\"2025-10-14T18:44:49+00:00\",\"mainEntityOfPage\":{\"@id\":\"https:\/\/www.africa-press.net\/cotedivoire\/politique\/tiemoko-meyliet-kone-lance-campagne-rhdp-a-katiola\"},\"wordCount\":450,\"commentCount\":0,\"image\":{\"@id\":\"https:\/\/www.africa-press.net\/cotedivoire\/politique\/tiemoko-meyliet-kone-lance-campagne-rhdp-a-katiola#primaryimage\"},\"thumbnailUrl\":\"https:\/\/static.africa-press.net\/cote\/sites\/43\/2025\/10\/sm_1760454843.665383.jpg\",\"keywords\":[\"Alassane Ouattara\",\"C\u00d4TE D'IVOIRE\",\"fid\u00e9lit\u00e9\",\"Hambol\",\"Katiola\",\"pr\u00e9sidentielle 2025\",\"RHDP\",\"stabilit\u00e9\",\"Ti\u00e9moko Meyliet Kon\u00e9\"],\"articleSection\":[\"Politique\",\"Toutes les actualit\u00e9s\"],\"inLanguage\":\"fr-FR\",\"potentialAction\":[{\"@type\":\"CommentAction\",\"name\":\"Comment\",\"target\":[\"https:\/\/www.africa-press.net\/cotedivoire\/politique\/tiemoko-meyliet-kone-lance-campagne-rhdp-a-katiola#respond\"]}]},{\"@type\":\"WebPage\",\"@id\":\"https:\/\/www.africa-press.net\/cotedivoire\/politique\/tiemoko-meyliet-kone-lance-campagne-rhdp-a-katiola\",\"url\":\"https:\/\/www.africa-press.net\/cotedivoire\/politique\/tiemoko-meyliet-kone-lance-campagne-rhdp-a-katiola\",\"name\":\"Ti\u00e9moko Meyliet Kon\u00e9 Lance Campagne RHDP \u00e0 Katiola - C\u00f4te d&#039;Ivoire\",\"isPartOf\":{\"@id\":\"https:\/\/www.africa-press.net\/cotedivoire\/#website\"},\"primaryImageOfPage\":{\"@id\":\"https:\/\/www.africa-press.net\/cotedivoire\/politique\/tiemoko-meyliet-kone-lance-campagne-rhdp-a-katiola#primaryimage\"},\"image\":{\"@id\":\"https:\/\/www.africa-press.net\/cotedivoire\/politique\/tiemoko-meyliet-kone-lance-campagne-rhdp-a-katiola#primaryimage\"},\"thumbnailUrl\":\"https:\/\/static.africa-press.net\/cote\/sites\/43\/2025\/10\/sm_1760454843.665383.jpg\",\"datePublished\":\"2025-10-14T18:18:14+00:00\",\"dateModified\":\"2025-10-14T18:44:49+00:00\",\"author\":{\"@id\":\"https:\/\/www.africa-press.net\/cotedivoire\/#\/schema\/person\/2b1cf3cd81a31e3cd26889ca66d677f1\"},\"description\":\"La re\u0301gion du Hambol a donne\u0301 le ton de la campagne pre\u0301sidentielle du RHDP avec un lancement retentissant ce lundi a\u0300 K ...\",\"breadcrumb\":{\"@id\":\"https:\/\/www.africa-press.net\/cotedivoire\/politique\/tiemoko-meyliet-kone-lance-campagne-rhdp-a-katiola#breadcrumb\"},\"inLanguage\":\"fr-FR\",\"potentialAction\":[{\"@type\":\"ReadAction\",\"target\":[\"https:\/\/www.africa-press.net\/cotedivoire\/politique\/tiemoko-meyliet-kone-lance-campagne-rhdp-a-katiola\"]}]},{\"@type\":\"ImageObject\",\"inLanguage\":\"fr-FR\",\"@id\":\"https:\/\/www.africa-press.net\/cotedivoire\/politique\/tiemoko-meyliet-kone-lance-campagne-rhdp-a-katiola#primaryimage\",\"url\":\"https:\/\/static.africa-press.net\/cote\/sites\/43\/2025\/10\/sm_1760454843.665383.jpg\",\"contentUrl\":\"https:\/\/static.africa-press.net\/cote\/sites\/43\/2025\/10\/sm_1760454843.665383.jpg\",\"width\":720,\"height\":356,\"caption\":\"Ti\u00e9moko Meyliet Kon\u00e9 Lance Campagne RHDP \u00e0 Katiola\"},{\"@type\":\"BreadcrumbList\",\"@id\":\"https:\/\/www.africa-press.net\/cotedivoire\/politique\/tiemoko-meyliet-kone-lance-campagne-rhdp-a-katiola#breadcrumb\",\"itemListElement\":[{\"@type\":\"ListItem\",\"position\":1,\"name\":\"Accueil\",\"item\":\"https:\/\/www.africa-press.net\/cotedivoire\/\"},{\"@type\":\"ListItem\",\"position\":2,\"name\":\"Ti\u00e9moko Meyliet Kon\u00e9 Lance Campagne RHDP \u00e0 Katiola\"}]},{\"@type\":\"WebSite\",\"@id\":\"https:\/\/www.africa-press.net\/cotedivoire\/#website\",\"url\":\"https:\/\/www.africa-press.net\/cotedivoire\/\",\"name\":\"C\u00f4te d&#039;Ivoire\",\"description\":\"Just another Africa News Agency Sites site\",\"potentialAction\":[{\"@type\":\"SearchAction\",\"target\":{\"@type\":\"EntryPoint\",\"urlTemplate\":\"https:\/\/www.africa-press.net\/cotedivoire\/?s={search_term_string}\"},\"query-input\":{\"@type\":\"PropertyValueSpecification\",\"valueRequired\":true,\"valueName\":\"search_term_string\"}}],\"inLanguage\":\"fr-FR\"},{\"@type\":\"Person\",\"@id\":\"https:\/\/www.africa-press.net\/cotedivoire\/#\/schema\/person\/2b1cf3cd81a31e3cd26889ca66d677f1\",\"name\":\"cfeditorfr\"}]}<\/script>\n<!-- \/ Yoast SEO Premium plugin. -->","yoast_head_json":{"title":"Ti\u00e9moko Meyliet Kon\u00e9 Lance Campagne RHDP \u00e0 Katiola - C\u00f4te d&#039;Ivoire","description":"La re\u0301gion du Hambol a donne\u0301 le ton de la campagne pre\u0301sidentielle du RHDP avec un lancement retentissant ce lundi a\u0300 K ...","robots":{"index":"index","follow":"follow","max-snippet":"max-snippet:-1","max-image-preview":"max-image-preview:large","max-video-preview":"max-video-preview:-1"},"canonical":"https:\/\/www.africa-press.net\/cotedivoire\/politique\/tiemoko-meyliet-kone-lance-campagne-rhdp-a-katiola","og_locale":"fr_FR","og_type":"article","og_title":"Ti\u00e9moko Meyliet Kon\u00e9 Lance Campagne RHDP \u00e0 Katiola","og_description":"La re\u0301gion du Hambol a donne\u0301 le ton de la campagne pre\u0301sidentielle du RHDP avec un lancement retentissant ce lundi a\u0300 K ...","og_url":"https:\/\/www.africa-press.net\/cotedivoire\/politique\/tiemoko-meyliet-kone-lance-campagne-rhdp-a-katiola","og_site_name":"C\u00f4te d&#039;Ivoire","article_published_time":"2025-10-14T18:18:14+00:00","article_modified_time":"2025-10-14T18:44:49+00:00","og_image":[{"width":720,"height":356,"url":"https:\/\/static.africa-press.net\/cote\/sites\/43\/2025\/10\/sm_1760454843.665383.jpg","type":"image\/jpeg"}],"author":"cfeditorfr","twitter_card":"summary_large_image","twitter_misc":{"\u00c9crit par":"cfeditorfr","Dur\u00e9e de lecture estim\u00e9e":"2 minutes"},"schema":{"@context":"https:\/\/schema.org","@graph":[{"@type":"Article","@id":"https:\/\/www.africa-press.net\/cotedivoire\/politique\/tiemoko-meyliet-kone-lance-campagne-rhdp-a-katiola#article","isPartOf":{"@id":"https:\/\/www.africa-press.net\/cotedivoire\/politique\/tiemoko-meyliet-kone-lance-campagne-rhdp-a-katiola"},"author":{"name":"cfeditorfr","@id":"https:\/\/www.africa-press.net\/cotedivoire\/#\/schema\/person\/2b1cf3cd81a31e3cd26889ca66d677f1"},"headline":"Ti\u00e9moko Meyliet Kon\u00e9 Lance Campagne RHDP \u00e0 Katiola","datePublished":"2025-10-14T18:18:14+00:00","dateModified":"2025-10-14T18:44:49+00:00","mainEntityOfPage":{"@id":"https:\/\/www.africa-press.net\/cotedivoire\/politique\/tiemoko-meyliet-kone-lance-campagne-rhdp-a-katiola"},"wordCount":450,"commentCount":0,"image":{"@id":"https:\/\/www.africa-press.net\/cotedivoire\/politique\/tiemoko-meyliet-kone-lance-campagne-rhdp-a-katiola#primaryimage"},"thumbnailUrl":"https:\/\/static.africa-press.net\/cote\/sites\/43\/2025\/10\/sm_1760454843.665383.jpg","keywords":["Alassane Ouattara","C\u00d4TE D'IVOIRE","fid\u00e9lit\u00e9","Hambol","Katiola","pr\u00e9sidentielle 2025","RHDP","stabilit\u00e9","Ti\u00e9moko Meyliet Kon\u00e9"],"articleSection":["Politique","Toutes les actualit\u00e9s"],"inLanguage":"fr-FR","potentialAction":[{"@type":"CommentAction","name":"Comment","target":["https:\/\/www.africa-press.net\/cotedivoire\/politique\/tiemoko-meyliet-kone-lance-campagne-rhdp-a-katiola#respond"]}]},{"@type":"WebPage","@id":"https:\/\/www.africa-press.net\/cotedivoire\/politique\/tiemoko-meyliet-kone-lance-campagne-rhdp-a-katiola","url":"https:\/\/www.africa-press.net\/cotedivoire\/politique\/tiemoko-meyliet-kone-lance-campagne-rhdp-a-katiola","name":"Ti\u00e9moko Meyliet Kon\u00e9 Lance Campagne RHDP \u00e0 Katiola - C\u00f4te d&#039;Ivoire","isPartOf":{"@id":"https:\/\/www.africa-press.net\/cotedivoire\/#website"},"primaryImageOfPage":{"@id":"https:\/\/www.africa-press.net\/cotedivoire\/politique\/tiemoko-meyliet-kone-lance-campagne-rhdp-a-katiola#primaryimage"},"image":{"@id":"https:\/\/www.africa-press.net\/cotedivoire\/politique\/tiemoko-meyliet-kone-lance-campagne-rhdp-a-katiola#primaryimage"},"thumbnailUrl":"https:\/\/static.africa-press.net\/cote\/sites\/43\/2025\/10\/sm_1760454843.665383.jpg","datePublished":"2025-10-14T18:18:14+00:00","dateModified":"2025-10-14T18:44:49+00:00","author":{"@id":"https:\/\/www.africa-press.net\/cotedivoire\/#\/schema\/person\/2b1cf3cd81a31e3cd26889ca66d677f1"},"description":"La re\u0301gion du Hambol a donne\u0301 le ton de la campagne pre\u0301sidentielle du RHDP avec un lancement retentissant ce lundi a\u0300 K ...","breadcrumb":{"@id":"https:\/\/www.africa-press.net\/cotedivoire\/politique\/tiemoko-meyliet-kone-lance-campagne-rhdp-a-katiola#breadcrumb"},"inLanguage":"fr-FR","potentialAction":[{"@type":"ReadAction","target":["https:\/\/www.africa-press.net\/cotedivoire\/politique\/tiemoko-meyliet-kone-lance-campagne-rhdp-a-katiola"]}]},{"@type":"ImageObject","inLanguage":"fr-FR","@id":"https:\/\/www.africa-press.net\/cotedivoire\/politique\/tiemoko-meyliet-kone-lance-campagne-rhdp-a-katiola#primaryimage","url":"https:\/\/static.africa-press.net\/cote\/sites\/43\/2025\/10\/sm_1760454843.665383.jpg","contentUrl":"https:\/\/static.africa-press.net\/cote\/sites\/43\/2025\/10\/sm_1760454843.665383.jpg","width":720,"height":356,"caption":"Ti\u00e9moko Meyliet Kon\u00e9 Lance Campagne RHDP \u00e0 Katiola"},{"@type":"BreadcrumbList","@id":"https:\/\/www.africa-press.net\/cotedivoire\/politique\/tiemoko-meyliet-kone-lance-campagne-rhdp-a-katiola#breadcrumb","itemListElement":[{"@type":"ListItem","position":1,"name":"Accueil","item":"https:\/\/www.africa-press.net\/cotedivoire\/"},{"@type":"ListItem","position":2,"name":"Ti\u00e9moko Meyliet Kon\u00e9 Lance Campagne RHDP \u00e0 Katiola"}]},{"@type":"WebSite","@id":"https:\/\/www.africa-press.net\/cotedivoire\/#website","url":"https:\/\/www.africa-press.net\/cotedivoire\/","name":"C\u00f4te d&#039;Ivoire","description":"Just another Africa News Agency Sites site","potentialAction":[{"@type":"SearchAction","target":{"@type":"EntryPoint","urlTemplate":"https:\/\/www.africa-press.net\/cotedivoire\/?s={search_term_string}"},"query-input":{"@type":"PropertyValueSpecification","valueRequired":true,"valueName":"search_term_string"}}],"inLanguage":"fr-FR"},{"@type":"Person","@id":"https:\/\/www.africa-press.net\/cotedivoire\/#\/schema\/person\/2b1cf3cd81a31e3cd26889ca66d677f1","name":"cfeditorfr"}]}},"_links":{"self":[{"href":"https:\/\/www.africa-press.net\/cotedivoire\/wp-json\/wp\/v2\/posts\/106731","targetHints":{"allow":["GET"]}}],"collection":[{"href":"https:\/\/www.africa-press.net\/cotedivoire\/wp-json\/wp\/v2\/posts"}],"about":[{"href":"https:\/\/www.africa-press.net\/cotedivoire\/wp-json\/wp\/v2\/types\/post"}],"author":[{"embeddable":true,"href":"https:\/\/www.africa-press.net\/cotedivoire\/wp-json\/wp\/v2\/users\/82"}],"replies":[{"embeddable":true,"href":"https:\/\/www.africa-press.net\/cotedivoire\/wp-json\/wp\/v2\/comments?post=106731"}],"version-history":[{"count":0,"href":"https:\/\/www.africa-press.net\/cotedivoire\/wp-json\/wp\/v2\/posts\/106731\/revisions"}],"wp:featuredmedia":[{"embeddable":true,"href":"https:\/\/www.africa-press.net\/cotedivoire\/wp-json\/wp\/v2\/media\/106730"}],"wp:attachment":[{"href":"https:\/\/www.africa-press.net\/cotedivoire\/wp-json\/wp\/v2\/media?parent=106731"}],"wp:term":[{"taxonomy":"category","embeddable":true,"href":"https:\/\/www.africa-press.net\/cotedivoire\/wp-json\/wp\/v2\/categories?post=106731"},{"taxonomy":"post_tag","embeddable":true,"href":"https:\/\/www.africa-press.net\/cotedivoire\/wp-json\/wp\/v2\/tags?post=106731"}],"curies":[{"name":"wp","href":"https:\/\/api.w.org\/{rel}","templated":true}]}}