{"id":106741,"date":"2025-10-14T18:19:18","date_gmt":"2025-10-14T18:19:18","guid":{"rendered":"https:\/\/www.africa-press.net\/cotedivoire\/politique\/don-mello-soutient-victimes-marche-interdite-abidjan"},"modified":"2025-10-14T18:46:04","modified_gmt":"2025-10-14T18:46:04","slug":"don-mello-soutient-victimes-marche-interdite-abidjan","status":"publish","type":"post","link":"https:\/\/www.africa-press.net\/cotedivoire\/politique\/don-mello-soutient-victimes-marche-interdite-abidjan","title":{"rendered":"Don Mello Soutient Victimes Marche Interdite Abidjan"},"content":{"rendered":"<p><span style=\"color: #ff6600\"><strong>Africa-Press &#8211; C\u00f4te d&rsquo;Ivoire. <\/strong><\/span>Le candidat a\u0300 la pre\u0301sidentielle du 25 octobre 2025, Ahoua Don Mello, via ses services, apporte son soutien aux \u00ab victimes \u00bb de la marche interdite du samedi 11 octobre par le Pre\u0301fet d\u2019Abidjan.<\/p>\n<p>Dans un communique\u0301 signe\u0301 de son Directeur de la Communication, Fernand Ahile\u0301 Le\u0301o, consulte\u0301 ce lundi par KOACI, il de\u0301nonce l\u2019arrestation des 257 personnes par les forces de l\u2019ordre et de\u0301plore les privations de liberte\u0301.<\/p>\n<p>Enfin, Don Mello et son e\u0301quipe condamnent l\u2019interdiction des marches, qui selon eux, sont des moyens d&rsquo;expression de\u0301mocratique. Il faut laisser les populations exercer leur droit a\u0300 la diffe\u0301rence.<\/p>\n<p>Donatien Kautcha, Abidjan<\/p>\n<p>Ci-dessous le communique\u0301 inte\u0301gral de l\u2019e\u0301quipe de campagne de Don Mello en soutien aux victimes des incidents survenus samedi dernier a\u0300 Abidjan&#8230;.<\/p>\n<p>A\u0300 un moment ou\u0300 les aspirations profondes des Ivoiriennes et des Ivoiriens sont au changement, le re\u0301gime RHDP, dans un totalitarisme inquie\u0301tant, refuse la liberte\u0301 d&rsquo;expression de\u0301mocratique et pacifique. Plus de 257 personnes arre\u0302te\u0301es en une journe\u0301e pour avoir simplement exprime\u0301 leur droit a\u0300 la diffe\u0301rence. Derrie\u0300re chaque arrestation, ce sont des familles entie\u0300res qui souffrent, des enfants qui pleurent, des foyers brise\u0301s.<\/p>\n<p>Nous condamnons l&rsquo;interdiction des marches, moyens d&rsquo;expression de\u0301mocratique. Il faut laisser les populations exercer leur droit a\u0300 la diffe\u0301rence. Une marche pacifique encadre\u0301e par les forces de se\u0301curite\u0301 ne saurait occasionner des troubles a\u0300 l&rsquo;ordre publique.<\/p>\n<p>Nous de\u0301plorons toutes ces nouvelles privations de liberte\u0301 suivies de brimades, de molestations et autres violences en cette pe\u0301riode sensible de campagne e\u0301lectorale. Nous apportons notre soutien a\u0300 toutes les victimes, ainsi qu&rsquo;a\u0300 leurs familles.<\/p>\n<p>Aux forces de l&rsquo;ordre, nous lanc\u0327ons un appel solennel: vous e\u0302tes les garants des droits de tous les citoyens. Traitez-les interpelle\u0301s avec humanite\u0301 et dignite\u0301. Ce sont vos fre\u0300res, vos s\u0153urs, vos compatriotes. L&rsquo;histoire se souviendra de la manie\u0300re dont vous aurez agi.<\/p>\n<p>Notre solidarite\u0301 dans cette adversite\u0301 et nos engagements pour le changement paieront. Mais la solution est entre nos mains: les URNES. E\u0301vitons de nouvelles arrestations, de nouvelles souffrances. Notre devoir de citoyen, c&rsquo;est de voter pour re\u0301tablir la vraie de\u0301mocratie dans ce pays.<\/p>\n<p>Ce 25 octobre 2025, levons-nous massivement ! Allons voter en masse pour sanctionner les de\u0301rives du pouvoir RHDP et d&rsquo;Alassane Ouattara. Que chaque voix devienne un acte de re\u0301sistance pacifique contre le Parti-Etat. Que notre mobilisation soit notre force. Ensemble, massivement, allons voter pour le changement !<\/p>\n\r\n                <style type=\"text\/css\">\r\n                    \r\n                    #td_uid_1_69f59ef1e43c3  .td-doubleSlider-2 .td-item1 {\r\n                        background: url(https:\/\/static.africa-press.net\/cote\/sites\/43\/2025\/10\/sm_1760454896.483237-80x60.jpg) 0 0 no-repeat;\r\n                    }\r\n                <\/style>\r\n\r\n                <div id=\"td_uid_1_69f59ef1e43c3\" class=\"td-gallery td-slide-on-2-columns\">\r\n                    <div class=\"post_td_gallery\">\r\n                        <div class=\"td-gallery-slide-top\">\r\n                           <div class=\"td-gallery-title\"><\/div>\r\n\r\n                            <div class=\"td-gallery-controls-wrapper\">\r\n                                <div class=\"td-gallery-slide-count\"><span class=\"td-gallery-slide-item-focus\">1<\/span> de 1<\/div>\r\n                                <div class=\"td-gallery-slide-prev-next-but\">\r\n                                    <i class = \"td-icon-left doubleSliderPrevButton\"><\/i>\r\n                                    <i class = \"td-icon-right doubleSliderNextButton\"><\/i>\r\n                                <\/div>\r\n                            <\/div>\r\n                        <\/div>\r\n\r\n                        <div class = \"td-doubleSlider-1 \">\r\n                            <div class = \"td-slider\">\r\n                                \r\n                    <div class = \"td-slide-item td-item1\">\r\n                        <figure class=\"td-slide-galery-figure td-slide-popup-gallery\">\r\n                            <a class=\"slide-gallery-image-link\" href=\"https:\/\/static.africa-press.net\/cote\/sites\/43\/2025\/10\/sm_1760454896.483237.jpg\" title=\"sm_1760454896.483237\"  data-caption=\"\"  data-description=\"\">\r\n                                <img decoding=\"async\" src=\"https:\/\/static.africa-press.net\/cote\/sites\/43\/2025\/10\/sm_1760454896.483237.jpg\" srcset=\"https:\/\/static.africa-press.net\/cote\/sites\/43\/2025\/10\/sm_1760454896.483237.jpg 1000w, https:\/\/static.africa-press.net\/cote\/sites\/43\/2025\/10\/sm_1760454896.483237-300x150.jpg 300w, https:\/\/static.africa-press.net\/cote\/sites\/43\/2025\/10\/sm_1760454896.483237-768x384.jpg 768w\" sizes=\"(max-width: 1000px) 100vw, 1000px\" alt=\"\">\r\n                            <\/a>\r\n                            \r\n                        <\/figure>\r\n                    <\/div>\r\n                            <\/div>\r\n                        <\/div>\r\n\r\n                        <div class = \"td-doubleSlider-2\">\r\n                            <div class = \"td-slider\">\r\n                                \r\n                    <div class = \"td-button td-item1\">\r\n                        <div class = \"td-border\"><\/div>\r\n                    <\/div>\r\n                            <\/div>\r\n                        <\/div>\r\n\r\n                    <\/div>\r\n\r\n                <\/div>\r\n                \n<p><strong>Pour plus d&rsquo;informations et d&rsquo;analyses sur la <span style=\"color: #ff6600\">C\u00f4te d&rsquo;Ivoire<\/span>, suivez <span style=\"color: #ff6600\">Africa-Press<\/span><\/strong><\/p>\n","protected":false},"excerpt":{"rendered":"<p>Africa-Press &#8211; C\u00f4te d&rsquo;Ivoire. Le candidat a\u0300 la pre\u0301sidentielle du 25 octobre 2025, Ahoua Don Mello, via ses services, apporte son soutien aux \u00ab victimes \u00bb de la marche interdite du samedi 11 octobre par le Pre\u0301fet d\u2019Abidjan. Dans un communique\u0301 signe\u0301 de son Directeur de la Communication, Fernand Ahile\u0301 Le\u0301o, consulte\u0301 ce lundi par [&hellip;]<\/p>\n","protected":false},"author":82,"featured_media":106739,"comment_status":"open","ping_status":"closed","sticky":false,"template":"","format":"standard","meta":{"footnotes":""},"categories":[2,20,10],"tags":[29,1227,19177,312,1968],"class_list":["post-106741","post","type-post","status-publish","format-standard","has-post-thumbnail","hentry","category-politique","category-top-nouvelles","category-toutes-les-actualites","tag-cote-divoire","tag-don-mello","tag-ferdinand-ahile","tag-presidentielle","tag-victimes"],"yoast_head":"<!-- This site is optimized with the Yoast SEO Premium plugin v26.1 (Yoast SEO v27.0) - https:\/\/yoast.com\/product\/yoast-seo-premium-wordpress\/ -->\n<title>Don Mello Soutient Victimes Marche Interdite Abidjan - C\u00f4te d&#039;Ivoire<\/title>\n<meta name=\"description\" content=\"Le candidat a\u0300 la pre\u0301sidentielle du 25 octobre 2025, Ahoua Don Mello, via ses services, apporte son soutien aux \u00ab victi ...\" \/>\n<meta name=\"robots\" content=\"index, follow, max-snippet:-1, max-image-preview:large, max-video-preview:-1\" \/>\n<link rel=\"canonical\" href=\"https:\/\/www.africa-press.net\/cotedivoire\/politique\/don-mello-soutient-victimes-marche-interdite-abidjan\" \/>\n<meta property=\"og:locale\" content=\"fr_FR\" \/>\n<meta property=\"og:type\" content=\"article\" \/>\n<meta property=\"og:title\" content=\"Don Mello Soutient Victimes Marche Interdite Abidjan\" \/>\n<meta property=\"og:description\" content=\"Le candidat a\u0300 la pre\u0301sidentielle du 25 octobre 2025, Ahoua Don Mello, via ses services, apporte son soutien aux \u00ab victi ...\" \/>\n<meta property=\"og:url\" content=\"https:\/\/www.africa-press.net\/cotedivoire\/politique\/don-mello-soutient-victimes-marche-interdite-abidjan\" \/>\n<meta property=\"og:site_name\" content=\"C\u00f4te d&#039;Ivoire\" \/>\n<meta property=\"article:published_time\" content=\"2025-10-14T18:19:18+00:00\" \/>\n<meta property=\"article:modified_time\" content=\"2025-10-14T18:46:04+00:00\" \/>\n<meta property=\"og:image\" content=\"https:\/\/static.africa-press.net\/cote\/sites\/43\/2025\/10\/sm_1760454902.937215.jpg\" \/>\n\t<meta property=\"og:image:width\" content=\"720\" \/>\n\t<meta property=\"og:image:height\" content=\"432\" \/>\n\t<meta property=\"og:image:type\" content=\"image\/jpeg\" \/>\n<meta name=\"author\" content=\"cfeditorfr\" \/>\n<meta name=\"twitter:card\" content=\"summary_large_image\" \/>\n<meta name=\"twitter:label1\" content=\"\u00c9crit par\" \/>\n\t<meta name=\"twitter:data1\" content=\"cfeditorfr\" \/>\n\t<meta name=\"twitter:label2\" content=\"Dur\u00e9e de lecture estim\u00e9e\" \/>\n\t<meta name=\"twitter:data2\" content=\"2 minutes\" \/>\n<script type=\"application\/ld+json\" class=\"yoast-schema-graph\">{\"@context\":\"https:\/\/schema.org\",\"@graph\":[{\"@type\":\"Article\",\"@id\":\"https:\/\/www.africa-press.net\/cotedivoire\/politique\/don-mello-soutient-victimes-marche-interdite-abidjan#article\",\"isPartOf\":{\"@id\":\"https:\/\/www.africa-press.net\/cotedivoire\/politique\/don-mello-soutient-victimes-marche-interdite-abidjan\"},\"author\":{\"name\":\"cfeditorfr\",\"@id\":\"https:\/\/www.africa-press.net\/cotedivoire\/#\/schema\/person\/2b1cf3cd81a31e3cd26889ca66d677f1\"},\"headline\":\"Don Mello Soutient Victimes Marche Interdite Abidjan\",\"datePublished\":\"2025-10-14T18:19:18+00:00\",\"dateModified\":\"2025-10-14T18:46:04+00:00\",\"mainEntityOfPage\":{\"@id\":\"https:\/\/www.africa-press.net\/cotedivoire\/politique\/don-mello-soutient-victimes-marche-interdite-abidjan\"},\"wordCount\":470,\"commentCount\":0,\"image\":{\"@id\":\"https:\/\/www.africa-press.net\/cotedivoire\/politique\/don-mello-soutient-victimes-marche-interdite-abidjan#primaryimage\"},\"thumbnailUrl\":\"https:\/\/static.africa-press.net\/cote\/sites\/43\/2025\/10\/sm_1760454902.937215.jpg\",\"keywords\":[\"C\u00d4TE D'IVOIRE\",\"Don Mello\",\"Ferdinand Ahil\u00e9\",\"pr\u00e9sidentielle\",\"victimes\"],\"articleSection\":[\"Politique\",\"Top Nouvelles\",\"Toutes les actualit\u00e9s\"],\"inLanguage\":\"fr-FR\",\"potentialAction\":[{\"@type\":\"CommentAction\",\"name\":\"Comment\",\"target\":[\"https:\/\/www.africa-press.net\/cotedivoire\/politique\/don-mello-soutient-victimes-marche-interdite-abidjan#respond\"]}]},{\"@type\":\"WebPage\",\"@id\":\"https:\/\/www.africa-press.net\/cotedivoire\/politique\/don-mello-soutient-victimes-marche-interdite-abidjan\",\"url\":\"https:\/\/www.africa-press.net\/cotedivoire\/politique\/don-mello-soutient-victimes-marche-interdite-abidjan\",\"name\":\"Don Mello Soutient Victimes Marche Interdite Abidjan - C\u00f4te d&#039;Ivoire\",\"isPartOf\":{\"@id\":\"https:\/\/www.africa-press.net\/cotedivoire\/#website\"},\"primaryImageOfPage\":{\"@id\":\"https:\/\/www.africa-press.net\/cotedivoire\/politique\/don-mello-soutient-victimes-marche-interdite-abidjan#primaryimage\"},\"image\":{\"@id\":\"https:\/\/www.africa-press.net\/cotedivoire\/politique\/don-mello-soutient-victimes-marche-interdite-abidjan#primaryimage\"},\"thumbnailUrl\":\"https:\/\/static.africa-press.net\/cote\/sites\/43\/2025\/10\/sm_1760454902.937215.jpg\",\"datePublished\":\"2025-10-14T18:19:18+00:00\",\"dateModified\":\"2025-10-14T18:46:04+00:00\",\"author\":{\"@id\":\"https:\/\/www.africa-press.net\/cotedivoire\/#\/schema\/person\/2b1cf3cd81a31e3cd26889ca66d677f1\"},\"description\":\"Le candidat a\u0300 la pre\u0301sidentielle du 25 octobre 2025, Ahoua Don Mello, via ses services, apporte son soutien aux \u00ab victi ...\",\"breadcrumb\":{\"@id\":\"https:\/\/www.africa-press.net\/cotedivoire\/politique\/don-mello-soutient-victimes-marche-interdite-abidjan#breadcrumb\"},\"inLanguage\":\"fr-FR\",\"potentialAction\":[{\"@type\":\"ReadAction\",\"target\":[\"https:\/\/www.africa-press.net\/cotedivoire\/politique\/don-mello-soutient-victimes-marche-interdite-abidjan\"]}]},{\"@type\":\"ImageObject\",\"inLanguage\":\"fr-FR\",\"@id\":\"https:\/\/www.africa-press.net\/cotedivoire\/politique\/don-mello-soutient-victimes-marche-interdite-abidjan#primaryimage\",\"url\":\"https:\/\/static.africa-press.net\/cote\/sites\/43\/2025\/10\/sm_1760454902.937215.jpg\",\"contentUrl\":\"https:\/\/static.africa-press.net\/cote\/sites\/43\/2025\/10\/sm_1760454902.937215.jpg\",\"width\":720,\"height\":432,\"caption\":\"Don Mello Soutient Victimes Marche Interdite Abidjan\"},{\"@type\":\"BreadcrumbList\",\"@id\":\"https:\/\/www.africa-press.net\/cotedivoire\/politique\/don-mello-soutient-victimes-marche-interdite-abidjan#breadcrumb\",\"itemListElement\":[{\"@type\":\"ListItem\",\"position\":1,\"name\":\"Accueil\",\"item\":\"https:\/\/www.africa-press.net\/cotedivoire\/\"},{\"@type\":\"ListItem\",\"position\":2,\"name\":\"Don Mello Soutient Victimes Marche Interdite Abidjan\"}]},{\"@type\":\"WebSite\",\"@id\":\"https:\/\/www.africa-press.net\/cotedivoire\/#website\",\"url\":\"https:\/\/www.africa-press.net\/cotedivoire\/\",\"name\":\"C\u00f4te d&#039;Ivoire\",\"description\":\"Just another Africa News Agency Sites site\",\"potentialAction\":[{\"@type\":\"SearchAction\",\"target\":{\"@type\":\"EntryPoint\",\"urlTemplate\":\"https:\/\/www.africa-press.net\/cotedivoire\/?s={search_term_string}\"},\"query-input\":{\"@type\":\"PropertyValueSpecification\",\"valueRequired\":true,\"valueName\":\"search_term_string\"}}],\"inLanguage\":\"fr-FR\"},{\"@type\":\"Person\",\"@id\":\"https:\/\/www.africa-press.net\/cotedivoire\/#\/schema\/person\/2b1cf3cd81a31e3cd26889ca66d677f1\",\"name\":\"cfeditorfr\"}]}<\/script>\n<!-- \/ Yoast SEO Premium plugin. -->","yoast_head_json":{"title":"Don Mello Soutient Victimes Marche Interdite Abidjan - C\u00f4te d&#039;Ivoire","description":"Le candidat a\u0300 la pre\u0301sidentielle du 25 octobre 2025, Ahoua Don Mello, via ses services, apporte son soutien aux \u00ab victi ...","robots":{"index":"index","follow":"follow","max-snippet":"max-snippet:-1","max-image-preview":"max-image-preview:large","max-video-preview":"max-video-preview:-1"},"canonical":"https:\/\/www.africa-press.net\/cotedivoire\/politique\/don-mello-soutient-victimes-marche-interdite-abidjan","og_locale":"fr_FR","og_type":"article","og_title":"Don Mello Soutient Victimes Marche Interdite Abidjan","og_description":"Le candidat a\u0300 la pre\u0301sidentielle du 25 octobre 2025, Ahoua Don Mello, via ses services, apporte son soutien aux \u00ab victi ...","og_url":"https:\/\/www.africa-press.net\/cotedivoire\/politique\/don-mello-soutient-victimes-marche-interdite-abidjan","og_site_name":"C\u00f4te d&#039;Ivoire","article_published_time":"2025-10-14T18:19:18+00:00","article_modified_time":"2025-10-14T18:46:04+00:00","og_image":[{"width":720,"height":432,"url":"https:\/\/static.africa-press.net\/cote\/sites\/43\/2025\/10\/sm_1760454902.937215.jpg","type":"image\/jpeg"}],"author":"cfeditorfr","twitter_card":"summary_large_image","twitter_misc":{"\u00c9crit par":"cfeditorfr","Dur\u00e9e de lecture estim\u00e9e":"2 minutes"},"schema":{"@context":"https:\/\/schema.org","@graph":[{"@type":"Article","@id":"https:\/\/www.africa-press.net\/cotedivoire\/politique\/don-mello-soutient-victimes-marche-interdite-abidjan#article","isPartOf":{"@id":"https:\/\/www.africa-press.net\/cotedivoire\/politique\/don-mello-soutient-victimes-marche-interdite-abidjan"},"author":{"name":"cfeditorfr","@id":"https:\/\/www.africa-press.net\/cotedivoire\/#\/schema\/person\/2b1cf3cd81a31e3cd26889ca66d677f1"},"headline":"Don Mello Soutient Victimes Marche Interdite Abidjan","datePublished":"2025-10-14T18:19:18+00:00","dateModified":"2025-10-14T18:46:04+00:00","mainEntityOfPage":{"@id":"https:\/\/www.africa-press.net\/cotedivoire\/politique\/don-mello-soutient-victimes-marche-interdite-abidjan"},"wordCount":470,"commentCount":0,"image":{"@id":"https:\/\/www.africa-press.net\/cotedivoire\/politique\/don-mello-soutient-victimes-marche-interdite-abidjan#primaryimage"},"thumbnailUrl":"https:\/\/static.africa-press.net\/cote\/sites\/43\/2025\/10\/sm_1760454902.937215.jpg","keywords":["C\u00d4TE D'IVOIRE","Don Mello","Ferdinand Ahil\u00e9","pr\u00e9sidentielle","victimes"],"articleSection":["Politique","Top Nouvelles","Toutes les actualit\u00e9s"],"inLanguage":"fr-FR","potentialAction":[{"@type":"CommentAction","name":"Comment","target":["https:\/\/www.africa-press.net\/cotedivoire\/politique\/don-mello-soutient-victimes-marche-interdite-abidjan#respond"]}]},{"@type":"WebPage","@id":"https:\/\/www.africa-press.net\/cotedivoire\/politique\/don-mello-soutient-victimes-marche-interdite-abidjan","url":"https:\/\/www.africa-press.net\/cotedivoire\/politique\/don-mello-soutient-victimes-marche-interdite-abidjan","name":"Don Mello Soutient Victimes Marche Interdite Abidjan - C\u00f4te d&#039;Ivoire","isPartOf":{"@id":"https:\/\/www.africa-press.net\/cotedivoire\/#website"},"primaryImageOfPage":{"@id":"https:\/\/www.africa-press.net\/cotedivoire\/politique\/don-mello-soutient-victimes-marche-interdite-abidjan#primaryimage"},"image":{"@id":"https:\/\/www.africa-press.net\/cotedivoire\/politique\/don-mello-soutient-victimes-marche-interdite-abidjan#primaryimage"},"thumbnailUrl":"https:\/\/static.africa-press.net\/cote\/sites\/43\/2025\/10\/sm_1760454902.937215.jpg","datePublished":"2025-10-14T18:19:18+00:00","dateModified":"2025-10-14T18:46:04+00:00","author":{"@id":"https:\/\/www.africa-press.net\/cotedivoire\/#\/schema\/person\/2b1cf3cd81a31e3cd26889ca66d677f1"},"description":"Le candidat a\u0300 la pre\u0301sidentielle du 25 octobre 2025, Ahoua Don Mello, via ses services, apporte son soutien aux \u00ab victi ...","breadcrumb":{"@id":"https:\/\/www.africa-press.net\/cotedivoire\/politique\/don-mello-soutient-victimes-marche-interdite-abidjan#breadcrumb"},"inLanguage":"fr-FR","potentialAction":[{"@type":"ReadAction","target":["https:\/\/www.africa-press.net\/cotedivoire\/politique\/don-mello-soutient-victimes-marche-interdite-abidjan"]}]},{"@type":"ImageObject","inLanguage":"fr-FR","@id":"https:\/\/www.africa-press.net\/cotedivoire\/politique\/don-mello-soutient-victimes-marche-interdite-abidjan#primaryimage","url":"https:\/\/static.africa-press.net\/cote\/sites\/43\/2025\/10\/sm_1760454902.937215.jpg","contentUrl":"https:\/\/static.africa-press.net\/cote\/sites\/43\/2025\/10\/sm_1760454902.937215.jpg","width":720,"height":432,"caption":"Don Mello Soutient Victimes Marche Interdite Abidjan"},{"@type":"BreadcrumbList","@id":"https:\/\/www.africa-press.net\/cotedivoire\/politique\/don-mello-soutient-victimes-marche-interdite-abidjan#breadcrumb","itemListElement":[{"@type":"ListItem","position":1,"name":"Accueil","item":"https:\/\/www.africa-press.net\/cotedivoire\/"},{"@type":"ListItem","position":2,"name":"Don Mello Soutient Victimes Marche Interdite Abidjan"}]},{"@type":"WebSite","@id":"https:\/\/www.africa-press.net\/cotedivoire\/#website","url":"https:\/\/www.africa-press.net\/cotedivoire\/","name":"C\u00f4te d&#039;Ivoire","description":"Just another Africa News Agency Sites site","potentialAction":[{"@type":"SearchAction","target":{"@type":"EntryPoint","urlTemplate":"https:\/\/www.africa-press.net\/cotedivoire\/?s={search_term_string}"},"query-input":{"@type":"PropertyValueSpecification","valueRequired":true,"valueName":"search_term_string"}}],"inLanguage":"fr-FR"},{"@type":"Person","@id":"https:\/\/www.africa-press.net\/cotedivoire\/#\/schema\/person\/2b1cf3cd81a31e3cd26889ca66d677f1","name":"cfeditorfr"}]}},"_links":{"self":[{"href":"https:\/\/www.africa-press.net\/cotedivoire\/wp-json\/wp\/v2\/posts\/106741","targetHints":{"allow":["GET"]}}],"collection":[{"href":"https:\/\/www.africa-press.net\/cotedivoire\/wp-json\/wp\/v2\/posts"}],"about":[{"href":"https:\/\/www.africa-press.net\/cotedivoire\/wp-json\/wp\/v2\/types\/post"}],"author":[{"embeddable":true,"href":"https:\/\/www.africa-press.net\/cotedivoire\/wp-json\/wp\/v2\/users\/82"}],"replies":[{"embeddable":true,"href":"https:\/\/www.africa-press.net\/cotedivoire\/wp-json\/wp\/v2\/comments?post=106741"}],"version-history":[{"count":0,"href":"https:\/\/www.africa-press.net\/cotedivoire\/wp-json\/wp\/v2\/posts\/106741\/revisions"}],"wp:featuredmedia":[{"embeddable":true,"href":"https:\/\/www.africa-press.net\/cotedivoire\/wp-json\/wp\/v2\/media\/106739"}],"wp:attachment":[{"href":"https:\/\/www.africa-press.net\/cotedivoire\/wp-json\/wp\/v2\/media?parent=106741"}],"wp:term":[{"taxonomy":"category","embeddable":true,"href":"https:\/\/www.africa-press.net\/cotedivoire\/wp-json\/wp\/v2\/categories?post=106741"},{"taxonomy":"post_tag","embeddable":true,"href":"https:\/\/www.africa-press.net\/cotedivoire\/wp-json\/wp\/v2\/tags?post=106741"}],"curies":[{"name":"wp","href":"https:\/\/api.w.org\/{rel}","templated":true}]}}