{"id":106783,"date":"2025-10-15T17:09:05","date_gmt":"2025-10-15T17:09:05","guid":{"rendered":"https:\/\/www.africa-press.net\/cotedivoire\/politique\/thiam-contre-deux-ministres-ivoiriens-depuis-londres"},"modified":"2025-10-15T17:25:16","modified_gmt":"2025-10-15T17:25:16","slug":"thiam-contre-deux-ministres-ivoiriens-depuis-londres","status":"publish","type":"post","link":"https:\/\/www.africa-press.net\/cotedivoire\/politique\/thiam-contre-deux-ministres-ivoiriens-depuis-londres","title":{"rendered":"Thiam Contre Deux Ministres Ivoiriens Depuis Londres"},"content":{"rendered":"<p><span style=\"color: #ff6600\"><strong>Africa-Press &#8211; C\u00f4te d&rsquo;Ivoire. <\/strong><\/span>Selon un media Franc\u0327ais, le pre\u0301sident du PDCI-RDA, Tidjane Thiam, a lance\u0301 une proce\u0301dure a\u0300 Londres en Angleterre contre deux ministres du Gouvernement ivoirien.<\/p>\n<p>Nous apprenons qu\u2019il s\u2019agit du Ministre de la Communication et Porte-Parole du Gouvernement, Amadou Coulibaly et celui charge\u0301 de la Ministre de la Promotion de la Jeunesse, de l&rsquo;Insertion Professionnelle et du Service Civique, Mamadou Toure\u0301.<\/p>\n<p>\u00ab L&rsquo;opposant ivoirien a fait parvenir au ministre de la communication, Amadou Coulibaly, et a\u0300 celui de la jeunesse, Mamadou Toure\u0301, une lettre d&rsquo;avocat pour de\u0301noncer de \u00ab graves propos diffamatoires \u00bb, tenus par les deux hommes lors d&rsquo;un e\u0301ve\u0301nement a\u0300 Londres (&#8230;) \u00bb, rapporte la source dans sa publication du mercredi 15 octobre 2025.<\/p>\n<p><strong>Pour plus d&rsquo;informations et d&rsquo;analyses sur la <span style=\"color: #ff6600\">C\u00f4te d&rsquo;Ivoire<\/span>, suivez <span style=\"color: #ff6600\">Africa-Press<\/span><\/strong><\/p>\n","protected":false},"excerpt":{"rendered":"<p>Africa-Press &#8211; C\u00f4te d&rsquo;Ivoire. Selon un media Franc\u0327ais, le pre\u0301sident du PDCI-RDA, Tidjane Thiam, a lance\u0301 une proce\u0301dure a\u0300 Londres en Angleterre contre deux ministres du Gouvernement ivoirien. Nous apprenons qu\u2019il s\u2019agit du Ministre de la Communication et Porte-Parole du Gouvernement, Amadou Coulibaly et celui charge\u0301 de la Ministre de la Promotion de la Jeunesse, [&hellip;]<\/p>\n","protected":false},"author":82,"featured_media":106782,"comment_status":"open","ping_status":"closed","sticky":false,"template":"","format":"standard","meta":{"footnotes":""},"categories":[2,10],"tags":[19183,29,7603,1652,739,11339,2442],"class_list":["post-106783","post","type-post","status-publish","format-standard","has-post-thumbnail","hentry","category-politique","category-toutes-les-actualites","tag-amadou-couliblay","tag-cote-divoire","tag-londres","tag-mamadou-toure","tag-pdci-rda","tag-procedures","tag-tidjane-thiam"],"yoast_head":"<!-- This site is optimized with the Yoast SEO Premium plugin v26.1 (Yoast SEO v27.0) - https:\/\/yoast.com\/product\/yoast-seo-premium-wordpress\/ -->\n<title>Thiam Contre Deux Ministres Ivoiriens Depuis Londres - C\u00f4te d&#039;Ivoire<\/title>\n<meta name=\"description\" content=\"Selon un media Franc\u0327ais, le pre\u0301sident du PDCI-RDA, Tidjane Thiam, a lance\u0301 une proce\u0301dure a\u0300 Londres en Angleterre con ...\" \/>\n<meta name=\"robots\" content=\"index, follow, max-snippet:-1, max-image-preview:large, max-video-preview:-1\" \/>\n<link rel=\"canonical\" href=\"https:\/\/www.africa-press.net\/cotedivoire\/politique\/thiam-contre-deux-ministres-ivoiriens-depuis-londres\" \/>\n<meta property=\"og:locale\" content=\"fr_FR\" \/>\n<meta property=\"og:type\" content=\"article\" \/>\n<meta property=\"og:title\" content=\"Thiam Contre Deux Ministres Ivoiriens Depuis Londres\" \/>\n<meta property=\"og:description\" content=\"Selon un media Franc\u0327ais, le pre\u0301sident du PDCI-RDA, Tidjane Thiam, a lance\u0301 une proce\u0301dure a\u0300 Londres en Angleterre con ...\" \/>\n<meta property=\"og:url\" content=\"https:\/\/www.africa-press.net\/cotedivoire\/politique\/thiam-contre-deux-ministres-ivoiriens-depuis-londres\" \/>\n<meta property=\"og:site_name\" content=\"C\u00f4te d&#039;Ivoire\" \/>\n<meta property=\"article:published_time\" content=\"2025-10-15T17:09:05+00:00\" \/>\n<meta property=\"article:modified_time\" content=\"2025-10-15T17:25:16+00:00\" \/>\n<meta property=\"og:image\" content=\"https:\/\/static.africa-press.net\/cote\/sites\/43\/2025\/10\/sm_1760536492.657647.jpg\" \/>\n\t<meta property=\"og:image:width\" content=\"720\" \/>\n\t<meta property=\"og:image:height\" content=\"267\" \/>\n\t<meta property=\"og:image:type\" content=\"image\/jpeg\" \/>\n<meta name=\"author\" content=\"cfeditorfr\" \/>\n<meta name=\"twitter:card\" content=\"summary_large_image\" \/>\n<meta name=\"twitter:label1\" content=\"\u00c9crit par\" \/>\n\t<meta name=\"twitter:data1\" content=\"cfeditorfr\" \/>\n\t<meta name=\"twitter:label2\" content=\"Dur\u00e9e de lecture estim\u00e9e\" \/>\n\t<meta name=\"twitter:data2\" content=\"1 minute\" \/>\n<script type=\"application\/ld+json\" class=\"yoast-schema-graph\">{\"@context\":\"https:\/\/schema.org\",\"@graph\":[{\"@type\":\"Article\",\"@id\":\"https:\/\/www.africa-press.net\/cotedivoire\/politique\/thiam-contre-deux-ministres-ivoiriens-depuis-londres#article\",\"isPartOf\":{\"@id\":\"https:\/\/www.africa-press.net\/cotedivoire\/politique\/thiam-contre-deux-ministres-ivoiriens-depuis-londres\"},\"author\":{\"name\":\"cfeditorfr\",\"@id\":\"https:\/\/www.africa-press.net\/cotedivoire\/#\/schema\/person\/2b1cf3cd81a31e3cd26889ca66d677f1\"},\"headline\":\"Thiam Contre Deux Ministres Ivoiriens Depuis Londres\",\"datePublished\":\"2025-10-15T17:09:05+00:00\",\"dateModified\":\"2025-10-15T17:25:16+00:00\",\"mainEntityOfPage\":{\"@id\":\"https:\/\/www.africa-press.net\/cotedivoire\/politique\/thiam-contre-deux-ministres-ivoiriens-depuis-londres\"},\"wordCount\":148,\"commentCount\":0,\"image\":{\"@id\":\"https:\/\/www.africa-press.net\/cotedivoire\/politique\/thiam-contre-deux-ministres-ivoiriens-depuis-londres#primaryimage\"},\"thumbnailUrl\":\"https:\/\/static.africa-press.net\/cote\/sites\/43\/2025\/10\/sm_1760536492.657647.jpg\",\"keywords\":[\"Amadou Couliblay\",\"C\u00d4TE D'IVOIRE\",\"Londres\",\"Mamadou Tour\u00e9\",\"PDCI-RDA\",\"proc\u00e9dures\",\"Tidjane Thiam\"],\"articleSection\":[\"Politique\",\"Toutes les actualit\u00e9s\"],\"inLanguage\":\"fr-FR\",\"potentialAction\":[{\"@type\":\"CommentAction\",\"name\":\"Comment\",\"target\":[\"https:\/\/www.africa-press.net\/cotedivoire\/politique\/thiam-contre-deux-ministres-ivoiriens-depuis-londres#respond\"]}]},{\"@type\":\"WebPage\",\"@id\":\"https:\/\/www.africa-press.net\/cotedivoire\/politique\/thiam-contre-deux-ministres-ivoiriens-depuis-londres\",\"url\":\"https:\/\/www.africa-press.net\/cotedivoire\/politique\/thiam-contre-deux-ministres-ivoiriens-depuis-londres\",\"name\":\"Thiam Contre Deux Ministres Ivoiriens Depuis Londres - C\u00f4te d&#039;Ivoire\",\"isPartOf\":{\"@id\":\"https:\/\/www.africa-press.net\/cotedivoire\/#website\"},\"primaryImageOfPage\":{\"@id\":\"https:\/\/www.africa-press.net\/cotedivoire\/politique\/thiam-contre-deux-ministres-ivoiriens-depuis-londres#primaryimage\"},\"image\":{\"@id\":\"https:\/\/www.africa-press.net\/cotedivoire\/politique\/thiam-contre-deux-ministres-ivoiriens-depuis-londres#primaryimage\"},\"thumbnailUrl\":\"https:\/\/static.africa-press.net\/cote\/sites\/43\/2025\/10\/sm_1760536492.657647.jpg\",\"datePublished\":\"2025-10-15T17:09:05+00:00\",\"dateModified\":\"2025-10-15T17:25:16+00:00\",\"author\":{\"@id\":\"https:\/\/www.africa-press.net\/cotedivoire\/#\/schema\/person\/2b1cf3cd81a31e3cd26889ca66d677f1\"},\"description\":\"Selon un media Franc\u0327ais, le pre\u0301sident du PDCI-RDA, Tidjane Thiam, a lance\u0301 une proce\u0301dure a\u0300 Londres en Angleterre con ...\",\"breadcrumb\":{\"@id\":\"https:\/\/www.africa-press.net\/cotedivoire\/politique\/thiam-contre-deux-ministres-ivoiriens-depuis-londres#breadcrumb\"},\"inLanguage\":\"fr-FR\",\"potentialAction\":[{\"@type\":\"ReadAction\",\"target\":[\"https:\/\/www.africa-press.net\/cotedivoire\/politique\/thiam-contre-deux-ministres-ivoiriens-depuis-londres\"]}]},{\"@type\":\"ImageObject\",\"inLanguage\":\"fr-FR\",\"@id\":\"https:\/\/www.africa-press.net\/cotedivoire\/politique\/thiam-contre-deux-ministres-ivoiriens-depuis-londres#primaryimage\",\"url\":\"https:\/\/static.africa-press.net\/cote\/sites\/43\/2025\/10\/sm_1760536492.657647.jpg\",\"contentUrl\":\"https:\/\/static.africa-press.net\/cote\/sites\/43\/2025\/10\/sm_1760536492.657647.jpg\",\"width\":720,\"height\":267,\"caption\":\"Thiam Contre Deux Ministres Ivoiriens Depuis Londres\"},{\"@type\":\"BreadcrumbList\",\"@id\":\"https:\/\/www.africa-press.net\/cotedivoire\/politique\/thiam-contre-deux-ministres-ivoiriens-depuis-londres#breadcrumb\",\"itemListElement\":[{\"@type\":\"ListItem\",\"position\":1,\"name\":\"Accueil\",\"item\":\"https:\/\/www.africa-press.net\/cotedivoire\/\"},{\"@type\":\"ListItem\",\"position\":2,\"name\":\"Thiam Contre Deux Ministres Ivoiriens Depuis Londres\"}]},{\"@type\":\"WebSite\",\"@id\":\"https:\/\/www.africa-press.net\/cotedivoire\/#website\",\"url\":\"https:\/\/www.africa-press.net\/cotedivoire\/\",\"name\":\"C\u00f4te d&#039;Ivoire\",\"description\":\"Just another Africa News Agency Sites site\",\"potentialAction\":[{\"@type\":\"SearchAction\",\"target\":{\"@type\":\"EntryPoint\",\"urlTemplate\":\"https:\/\/www.africa-press.net\/cotedivoire\/?s={search_term_string}\"},\"query-input\":{\"@type\":\"PropertyValueSpecification\",\"valueRequired\":true,\"valueName\":\"search_term_string\"}}],\"inLanguage\":\"fr-FR\"},{\"@type\":\"Person\",\"@id\":\"https:\/\/www.africa-press.net\/cotedivoire\/#\/schema\/person\/2b1cf3cd81a31e3cd26889ca66d677f1\",\"name\":\"cfeditorfr\"}]}<\/script>\n<!-- \/ Yoast SEO Premium plugin. -->","yoast_head_json":{"title":"Thiam Contre Deux Ministres Ivoiriens Depuis Londres - C\u00f4te d&#039;Ivoire","description":"Selon un media Franc\u0327ais, le pre\u0301sident du PDCI-RDA, Tidjane Thiam, a lance\u0301 une proce\u0301dure a\u0300 Londres en Angleterre con ...","robots":{"index":"index","follow":"follow","max-snippet":"max-snippet:-1","max-image-preview":"max-image-preview:large","max-video-preview":"max-video-preview:-1"},"canonical":"https:\/\/www.africa-press.net\/cotedivoire\/politique\/thiam-contre-deux-ministres-ivoiriens-depuis-londres","og_locale":"fr_FR","og_type":"article","og_title":"Thiam Contre Deux Ministres Ivoiriens Depuis Londres","og_description":"Selon un media Franc\u0327ais, le pre\u0301sident du PDCI-RDA, Tidjane Thiam, a lance\u0301 une proce\u0301dure a\u0300 Londres en Angleterre con ...","og_url":"https:\/\/www.africa-press.net\/cotedivoire\/politique\/thiam-contre-deux-ministres-ivoiriens-depuis-londres","og_site_name":"C\u00f4te d&#039;Ivoire","article_published_time":"2025-10-15T17:09:05+00:00","article_modified_time":"2025-10-15T17:25:16+00:00","og_image":[{"width":720,"height":267,"url":"https:\/\/static.africa-press.net\/cote\/sites\/43\/2025\/10\/sm_1760536492.657647.jpg","type":"image\/jpeg"}],"author":"cfeditorfr","twitter_card":"summary_large_image","twitter_misc":{"\u00c9crit par":"cfeditorfr","Dur\u00e9e de lecture estim\u00e9e":"1 minute"},"schema":{"@context":"https:\/\/schema.org","@graph":[{"@type":"Article","@id":"https:\/\/www.africa-press.net\/cotedivoire\/politique\/thiam-contre-deux-ministres-ivoiriens-depuis-londres#article","isPartOf":{"@id":"https:\/\/www.africa-press.net\/cotedivoire\/politique\/thiam-contre-deux-ministres-ivoiriens-depuis-londres"},"author":{"name":"cfeditorfr","@id":"https:\/\/www.africa-press.net\/cotedivoire\/#\/schema\/person\/2b1cf3cd81a31e3cd26889ca66d677f1"},"headline":"Thiam Contre Deux Ministres Ivoiriens Depuis Londres","datePublished":"2025-10-15T17:09:05+00:00","dateModified":"2025-10-15T17:25:16+00:00","mainEntityOfPage":{"@id":"https:\/\/www.africa-press.net\/cotedivoire\/politique\/thiam-contre-deux-ministres-ivoiriens-depuis-londres"},"wordCount":148,"commentCount":0,"image":{"@id":"https:\/\/www.africa-press.net\/cotedivoire\/politique\/thiam-contre-deux-ministres-ivoiriens-depuis-londres#primaryimage"},"thumbnailUrl":"https:\/\/static.africa-press.net\/cote\/sites\/43\/2025\/10\/sm_1760536492.657647.jpg","keywords":["Amadou Couliblay","C\u00d4TE D'IVOIRE","Londres","Mamadou Tour\u00e9","PDCI-RDA","proc\u00e9dures","Tidjane Thiam"],"articleSection":["Politique","Toutes les actualit\u00e9s"],"inLanguage":"fr-FR","potentialAction":[{"@type":"CommentAction","name":"Comment","target":["https:\/\/www.africa-press.net\/cotedivoire\/politique\/thiam-contre-deux-ministres-ivoiriens-depuis-londres#respond"]}]},{"@type":"WebPage","@id":"https:\/\/www.africa-press.net\/cotedivoire\/politique\/thiam-contre-deux-ministres-ivoiriens-depuis-londres","url":"https:\/\/www.africa-press.net\/cotedivoire\/politique\/thiam-contre-deux-ministres-ivoiriens-depuis-londres","name":"Thiam Contre Deux Ministres Ivoiriens Depuis Londres - C\u00f4te d&#039;Ivoire","isPartOf":{"@id":"https:\/\/www.africa-press.net\/cotedivoire\/#website"},"primaryImageOfPage":{"@id":"https:\/\/www.africa-press.net\/cotedivoire\/politique\/thiam-contre-deux-ministres-ivoiriens-depuis-londres#primaryimage"},"image":{"@id":"https:\/\/www.africa-press.net\/cotedivoire\/politique\/thiam-contre-deux-ministres-ivoiriens-depuis-londres#primaryimage"},"thumbnailUrl":"https:\/\/static.africa-press.net\/cote\/sites\/43\/2025\/10\/sm_1760536492.657647.jpg","datePublished":"2025-10-15T17:09:05+00:00","dateModified":"2025-10-15T17:25:16+00:00","author":{"@id":"https:\/\/www.africa-press.net\/cotedivoire\/#\/schema\/person\/2b1cf3cd81a31e3cd26889ca66d677f1"},"description":"Selon un media Franc\u0327ais, le pre\u0301sident du PDCI-RDA, Tidjane Thiam, a lance\u0301 une proce\u0301dure a\u0300 Londres en Angleterre con ...","breadcrumb":{"@id":"https:\/\/www.africa-press.net\/cotedivoire\/politique\/thiam-contre-deux-ministres-ivoiriens-depuis-londres#breadcrumb"},"inLanguage":"fr-FR","potentialAction":[{"@type":"ReadAction","target":["https:\/\/www.africa-press.net\/cotedivoire\/politique\/thiam-contre-deux-ministres-ivoiriens-depuis-londres"]}]},{"@type":"ImageObject","inLanguage":"fr-FR","@id":"https:\/\/www.africa-press.net\/cotedivoire\/politique\/thiam-contre-deux-ministres-ivoiriens-depuis-londres#primaryimage","url":"https:\/\/static.africa-press.net\/cote\/sites\/43\/2025\/10\/sm_1760536492.657647.jpg","contentUrl":"https:\/\/static.africa-press.net\/cote\/sites\/43\/2025\/10\/sm_1760536492.657647.jpg","width":720,"height":267,"caption":"Thiam Contre Deux Ministres Ivoiriens Depuis Londres"},{"@type":"BreadcrumbList","@id":"https:\/\/www.africa-press.net\/cotedivoire\/politique\/thiam-contre-deux-ministres-ivoiriens-depuis-londres#breadcrumb","itemListElement":[{"@type":"ListItem","position":1,"name":"Accueil","item":"https:\/\/www.africa-press.net\/cotedivoire\/"},{"@type":"ListItem","position":2,"name":"Thiam Contre Deux Ministres Ivoiriens Depuis Londres"}]},{"@type":"WebSite","@id":"https:\/\/www.africa-press.net\/cotedivoire\/#website","url":"https:\/\/www.africa-press.net\/cotedivoire\/","name":"C\u00f4te d&#039;Ivoire","description":"Just another Africa News Agency Sites site","potentialAction":[{"@type":"SearchAction","target":{"@type":"EntryPoint","urlTemplate":"https:\/\/www.africa-press.net\/cotedivoire\/?s={search_term_string}"},"query-input":{"@type":"PropertyValueSpecification","valueRequired":true,"valueName":"search_term_string"}}],"inLanguage":"fr-FR"},{"@type":"Person","@id":"https:\/\/www.africa-press.net\/cotedivoire\/#\/schema\/person\/2b1cf3cd81a31e3cd26889ca66d677f1","name":"cfeditorfr"}]}},"_links":{"self":[{"href":"https:\/\/www.africa-press.net\/cotedivoire\/wp-json\/wp\/v2\/posts\/106783","targetHints":{"allow":["GET"]}}],"collection":[{"href":"https:\/\/www.africa-press.net\/cotedivoire\/wp-json\/wp\/v2\/posts"}],"about":[{"href":"https:\/\/www.africa-press.net\/cotedivoire\/wp-json\/wp\/v2\/types\/post"}],"author":[{"embeddable":true,"href":"https:\/\/www.africa-press.net\/cotedivoire\/wp-json\/wp\/v2\/users\/82"}],"replies":[{"embeddable":true,"href":"https:\/\/www.africa-press.net\/cotedivoire\/wp-json\/wp\/v2\/comments?post=106783"}],"version-history":[{"count":0,"href":"https:\/\/www.africa-press.net\/cotedivoire\/wp-json\/wp\/v2\/posts\/106783\/revisions"}],"wp:featuredmedia":[{"embeddable":true,"href":"https:\/\/www.africa-press.net\/cotedivoire\/wp-json\/wp\/v2\/media\/106782"}],"wp:attachment":[{"href":"https:\/\/www.africa-press.net\/cotedivoire\/wp-json\/wp\/v2\/media?parent=106783"}],"wp:term":[{"taxonomy":"category","embeddable":true,"href":"https:\/\/www.africa-press.net\/cotedivoire\/wp-json\/wp\/v2\/categories?post=106783"},{"taxonomy":"post_tag","embeddable":true,"href":"https:\/\/www.africa-press.net\/cotedivoire\/wp-json\/wp\/v2\/tags?post=106783"}],"curies":[{"name":"wp","href":"https:\/\/api.w.org\/{rel}","templated":true}]}}