{"id":106789,"date":"2025-10-15T17:09:54","date_gmt":"2025-10-15T17:09:54","guid":{"rendered":"https:\/\/www.africa-press.net\/cotedivoire\/politique\/pe-ado-promeut-politique-de-ouattara-sur-emploi-jeunes"},"modified":"2025-10-15T17:25:47","modified_gmt":"2025-10-15T17:25:47","slug":"pe-ado-promeut-politique-de-ouattara-sur-emploi-jeunes","status":"publish","type":"post","link":"https:\/\/www.africa-press.net\/cotedivoire\/politique\/pe-ado-promeut-politique-de-ouattara-sur-emploi-jeunes","title":{"rendered":"PE-ADO Promeut Politique de Ouattara sur Emploi Jeunes"},"content":{"rendered":"<p><span style=\"color: #ff6600\"><strong>Africa-Press &#8211; C\u00f4te d&rsquo;Ivoire. <\/strong><\/span>Le mardi 14 octobre 2025, la sce\u0300ne politique ivoirienne a franchi un nouveau cap avec la tenue du deuxie\u0300me meeting digital du mouvement Partisans Engage\u0301s pour ADO (PE-ADO), inscrit dans le cadre d&rsquo;une campagne nume\u0301rique nationale en soutien au Pre\u0301sident de la Re\u0301publique, SEM Alassane Ouattara.<\/p>\n<p>Axe\u0301 sur le the\u0300me \u00ab Un avenir assure\u0301 pour notre jeunesse: 1 million d\u2019emplois et un cho\u0302mage au plus bas de notre histoire \u00bb, l\u2019e\u0301ve\u0301nement a mobilise\u0301 plusieurs milliers d\u2019internautes sur les principales plateformes sociales. Ce rendez-vous virtuel marque une e\u0301tape de\u0301cisive dans la strate\u0301gie de communication moderne du Rassemblement des Houphoue\u0308tistes pour la De\u0301mocratie et la Paix (RHDP).<\/p>\n<p>L\u2019ouverture du meeting a e\u0301te\u0301 assure\u0301e par l\u2019Honorable Dr Abdoulaye Mei\u0308te\u0301, de\u0301pute\u0301 a\u0300 l\u2019Assemble\u0301e nationale et 2e vice-pre\u0301sident de PE-ADO. Dans une intervention pre\u0301cise et documente\u0301e, il a mis en lumie\u0300re les avance\u0301es significatives enregistre\u0301es dans le domaine de l\u2019emploi des jeunes.<\/p>\n<p>Des programmes phares tels que PEJEDEC, THIMO ou encore Agir pour les jeunes, couple\u0301s a\u0300 la digitalisation des services de l\u2019Agence Emploi Jeunes, ont permis a\u0300 des centaines de milliers de jeunes Ivoiriens de trouver une insertion durable dans la vie active. Ces actions, selon lui, sont la preuve concre\u0300te de l\u2019engagement du Pre\u0301sident Ouattara envers la jeunesse ivoirienne.<\/p>\n<p>Prenant la parole a\u0300 sa suite, la Pre\u0301sidente du mouvement, l\u2019Honorable Adjaratou Traore\u0301-Coulibaly, a salue\u0301 le leadership du Dr Mei\u0308te\u0301, qualifie\u0301 de \u00ab fide\u0300le artisan de la vision du Pre\u0301sident Alassane Ouattara \u00bb. Elle a rappele\u0301 que l\u2019ambition du Chef de l\u2019E\u0301tat s\u2019articule autour de la cre\u0301ation d\u2019opportunite\u0301s re\u0301elles pour les jeunes et les femmes.<\/p>\n<p>Elle a notamment mis en avant le ro\u0302le central du Fonds d\u2019Appui aux Femmes de Co\u0302te d\u2019Ivoire (FAFCI), une initiative phare de la Premie\u0300re Dame Dominique Ouattara. Gra\u0302ce a\u0300 ce fonds, des dizaines de milliers de femmes a\u0300 faibles revenus ont pu acce\u0301der a\u0300 des cre\u0301dits pour lancer leurs activite\u0301s ge\u0301ne\u0301ratrices de revenus.<\/p>\n<p>Pour dynamiser la rencontre et renforcer l\u2019engagement du public, le team d\u2019influenceurs PE-ADO \u2013 compose\u0301 de Yakayakaparis, Kimia, le Ge\u0301ne\u0301ral Makosso et Rachelle Crasso \u2013 a joue\u0301 un ro\u0302le de\u0301terminant.<\/p>\n<p>A\u0300 travers une communication cre\u0301ative et des contenus percutants, ils ont re\u0301ussi a\u0300 propulser l\u2019e\u0301ve\u0301nement en te\u0302te des tendances sur TikTok, offrant ainsi une visibilite\u0301 nationale et me\u0302me re\u0301gionale a\u0300 cette mobilisation politique d\u2019un nouveau genre. Des jeux interactifs et des cadeaux en direct ont renforce\u0301 l\u2019enthousiasme du public connecte\u0301.<\/p>\n<p>Au-dela\u0300 de l\u2019aspect technique et de la viralite\u0301, ce meeting virtuel a exprime\u0301 une volonte\u0301 claire: reconnecter la jeunesse ivoirienne a\u0300 la vision d\u2019une Co\u0302te d\u2019Ivoire stable, e\u0301mergente et inclusive, ou\u0300 chaque citoyen peut trouver sa place dans le projet national.<\/p>\n<p>Ce deuxie\u0300me meeting digital du PE-ADO illustre une ge\u0301ne\u0301ration consciente, engage\u0301e et tourne\u0301e vers l\u2019avenir, re\u0301solument unie autour du leadership du Pre\u0301sident Alassane Ouattara, dans un e\u0301lan de foi, d\u2019unite\u0301 et d\u2019action.<\/p>\n<p><strong>Pour plus d&rsquo;informations et d&rsquo;analyses sur la <span style=\"color: #ff6600\">C\u00f4te d&rsquo;Ivoire<\/span>, suivez <span style=\"color: #ff6600\">Africa-Press<\/span><\/strong><\/p>\n","protected":false},"excerpt":{"rendered":"<p>Africa-Press &#8211; C\u00f4te d&rsquo;Ivoire. Le mardi 14 octobre 2025, la sce\u0300ne politique ivoirienne a franchi un nouveau cap avec la tenue du deuxie\u0300me meeting digital du mouvement Partisans Engage\u0301s pour ADO (PE-ADO), inscrit dans le cadre d&rsquo;une campagne nume\u0301rique nationale en soutien au Pre\u0301sident de la Re\u0301publique, SEM Alassane Ouattara. Axe\u0301 sur le the\u0300me \u00ab [&hellip;]<\/p>\n","protected":false},"author":82,"featured_media":106788,"comment_status":"open","ping_status":"closed","sticky":false,"template":"","format":"standard","meta":{"footnotes":""},"categories":[2,10],"tags":[38,2711,29,797,3453,19187,9643,19186,19189,19188,371],"class_list":["post-106789","post","type-post","status-publish","format-standard","has-post-thumbnail","hentry","category-politique","category-toutes-les-actualites","tag-alassane-ouattara","tag-campagne","tag-cote-divoire","tag-digitale","tag-dominique-ouattara","tag-emergente","tag-fafci","tag-makosso","tag-peado","tag-politique-numerique","tag-rhdp"],"yoast_head":"<!-- This site is optimized with the Yoast SEO Premium plugin v26.1 (Yoast SEO v27.0) - https:\/\/yoast.com\/product\/yoast-seo-premium-wordpress\/ -->\n<title>PE-ADO Promeut Politique de Ouattara sur Emploi Jeunes - C\u00f4te d&#039;Ivoire<\/title>\n<meta name=\"description\" content=\"Le mardi 14 octobre 2025, la sce\u0300ne politique ivoirienne a franchi un nouveau cap avec la tenue du deuxie\u0300me meeting dig ...\" \/>\n<meta name=\"robots\" content=\"index, follow, max-snippet:-1, max-image-preview:large, max-video-preview:-1\" \/>\n<link rel=\"canonical\" href=\"https:\/\/www.africa-press.net\/cotedivoire\/politique\/pe-ado-promeut-politique-de-ouattara-sur-emploi-jeunes\" \/>\n<meta property=\"og:locale\" content=\"fr_FR\" \/>\n<meta property=\"og:type\" content=\"article\" \/>\n<meta property=\"og:title\" content=\"PE-ADO Promeut Politique de Ouattara sur Emploi Jeunes\" \/>\n<meta property=\"og:description\" content=\"Le mardi 14 octobre 2025, la sce\u0300ne politique ivoirienne a franchi un nouveau cap avec la tenue du deuxie\u0300me meeting dig ...\" \/>\n<meta property=\"og:url\" content=\"https:\/\/www.africa-press.net\/cotedivoire\/politique\/pe-ado-promeut-politique-de-ouattara-sur-emploi-jeunes\" \/>\n<meta property=\"og:site_name\" content=\"C\u00f4te d&#039;Ivoire\" \/>\n<meta property=\"article:published_time\" content=\"2025-10-15T17:09:54+00:00\" \/>\n<meta property=\"article:modified_time\" content=\"2025-10-15T17:25:47+00:00\" \/>\n<meta property=\"og:image\" content=\"https:\/\/static.africa-press.net\/cote\/sites\/43\/2025\/10\/sm_1760536525.819003.jpg\" \/>\n\t<meta property=\"og:image:width\" content=\"720\" \/>\n\t<meta property=\"og:image:height\" content=\"480\" \/>\n\t<meta property=\"og:image:type\" content=\"image\/jpeg\" \/>\n<meta name=\"author\" content=\"cfeditorfr\" \/>\n<meta name=\"twitter:card\" content=\"summary_large_image\" \/>\n<meta name=\"twitter:label1\" content=\"\u00c9crit par\" \/>\n\t<meta name=\"twitter:data1\" content=\"cfeditorfr\" \/>\n\t<meta name=\"twitter:label2\" content=\"Dur\u00e9e de lecture estim\u00e9e\" \/>\n\t<meta name=\"twitter:data2\" content=\"3 minutes\" \/>\n<script type=\"application\/ld+json\" class=\"yoast-schema-graph\">{\"@context\":\"https:\/\/schema.org\",\"@graph\":[{\"@type\":\"Article\",\"@id\":\"https:\/\/www.africa-press.net\/cotedivoire\/politique\/pe-ado-promeut-politique-de-ouattara-sur-emploi-jeunes#article\",\"isPartOf\":{\"@id\":\"https:\/\/www.africa-press.net\/cotedivoire\/politique\/pe-ado-promeut-politique-de-ouattara-sur-emploi-jeunes\"},\"author\":{\"name\":\"cfeditorfr\",\"@id\":\"https:\/\/www.africa-press.net\/cotedivoire\/#\/schema\/person\/2b1cf3cd81a31e3cd26889ca66d677f1\"},\"headline\":\"PE-ADO Promeut Politique de Ouattara sur Emploi Jeunes\",\"datePublished\":\"2025-10-15T17:09:54+00:00\",\"dateModified\":\"2025-10-15T17:25:47+00:00\",\"mainEntityOfPage\":{\"@id\":\"https:\/\/www.africa-press.net\/cotedivoire\/politique\/pe-ado-promeut-politique-de-ouattara-sur-emploi-jeunes\"},\"wordCount\":583,\"commentCount\":0,\"image\":{\"@id\":\"https:\/\/www.africa-press.net\/cotedivoire\/politique\/pe-ado-promeut-politique-de-ouattara-sur-emploi-jeunes#primaryimage\"},\"thumbnailUrl\":\"https:\/\/static.africa-press.net\/cote\/sites\/43\/2025\/10\/sm_1760536525.819003.jpg\",\"keywords\":[\"Alassane Ouattara\",\"campagne\",\"C\u00d4TE D'IVOIRE\",\"digitale\",\"Dominique Ouattara\",\"\u00e9mergente\",\"Fafci\",\"Makosso\",\"PEADO\",\"politique num\u00e9rique\",\"RHDP\"],\"articleSection\":[\"Politique\",\"Toutes les actualit\u00e9s\"],\"inLanguage\":\"fr-FR\",\"potentialAction\":[{\"@type\":\"CommentAction\",\"name\":\"Comment\",\"target\":[\"https:\/\/www.africa-press.net\/cotedivoire\/politique\/pe-ado-promeut-politique-de-ouattara-sur-emploi-jeunes#respond\"]}]},{\"@type\":\"WebPage\",\"@id\":\"https:\/\/www.africa-press.net\/cotedivoire\/politique\/pe-ado-promeut-politique-de-ouattara-sur-emploi-jeunes\",\"url\":\"https:\/\/www.africa-press.net\/cotedivoire\/politique\/pe-ado-promeut-politique-de-ouattara-sur-emploi-jeunes\",\"name\":\"PE-ADO Promeut Politique de Ouattara sur Emploi Jeunes - C\u00f4te d&#039;Ivoire\",\"isPartOf\":{\"@id\":\"https:\/\/www.africa-press.net\/cotedivoire\/#website\"},\"primaryImageOfPage\":{\"@id\":\"https:\/\/www.africa-press.net\/cotedivoire\/politique\/pe-ado-promeut-politique-de-ouattara-sur-emploi-jeunes#primaryimage\"},\"image\":{\"@id\":\"https:\/\/www.africa-press.net\/cotedivoire\/politique\/pe-ado-promeut-politique-de-ouattara-sur-emploi-jeunes#primaryimage\"},\"thumbnailUrl\":\"https:\/\/static.africa-press.net\/cote\/sites\/43\/2025\/10\/sm_1760536525.819003.jpg\",\"datePublished\":\"2025-10-15T17:09:54+00:00\",\"dateModified\":\"2025-10-15T17:25:47+00:00\",\"author\":{\"@id\":\"https:\/\/www.africa-press.net\/cotedivoire\/#\/schema\/person\/2b1cf3cd81a31e3cd26889ca66d677f1\"},\"description\":\"Le mardi 14 octobre 2025, la sce\u0300ne politique ivoirienne a franchi un nouveau cap avec la tenue du deuxie\u0300me meeting dig ...\",\"breadcrumb\":{\"@id\":\"https:\/\/www.africa-press.net\/cotedivoire\/politique\/pe-ado-promeut-politique-de-ouattara-sur-emploi-jeunes#breadcrumb\"},\"inLanguage\":\"fr-FR\",\"potentialAction\":[{\"@type\":\"ReadAction\",\"target\":[\"https:\/\/www.africa-press.net\/cotedivoire\/politique\/pe-ado-promeut-politique-de-ouattara-sur-emploi-jeunes\"]}]},{\"@type\":\"ImageObject\",\"inLanguage\":\"fr-FR\",\"@id\":\"https:\/\/www.africa-press.net\/cotedivoire\/politique\/pe-ado-promeut-politique-de-ouattara-sur-emploi-jeunes#primaryimage\",\"url\":\"https:\/\/static.africa-press.net\/cote\/sites\/43\/2025\/10\/sm_1760536525.819003.jpg\",\"contentUrl\":\"https:\/\/static.africa-press.net\/cote\/sites\/43\/2025\/10\/sm_1760536525.819003.jpg\",\"width\":720,\"height\":480,\"caption\":\"PE-ADO Promeut Politique de Ouattara sur Emploi Jeunes\"},{\"@type\":\"BreadcrumbList\",\"@id\":\"https:\/\/www.africa-press.net\/cotedivoire\/politique\/pe-ado-promeut-politique-de-ouattara-sur-emploi-jeunes#breadcrumb\",\"itemListElement\":[{\"@type\":\"ListItem\",\"position\":1,\"name\":\"Accueil\",\"item\":\"https:\/\/www.africa-press.net\/cotedivoire\/\"},{\"@type\":\"ListItem\",\"position\":2,\"name\":\"PE-ADO Promeut Politique de Ouattara sur Emploi Jeunes\"}]},{\"@type\":\"WebSite\",\"@id\":\"https:\/\/www.africa-press.net\/cotedivoire\/#website\",\"url\":\"https:\/\/www.africa-press.net\/cotedivoire\/\",\"name\":\"C\u00f4te d&#039;Ivoire\",\"description\":\"Just another Africa News Agency Sites site\",\"potentialAction\":[{\"@type\":\"SearchAction\",\"target\":{\"@type\":\"EntryPoint\",\"urlTemplate\":\"https:\/\/www.africa-press.net\/cotedivoire\/?s={search_term_string}\"},\"query-input\":{\"@type\":\"PropertyValueSpecification\",\"valueRequired\":true,\"valueName\":\"search_term_string\"}}],\"inLanguage\":\"fr-FR\"},{\"@type\":\"Person\",\"@id\":\"https:\/\/www.africa-press.net\/cotedivoire\/#\/schema\/person\/2b1cf3cd81a31e3cd26889ca66d677f1\",\"name\":\"cfeditorfr\"}]}<\/script>\n<!-- \/ Yoast SEO Premium plugin. -->","yoast_head_json":{"title":"PE-ADO Promeut Politique de Ouattara sur Emploi Jeunes - C\u00f4te d&#039;Ivoire","description":"Le mardi 14 octobre 2025, la sce\u0300ne politique ivoirienne a franchi un nouveau cap avec la tenue du deuxie\u0300me meeting dig ...","robots":{"index":"index","follow":"follow","max-snippet":"max-snippet:-1","max-image-preview":"max-image-preview:large","max-video-preview":"max-video-preview:-1"},"canonical":"https:\/\/www.africa-press.net\/cotedivoire\/politique\/pe-ado-promeut-politique-de-ouattara-sur-emploi-jeunes","og_locale":"fr_FR","og_type":"article","og_title":"PE-ADO Promeut Politique de Ouattara sur Emploi Jeunes","og_description":"Le mardi 14 octobre 2025, la sce\u0300ne politique ivoirienne a franchi un nouveau cap avec la tenue du deuxie\u0300me meeting dig ...","og_url":"https:\/\/www.africa-press.net\/cotedivoire\/politique\/pe-ado-promeut-politique-de-ouattara-sur-emploi-jeunes","og_site_name":"C\u00f4te d&#039;Ivoire","article_published_time":"2025-10-15T17:09:54+00:00","article_modified_time":"2025-10-15T17:25:47+00:00","og_image":[{"width":720,"height":480,"url":"https:\/\/static.africa-press.net\/cote\/sites\/43\/2025\/10\/sm_1760536525.819003.jpg","type":"image\/jpeg"}],"author":"cfeditorfr","twitter_card":"summary_large_image","twitter_misc":{"\u00c9crit par":"cfeditorfr","Dur\u00e9e de lecture estim\u00e9e":"3 minutes"},"schema":{"@context":"https:\/\/schema.org","@graph":[{"@type":"Article","@id":"https:\/\/www.africa-press.net\/cotedivoire\/politique\/pe-ado-promeut-politique-de-ouattara-sur-emploi-jeunes#article","isPartOf":{"@id":"https:\/\/www.africa-press.net\/cotedivoire\/politique\/pe-ado-promeut-politique-de-ouattara-sur-emploi-jeunes"},"author":{"name":"cfeditorfr","@id":"https:\/\/www.africa-press.net\/cotedivoire\/#\/schema\/person\/2b1cf3cd81a31e3cd26889ca66d677f1"},"headline":"PE-ADO Promeut Politique de Ouattara sur Emploi Jeunes","datePublished":"2025-10-15T17:09:54+00:00","dateModified":"2025-10-15T17:25:47+00:00","mainEntityOfPage":{"@id":"https:\/\/www.africa-press.net\/cotedivoire\/politique\/pe-ado-promeut-politique-de-ouattara-sur-emploi-jeunes"},"wordCount":583,"commentCount":0,"image":{"@id":"https:\/\/www.africa-press.net\/cotedivoire\/politique\/pe-ado-promeut-politique-de-ouattara-sur-emploi-jeunes#primaryimage"},"thumbnailUrl":"https:\/\/static.africa-press.net\/cote\/sites\/43\/2025\/10\/sm_1760536525.819003.jpg","keywords":["Alassane Ouattara","campagne","C\u00d4TE D'IVOIRE","digitale","Dominique Ouattara","\u00e9mergente","Fafci","Makosso","PEADO","politique num\u00e9rique","RHDP"],"articleSection":["Politique","Toutes les actualit\u00e9s"],"inLanguage":"fr-FR","potentialAction":[{"@type":"CommentAction","name":"Comment","target":["https:\/\/www.africa-press.net\/cotedivoire\/politique\/pe-ado-promeut-politique-de-ouattara-sur-emploi-jeunes#respond"]}]},{"@type":"WebPage","@id":"https:\/\/www.africa-press.net\/cotedivoire\/politique\/pe-ado-promeut-politique-de-ouattara-sur-emploi-jeunes","url":"https:\/\/www.africa-press.net\/cotedivoire\/politique\/pe-ado-promeut-politique-de-ouattara-sur-emploi-jeunes","name":"PE-ADO Promeut Politique de Ouattara sur Emploi Jeunes - C\u00f4te d&#039;Ivoire","isPartOf":{"@id":"https:\/\/www.africa-press.net\/cotedivoire\/#website"},"primaryImageOfPage":{"@id":"https:\/\/www.africa-press.net\/cotedivoire\/politique\/pe-ado-promeut-politique-de-ouattara-sur-emploi-jeunes#primaryimage"},"image":{"@id":"https:\/\/www.africa-press.net\/cotedivoire\/politique\/pe-ado-promeut-politique-de-ouattara-sur-emploi-jeunes#primaryimage"},"thumbnailUrl":"https:\/\/static.africa-press.net\/cote\/sites\/43\/2025\/10\/sm_1760536525.819003.jpg","datePublished":"2025-10-15T17:09:54+00:00","dateModified":"2025-10-15T17:25:47+00:00","author":{"@id":"https:\/\/www.africa-press.net\/cotedivoire\/#\/schema\/person\/2b1cf3cd81a31e3cd26889ca66d677f1"},"description":"Le mardi 14 octobre 2025, la sce\u0300ne politique ivoirienne a franchi un nouveau cap avec la tenue du deuxie\u0300me meeting dig ...","breadcrumb":{"@id":"https:\/\/www.africa-press.net\/cotedivoire\/politique\/pe-ado-promeut-politique-de-ouattara-sur-emploi-jeunes#breadcrumb"},"inLanguage":"fr-FR","potentialAction":[{"@type":"ReadAction","target":["https:\/\/www.africa-press.net\/cotedivoire\/politique\/pe-ado-promeut-politique-de-ouattara-sur-emploi-jeunes"]}]},{"@type":"ImageObject","inLanguage":"fr-FR","@id":"https:\/\/www.africa-press.net\/cotedivoire\/politique\/pe-ado-promeut-politique-de-ouattara-sur-emploi-jeunes#primaryimage","url":"https:\/\/static.africa-press.net\/cote\/sites\/43\/2025\/10\/sm_1760536525.819003.jpg","contentUrl":"https:\/\/static.africa-press.net\/cote\/sites\/43\/2025\/10\/sm_1760536525.819003.jpg","width":720,"height":480,"caption":"PE-ADO Promeut Politique de Ouattara sur Emploi Jeunes"},{"@type":"BreadcrumbList","@id":"https:\/\/www.africa-press.net\/cotedivoire\/politique\/pe-ado-promeut-politique-de-ouattara-sur-emploi-jeunes#breadcrumb","itemListElement":[{"@type":"ListItem","position":1,"name":"Accueil","item":"https:\/\/www.africa-press.net\/cotedivoire\/"},{"@type":"ListItem","position":2,"name":"PE-ADO Promeut Politique de Ouattara sur Emploi Jeunes"}]},{"@type":"WebSite","@id":"https:\/\/www.africa-press.net\/cotedivoire\/#website","url":"https:\/\/www.africa-press.net\/cotedivoire\/","name":"C\u00f4te d&#039;Ivoire","description":"Just another Africa News Agency Sites site","potentialAction":[{"@type":"SearchAction","target":{"@type":"EntryPoint","urlTemplate":"https:\/\/www.africa-press.net\/cotedivoire\/?s={search_term_string}"},"query-input":{"@type":"PropertyValueSpecification","valueRequired":true,"valueName":"search_term_string"}}],"inLanguage":"fr-FR"},{"@type":"Person","@id":"https:\/\/www.africa-press.net\/cotedivoire\/#\/schema\/person\/2b1cf3cd81a31e3cd26889ca66d677f1","name":"cfeditorfr"}]}},"_links":{"self":[{"href":"https:\/\/www.africa-press.net\/cotedivoire\/wp-json\/wp\/v2\/posts\/106789","targetHints":{"allow":["GET"]}}],"collection":[{"href":"https:\/\/www.africa-press.net\/cotedivoire\/wp-json\/wp\/v2\/posts"}],"about":[{"href":"https:\/\/www.africa-press.net\/cotedivoire\/wp-json\/wp\/v2\/types\/post"}],"author":[{"embeddable":true,"href":"https:\/\/www.africa-press.net\/cotedivoire\/wp-json\/wp\/v2\/users\/82"}],"replies":[{"embeddable":true,"href":"https:\/\/www.africa-press.net\/cotedivoire\/wp-json\/wp\/v2\/comments?post=106789"}],"version-history":[{"count":0,"href":"https:\/\/www.africa-press.net\/cotedivoire\/wp-json\/wp\/v2\/posts\/106789\/revisions"}],"wp:featuredmedia":[{"embeddable":true,"href":"https:\/\/www.africa-press.net\/cotedivoire\/wp-json\/wp\/v2\/media\/106788"}],"wp:attachment":[{"href":"https:\/\/www.africa-press.net\/cotedivoire\/wp-json\/wp\/v2\/media?parent=106789"}],"wp:term":[{"taxonomy":"category","embeddable":true,"href":"https:\/\/www.africa-press.net\/cotedivoire\/wp-json\/wp\/v2\/categories?post=106789"},{"taxonomy":"post_tag","embeddable":true,"href":"https:\/\/www.africa-press.net\/cotedivoire\/wp-json\/wp\/v2\/tags?post=106789"}],"curies":[{"name":"wp","href":"https:\/\/api.w.org\/{rel}","templated":true}]}}