{"id":106795,"date":"2025-10-15T17:10:42","date_gmt":"2025-10-15T17:10:42","guid":{"rendered":"https:\/\/www.africa-press.net\/cotedivoire\/politique\/simone-gbagbo-presente-son-programme-a-guiberoua"},"modified":"2025-10-15T17:26:14","modified_gmt":"2025-10-15T17:26:14","slug":"simone-gbagbo-presente-son-programme-a-guiberoua","status":"publish","type":"post","link":"https:\/\/www.africa-press.net\/cotedivoire\/politique\/simone-gbagbo-presente-son-programme-a-guiberoua","title":{"rendered":"Simone Gbagbo Pr\u00e9sente Son Programme \u00e0 Guib\u00e9roua"},"content":{"rendered":"<p><span style=\"color: #ff6600\"><strong>Africa-Press &#8211; C\u00f4te d&rsquo;Ivoire. <\/strong><\/span>La candidate a\u0300 l&rsquo;e\u0301lection pre\u0301sidentielle du 25 octobre 2025 du Mouvement Ge\u0301ne\u0301ration Capable (MGC), Docteur Simone Ehivet ex e\u0301pouse Gbagbo, e\u0301tait dans la ville de Guibe\u0301roua ce mardi 14 octobre ou\u0300 elle a de\u0301voile\u0301 les trois piliers majeurs de son programme de socie\u0301te\u0301. Selon Docteur Simone Ehivet Gbagbo, ancienne de\u0301pute\u0301e d&rsquo;Abobo commune de 2000 a\u0300 2010 et ex premie\u0300re dame du pays, la Co\u0302te d&rsquo;Ivoire doit e\u0302tre gouverne\u0301e autrement, surtout qu&rsquo;elle a connu une grave crise qui a laisse\u0301 beaucoup de se\u0301quelles a\u0300 sa population.<\/p>\n<p>Pour ce faire, elle propose comme premier pilier de son programme de socie\u0301te\u0301, la re\u0301conciliation entre les fils et les filles de la nation et l&rsquo;indemnisation des victimes. Pour son deuxie\u0300me pilier, elle propose aux ivoiriens, une Co\u0302te d&rsquo;Ivoire qui passe de ce pays producteur agricole a\u0300 un pays transformateur donc industriel. A\u0300 ce sujet, elle avoue qu&rsquo;il faut comple\u0301tement quitter cette ide\u0301e coloniale de produire le cacao, le cafe\u0301, le palmier a\u0300 huile, l&rsquo;he\u0301ve\u0301a, la noix de cajou et autres que de les vendre aupre\u0300s des multi-nationales qui nous dictent leur loi du marche\u0301. Quand c&rsquo;est pas cela, ces multi-nationales transforment chez eux ces produits qu&rsquo;ils nous ache\u0300tent moins cher, pour nous les ramener sur le marche\u0301 local a\u0300 un cou\u0302t plus e\u0301leve\u0301. Elle s&rsquo;en est d&rsquo;ailleurs insurge\u0301e.<\/p>\n<p>\u00ab Aujourd\u2019hui encore en 2025, nos dirigeants acceptent que les produits des champs de nos vaillants parents paysans ne soient re\u0301serve\u0301s qu&rsquo;a\u0300 l&rsquo;exportation comme au temps du Pre\u0301sident Fe\u0301lix Houphoue\u0308t-Boigny. C&rsquo;est inadmissible aujourd&rsquo;hui quand-me\u0302me. Nous devions depuis lors passer a\u0300 la transformation par nous-me\u0302mes et sur place de tous nos produits agricoles. Cela permet a\u0300 tous nos enfants d&rsquo;avoir du travail ici mais e\u0301galement de faire des producteurs, des riches planteurs autonomes \u00bb, s&rsquo;est-elle indigne\u0301e avant de proposer pour ce faire, une re\u0301forme totale du syste\u0300me e\u0301ducatif qui n&rsquo;est plus adapte\u0301 a\u0300 nos re\u0301alite\u0301s du moment.<\/p>\n<p>\u00ab Le niveau des enseignants et celui de nos enfants est devenu tre\u0300s bas. Les manuels scolaires ne sont pas conformes a\u0300 nos re\u0301alite\u0301s. Je donne l&rsquo;exemple du lyce\u0301e ho\u0302telier ou\u0300 les apprenants ne sont forme\u0301s qu&rsquo;a\u0300 des mets d&rsquo;autres continents aux no\u0302tres. Avec moi a\u0300 la te\u0302te de la Co\u0302te d&rsquo;Ivoire, nos enfants seront forme\u0301s a\u0300 promouvoir l&rsquo;image de notre pays et a\u0300 mieux la vendre aux autres comme cela se fait dans les pays europe\u0301ens, ame\u0301ricains et asiatiques. C&rsquo;est pourquoi de\u0300s la classe de 6e\u0300me, nos enfants devront e\u0302tre forme\u0301s a\u0300 la technique et aux me\u0301tiers afin que ceux qui s&rsquo;arre\u0302tent a\u0300 ce niveau d&rsquo;e\u0301tude aient de quoi faire pour leur autonomisation. Je veux que de\u0300s l&rsquo;enfance de\u0301ja\u0300, nos enfants aient l&rsquo;amour de leur pays afin de le de\u0301fendre aise\u0301ment. C&rsquo;est pourquoi je propose le service civique et le service militaire obligatoire&#8230;\u00bb a-t-elle fait savoir.<\/p>\n<p>Le troisie\u0300me pilier du programme de socie\u0301te\u0301 de la candidate du MGC aux e\u0301lections pre\u0301sidentielles du 25 octobre prochain, fait re\u0301fe\u0301rence a\u0300 la souverainete\u0301. \u00ab La souverainete\u0301 que je souhaite pour nous les ivoiriens, c&rsquo;est aussi celle qui est diplomatique. Cela pour ne plus qu&rsquo;un quelconque pays reste tre\u0300s loin pour de\u0301cider de notre de\u0301fense nationale et autres. Cette souverainete\u0301 permettra le bon voisinage avec les pays fre\u0300res avec qui nous partageons les me\u0302mes frontie\u0300res&#8230;\u00bb, a t-elle signifie\u0301 avant de conclure que si les ivoiriens veulent la re\u0301alisation de ce programme qu&rsquo;elle leur propose pour leur mieux e\u0302tre, ils devront sortir massivement le 25 octobre 2025 pour la voter a\u0300 plus de 51% qui fera d&rsquo;elle Pre\u0301sidente de la Re\u0301publique de la Co\u0302te d&rsquo;Ivoire.<\/p>\n<p>Il faut dire qu&rsquo;avant son meeting a\u0300 Guibe\u0301roua, elle a rencontre\u0301 les chefs traditionnels de Gagnoa a\u0300 la salle Bonwe\u0301li. A\u0300 Guibe\u0301roua qui fait partie du de\u0301partement de Gagnoa, la candidate a pose\u0301 une gerbe de fleurs sur la tombe du pe\u0300re de Charles Ble\u0301 Goude\u0301 dans le village de Kpogrobouo. Cela est un acte de reconnaissance vis a\u0300 vis du pre\u0301sident du COJEP pour le soutien total qu&rsquo;il lui apporte dans cette campagne pre\u0301sidentielle.<\/p>\n<p><strong>Pour plus d&rsquo;informations et d&rsquo;analyses sur la <span style=\"color: #ff6600\">C\u00f4te d&rsquo;Ivoire<\/span>, suivez <span style=\"color: #ff6600\">Africa-Press<\/span><\/strong><\/p>\n","protected":false},"excerpt":{"rendered":"<p>Africa-Press &#8211; C\u00f4te d&rsquo;Ivoire. La candidate a\u0300 l&rsquo;e\u0301lection pre\u0301sidentielle du 25 octobre 2025 du Mouvement Ge\u0301ne\u0301ration Capable (MGC), Docteur Simone Ehivet ex e\u0301pouse Gbagbo, e\u0301tait dans la ville de Guibe\u0301roua ce mardi 14 octobre ou\u0300 elle a de\u0301voile\u0301 les trois piliers majeurs de son programme de socie\u0301te\u0301. Selon Docteur Simone Ehivet Gbagbo, ancienne de\u0301pute\u0301e d&rsquo;Abobo [&hellip;]<\/p>\n","protected":false},"author":82,"featured_media":106794,"comment_status":"open","ping_status":"closed","sticky":false,"template":"","format":"standard","meta":{"footnotes":""},"categories":[2,10],"tags":[2299,493,29,4187,1589,312,1187],"class_list":["post-106795","post","type-post","status-publish","format-standard","has-post-thumbnail","hentry","category-politique","category-toutes-les-actualites","tag-charles-ble-goude","tag-cojep","tag-cote-divoire","tag-guiberoua","tag-mgc","tag-presidentielle","tag-simone-ehivet-gbagbo"],"yoast_head":"<!-- This site is optimized with the Yoast SEO Premium plugin v26.1 (Yoast SEO v27.0) - https:\/\/yoast.com\/product\/yoast-seo-premium-wordpress\/ -->\n<title>Simone Gbagbo Pr\u00e9sente Son Programme \u00e0 Guib\u00e9roua - C\u00f4te d&#039;Ivoire<\/title>\n<meta name=\"description\" content=\"La candidate a\u0300 l&#039;e\u0301lection pre\u0301sidentielle du 25 octobre 2025 du Mouvement Ge\u0301ne\u0301ration Capable (MGC), Docteur Simone E ...\" \/>\n<meta name=\"robots\" content=\"index, follow, max-snippet:-1, max-image-preview:large, max-video-preview:-1\" \/>\n<link rel=\"canonical\" href=\"https:\/\/www.africa-press.net\/cotedivoire\/politique\/simone-gbagbo-presente-son-programme-a-guiberoua\" \/>\n<meta property=\"og:locale\" content=\"fr_FR\" \/>\n<meta property=\"og:type\" content=\"article\" \/>\n<meta property=\"og:title\" content=\"Simone Gbagbo Pr\u00e9sente Son Programme \u00e0 Guib\u00e9roua\" \/>\n<meta property=\"og:description\" content=\"La candidate a\u0300 l&#039;e\u0301lection pre\u0301sidentielle du 25 octobre 2025 du Mouvement Ge\u0301ne\u0301ration Capable (MGC), Docteur Simone E ...\" \/>\n<meta property=\"og:url\" content=\"https:\/\/www.africa-press.net\/cotedivoire\/politique\/simone-gbagbo-presente-son-programme-a-guiberoua\" \/>\n<meta property=\"og:site_name\" content=\"C\u00f4te d&#039;Ivoire\" \/>\n<meta property=\"article:published_time\" content=\"2025-10-15T17:10:42+00:00\" \/>\n<meta property=\"article:modified_time\" content=\"2025-10-15T17:26:14+00:00\" \/>\n<meta property=\"og:image\" content=\"https:\/\/static.africa-press.net\/cote\/sites\/43\/2025\/10\/sm_1760536554.211175.jpg\" \/>\n\t<meta property=\"og:image:width\" content=\"720\" \/>\n\t<meta property=\"og:image:height\" content=\"408\" \/>\n\t<meta property=\"og:image:type\" content=\"image\/jpeg\" \/>\n<meta name=\"author\" content=\"cfeditorfr\" \/>\n<meta name=\"twitter:card\" content=\"summary_large_image\" \/>\n<meta name=\"twitter:label1\" content=\"\u00c9crit par\" \/>\n\t<meta name=\"twitter:data1\" content=\"cfeditorfr\" \/>\n\t<meta name=\"twitter:label2\" content=\"Dur\u00e9e de lecture estim\u00e9e\" \/>\n\t<meta name=\"twitter:data2\" content=\"4 minutes\" \/>\n<script type=\"application\/ld+json\" class=\"yoast-schema-graph\">{\"@context\":\"https:\/\/schema.org\",\"@graph\":[{\"@type\":\"Article\",\"@id\":\"https:\/\/www.africa-press.net\/cotedivoire\/politique\/simone-gbagbo-presente-son-programme-a-guiberoua#article\",\"isPartOf\":{\"@id\":\"https:\/\/www.africa-press.net\/cotedivoire\/politique\/simone-gbagbo-presente-son-programme-a-guiberoua\"},\"author\":{\"name\":\"cfeditorfr\",\"@id\":\"https:\/\/www.africa-press.net\/cotedivoire\/#\/schema\/person\/2b1cf3cd81a31e3cd26889ca66d677f1\"},\"headline\":\"Simone Gbagbo Pr\u00e9sente Son Programme \u00e0 Guib\u00e9roua\",\"datePublished\":\"2025-10-15T17:10:42+00:00\",\"dateModified\":\"2025-10-15T17:26:14+00:00\",\"mainEntityOfPage\":{\"@id\":\"https:\/\/www.africa-press.net\/cotedivoire\/politique\/simone-gbagbo-presente-son-programme-a-guiberoua\"},\"wordCount\":799,\"commentCount\":0,\"image\":{\"@id\":\"https:\/\/www.africa-press.net\/cotedivoire\/politique\/simone-gbagbo-presente-son-programme-a-guiberoua#primaryimage\"},\"thumbnailUrl\":\"https:\/\/static.africa-press.net\/cote\/sites\/43\/2025\/10\/sm_1760536554.211175.jpg\",\"keywords\":[\"Charles Bl\u00e9 Goud\u00e9\",\"Cojep\",\"C\u00d4TE D'IVOIRE\",\"Guib\u00e9roua\",\"MGC\",\"pr\u00e9sidentielle\",\"Simone Ehivet Gbagbo\"],\"articleSection\":[\"Politique\",\"Toutes les actualit\u00e9s\"],\"inLanguage\":\"fr-FR\",\"potentialAction\":[{\"@type\":\"CommentAction\",\"name\":\"Comment\",\"target\":[\"https:\/\/www.africa-press.net\/cotedivoire\/politique\/simone-gbagbo-presente-son-programme-a-guiberoua#respond\"]}]},{\"@type\":\"WebPage\",\"@id\":\"https:\/\/www.africa-press.net\/cotedivoire\/politique\/simone-gbagbo-presente-son-programme-a-guiberoua\",\"url\":\"https:\/\/www.africa-press.net\/cotedivoire\/politique\/simone-gbagbo-presente-son-programme-a-guiberoua\",\"name\":\"Simone Gbagbo Pr\u00e9sente Son Programme \u00e0 Guib\u00e9roua - C\u00f4te d&#039;Ivoire\",\"isPartOf\":{\"@id\":\"https:\/\/www.africa-press.net\/cotedivoire\/#website\"},\"primaryImageOfPage\":{\"@id\":\"https:\/\/www.africa-press.net\/cotedivoire\/politique\/simone-gbagbo-presente-son-programme-a-guiberoua#primaryimage\"},\"image\":{\"@id\":\"https:\/\/www.africa-press.net\/cotedivoire\/politique\/simone-gbagbo-presente-son-programme-a-guiberoua#primaryimage\"},\"thumbnailUrl\":\"https:\/\/static.africa-press.net\/cote\/sites\/43\/2025\/10\/sm_1760536554.211175.jpg\",\"datePublished\":\"2025-10-15T17:10:42+00:00\",\"dateModified\":\"2025-10-15T17:26:14+00:00\",\"author\":{\"@id\":\"https:\/\/www.africa-press.net\/cotedivoire\/#\/schema\/person\/2b1cf3cd81a31e3cd26889ca66d677f1\"},\"description\":\"La candidate a\u0300 l'e\u0301lection pre\u0301sidentielle du 25 octobre 2025 du Mouvement Ge\u0301ne\u0301ration Capable (MGC), Docteur Simone E ...\",\"breadcrumb\":{\"@id\":\"https:\/\/www.africa-press.net\/cotedivoire\/politique\/simone-gbagbo-presente-son-programme-a-guiberoua#breadcrumb\"},\"inLanguage\":\"fr-FR\",\"potentialAction\":[{\"@type\":\"ReadAction\",\"target\":[\"https:\/\/www.africa-press.net\/cotedivoire\/politique\/simone-gbagbo-presente-son-programme-a-guiberoua\"]}]},{\"@type\":\"ImageObject\",\"inLanguage\":\"fr-FR\",\"@id\":\"https:\/\/www.africa-press.net\/cotedivoire\/politique\/simone-gbagbo-presente-son-programme-a-guiberoua#primaryimage\",\"url\":\"https:\/\/static.africa-press.net\/cote\/sites\/43\/2025\/10\/sm_1760536554.211175.jpg\",\"contentUrl\":\"https:\/\/static.africa-press.net\/cote\/sites\/43\/2025\/10\/sm_1760536554.211175.jpg\",\"width\":720,\"height\":408,\"caption\":\"Simone Gbagbo Pr\u00e9sente Son Programme \u00e0 Guib\u00e9roua\"},{\"@type\":\"BreadcrumbList\",\"@id\":\"https:\/\/www.africa-press.net\/cotedivoire\/politique\/simone-gbagbo-presente-son-programme-a-guiberoua#breadcrumb\",\"itemListElement\":[{\"@type\":\"ListItem\",\"position\":1,\"name\":\"Accueil\",\"item\":\"https:\/\/www.africa-press.net\/cotedivoire\/\"},{\"@type\":\"ListItem\",\"position\":2,\"name\":\"Simone Gbagbo Pr\u00e9sente Son Programme \u00e0 Guib\u00e9roua\"}]},{\"@type\":\"WebSite\",\"@id\":\"https:\/\/www.africa-press.net\/cotedivoire\/#website\",\"url\":\"https:\/\/www.africa-press.net\/cotedivoire\/\",\"name\":\"C\u00f4te d&#039;Ivoire\",\"description\":\"Just another Africa News Agency Sites site\",\"potentialAction\":[{\"@type\":\"SearchAction\",\"target\":{\"@type\":\"EntryPoint\",\"urlTemplate\":\"https:\/\/www.africa-press.net\/cotedivoire\/?s={search_term_string}\"},\"query-input\":{\"@type\":\"PropertyValueSpecification\",\"valueRequired\":true,\"valueName\":\"search_term_string\"}}],\"inLanguage\":\"fr-FR\"},{\"@type\":\"Person\",\"@id\":\"https:\/\/www.africa-press.net\/cotedivoire\/#\/schema\/person\/2b1cf3cd81a31e3cd26889ca66d677f1\",\"name\":\"cfeditorfr\"}]}<\/script>\n<!-- \/ Yoast SEO Premium plugin. -->","yoast_head_json":{"title":"Simone Gbagbo Pr\u00e9sente Son Programme \u00e0 Guib\u00e9roua - C\u00f4te d&#039;Ivoire","description":"La candidate a\u0300 l'e\u0301lection pre\u0301sidentielle du 25 octobre 2025 du Mouvement Ge\u0301ne\u0301ration Capable (MGC), Docteur Simone E ...","robots":{"index":"index","follow":"follow","max-snippet":"max-snippet:-1","max-image-preview":"max-image-preview:large","max-video-preview":"max-video-preview:-1"},"canonical":"https:\/\/www.africa-press.net\/cotedivoire\/politique\/simone-gbagbo-presente-son-programme-a-guiberoua","og_locale":"fr_FR","og_type":"article","og_title":"Simone Gbagbo Pr\u00e9sente Son Programme \u00e0 Guib\u00e9roua","og_description":"La candidate a\u0300 l'e\u0301lection pre\u0301sidentielle du 25 octobre 2025 du Mouvement Ge\u0301ne\u0301ration Capable (MGC), Docteur Simone E ...","og_url":"https:\/\/www.africa-press.net\/cotedivoire\/politique\/simone-gbagbo-presente-son-programme-a-guiberoua","og_site_name":"C\u00f4te d&#039;Ivoire","article_published_time":"2025-10-15T17:10:42+00:00","article_modified_time":"2025-10-15T17:26:14+00:00","og_image":[{"width":720,"height":408,"url":"https:\/\/static.africa-press.net\/cote\/sites\/43\/2025\/10\/sm_1760536554.211175.jpg","type":"image\/jpeg"}],"author":"cfeditorfr","twitter_card":"summary_large_image","twitter_misc":{"\u00c9crit par":"cfeditorfr","Dur\u00e9e de lecture estim\u00e9e":"4 minutes"},"schema":{"@context":"https:\/\/schema.org","@graph":[{"@type":"Article","@id":"https:\/\/www.africa-press.net\/cotedivoire\/politique\/simone-gbagbo-presente-son-programme-a-guiberoua#article","isPartOf":{"@id":"https:\/\/www.africa-press.net\/cotedivoire\/politique\/simone-gbagbo-presente-son-programme-a-guiberoua"},"author":{"name":"cfeditorfr","@id":"https:\/\/www.africa-press.net\/cotedivoire\/#\/schema\/person\/2b1cf3cd81a31e3cd26889ca66d677f1"},"headline":"Simone Gbagbo Pr\u00e9sente Son Programme \u00e0 Guib\u00e9roua","datePublished":"2025-10-15T17:10:42+00:00","dateModified":"2025-10-15T17:26:14+00:00","mainEntityOfPage":{"@id":"https:\/\/www.africa-press.net\/cotedivoire\/politique\/simone-gbagbo-presente-son-programme-a-guiberoua"},"wordCount":799,"commentCount":0,"image":{"@id":"https:\/\/www.africa-press.net\/cotedivoire\/politique\/simone-gbagbo-presente-son-programme-a-guiberoua#primaryimage"},"thumbnailUrl":"https:\/\/static.africa-press.net\/cote\/sites\/43\/2025\/10\/sm_1760536554.211175.jpg","keywords":["Charles Bl\u00e9 Goud\u00e9","Cojep","C\u00d4TE D'IVOIRE","Guib\u00e9roua","MGC","pr\u00e9sidentielle","Simone Ehivet Gbagbo"],"articleSection":["Politique","Toutes les actualit\u00e9s"],"inLanguage":"fr-FR","potentialAction":[{"@type":"CommentAction","name":"Comment","target":["https:\/\/www.africa-press.net\/cotedivoire\/politique\/simone-gbagbo-presente-son-programme-a-guiberoua#respond"]}]},{"@type":"WebPage","@id":"https:\/\/www.africa-press.net\/cotedivoire\/politique\/simone-gbagbo-presente-son-programme-a-guiberoua","url":"https:\/\/www.africa-press.net\/cotedivoire\/politique\/simone-gbagbo-presente-son-programme-a-guiberoua","name":"Simone Gbagbo Pr\u00e9sente Son Programme \u00e0 Guib\u00e9roua - C\u00f4te d&#039;Ivoire","isPartOf":{"@id":"https:\/\/www.africa-press.net\/cotedivoire\/#website"},"primaryImageOfPage":{"@id":"https:\/\/www.africa-press.net\/cotedivoire\/politique\/simone-gbagbo-presente-son-programme-a-guiberoua#primaryimage"},"image":{"@id":"https:\/\/www.africa-press.net\/cotedivoire\/politique\/simone-gbagbo-presente-son-programme-a-guiberoua#primaryimage"},"thumbnailUrl":"https:\/\/static.africa-press.net\/cote\/sites\/43\/2025\/10\/sm_1760536554.211175.jpg","datePublished":"2025-10-15T17:10:42+00:00","dateModified":"2025-10-15T17:26:14+00:00","author":{"@id":"https:\/\/www.africa-press.net\/cotedivoire\/#\/schema\/person\/2b1cf3cd81a31e3cd26889ca66d677f1"},"description":"La candidate a\u0300 l'e\u0301lection pre\u0301sidentielle du 25 octobre 2025 du Mouvement Ge\u0301ne\u0301ration Capable (MGC), Docteur Simone E ...","breadcrumb":{"@id":"https:\/\/www.africa-press.net\/cotedivoire\/politique\/simone-gbagbo-presente-son-programme-a-guiberoua#breadcrumb"},"inLanguage":"fr-FR","potentialAction":[{"@type":"ReadAction","target":["https:\/\/www.africa-press.net\/cotedivoire\/politique\/simone-gbagbo-presente-son-programme-a-guiberoua"]}]},{"@type":"ImageObject","inLanguage":"fr-FR","@id":"https:\/\/www.africa-press.net\/cotedivoire\/politique\/simone-gbagbo-presente-son-programme-a-guiberoua#primaryimage","url":"https:\/\/static.africa-press.net\/cote\/sites\/43\/2025\/10\/sm_1760536554.211175.jpg","contentUrl":"https:\/\/static.africa-press.net\/cote\/sites\/43\/2025\/10\/sm_1760536554.211175.jpg","width":720,"height":408,"caption":"Simone Gbagbo Pr\u00e9sente Son Programme \u00e0 Guib\u00e9roua"},{"@type":"BreadcrumbList","@id":"https:\/\/www.africa-press.net\/cotedivoire\/politique\/simone-gbagbo-presente-son-programme-a-guiberoua#breadcrumb","itemListElement":[{"@type":"ListItem","position":1,"name":"Accueil","item":"https:\/\/www.africa-press.net\/cotedivoire\/"},{"@type":"ListItem","position":2,"name":"Simone Gbagbo Pr\u00e9sente Son Programme \u00e0 Guib\u00e9roua"}]},{"@type":"WebSite","@id":"https:\/\/www.africa-press.net\/cotedivoire\/#website","url":"https:\/\/www.africa-press.net\/cotedivoire\/","name":"C\u00f4te d&#039;Ivoire","description":"Just another Africa News Agency Sites site","potentialAction":[{"@type":"SearchAction","target":{"@type":"EntryPoint","urlTemplate":"https:\/\/www.africa-press.net\/cotedivoire\/?s={search_term_string}"},"query-input":{"@type":"PropertyValueSpecification","valueRequired":true,"valueName":"search_term_string"}}],"inLanguage":"fr-FR"},{"@type":"Person","@id":"https:\/\/www.africa-press.net\/cotedivoire\/#\/schema\/person\/2b1cf3cd81a31e3cd26889ca66d677f1","name":"cfeditorfr"}]}},"_links":{"self":[{"href":"https:\/\/www.africa-press.net\/cotedivoire\/wp-json\/wp\/v2\/posts\/106795","targetHints":{"allow":["GET"]}}],"collection":[{"href":"https:\/\/www.africa-press.net\/cotedivoire\/wp-json\/wp\/v2\/posts"}],"about":[{"href":"https:\/\/www.africa-press.net\/cotedivoire\/wp-json\/wp\/v2\/types\/post"}],"author":[{"embeddable":true,"href":"https:\/\/www.africa-press.net\/cotedivoire\/wp-json\/wp\/v2\/users\/82"}],"replies":[{"embeddable":true,"href":"https:\/\/www.africa-press.net\/cotedivoire\/wp-json\/wp\/v2\/comments?post=106795"}],"version-history":[{"count":0,"href":"https:\/\/www.africa-press.net\/cotedivoire\/wp-json\/wp\/v2\/posts\/106795\/revisions"}],"wp:featuredmedia":[{"embeddable":true,"href":"https:\/\/www.africa-press.net\/cotedivoire\/wp-json\/wp\/v2\/media\/106794"}],"wp:attachment":[{"href":"https:\/\/www.africa-press.net\/cotedivoire\/wp-json\/wp\/v2\/media?parent=106795"}],"wp:term":[{"taxonomy":"category","embeddable":true,"href":"https:\/\/www.africa-press.net\/cotedivoire\/wp-json\/wp\/v2\/categories?post=106795"},{"taxonomy":"post_tag","embeddable":true,"href":"https:\/\/www.africa-press.net\/cotedivoire\/wp-json\/wp\/v2\/tags?post=106795"}],"curies":[{"name":"wp","href":"https:\/\/api.w.org\/{rel}","templated":true}]}}