{"id":106807,"date":"2025-10-15T17:12:21","date_gmt":"2025-10-15T17:12:21","guid":{"rendered":"https:\/\/www.africa-press.net\/cotedivoire\/politique\/inauguration-de-projets-a-abidjan-et-agban-village"},"modified":"2025-10-15T17:27:11","modified_gmt":"2025-10-15T17:27:11","slug":"inauguration-de-projets-a-abidjan-et-agban-village","status":"publish","type":"post","link":"https:\/\/www.africa-press.net\/cotedivoire\/economie\/inauguration-de-projets-a-abidjan-et-agban-village","title":{"rendered":"Inauguration de Projets \u00e0 Abidjan et Agban Village"},"content":{"rendered":"<p><span style=\"color: #ff6600\"><strong>Africa-Press &#8211; C\u00f4te d&rsquo;Ivoire. <\/strong><\/span>La Gare multimodale d\u2019Agban Village, le Marche\u0301 de Fruits et Le\u0301gumes Dominique Ouattara, et le Complexe e\u0301cotouristique Ernest N\u2019Koumo Mobio, des infrastructures initie\u0301es par le District Autonome d\u2019Abidjan (DAA), ont e\u0301te\u0301 inaugure\u0301es officiellement, le mardi 14 octobre 2025.<\/p>\n<p>Selon le Ministre-Gouverneur, Cisse\u0301 Bacongo, ces ouvrages traduisent la vision du Pre\u0301sident Alassane Ouattara: celle d\u2019une Co\u0302te d\u2019Ivoire moderne, ordonne\u0301e et durable, ou\u0300 l\u2019humain et l\u2019environnement sont au c\u0153ur du de\u0301veloppement. Hier encore, ces sites e\u0301taient des espaces de\u0301grade\u0301s, insalubres et anarchiques.<\/p>\n<p>\u00ab Aujourd\u2019hui, ils incarnent la renaissance d\u2019un Abidjan plus propre, plus fluide et plus attractif. La Gare d\u2019Agban Village modernise la mobilite\u0301 urbaine et valorise les acteurs du transport ; le Marche\u0301 Dominique Ouattara offre aux commerc\u0327antes un cadre digne et se\u0301curise\u0301 ; tandis que le Complexe Ernest N\u2019Koumo Mobio redonne vie a\u0300 la Baie du Banco, devenue un ve\u0301ritable po\u0302le e\u0301cotouristique et e\u0301conomique au service des populations \u00bb, a-t-il rapporte\u0301.<\/p>\n<p>Bacongo dit avoir rappele\u0301 que ces re\u0301alisations sont le fruit d\u2019une volonte\u0301 ferme: ba\u0302tir un Abidjan exemplaire, vitrine du progre\u0300s voulu par le Chef de l\u2019E\u0301tat, avant de rendre hommage au Pre\u0301sident Alassane Ouattara pour sa clairvoyance, a\u0300 la Premie\u0300re Dame Dominique Ouattara pour son engagement social, au Premier Ministre Robert Beugre\u0301 Mambe\u0301 pour son appui constant, ainsi qu\u2019a\u0300 toutes les e\u0301quipes du District et aux populations pour leur adhe\u0301sion.<\/p>\n<p><strong>Pour plus d&rsquo;informations et d&rsquo;analyses sur la <span style=\"color: #ff6600\">C\u00f4te d&rsquo;Ivoire<\/span>, suivez <span style=\"color: #ff6600\">Africa-Press<\/span><\/strong><\/p>\n","protected":false},"excerpt":{"rendered":"<p>Africa-Press &#8211; C\u00f4te d&rsquo;Ivoire. La Gare multimodale d\u2019Agban Village, le Marche\u0301 de Fruits et Le\u0301gumes Dominique Ouattara, et le Complexe e\u0301cotouristique Ernest N\u2019Koumo Mobio, des infrastructures initie\u0301es par le District Autonome d\u2019Abidjan (DAA), ont e\u0301te\u0301 inaugure\u0301es officiellement, le mardi 14 octobre 2025. Selon le Ministre-Gouverneur, Cisse\u0301 Bacongo, ces ouvrages traduisent la vision du Pre\u0301sident Alassane [&hellip;]<\/p>\n","protected":false},"author":82,"featured_media":106805,"comment_status":"open","ping_status":"closed","sticky":false,"template":"","format":"standard","meta":{"footnotes":""},"categories":[3,10],"tags":[30,19192,38,951,29,3453,10274,2780],"class_list":["post-106807","post","type-post","status-publish","format-standard","has-post-thumbnail","hentry","category-economie","category-toutes-les-actualites","tag-abidjan","tag-agban-village","tag-alassane-ouattara","tag-cisse-bacongo","tag-cote-divoire","tag-dominique-ouattara","tag-gare","tag-infrastructures"],"yoast_head":"<!-- This site is optimized with the Yoast SEO Premium plugin v26.1 (Yoast SEO v27.0) - https:\/\/yoast.com\/product\/yoast-seo-premium-wordpress\/ -->\n<title>Inauguration de Projets \u00e0 Abidjan et Agban Village - C\u00f4te d&#039;Ivoire<\/title>\n<meta name=\"description\" content=\"La Gare multimodale d\u2019Agban Village, le Marche\u0301 de Fruits et Le\u0301gumes Dominique Ouattara, et le Complexe e\u0301cotouristique ...\" \/>\n<meta name=\"robots\" content=\"index, follow, max-snippet:-1, max-image-preview:large, max-video-preview:-1\" \/>\n<link rel=\"canonical\" href=\"https:\/\/www.africa-press.net\/cotedivoire\/economie\/inauguration-de-projets-a-abidjan-et-agban-village\" \/>\n<meta property=\"og:locale\" content=\"fr_FR\" \/>\n<meta property=\"og:type\" content=\"article\" \/>\n<meta property=\"og:title\" content=\"Inauguration de Projets \u00e0 Abidjan et Agban Village\" \/>\n<meta property=\"og:description\" content=\"La Gare multimodale d\u2019Agban Village, le Marche\u0301 de Fruits et Le\u0301gumes Dominique Ouattara, et le Complexe e\u0301cotouristique ...\" \/>\n<meta property=\"og:url\" content=\"https:\/\/www.africa-press.net\/cotedivoire\/economie\/inauguration-de-projets-a-abidjan-et-agban-village\" \/>\n<meta property=\"og:site_name\" content=\"C\u00f4te d&#039;Ivoire\" \/>\n<meta property=\"article:published_time\" content=\"2025-10-15T17:12:21+00:00\" \/>\n<meta property=\"article:modified_time\" content=\"2025-10-15T17:27:11+00:00\" \/>\n<meta property=\"og:image\" content=\"https:\/\/static.africa-press.net\/cote\/sites\/43\/2025\/10\/sm_1760536604.450598.jpg\" \/>\n\t<meta property=\"og:image:width\" content=\"720\" \/>\n\t<meta property=\"og:image:height\" content=\"319\" \/>\n\t<meta property=\"og:image:type\" content=\"image\/jpeg\" \/>\n<meta name=\"author\" content=\"cfeditorfr\" \/>\n<meta name=\"twitter:card\" content=\"summary_large_image\" \/>\n<meta name=\"twitter:label1\" content=\"\u00c9crit par\" \/>\n\t<meta name=\"twitter:data1\" content=\"cfeditorfr\" \/>\n\t<meta name=\"twitter:label2\" content=\"Dur\u00e9e de lecture estim\u00e9e\" \/>\n\t<meta name=\"twitter:data2\" content=\"1 minute\" \/>\n<script type=\"application\/ld+json\" class=\"yoast-schema-graph\">{\"@context\":\"https:\/\/schema.org\",\"@graph\":[{\"@type\":\"Article\",\"@id\":\"https:\/\/www.africa-press.net\/cotedivoire\/economie\/inauguration-de-projets-a-abidjan-et-agban-village#article\",\"isPartOf\":{\"@id\":\"https:\/\/www.africa-press.net\/cotedivoire\/economie\/inauguration-de-projets-a-abidjan-et-agban-village\"},\"author\":{\"name\":\"cfeditorfr\",\"@id\":\"https:\/\/www.africa-press.net\/cotedivoire\/#\/schema\/person\/2b1cf3cd81a31e3cd26889ca66d677f1\"},\"headline\":\"Inauguration de Projets \u00e0 Abidjan et Agban Village\",\"datePublished\":\"2025-10-15T17:12:21+00:00\",\"dateModified\":\"2025-10-15T17:27:11+00:00\",\"mainEntityOfPage\":{\"@id\":\"https:\/\/www.africa-press.net\/cotedivoire\/economie\/inauguration-de-projets-a-abidjan-et-agban-village\"},\"wordCount\":284,\"commentCount\":0,\"image\":{\"@id\":\"https:\/\/www.africa-press.net\/cotedivoire\/economie\/inauguration-de-projets-a-abidjan-et-agban-village#primaryimage\"},\"thumbnailUrl\":\"https:\/\/static.africa-press.net\/cote\/sites\/43\/2025\/10\/sm_1760536604.450598.jpg\",\"keywords\":[\"Abidjan\",\"Agban village\",\"Alassane Ouattara\",\"Ciss\u00e9 Bacongo\",\"C\u00d4TE D'IVOIRE\",\"Dominique Ouattara\",\"gare\",\"infrastructures\"],\"articleSection\":[\"\u00c9conomie\",\"Toutes les actualit\u00e9s\"],\"inLanguage\":\"fr-FR\",\"potentialAction\":[{\"@type\":\"CommentAction\",\"name\":\"Comment\",\"target\":[\"https:\/\/www.africa-press.net\/cotedivoire\/economie\/inauguration-de-projets-a-abidjan-et-agban-village#respond\"]}]},{\"@type\":\"WebPage\",\"@id\":\"https:\/\/www.africa-press.net\/cotedivoire\/economie\/inauguration-de-projets-a-abidjan-et-agban-village\",\"url\":\"https:\/\/www.africa-press.net\/cotedivoire\/economie\/inauguration-de-projets-a-abidjan-et-agban-village\",\"name\":\"Inauguration de Projets \u00e0 Abidjan et Agban Village - C\u00f4te d&#039;Ivoire\",\"isPartOf\":{\"@id\":\"https:\/\/www.africa-press.net\/cotedivoire\/#website\"},\"primaryImageOfPage\":{\"@id\":\"https:\/\/www.africa-press.net\/cotedivoire\/economie\/inauguration-de-projets-a-abidjan-et-agban-village#primaryimage\"},\"image\":{\"@id\":\"https:\/\/www.africa-press.net\/cotedivoire\/economie\/inauguration-de-projets-a-abidjan-et-agban-village#primaryimage\"},\"thumbnailUrl\":\"https:\/\/static.africa-press.net\/cote\/sites\/43\/2025\/10\/sm_1760536604.450598.jpg\",\"datePublished\":\"2025-10-15T17:12:21+00:00\",\"dateModified\":\"2025-10-15T17:27:11+00:00\",\"author\":{\"@id\":\"https:\/\/www.africa-press.net\/cotedivoire\/#\/schema\/person\/2b1cf3cd81a31e3cd26889ca66d677f1\"},\"description\":\"La Gare multimodale d\u2019Agban Village, le Marche\u0301 de Fruits et Le\u0301gumes Dominique Ouattara, et le Complexe e\u0301cotouristique ...\",\"breadcrumb\":{\"@id\":\"https:\/\/www.africa-press.net\/cotedivoire\/economie\/inauguration-de-projets-a-abidjan-et-agban-village#breadcrumb\"},\"inLanguage\":\"fr-FR\",\"potentialAction\":[{\"@type\":\"ReadAction\",\"target\":[\"https:\/\/www.africa-press.net\/cotedivoire\/economie\/inauguration-de-projets-a-abidjan-et-agban-village\"]}]},{\"@type\":\"ImageObject\",\"inLanguage\":\"fr-FR\",\"@id\":\"https:\/\/www.africa-press.net\/cotedivoire\/economie\/inauguration-de-projets-a-abidjan-et-agban-village#primaryimage\",\"url\":\"https:\/\/static.africa-press.net\/cote\/sites\/43\/2025\/10\/sm_1760536604.450598.jpg\",\"contentUrl\":\"https:\/\/static.africa-press.net\/cote\/sites\/43\/2025\/10\/sm_1760536604.450598.jpg\",\"width\":720,\"height\":319,\"caption\":\"Inauguration de Projets \u00e0 Abidjan et Agban Village\"},{\"@type\":\"BreadcrumbList\",\"@id\":\"https:\/\/www.africa-press.net\/cotedivoire\/economie\/inauguration-de-projets-a-abidjan-et-agban-village#breadcrumb\",\"itemListElement\":[{\"@type\":\"ListItem\",\"position\":1,\"name\":\"Accueil\",\"item\":\"https:\/\/www.africa-press.net\/cotedivoire\/\"},{\"@type\":\"ListItem\",\"position\":2,\"name\":\"Inauguration de Projets \u00e0 Abidjan et Agban Village\"}]},{\"@type\":\"WebSite\",\"@id\":\"https:\/\/www.africa-press.net\/cotedivoire\/#website\",\"url\":\"https:\/\/www.africa-press.net\/cotedivoire\/\",\"name\":\"C\u00f4te d&#039;Ivoire\",\"description\":\"Just another Africa News Agency Sites site\",\"potentialAction\":[{\"@type\":\"SearchAction\",\"target\":{\"@type\":\"EntryPoint\",\"urlTemplate\":\"https:\/\/www.africa-press.net\/cotedivoire\/?s={search_term_string}\"},\"query-input\":{\"@type\":\"PropertyValueSpecification\",\"valueRequired\":true,\"valueName\":\"search_term_string\"}}],\"inLanguage\":\"fr-FR\"},{\"@type\":\"Person\",\"@id\":\"https:\/\/www.africa-press.net\/cotedivoire\/#\/schema\/person\/2b1cf3cd81a31e3cd26889ca66d677f1\",\"name\":\"cfeditorfr\"}]}<\/script>\n<!-- \/ Yoast SEO Premium plugin. -->","yoast_head_json":{"title":"Inauguration de Projets \u00e0 Abidjan et Agban Village - C\u00f4te d&#039;Ivoire","description":"La Gare multimodale d\u2019Agban Village, le Marche\u0301 de Fruits et Le\u0301gumes Dominique Ouattara, et le Complexe e\u0301cotouristique ...","robots":{"index":"index","follow":"follow","max-snippet":"max-snippet:-1","max-image-preview":"max-image-preview:large","max-video-preview":"max-video-preview:-1"},"canonical":"https:\/\/www.africa-press.net\/cotedivoire\/economie\/inauguration-de-projets-a-abidjan-et-agban-village","og_locale":"fr_FR","og_type":"article","og_title":"Inauguration de Projets \u00e0 Abidjan et Agban Village","og_description":"La Gare multimodale d\u2019Agban Village, le Marche\u0301 de Fruits et Le\u0301gumes Dominique Ouattara, et le Complexe e\u0301cotouristique ...","og_url":"https:\/\/www.africa-press.net\/cotedivoire\/economie\/inauguration-de-projets-a-abidjan-et-agban-village","og_site_name":"C\u00f4te d&#039;Ivoire","article_published_time":"2025-10-15T17:12:21+00:00","article_modified_time":"2025-10-15T17:27:11+00:00","og_image":[{"width":720,"height":319,"url":"https:\/\/static.africa-press.net\/cote\/sites\/43\/2025\/10\/sm_1760536604.450598.jpg","type":"image\/jpeg"}],"author":"cfeditorfr","twitter_card":"summary_large_image","twitter_misc":{"\u00c9crit par":"cfeditorfr","Dur\u00e9e de lecture estim\u00e9e":"1 minute"},"schema":{"@context":"https:\/\/schema.org","@graph":[{"@type":"Article","@id":"https:\/\/www.africa-press.net\/cotedivoire\/economie\/inauguration-de-projets-a-abidjan-et-agban-village#article","isPartOf":{"@id":"https:\/\/www.africa-press.net\/cotedivoire\/economie\/inauguration-de-projets-a-abidjan-et-agban-village"},"author":{"name":"cfeditorfr","@id":"https:\/\/www.africa-press.net\/cotedivoire\/#\/schema\/person\/2b1cf3cd81a31e3cd26889ca66d677f1"},"headline":"Inauguration de Projets \u00e0 Abidjan et Agban Village","datePublished":"2025-10-15T17:12:21+00:00","dateModified":"2025-10-15T17:27:11+00:00","mainEntityOfPage":{"@id":"https:\/\/www.africa-press.net\/cotedivoire\/economie\/inauguration-de-projets-a-abidjan-et-agban-village"},"wordCount":284,"commentCount":0,"image":{"@id":"https:\/\/www.africa-press.net\/cotedivoire\/economie\/inauguration-de-projets-a-abidjan-et-agban-village#primaryimage"},"thumbnailUrl":"https:\/\/static.africa-press.net\/cote\/sites\/43\/2025\/10\/sm_1760536604.450598.jpg","keywords":["Abidjan","Agban village","Alassane Ouattara","Ciss\u00e9 Bacongo","C\u00d4TE D'IVOIRE","Dominique Ouattara","gare","infrastructures"],"articleSection":["\u00c9conomie","Toutes les actualit\u00e9s"],"inLanguage":"fr-FR","potentialAction":[{"@type":"CommentAction","name":"Comment","target":["https:\/\/www.africa-press.net\/cotedivoire\/economie\/inauguration-de-projets-a-abidjan-et-agban-village#respond"]}]},{"@type":"WebPage","@id":"https:\/\/www.africa-press.net\/cotedivoire\/economie\/inauguration-de-projets-a-abidjan-et-agban-village","url":"https:\/\/www.africa-press.net\/cotedivoire\/economie\/inauguration-de-projets-a-abidjan-et-agban-village","name":"Inauguration de Projets \u00e0 Abidjan et Agban Village - C\u00f4te d&#039;Ivoire","isPartOf":{"@id":"https:\/\/www.africa-press.net\/cotedivoire\/#website"},"primaryImageOfPage":{"@id":"https:\/\/www.africa-press.net\/cotedivoire\/economie\/inauguration-de-projets-a-abidjan-et-agban-village#primaryimage"},"image":{"@id":"https:\/\/www.africa-press.net\/cotedivoire\/economie\/inauguration-de-projets-a-abidjan-et-agban-village#primaryimage"},"thumbnailUrl":"https:\/\/static.africa-press.net\/cote\/sites\/43\/2025\/10\/sm_1760536604.450598.jpg","datePublished":"2025-10-15T17:12:21+00:00","dateModified":"2025-10-15T17:27:11+00:00","author":{"@id":"https:\/\/www.africa-press.net\/cotedivoire\/#\/schema\/person\/2b1cf3cd81a31e3cd26889ca66d677f1"},"description":"La Gare multimodale d\u2019Agban Village, le Marche\u0301 de Fruits et Le\u0301gumes Dominique Ouattara, et le Complexe e\u0301cotouristique ...","breadcrumb":{"@id":"https:\/\/www.africa-press.net\/cotedivoire\/economie\/inauguration-de-projets-a-abidjan-et-agban-village#breadcrumb"},"inLanguage":"fr-FR","potentialAction":[{"@type":"ReadAction","target":["https:\/\/www.africa-press.net\/cotedivoire\/economie\/inauguration-de-projets-a-abidjan-et-agban-village"]}]},{"@type":"ImageObject","inLanguage":"fr-FR","@id":"https:\/\/www.africa-press.net\/cotedivoire\/economie\/inauguration-de-projets-a-abidjan-et-agban-village#primaryimage","url":"https:\/\/static.africa-press.net\/cote\/sites\/43\/2025\/10\/sm_1760536604.450598.jpg","contentUrl":"https:\/\/static.africa-press.net\/cote\/sites\/43\/2025\/10\/sm_1760536604.450598.jpg","width":720,"height":319,"caption":"Inauguration de Projets \u00e0 Abidjan et Agban Village"},{"@type":"BreadcrumbList","@id":"https:\/\/www.africa-press.net\/cotedivoire\/economie\/inauguration-de-projets-a-abidjan-et-agban-village#breadcrumb","itemListElement":[{"@type":"ListItem","position":1,"name":"Accueil","item":"https:\/\/www.africa-press.net\/cotedivoire\/"},{"@type":"ListItem","position":2,"name":"Inauguration de Projets \u00e0 Abidjan et Agban Village"}]},{"@type":"WebSite","@id":"https:\/\/www.africa-press.net\/cotedivoire\/#website","url":"https:\/\/www.africa-press.net\/cotedivoire\/","name":"C\u00f4te d&#039;Ivoire","description":"Just another Africa News Agency Sites site","potentialAction":[{"@type":"SearchAction","target":{"@type":"EntryPoint","urlTemplate":"https:\/\/www.africa-press.net\/cotedivoire\/?s={search_term_string}"},"query-input":{"@type":"PropertyValueSpecification","valueRequired":true,"valueName":"search_term_string"}}],"inLanguage":"fr-FR"},{"@type":"Person","@id":"https:\/\/www.africa-press.net\/cotedivoire\/#\/schema\/person\/2b1cf3cd81a31e3cd26889ca66d677f1","name":"cfeditorfr"}]}},"_links":{"self":[{"href":"https:\/\/www.africa-press.net\/cotedivoire\/wp-json\/wp\/v2\/posts\/106807","targetHints":{"allow":["GET"]}}],"collection":[{"href":"https:\/\/www.africa-press.net\/cotedivoire\/wp-json\/wp\/v2\/posts"}],"about":[{"href":"https:\/\/www.africa-press.net\/cotedivoire\/wp-json\/wp\/v2\/types\/post"}],"author":[{"embeddable":true,"href":"https:\/\/www.africa-press.net\/cotedivoire\/wp-json\/wp\/v2\/users\/82"}],"replies":[{"embeddable":true,"href":"https:\/\/www.africa-press.net\/cotedivoire\/wp-json\/wp\/v2\/comments?post=106807"}],"version-history":[{"count":0,"href":"https:\/\/www.africa-press.net\/cotedivoire\/wp-json\/wp\/v2\/posts\/106807\/revisions"}],"wp:featuredmedia":[{"embeddable":true,"href":"https:\/\/www.africa-press.net\/cotedivoire\/wp-json\/wp\/v2\/media\/106805"}],"wp:attachment":[{"href":"https:\/\/www.africa-press.net\/cotedivoire\/wp-json\/wp\/v2\/media?parent=106807"}],"wp:term":[{"taxonomy":"category","embeddable":true,"href":"https:\/\/www.africa-press.net\/cotedivoire\/wp-json\/wp\/v2\/categories?post=106807"},{"taxonomy":"post_tag","embeddable":true,"href":"https:\/\/www.africa-press.net\/cotedivoire\/wp-json\/wp\/v2\/tags?post=106807"}],"curies":[{"name":"wp","href":"https:\/\/api.w.org\/{rel}","templated":true}]}}