{"id":106810,"date":"2025-10-15T17:12:46","date_gmt":"2025-10-15T17:12:46","guid":{"rendered":"https:\/\/www.africa-press.net\/cotedivoire\/politique\/recouvrement-des-avoirs-criminels-par-vente-aux-encheres"},"modified":"2025-10-15T17:27:30","modified_gmt":"2025-10-15T17:27:30","slug":"recouvrement-des-avoirs-criminels-par-vente-aux-encheres","status":"publish","type":"post","link":"https:\/\/www.africa-press.net\/cotedivoire\/economie\/recouvrement-des-avoirs-criminels-par-vente-aux-encheres","title":{"rendered":"Recouvrement Des Avoirs Criminels Par Vente Aux Ench\u00e8res"},"content":{"rendered":"<p><span style=\"color: #ff6600\"><strong>Africa-Press &#8211; C\u00f4te d&rsquo;Ivoire. <\/strong><\/span>L\u2019Agence de Gestion et des Recouvrements des Avoirs Criminels (AGRAC) a vendu aux enche\u0300res publiques vendredi dernier a\u0300 Sebroko dans la commune d\u2019Atte\u0301coube\u0301, 48 ve\u0301hicules saisis dans le cadre de diverses proce\u0301dures pe\u0301nales, a-t-on appris de sources officielles.<\/p>\n<p>Nous apprenons que, ce sont cinquante-deux (52) ve\u0301hicules au total qui ont e\u0301te\u0301 mis en vente par Mai\u0302tre Kouame\u0301 Ane\u0301 Jean Bruce, Commissaire de Justice.<\/p>\n<p>\u00ab Ce lot de biens comprenait 32 taxis compteurs, 14 minicars, 02 ve\u0301hicules de type particuliers et 04 engins de chantier dont 03 camions bennes et une chargeuse sur pneus. Environ 150 personnes ont pris part a\u0300 cette 8e vente aux enche\u0300res organise\u0301e par l\u2019AGRAC en cette anne\u0301e 2025 et la 12e depuis sa cre\u0301ation en 2022 \u00bb, informe-t-on.<\/p>\n<p>Notons que, les fonds issus de cette vente seront principalement destine\u0301s a\u0300 l\u2019indemnisation des victimes des infractions poursuivies.<\/p>\n<p>Ils peuvent e\u0301galement e\u0302tre affecte\u0301s au financement de programmes de pre\u0301vention et de lutte contre le blanchiment de capitaux et le financement du terrorisme, a\u0300 travers des dotations aux structures judiciaires, se\u0301curitaires et financie\u0300res compe\u0301tentes engage\u0301es dans cette lutte, explique l\u2019AGRAC.<\/p>\n<p>Enfin, l\u2019on note que, les ventes aux enche\u0300res publiques de l\u2019AGRAC mettent en relief le travail de l\u2019ensemble des acteurs du dispositif national de lutte contre la criminalite\u0301 e\u0301conomique et financie\u0300re, rendant concret, le principe selon lequel \u00ab nul ne doit tirer profit de son de\u0301lit \u00bb.<\/p>\n<p><strong>Pour plus d&rsquo;informations et d&rsquo;analyses sur la <span style=\"color: #ff6600\">C\u00f4te d&rsquo;Ivoire<\/span>, suivez <span style=\"color: #ff6600\">Africa-Press<\/span><\/strong><\/p>\n","protected":false},"excerpt":{"rendered":"<p>Africa-Press &#8211; C\u00f4te d&rsquo;Ivoire. L\u2019Agence de Gestion et des Recouvrements des Avoirs Criminels (AGRAC) a vendu aux enche\u0300res publiques vendredi dernier a\u0300 Sebroko dans la commune d\u2019Atte\u0301coube\u0301, 48 ve\u0301hicules saisis dans le cadre de diverses proce\u0301dures pe\u0301nales, a-t-on appris de sources officielles. Nous apprenons que, ce sont cinquante-deux (52) ve\u0301hicules au total qui ont e\u0301te\u0301 [&hellip;]<\/p>\n","protected":false},"author":82,"featured_media":106808,"comment_status":"open","ping_status":"closed","sticky":false,"template":"","format":"standard","meta":{"footnotes":""},"categories":[3,10],"tags":[9964,2889,29,9965,2720,19193,9583,764],"class_list":["post-106810","post","type-post","status-publish","format-standard","has-post-thumbnail","hentry","category-economie","category-toutes-les-actualites","tag-agrac","tag-attecoube","tag-cote-divoire","tag-encheres","tag-publiques","tag-recouverment","tag-sebroko","tag-vehicules"],"yoast_head":"<!-- This site is optimized with the Yoast SEO Premium plugin v26.1 (Yoast SEO v27.0) - https:\/\/yoast.com\/product\/yoast-seo-premium-wordpress\/ -->\n<title>Recouvrement Des Avoirs Criminels Par Vente Aux Ench\u00e8res - C\u00f4te d&#039;Ivoire<\/title>\n<meta name=\"description\" content=\"L\u2019Agence de Gestion et des Recouvrements des Avoirs Criminels (AGRAC) a vendu aux enche\u0300res publiques vendredi dernier a ...\" \/>\n<meta name=\"robots\" content=\"index, follow, max-snippet:-1, max-image-preview:large, max-video-preview:-1\" \/>\n<link rel=\"canonical\" href=\"https:\/\/www.africa-press.net\/cotedivoire\/economie\/recouvrement-des-avoirs-criminels-par-vente-aux-encheres\" \/>\n<meta property=\"og:locale\" content=\"fr_FR\" \/>\n<meta property=\"og:type\" content=\"article\" \/>\n<meta property=\"og:title\" content=\"Recouvrement Des Avoirs Criminels Par Vente Aux Ench\u00e8res\" \/>\n<meta property=\"og:description\" content=\"L\u2019Agence de Gestion et des Recouvrements des Avoirs Criminels (AGRAC) a vendu aux enche\u0300res publiques vendredi dernier a ...\" \/>\n<meta property=\"og:url\" content=\"https:\/\/www.africa-press.net\/cotedivoire\/economie\/recouvrement-des-avoirs-criminels-par-vente-aux-encheres\" \/>\n<meta property=\"og:site_name\" content=\"C\u00f4te d&#039;Ivoire\" \/>\n<meta property=\"article:published_time\" content=\"2025-10-15T17:12:46+00:00\" \/>\n<meta property=\"article:modified_time\" content=\"2025-10-15T17:27:30+00:00\" \/>\n<meta property=\"og:image\" content=\"https:\/\/static.africa-press.net\/cote\/sites\/43\/2025\/10\/sm_1760536617.157814.jpg\" \/>\n\t<meta property=\"og:image:width\" content=\"720\" \/>\n\t<meta property=\"og:image:height\" content=\"478\" \/>\n\t<meta property=\"og:image:type\" content=\"image\/jpeg\" \/>\n<meta name=\"author\" content=\"cfeditorfr\" \/>\n<meta name=\"twitter:card\" content=\"summary_large_image\" \/>\n<meta name=\"twitter:label1\" content=\"\u00c9crit par\" \/>\n\t<meta name=\"twitter:data1\" content=\"cfeditorfr\" \/>\n\t<meta name=\"twitter:label2\" content=\"Dur\u00e9e de lecture estim\u00e9e\" \/>\n\t<meta name=\"twitter:data2\" content=\"1 minute\" \/>\n<script type=\"application\/ld+json\" class=\"yoast-schema-graph\">{\"@context\":\"https:\/\/schema.org\",\"@graph\":[{\"@type\":\"Article\",\"@id\":\"https:\/\/www.africa-press.net\/cotedivoire\/economie\/recouvrement-des-avoirs-criminels-par-vente-aux-encheres#article\",\"isPartOf\":{\"@id\":\"https:\/\/www.africa-press.net\/cotedivoire\/economie\/recouvrement-des-avoirs-criminels-par-vente-aux-encheres\"},\"author\":{\"name\":\"cfeditorfr\",\"@id\":\"https:\/\/www.africa-press.net\/cotedivoire\/#\/schema\/person\/2b1cf3cd81a31e3cd26889ca66d677f1\"},\"headline\":\"Recouvrement Des Avoirs Criminels Par Vente Aux Ench\u00e8res\",\"datePublished\":\"2025-10-15T17:12:46+00:00\",\"dateModified\":\"2025-10-15T17:27:30+00:00\",\"mainEntityOfPage\":{\"@id\":\"https:\/\/www.africa-press.net\/cotedivoire\/economie\/recouvrement-des-avoirs-criminels-par-vente-aux-encheres\"},\"wordCount\":278,\"commentCount\":0,\"image\":{\"@id\":\"https:\/\/www.africa-press.net\/cotedivoire\/economie\/recouvrement-des-avoirs-criminels-par-vente-aux-encheres#primaryimage\"},\"thumbnailUrl\":\"https:\/\/static.africa-press.net\/cote\/sites\/43\/2025\/10\/sm_1760536617.157814.jpg\",\"keywords\":[\"AGRAC\",\"Att\u00e9coub\u00e9\",\"C\u00d4TE D'IVOIRE\",\"ench\u00e8res\",\"publiques\",\"recouverment\",\"Sebroko\",\"v\u00e9hicules\"],\"articleSection\":[\"\u00c9conomie\",\"Toutes les actualit\u00e9s\"],\"inLanguage\":\"fr-FR\",\"potentialAction\":[{\"@type\":\"CommentAction\",\"name\":\"Comment\",\"target\":[\"https:\/\/www.africa-press.net\/cotedivoire\/economie\/recouvrement-des-avoirs-criminels-par-vente-aux-encheres#respond\"]}]},{\"@type\":\"WebPage\",\"@id\":\"https:\/\/www.africa-press.net\/cotedivoire\/economie\/recouvrement-des-avoirs-criminels-par-vente-aux-encheres\",\"url\":\"https:\/\/www.africa-press.net\/cotedivoire\/economie\/recouvrement-des-avoirs-criminels-par-vente-aux-encheres\",\"name\":\"Recouvrement Des Avoirs Criminels Par Vente Aux Ench\u00e8res - C\u00f4te d&#039;Ivoire\",\"isPartOf\":{\"@id\":\"https:\/\/www.africa-press.net\/cotedivoire\/#website\"},\"primaryImageOfPage\":{\"@id\":\"https:\/\/www.africa-press.net\/cotedivoire\/economie\/recouvrement-des-avoirs-criminels-par-vente-aux-encheres#primaryimage\"},\"image\":{\"@id\":\"https:\/\/www.africa-press.net\/cotedivoire\/economie\/recouvrement-des-avoirs-criminels-par-vente-aux-encheres#primaryimage\"},\"thumbnailUrl\":\"https:\/\/static.africa-press.net\/cote\/sites\/43\/2025\/10\/sm_1760536617.157814.jpg\",\"datePublished\":\"2025-10-15T17:12:46+00:00\",\"dateModified\":\"2025-10-15T17:27:30+00:00\",\"author\":{\"@id\":\"https:\/\/www.africa-press.net\/cotedivoire\/#\/schema\/person\/2b1cf3cd81a31e3cd26889ca66d677f1\"},\"description\":\"L\u2019Agence de Gestion et des Recouvrements des Avoirs Criminels (AGRAC) a vendu aux enche\u0300res publiques vendredi dernier a ...\",\"breadcrumb\":{\"@id\":\"https:\/\/www.africa-press.net\/cotedivoire\/economie\/recouvrement-des-avoirs-criminels-par-vente-aux-encheres#breadcrumb\"},\"inLanguage\":\"fr-FR\",\"potentialAction\":[{\"@type\":\"ReadAction\",\"target\":[\"https:\/\/www.africa-press.net\/cotedivoire\/economie\/recouvrement-des-avoirs-criminels-par-vente-aux-encheres\"]}]},{\"@type\":\"ImageObject\",\"inLanguage\":\"fr-FR\",\"@id\":\"https:\/\/www.africa-press.net\/cotedivoire\/economie\/recouvrement-des-avoirs-criminels-par-vente-aux-encheres#primaryimage\",\"url\":\"https:\/\/static.africa-press.net\/cote\/sites\/43\/2025\/10\/sm_1760536617.157814.jpg\",\"contentUrl\":\"https:\/\/static.africa-press.net\/cote\/sites\/43\/2025\/10\/sm_1760536617.157814.jpg\",\"width\":720,\"height\":478,\"caption\":\"Recouvrement Des Avoirs Criminels Par Vente Aux Ench\u00e8res\"},{\"@type\":\"BreadcrumbList\",\"@id\":\"https:\/\/www.africa-press.net\/cotedivoire\/economie\/recouvrement-des-avoirs-criminels-par-vente-aux-encheres#breadcrumb\",\"itemListElement\":[{\"@type\":\"ListItem\",\"position\":1,\"name\":\"Accueil\",\"item\":\"https:\/\/www.africa-press.net\/cotedivoire\/\"},{\"@type\":\"ListItem\",\"position\":2,\"name\":\"Recouvrement Des Avoirs Criminels Par Vente Aux Ench\u00e8res\"}]},{\"@type\":\"WebSite\",\"@id\":\"https:\/\/www.africa-press.net\/cotedivoire\/#website\",\"url\":\"https:\/\/www.africa-press.net\/cotedivoire\/\",\"name\":\"C\u00f4te d&#039;Ivoire\",\"description\":\"Just another Africa News Agency Sites site\",\"potentialAction\":[{\"@type\":\"SearchAction\",\"target\":{\"@type\":\"EntryPoint\",\"urlTemplate\":\"https:\/\/www.africa-press.net\/cotedivoire\/?s={search_term_string}\"},\"query-input\":{\"@type\":\"PropertyValueSpecification\",\"valueRequired\":true,\"valueName\":\"search_term_string\"}}],\"inLanguage\":\"fr-FR\"},{\"@type\":\"Person\",\"@id\":\"https:\/\/www.africa-press.net\/cotedivoire\/#\/schema\/person\/2b1cf3cd81a31e3cd26889ca66d677f1\",\"name\":\"cfeditorfr\"}]}<\/script>\n<!-- \/ Yoast SEO Premium plugin. -->","yoast_head_json":{"title":"Recouvrement Des Avoirs Criminels Par Vente Aux Ench\u00e8res - C\u00f4te d&#039;Ivoire","description":"L\u2019Agence de Gestion et des Recouvrements des Avoirs Criminels (AGRAC) a vendu aux enche\u0300res publiques vendredi dernier a ...","robots":{"index":"index","follow":"follow","max-snippet":"max-snippet:-1","max-image-preview":"max-image-preview:large","max-video-preview":"max-video-preview:-1"},"canonical":"https:\/\/www.africa-press.net\/cotedivoire\/economie\/recouvrement-des-avoirs-criminels-par-vente-aux-encheres","og_locale":"fr_FR","og_type":"article","og_title":"Recouvrement Des Avoirs Criminels Par Vente Aux Ench\u00e8res","og_description":"L\u2019Agence de Gestion et des Recouvrements des Avoirs Criminels (AGRAC) a vendu aux enche\u0300res publiques vendredi dernier a ...","og_url":"https:\/\/www.africa-press.net\/cotedivoire\/economie\/recouvrement-des-avoirs-criminels-par-vente-aux-encheres","og_site_name":"C\u00f4te d&#039;Ivoire","article_published_time":"2025-10-15T17:12:46+00:00","article_modified_time":"2025-10-15T17:27:30+00:00","og_image":[{"width":720,"height":478,"url":"https:\/\/static.africa-press.net\/cote\/sites\/43\/2025\/10\/sm_1760536617.157814.jpg","type":"image\/jpeg"}],"author":"cfeditorfr","twitter_card":"summary_large_image","twitter_misc":{"\u00c9crit par":"cfeditorfr","Dur\u00e9e de lecture estim\u00e9e":"1 minute"},"schema":{"@context":"https:\/\/schema.org","@graph":[{"@type":"Article","@id":"https:\/\/www.africa-press.net\/cotedivoire\/economie\/recouvrement-des-avoirs-criminels-par-vente-aux-encheres#article","isPartOf":{"@id":"https:\/\/www.africa-press.net\/cotedivoire\/economie\/recouvrement-des-avoirs-criminels-par-vente-aux-encheres"},"author":{"name":"cfeditorfr","@id":"https:\/\/www.africa-press.net\/cotedivoire\/#\/schema\/person\/2b1cf3cd81a31e3cd26889ca66d677f1"},"headline":"Recouvrement Des Avoirs Criminels Par Vente Aux Ench\u00e8res","datePublished":"2025-10-15T17:12:46+00:00","dateModified":"2025-10-15T17:27:30+00:00","mainEntityOfPage":{"@id":"https:\/\/www.africa-press.net\/cotedivoire\/economie\/recouvrement-des-avoirs-criminels-par-vente-aux-encheres"},"wordCount":278,"commentCount":0,"image":{"@id":"https:\/\/www.africa-press.net\/cotedivoire\/economie\/recouvrement-des-avoirs-criminels-par-vente-aux-encheres#primaryimage"},"thumbnailUrl":"https:\/\/static.africa-press.net\/cote\/sites\/43\/2025\/10\/sm_1760536617.157814.jpg","keywords":["AGRAC","Att\u00e9coub\u00e9","C\u00d4TE D'IVOIRE","ench\u00e8res","publiques","recouverment","Sebroko","v\u00e9hicules"],"articleSection":["\u00c9conomie","Toutes les actualit\u00e9s"],"inLanguage":"fr-FR","potentialAction":[{"@type":"CommentAction","name":"Comment","target":["https:\/\/www.africa-press.net\/cotedivoire\/economie\/recouvrement-des-avoirs-criminels-par-vente-aux-encheres#respond"]}]},{"@type":"WebPage","@id":"https:\/\/www.africa-press.net\/cotedivoire\/economie\/recouvrement-des-avoirs-criminels-par-vente-aux-encheres","url":"https:\/\/www.africa-press.net\/cotedivoire\/economie\/recouvrement-des-avoirs-criminels-par-vente-aux-encheres","name":"Recouvrement Des Avoirs Criminels Par Vente Aux Ench\u00e8res - C\u00f4te d&#039;Ivoire","isPartOf":{"@id":"https:\/\/www.africa-press.net\/cotedivoire\/#website"},"primaryImageOfPage":{"@id":"https:\/\/www.africa-press.net\/cotedivoire\/economie\/recouvrement-des-avoirs-criminels-par-vente-aux-encheres#primaryimage"},"image":{"@id":"https:\/\/www.africa-press.net\/cotedivoire\/economie\/recouvrement-des-avoirs-criminels-par-vente-aux-encheres#primaryimage"},"thumbnailUrl":"https:\/\/static.africa-press.net\/cote\/sites\/43\/2025\/10\/sm_1760536617.157814.jpg","datePublished":"2025-10-15T17:12:46+00:00","dateModified":"2025-10-15T17:27:30+00:00","author":{"@id":"https:\/\/www.africa-press.net\/cotedivoire\/#\/schema\/person\/2b1cf3cd81a31e3cd26889ca66d677f1"},"description":"L\u2019Agence de Gestion et des Recouvrements des Avoirs Criminels (AGRAC) a vendu aux enche\u0300res publiques vendredi dernier a ...","breadcrumb":{"@id":"https:\/\/www.africa-press.net\/cotedivoire\/economie\/recouvrement-des-avoirs-criminels-par-vente-aux-encheres#breadcrumb"},"inLanguage":"fr-FR","potentialAction":[{"@type":"ReadAction","target":["https:\/\/www.africa-press.net\/cotedivoire\/economie\/recouvrement-des-avoirs-criminels-par-vente-aux-encheres"]}]},{"@type":"ImageObject","inLanguage":"fr-FR","@id":"https:\/\/www.africa-press.net\/cotedivoire\/economie\/recouvrement-des-avoirs-criminels-par-vente-aux-encheres#primaryimage","url":"https:\/\/static.africa-press.net\/cote\/sites\/43\/2025\/10\/sm_1760536617.157814.jpg","contentUrl":"https:\/\/static.africa-press.net\/cote\/sites\/43\/2025\/10\/sm_1760536617.157814.jpg","width":720,"height":478,"caption":"Recouvrement Des Avoirs Criminels Par Vente Aux Ench\u00e8res"},{"@type":"BreadcrumbList","@id":"https:\/\/www.africa-press.net\/cotedivoire\/economie\/recouvrement-des-avoirs-criminels-par-vente-aux-encheres#breadcrumb","itemListElement":[{"@type":"ListItem","position":1,"name":"Accueil","item":"https:\/\/www.africa-press.net\/cotedivoire\/"},{"@type":"ListItem","position":2,"name":"Recouvrement Des Avoirs Criminels Par Vente Aux Ench\u00e8res"}]},{"@type":"WebSite","@id":"https:\/\/www.africa-press.net\/cotedivoire\/#website","url":"https:\/\/www.africa-press.net\/cotedivoire\/","name":"C\u00f4te d&#039;Ivoire","description":"Just another Africa News Agency Sites site","potentialAction":[{"@type":"SearchAction","target":{"@type":"EntryPoint","urlTemplate":"https:\/\/www.africa-press.net\/cotedivoire\/?s={search_term_string}"},"query-input":{"@type":"PropertyValueSpecification","valueRequired":true,"valueName":"search_term_string"}}],"inLanguage":"fr-FR"},{"@type":"Person","@id":"https:\/\/www.africa-press.net\/cotedivoire\/#\/schema\/person\/2b1cf3cd81a31e3cd26889ca66d677f1","name":"cfeditorfr"}]}},"_links":{"self":[{"href":"https:\/\/www.africa-press.net\/cotedivoire\/wp-json\/wp\/v2\/posts\/106810","targetHints":{"allow":["GET"]}}],"collection":[{"href":"https:\/\/www.africa-press.net\/cotedivoire\/wp-json\/wp\/v2\/posts"}],"about":[{"href":"https:\/\/www.africa-press.net\/cotedivoire\/wp-json\/wp\/v2\/types\/post"}],"author":[{"embeddable":true,"href":"https:\/\/www.africa-press.net\/cotedivoire\/wp-json\/wp\/v2\/users\/82"}],"replies":[{"embeddable":true,"href":"https:\/\/www.africa-press.net\/cotedivoire\/wp-json\/wp\/v2\/comments?post=106810"}],"version-history":[{"count":0,"href":"https:\/\/www.africa-press.net\/cotedivoire\/wp-json\/wp\/v2\/posts\/106810\/revisions"}],"wp:featuredmedia":[{"embeddable":true,"href":"https:\/\/www.africa-press.net\/cotedivoire\/wp-json\/wp\/v2\/media\/106808"}],"wp:attachment":[{"href":"https:\/\/www.africa-press.net\/cotedivoire\/wp-json\/wp\/v2\/media?parent=106810"}],"wp:term":[{"taxonomy":"category","embeddable":true,"href":"https:\/\/www.africa-press.net\/cotedivoire\/wp-json\/wp\/v2\/categories?post=106810"},{"taxonomy":"post_tag","embeddable":true,"href":"https:\/\/www.africa-press.net\/cotedivoire\/wp-json\/wp\/v2\/tags?post=106810"}],"curies":[{"name":"wp","href":"https:\/\/api.w.org\/{rel}","templated":true}]}}