{"id":106821,"date":"2025-10-15T17:16:54","date_gmt":"2025-10-15T17:16:54","guid":{"rendered":"https:\/\/www.africa-press.net\/cotedivoire\/politique\/lancement-campagne-yopougon-adama-bictogo-rhdp"},"modified":"2025-10-15T17:28:27","modified_gmt":"2025-10-15T17:28:27","slug":"lancement-campagne-yopougon-adama-bictogo-rhdp","status":"publish","type":"post","link":"https:\/\/www.africa-press.net\/cotedivoire\/politique\/lancement-campagne-yopougon-adama-bictogo-rhdp","title":{"rendered":"Lancement Campagne Yopougon Adama Bictogo RHDP"},"content":{"rendered":"<p><span style=\"color: #ff6600\"><strong>Africa-Press &#8211; C\u00f4te d&rsquo;Ivoire. <\/strong><\/span>Ce mardi 14 octobre 2025, la mythique place Ficgayo de Yopougon s\u2019est transforme\u0301e en un ve\u0301ritable carrefour de ferveur politique a\u0300 l\u2019occasion du lancement officiel de la campagne du RHDP (Rassemblement des Houphoue\u0308tistes pour la De\u0301mocratie et la Paix).<\/p>\n<p>A\u0300 la te\u0302te de cette mobilisation impressionnante, Adama Bictogo, Directeur re\u0301gional de campagne du RHDP pour la commune de Yopougon, a sonne\u0301 le de\u0301part des actions de terrain avec un message fort: \u00ab\u00a0Yopougon va dire merci a\u0300 ADO\u00a0\u00bb.<\/p>\n<p>Aux co\u0302te\u0301s d\u2019Adama Bictogo, Kandia Camara, Pre\u0301sidente du Se\u0301nat, a fait le de\u0301placement pour re\u0301affirmer le soutien des institutions au candidat du RHDP, SEM Alassane Ouattara, en vue de l\u2019e\u0301lection pre\u0301sidentielle pre\u0301vue pour le 25 octobre prochain.<\/p>\n<p>Une foule dense et enthousiaste s\u2019est rassemble\u0301e, illustrant la forte adhe\u0301sion des populations de Yopougon a\u0300 la candidature d\u2019Alassane Ouattara. Des jeunes, des femmes, des commerc\u0327ants, des artisans, ainsi que des repre\u0301sentants des structures spe\u0301cialise\u0301es du parti ont exprime\u0301 leur de\u0301termination a\u0300 offrir au RHDP \u00ab\u00a0un score historique de\u0300s le premier tour\u00a0\u00bb.<\/p>\n<p>Prenant la parole devant une audience survolte\u0301e, Adama Bictogo a livre\u0301 un discours empreint de reconnaissance et de mobilisation. Extraits: \u00ab Nous avons e\u0301te\u0301 forme\u0301s dans la ge\u0301ne\u0301rosite\u0301 par Alassane Ouattara. En 1990, alors que le pays e\u0301tait en difficulte\u0301, feu le Pre\u0301sident Fe\u0301lix Houphoue\u0308t-Boigny a fait appel a\u0300 lui. En 2010, vous lui avez renouvele\u0301 votre confiance. En 15 ans, il a transforme\u0301 la Co\u0302te d\u2019Ivoire. \u00bb<\/p>\n<p>Il a e\u0301galement mis en avant les re\u0301alisations e\u0301conomiques majeures du Pre\u0301sident sortant: \u00ab En 2011, le budget national e\u0301tait de 3 000 milliards de FCFA. En 2025, il atteint 17 300 milliards. Gra\u0302ce a\u0300 sa vision, la Co\u0302te d\u2019Ivoire ne de\u0301pend plus uniquement du cacao. D\u2019ici quelques anne\u0301es, nous figurerons parmi les grands producteurs de pe\u0301trole en Afrique. \u00bb<\/p>\n<p>Pour lui, la candidature d\u2019Alassane Ouattara est une re\u0301ponse a\u0300 l\u2019appel du peuple, et surtout, un acte de sacrifice personnel qu\u2019il convient d\u2019honorer par un vote massif.<\/p>\n<p>\u00ab Il a accepte\u0301 de se pre\u0301senter encore une fois, non pas pour lui, mais pour ba\u0302tir une grande nation. Le 25 octobre, allons tous dire merci a\u0300 ADO dans les urnes ! \u00bb<\/p>\n<p>Avant le discours principal, les diffe\u0301rents responsables locaux du RHDP avaient de\u0301ja\u0300 pris la parole. Des engagements fermes ont e\u0301te\u0301 pris par les jeunes, les femmes, les commerc\u0327ants et les artisans de Yopougon, de\u0301termine\u0301s a\u0300 quadriller chaque quartier et a\u0300 assurer une mobilisation sans faille jusqu\u2019au jour du scrutin.<\/p>\n<p>Le lancement de la campagne du RHDP a\u0300 Yopougon s\u2019est voulu une de\u0301monstration de force et d\u2019unite\u0301 autour du Pre\u0301sident sortant. A\u0300 en juger par la mobilisation, la commune entend jouer un ro\u0302le de\u0301terminant dans l\u2019issue de la pre\u0301sidentielle a\u0300 venir.<\/p>\n<p>Adama Bictogo et son e\u0301quipe sont de\u0301sormais en ordre de marche, avec pour objectif affiche\u0301: une victoire e\u0301clatante de\u0300s le premier tour.<\/p>\n<p><strong>Pour plus d&rsquo;informations et d&rsquo;analyses sur la <span style=\"color: #ff6600\">C\u00f4te d&rsquo;Ivoire<\/span>, suivez <span style=\"color: #ff6600\">Africa-Press<\/span><\/strong><\/p>\n","protected":false},"excerpt":{"rendered":"<p>Africa-Press &#8211; C\u00f4te d&rsquo;Ivoire. Ce mardi 14 octobre 2025, la mythique place Ficgayo de Yopougon s\u2019est transforme\u0301e en un ve\u0301ritable carrefour de ferveur politique a\u0300 l\u2019occasion du lancement officiel de la campagne du RHDP (Rassemblement des Houphoue\u0308tistes pour la De\u0301mocratie et la Paix). A\u0300 la te\u0302te de cette mobilisation impressionnante, Adama Bictogo, Directeur re\u0301gional de [&hellip;]<\/p>\n","protected":false},"author":82,"featured_media":106820,"comment_status":"open","ping_status":"closed","sticky":false,"template":"","format":"standard","meta":{"footnotes":""},"categories":[2,10],"tags":[1265,18824,38,2711,29,312,371,540],"class_list":["post-106821","post","type-post","status-publish","format-standard","has-post-thumbnail","hentry","category-politique","category-toutes-les-actualites","tag-adama-bictogo","tag-ado-2025","tag-alassane-ouattara","tag-campagne","tag-cote-divoire","tag-presidentielle","tag-rhdp","tag-yopougon"],"yoast_head":"<!-- This site is optimized with the Yoast SEO Premium plugin v26.1 (Yoast SEO v27.0) - https:\/\/yoast.com\/product\/yoast-seo-premium-wordpress\/ -->\n<title>Lancement Campagne Yopougon Adama Bictogo RHDP - C\u00f4te d&#039;Ivoire<\/title>\n<meta name=\"description\" content=\"Ce mardi 14 octobre 2025, la mythique place Ficgayo de Yopougon s\u2019est transforme\u0301e en un ve\u0301ritable carrefour de ferveur ...\" \/>\n<meta name=\"robots\" content=\"index, follow, max-snippet:-1, max-image-preview:large, max-video-preview:-1\" \/>\n<link rel=\"canonical\" href=\"https:\/\/www.africa-press.net\/cotedivoire\/politique\/lancement-campagne-yopougon-adama-bictogo-rhdp\" \/>\n<meta property=\"og:locale\" content=\"fr_FR\" \/>\n<meta property=\"og:type\" content=\"article\" \/>\n<meta property=\"og:title\" content=\"Lancement Campagne Yopougon Adama Bictogo RHDP\" \/>\n<meta property=\"og:description\" content=\"Ce mardi 14 octobre 2025, la mythique place Ficgayo de Yopougon s\u2019est transforme\u0301e en un ve\u0301ritable carrefour de ferveur ...\" \/>\n<meta property=\"og:url\" content=\"https:\/\/www.africa-press.net\/cotedivoire\/politique\/lancement-campagne-yopougon-adama-bictogo-rhdp\" \/>\n<meta property=\"og:site_name\" content=\"C\u00f4te d&#039;Ivoire\" \/>\n<meta property=\"article:published_time\" content=\"2025-10-15T17:16:54+00:00\" \/>\n<meta property=\"article:modified_time\" content=\"2025-10-15T17:28:27+00:00\" \/>\n<meta property=\"og:image\" content=\"https:\/\/static.africa-press.net\/cote\/sites\/43\/2025\/10\/sm_1760536677.51864.jpg\" \/>\n\t<meta property=\"og:image:width\" content=\"720\" \/>\n\t<meta property=\"og:image:height\" content=\"480\" \/>\n\t<meta property=\"og:image:type\" content=\"image\/jpeg\" \/>\n<meta name=\"author\" content=\"cfeditorfr\" \/>\n<meta name=\"twitter:card\" content=\"summary_large_image\" \/>\n<meta name=\"twitter:label1\" content=\"\u00c9crit par\" \/>\n\t<meta name=\"twitter:data1\" content=\"cfeditorfr\" \/>\n\t<meta name=\"twitter:label2\" content=\"Dur\u00e9e de lecture estim\u00e9e\" \/>\n\t<meta name=\"twitter:data2\" content=\"3 minutes\" \/>\n<script type=\"application\/ld+json\" class=\"yoast-schema-graph\">{\"@context\":\"https:\/\/schema.org\",\"@graph\":[{\"@type\":\"Article\",\"@id\":\"https:\/\/www.africa-press.net\/cotedivoire\/politique\/lancement-campagne-yopougon-adama-bictogo-rhdp#article\",\"isPartOf\":{\"@id\":\"https:\/\/www.africa-press.net\/cotedivoire\/politique\/lancement-campagne-yopougon-adama-bictogo-rhdp\"},\"author\":{\"name\":\"cfeditorfr\",\"@id\":\"https:\/\/www.africa-press.net\/cotedivoire\/#\/schema\/person\/2b1cf3cd81a31e3cd26889ca66d677f1\"},\"headline\":\"Lancement Campagne Yopougon Adama Bictogo RHDP\",\"datePublished\":\"2025-10-15T17:16:54+00:00\",\"dateModified\":\"2025-10-15T17:28:27+00:00\",\"mainEntityOfPage\":{\"@id\":\"https:\/\/www.africa-press.net\/cotedivoire\/politique\/lancement-campagne-yopougon-adama-bictogo-rhdp\"},\"wordCount\":553,\"commentCount\":0,\"image\":{\"@id\":\"https:\/\/www.africa-press.net\/cotedivoire\/politique\/lancement-campagne-yopougon-adama-bictogo-rhdp#primaryimage\"},\"thumbnailUrl\":\"https:\/\/static.africa-press.net\/cote\/sites\/43\/2025\/10\/sm_1760536677.51864.jpg\",\"keywords\":[\"Adama Bictogo\",\"ADO 2025\",\"Alassane Ouattara\",\"campagne\",\"C\u00d4TE D'IVOIRE\",\"pr\u00e9sidentielle\",\"RHDP\",\"Yopougon\"],\"articleSection\":[\"Politique\",\"Toutes les actualit\u00e9s\"],\"inLanguage\":\"fr-FR\",\"potentialAction\":[{\"@type\":\"CommentAction\",\"name\":\"Comment\",\"target\":[\"https:\/\/www.africa-press.net\/cotedivoire\/politique\/lancement-campagne-yopougon-adama-bictogo-rhdp#respond\"]}]},{\"@type\":\"WebPage\",\"@id\":\"https:\/\/www.africa-press.net\/cotedivoire\/politique\/lancement-campagne-yopougon-adama-bictogo-rhdp\",\"url\":\"https:\/\/www.africa-press.net\/cotedivoire\/politique\/lancement-campagne-yopougon-adama-bictogo-rhdp\",\"name\":\"Lancement Campagne Yopougon Adama Bictogo RHDP - C\u00f4te d&#039;Ivoire\",\"isPartOf\":{\"@id\":\"https:\/\/www.africa-press.net\/cotedivoire\/#website\"},\"primaryImageOfPage\":{\"@id\":\"https:\/\/www.africa-press.net\/cotedivoire\/politique\/lancement-campagne-yopougon-adama-bictogo-rhdp#primaryimage\"},\"image\":{\"@id\":\"https:\/\/www.africa-press.net\/cotedivoire\/politique\/lancement-campagne-yopougon-adama-bictogo-rhdp#primaryimage\"},\"thumbnailUrl\":\"https:\/\/static.africa-press.net\/cote\/sites\/43\/2025\/10\/sm_1760536677.51864.jpg\",\"datePublished\":\"2025-10-15T17:16:54+00:00\",\"dateModified\":\"2025-10-15T17:28:27+00:00\",\"author\":{\"@id\":\"https:\/\/www.africa-press.net\/cotedivoire\/#\/schema\/person\/2b1cf3cd81a31e3cd26889ca66d677f1\"},\"description\":\"Ce mardi 14 octobre 2025, la mythique place Ficgayo de Yopougon s\u2019est transforme\u0301e en un ve\u0301ritable carrefour de ferveur ...\",\"breadcrumb\":{\"@id\":\"https:\/\/www.africa-press.net\/cotedivoire\/politique\/lancement-campagne-yopougon-adama-bictogo-rhdp#breadcrumb\"},\"inLanguage\":\"fr-FR\",\"potentialAction\":[{\"@type\":\"ReadAction\",\"target\":[\"https:\/\/www.africa-press.net\/cotedivoire\/politique\/lancement-campagne-yopougon-adama-bictogo-rhdp\"]}]},{\"@type\":\"ImageObject\",\"inLanguage\":\"fr-FR\",\"@id\":\"https:\/\/www.africa-press.net\/cotedivoire\/politique\/lancement-campagne-yopougon-adama-bictogo-rhdp#primaryimage\",\"url\":\"https:\/\/static.africa-press.net\/cote\/sites\/43\/2025\/10\/sm_1760536677.51864.jpg\",\"contentUrl\":\"https:\/\/static.africa-press.net\/cote\/sites\/43\/2025\/10\/sm_1760536677.51864.jpg\",\"width\":720,\"height\":480,\"caption\":\"Lancement Campagne Yopougon Adama Bictogo RHDP\"},{\"@type\":\"BreadcrumbList\",\"@id\":\"https:\/\/www.africa-press.net\/cotedivoire\/politique\/lancement-campagne-yopougon-adama-bictogo-rhdp#breadcrumb\",\"itemListElement\":[{\"@type\":\"ListItem\",\"position\":1,\"name\":\"Accueil\",\"item\":\"https:\/\/www.africa-press.net\/cotedivoire\/\"},{\"@type\":\"ListItem\",\"position\":2,\"name\":\"Lancement Campagne Yopougon Adama Bictogo RHDP\"}]},{\"@type\":\"WebSite\",\"@id\":\"https:\/\/www.africa-press.net\/cotedivoire\/#website\",\"url\":\"https:\/\/www.africa-press.net\/cotedivoire\/\",\"name\":\"C\u00f4te d&#039;Ivoire\",\"description\":\"Just another Africa News Agency Sites site\",\"potentialAction\":[{\"@type\":\"SearchAction\",\"target\":{\"@type\":\"EntryPoint\",\"urlTemplate\":\"https:\/\/www.africa-press.net\/cotedivoire\/?s={search_term_string}\"},\"query-input\":{\"@type\":\"PropertyValueSpecification\",\"valueRequired\":true,\"valueName\":\"search_term_string\"}}],\"inLanguage\":\"fr-FR\"},{\"@type\":\"Person\",\"@id\":\"https:\/\/www.africa-press.net\/cotedivoire\/#\/schema\/person\/2b1cf3cd81a31e3cd26889ca66d677f1\",\"name\":\"cfeditorfr\"}]}<\/script>\n<!-- \/ Yoast SEO Premium plugin. -->","yoast_head_json":{"title":"Lancement Campagne Yopougon Adama Bictogo RHDP - C\u00f4te d&#039;Ivoire","description":"Ce mardi 14 octobre 2025, la mythique place Ficgayo de Yopougon s\u2019est transforme\u0301e en un ve\u0301ritable carrefour de ferveur ...","robots":{"index":"index","follow":"follow","max-snippet":"max-snippet:-1","max-image-preview":"max-image-preview:large","max-video-preview":"max-video-preview:-1"},"canonical":"https:\/\/www.africa-press.net\/cotedivoire\/politique\/lancement-campagne-yopougon-adama-bictogo-rhdp","og_locale":"fr_FR","og_type":"article","og_title":"Lancement Campagne Yopougon Adama Bictogo RHDP","og_description":"Ce mardi 14 octobre 2025, la mythique place Ficgayo de Yopougon s\u2019est transforme\u0301e en un ve\u0301ritable carrefour de ferveur ...","og_url":"https:\/\/www.africa-press.net\/cotedivoire\/politique\/lancement-campagne-yopougon-adama-bictogo-rhdp","og_site_name":"C\u00f4te d&#039;Ivoire","article_published_time":"2025-10-15T17:16:54+00:00","article_modified_time":"2025-10-15T17:28:27+00:00","og_image":[{"width":720,"height":480,"url":"https:\/\/static.africa-press.net\/cote\/sites\/43\/2025\/10\/sm_1760536677.51864.jpg","type":"image\/jpeg"}],"author":"cfeditorfr","twitter_card":"summary_large_image","twitter_misc":{"\u00c9crit par":"cfeditorfr","Dur\u00e9e de lecture estim\u00e9e":"3 minutes"},"schema":{"@context":"https:\/\/schema.org","@graph":[{"@type":"Article","@id":"https:\/\/www.africa-press.net\/cotedivoire\/politique\/lancement-campagne-yopougon-adama-bictogo-rhdp#article","isPartOf":{"@id":"https:\/\/www.africa-press.net\/cotedivoire\/politique\/lancement-campagne-yopougon-adama-bictogo-rhdp"},"author":{"name":"cfeditorfr","@id":"https:\/\/www.africa-press.net\/cotedivoire\/#\/schema\/person\/2b1cf3cd81a31e3cd26889ca66d677f1"},"headline":"Lancement Campagne Yopougon Adama Bictogo RHDP","datePublished":"2025-10-15T17:16:54+00:00","dateModified":"2025-10-15T17:28:27+00:00","mainEntityOfPage":{"@id":"https:\/\/www.africa-press.net\/cotedivoire\/politique\/lancement-campagne-yopougon-adama-bictogo-rhdp"},"wordCount":553,"commentCount":0,"image":{"@id":"https:\/\/www.africa-press.net\/cotedivoire\/politique\/lancement-campagne-yopougon-adama-bictogo-rhdp#primaryimage"},"thumbnailUrl":"https:\/\/static.africa-press.net\/cote\/sites\/43\/2025\/10\/sm_1760536677.51864.jpg","keywords":["Adama Bictogo","ADO 2025","Alassane Ouattara","campagne","C\u00d4TE D'IVOIRE","pr\u00e9sidentielle","RHDP","Yopougon"],"articleSection":["Politique","Toutes les actualit\u00e9s"],"inLanguage":"fr-FR","potentialAction":[{"@type":"CommentAction","name":"Comment","target":["https:\/\/www.africa-press.net\/cotedivoire\/politique\/lancement-campagne-yopougon-adama-bictogo-rhdp#respond"]}]},{"@type":"WebPage","@id":"https:\/\/www.africa-press.net\/cotedivoire\/politique\/lancement-campagne-yopougon-adama-bictogo-rhdp","url":"https:\/\/www.africa-press.net\/cotedivoire\/politique\/lancement-campagne-yopougon-adama-bictogo-rhdp","name":"Lancement Campagne Yopougon Adama Bictogo RHDP - C\u00f4te d&#039;Ivoire","isPartOf":{"@id":"https:\/\/www.africa-press.net\/cotedivoire\/#website"},"primaryImageOfPage":{"@id":"https:\/\/www.africa-press.net\/cotedivoire\/politique\/lancement-campagne-yopougon-adama-bictogo-rhdp#primaryimage"},"image":{"@id":"https:\/\/www.africa-press.net\/cotedivoire\/politique\/lancement-campagne-yopougon-adama-bictogo-rhdp#primaryimage"},"thumbnailUrl":"https:\/\/static.africa-press.net\/cote\/sites\/43\/2025\/10\/sm_1760536677.51864.jpg","datePublished":"2025-10-15T17:16:54+00:00","dateModified":"2025-10-15T17:28:27+00:00","author":{"@id":"https:\/\/www.africa-press.net\/cotedivoire\/#\/schema\/person\/2b1cf3cd81a31e3cd26889ca66d677f1"},"description":"Ce mardi 14 octobre 2025, la mythique place Ficgayo de Yopougon s\u2019est transforme\u0301e en un ve\u0301ritable carrefour de ferveur ...","breadcrumb":{"@id":"https:\/\/www.africa-press.net\/cotedivoire\/politique\/lancement-campagne-yopougon-adama-bictogo-rhdp#breadcrumb"},"inLanguage":"fr-FR","potentialAction":[{"@type":"ReadAction","target":["https:\/\/www.africa-press.net\/cotedivoire\/politique\/lancement-campagne-yopougon-adama-bictogo-rhdp"]}]},{"@type":"ImageObject","inLanguage":"fr-FR","@id":"https:\/\/www.africa-press.net\/cotedivoire\/politique\/lancement-campagne-yopougon-adama-bictogo-rhdp#primaryimage","url":"https:\/\/static.africa-press.net\/cote\/sites\/43\/2025\/10\/sm_1760536677.51864.jpg","contentUrl":"https:\/\/static.africa-press.net\/cote\/sites\/43\/2025\/10\/sm_1760536677.51864.jpg","width":720,"height":480,"caption":"Lancement Campagne Yopougon Adama Bictogo RHDP"},{"@type":"BreadcrumbList","@id":"https:\/\/www.africa-press.net\/cotedivoire\/politique\/lancement-campagne-yopougon-adama-bictogo-rhdp#breadcrumb","itemListElement":[{"@type":"ListItem","position":1,"name":"Accueil","item":"https:\/\/www.africa-press.net\/cotedivoire\/"},{"@type":"ListItem","position":2,"name":"Lancement Campagne Yopougon Adama Bictogo RHDP"}]},{"@type":"WebSite","@id":"https:\/\/www.africa-press.net\/cotedivoire\/#website","url":"https:\/\/www.africa-press.net\/cotedivoire\/","name":"C\u00f4te d&#039;Ivoire","description":"Just another Africa News Agency Sites site","potentialAction":[{"@type":"SearchAction","target":{"@type":"EntryPoint","urlTemplate":"https:\/\/www.africa-press.net\/cotedivoire\/?s={search_term_string}"},"query-input":{"@type":"PropertyValueSpecification","valueRequired":true,"valueName":"search_term_string"}}],"inLanguage":"fr-FR"},{"@type":"Person","@id":"https:\/\/www.africa-press.net\/cotedivoire\/#\/schema\/person\/2b1cf3cd81a31e3cd26889ca66d677f1","name":"cfeditorfr"}]}},"_links":{"self":[{"href":"https:\/\/www.africa-press.net\/cotedivoire\/wp-json\/wp\/v2\/posts\/106821","targetHints":{"allow":["GET"]}}],"collection":[{"href":"https:\/\/www.africa-press.net\/cotedivoire\/wp-json\/wp\/v2\/posts"}],"about":[{"href":"https:\/\/www.africa-press.net\/cotedivoire\/wp-json\/wp\/v2\/types\/post"}],"author":[{"embeddable":true,"href":"https:\/\/www.africa-press.net\/cotedivoire\/wp-json\/wp\/v2\/users\/82"}],"replies":[{"embeddable":true,"href":"https:\/\/www.africa-press.net\/cotedivoire\/wp-json\/wp\/v2\/comments?post=106821"}],"version-history":[{"count":0,"href":"https:\/\/www.africa-press.net\/cotedivoire\/wp-json\/wp\/v2\/posts\/106821\/revisions"}],"wp:featuredmedia":[{"embeddable":true,"href":"https:\/\/www.africa-press.net\/cotedivoire\/wp-json\/wp\/v2\/media\/106820"}],"wp:attachment":[{"href":"https:\/\/www.africa-press.net\/cotedivoire\/wp-json\/wp\/v2\/media?parent=106821"}],"wp:term":[{"taxonomy":"category","embeddable":true,"href":"https:\/\/www.africa-press.net\/cotedivoire\/wp-json\/wp\/v2\/categories?post=106821"},{"taxonomy":"post_tag","embeddable":true,"href":"https:\/\/www.africa-press.net\/cotedivoire\/wp-json\/wp\/v2\/tags?post=106821"}],"curies":[{"name":"wp","href":"https:\/\/api.w.org\/{rel}","templated":true}]}}