{"id":106870,"date":"2025-10-16T13:31:18","date_gmt":"2025-10-16T13:31:18","guid":{"rendered":"https:\/\/www.africa-press.net\/cotedivoire\/politique\/ambassadeur-felix-tanon-sensibilise-pour-elections-pacifiques"},"modified":"2025-10-16T13:40:11","modified_gmt":"2025-10-16T13:40:11","slug":"ambassadeur-felix-tanon-sensibilise-pour-elections-pacifiques","status":"publish","type":"post","link":"https:\/\/www.africa-press.net\/cotedivoire\/politique\/ambassadeur-felix-tanon-sensibilise-pour-elections-pacifiques","title":{"rendered":"Ambassadeur F\u00e9lix Tanon Sensibilise pour \u00c9lections Pacifiques"},"content":{"rendered":"<p><span style=\"color: #ff6600\"><strong>Africa-Press &#8211; C\u00f4te d&rsquo;Ivoire. <\/strong><\/span>Les ivoiriens re\u0301sidant au Benin, au Togo et au Ghana sont en train d\u2019e\u0302tre sensibilise\u0301s pour la tenue de l\u2019e\u0301lection pre\u0301sidentielle apaise\u0301e et sans violence le 25 octobre 2025.<\/p>\n<p>Dans le cadre de cette sensibilisation, l\u2019ambassade du Co\u0302te d\u2019Ivoire au Ghana a publie\u0301 sur sa page Facebook qu\u2019en pre\u0301lude a\u0300 la tenue de l\u2019e\u0301lection pre\u0301sidentielle qui se tiendra le 25 octobre 2025, l\u2019ambassadeur Assie\u0301lou Fe\u0301lix Tanon a entrepris une campagne de sensibilisation dans sa circonscription diplomatique qui comprend le Ghana, le Togo et le Be\u0301nin.<\/p>\n<p>Dans sa publication, l\u2019ambassade de Co\u0302te d\u2019Ivoire a annonce\u0301 qu\u2019\u00ab apre\u0300s l&rsquo;e\u0301tape du Togo le mercredi 08 octobre 2025, le Chef de Mission s&rsquo;est rendu a\u0300 Cotonou, au Be\u0301nin le jeudi 09 octobre 2025 pour rencontrer la communaute\u0301 ivoirienne. A cette occasion, l&rsquo;Ambassadeur a re\u0301ite\u0301re\u0301 son appel a\u0300 une e\u0301lection pre\u0301sidentielle sans violence \u00bb.<\/p>\n<p>Apre\u0300s les deux premie\u0300res e\u0301tapes, l\u2019ambassade a annonce\u0301 que l\u2019ambassadeur Tanon a mis le cap sur la ville de Kumasi au Ghana le mardi 14 octobre 2025, toujours dans le cadre de la campagne de sensibilisation pour une e\u0301lection apaise\u0301e et sans violence le 25 octobre 2025.<\/p>\n<p>Comme message phare, l\u2019ambassadeur Tanon a exhorte\u0301 ses compatriotes a\u0300 agir dans l&rsquo;inte\u0301re\u0302t supe\u0301rieur de la Nation, a\u0300 cultiver la paix, l&rsquo;amour et la tole\u0301rance.<\/p>\n<p>En re\u0301ponse au message de l&rsquo;ambassadeur, les ivoiriens pre\u0301sents a\u0300 ces rencontres de sensibilisation ont promis e\u0302tre des citoyens exemplaires, discipline\u0301s et respectueux des lois de notre pays et du pays d&rsquo;accueil.<\/p>\n<p>Soulignons qu\u2019auparavant, l\u2019ambassadeur Tanon a rappele\u0301 a\u0300 ses compatriotes que la distribution des cartes d&rsquo;e\u0301lecteurs a de\u0301bute\u0301 le samedi 11 octobre 2025 dans sa circonscription diplomatique. Cette ope\u0301ration devra prendre fin le 17 octobre 2025.<\/p>\n<p><strong>Pour plus d&rsquo;informations et d&rsquo;analyses sur la <span style=\"color: #ff6600\">C\u00f4te d&rsquo;Ivoire<\/span>, suivez <span style=\"color: #ff6600\">Africa-Press<\/span><\/strong><\/p>\n","protected":false},"excerpt":{"rendered":"<p>Africa-Press &#8211; C\u00f4te d&rsquo;Ivoire. Les ivoiriens re\u0301sidant au Benin, au Togo et au Ghana sont en train d\u2019e\u0302tre sensibilise\u0301s pour la tenue de l\u2019e\u0301lection pre\u0301sidentielle apaise\u0301e et sans violence le 25 octobre 2025. Dans le cadre de cette sensibilisation, l\u2019ambassade du Co\u0302te d\u2019Ivoire au Ghana a publie\u0301 sur sa page Facebook qu\u2019en pre\u0301lude a\u0300 la [&hellip;]<\/p>\n","protected":false},"author":82,"featured_media":106869,"comment_status":"open","ping_status":"closed","sticky":false,"template":"","format":"standard","meta":{"footnotes":""},"categories":[2,10],"tags":[3370,19203,2573,29,48,98,2066,766,119],"class_list":["post-106870","post","type-post","status-publish","format-standard","has-post-thumbnail","hentry","category-politique","category-toutes-les-actualites","tag-ambassade","tag-ambassadeur-assielou-felix-tanon","tag-benin","tag-cote-divoire","tag-election-presidentielle","tag-ghana","tag-ivoiriens","tag-sensibilisation","tag-togo"],"yoast_head":"<!-- This site is optimized with the Yoast SEO Premium plugin v26.1 (Yoast SEO v27.0) - https:\/\/yoast.com\/product\/yoast-seo-premium-wordpress\/ -->\n<title>Ambassadeur F\u00e9lix Tanon Sensibilise pour \u00c9lections Pacifiques - C\u00f4te d&#039;Ivoire<\/title>\n<meta name=\"description\" content=\"Les ivoiriens re\u0301sidant au Benin, au Togo et au Ghana sont en train d\u2019e\u0302tre sensibilise\u0301s pour la tenue de l\u2019e\u0301lection p ...\" \/>\n<meta name=\"robots\" content=\"index, follow, max-snippet:-1, max-image-preview:large, max-video-preview:-1\" \/>\n<link rel=\"canonical\" href=\"https:\/\/www.africa-press.net\/cotedivoire\/politique\/ambassadeur-felix-tanon-sensibilise-pour-elections-pacifiques\" \/>\n<meta property=\"og:locale\" content=\"fr_FR\" \/>\n<meta property=\"og:type\" content=\"article\" \/>\n<meta property=\"og:title\" content=\"Ambassadeur F\u00e9lix Tanon Sensibilise pour \u00c9lections Pacifiques\" \/>\n<meta property=\"og:description\" content=\"Les ivoiriens re\u0301sidant au Benin, au Togo et au Ghana sont en train d\u2019e\u0302tre sensibilise\u0301s pour la tenue de l\u2019e\u0301lection p ...\" \/>\n<meta property=\"og:url\" content=\"https:\/\/www.africa-press.net\/cotedivoire\/politique\/ambassadeur-felix-tanon-sensibilise-pour-elections-pacifiques\" \/>\n<meta property=\"og:site_name\" content=\"C\u00f4te d&#039;Ivoire\" \/>\n<meta property=\"article:published_time\" content=\"2025-10-16T13:31:18+00:00\" \/>\n<meta property=\"article:modified_time\" content=\"2025-10-16T13:40:11+00:00\" \/>\n<meta property=\"og:image\" content=\"https:\/\/static.africa-press.net\/cote\/sites\/43\/2025\/10\/sm_1760609354.039874.jpg\" \/>\n\t<meta property=\"og:image:width\" content=\"720\" \/>\n\t<meta property=\"og:image:height\" content=\"336\" \/>\n\t<meta property=\"og:image:type\" content=\"image\/jpeg\" \/>\n<meta name=\"author\" content=\"cfeditorfr\" \/>\n<meta name=\"twitter:card\" content=\"summary_large_image\" \/>\n<meta name=\"twitter:label1\" content=\"\u00c9crit par\" \/>\n\t<meta name=\"twitter:data1\" content=\"cfeditorfr\" \/>\n\t<meta name=\"twitter:label2\" content=\"Dur\u00e9e de lecture estim\u00e9e\" \/>\n\t<meta name=\"twitter:data2\" content=\"2 minutes\" \/>\n<script type=\"application\/ld+json\" class=\"yoast-schema-graph\">{\"@context\":\"https:\/\/schema.org\",\"@graph\":[{\"@type\":\"Article\",\"@id\":\"https:\/\/www.africa-press.net\/cotedivoire\/politique\/ambassadeur-felix-tanon-sensibilise-pour-elections-pacifiques#article\",\"isPartOf\":{\"@id\":\"https:\/\/www.africa-press.net\/cotedivoire\/politique\/ambassadeur-felix-tanon-sensibilise-pour-elections-pacifiques\"},\"author\":{\"name\":\"cfeditorfr\",\"@id\":\"https:\/\/www.africa-press.net\/cotedivoire\/#\/schema\/person\/2b1cf3cd81a31e3cd26889ca66d677f1\"},\"headline\":\"Ambassadeur F\u00e9lix Tanon Sensibilise pour \u00c9lections Pacifiques\",\"datePublished\":\"2025-10-16T13:31:18+00:00\",\"dateModified\":\"2025-10-16T13:40:11+00:00\",\"mainEntityOfPage\":{\"@id\":\"https:\/\/www.africa-press.net\/cotedivoire\/politique\/ambassadeur-felix-tanon-sensibilise-pour-elections-pacifiques\"},\"wordCount\":349,\"commentCount\":0,\"image\":{\"@id\":\"https:\/\/www.africa-press.net\/cotedivoire\/politique\/ambassadeur-felix-tanon-sensibilise-pour-elections-pacifiques#primaryimage\"},\"thumbnailUrl\":\"https:\/\/static.africa-press.net\/cote\/sites\/43\/2025\/10\/sm_1760609354.039874.jpg\",\"keywords\":[\"Ambassade\",\"ambassadeur Assi\u00e9lou F\u00e9lix Tanon\",\"B\u00e9nin\",\"C\u00d4TE D'IVOIRE\",\"\u00c9lection pr\u00e9sidentielle\",\"Ghana\",\"Ivoiriens\",\"sensibilisation\",\"Togo\"],\"articleSection\":[\"Politique\",\"Toutes les actualit\u00e9s\"],\"inLanguage\":\"fr-FR\",\"potentialAction\":[{\"@type\":\"CommentAction\",\"name\":\"Comment\",\"target\":[\"https:\/\/www.africa-press.net\/cotedivoire\/politique\/ambassadeur-felix-tanon-sensibilise-pour-elections-pacifiques#respond\"]}]},{\"@type\":\"WebPage\",\"@id\":\"https:\/\/www.africa-press.net\/cotedivoire\/politique\/ambassadeur-felix-tanon-sensibilise-pour-elections-pacifiques\",\"url\":\"https:\/\/www.africa-press.net\/cotedivoire\/politique\/ambassadeur-felix-tanon-sensibilise-pour-elections-pacifiques\",\"name\":\"Ambassadeur F\u00e9lix Tanon Sensibilise pour \u00c9lections Pacifiques - C\u00f4te d&#039;Ivoire\",\"isPartOf\":{\"@id\":\"https:\/\/www.africa-press.net\/cotedivoire\/#website\"},\"primaryImageOfPage\":{\"@id\":\"https:\/\/www.africa-press.net\/cotedivoire\/politique\/ambassadeur-felix-tanon-sensibilise-pour-elections-pacifiques#primaryimage\"},\"image\":{\"@id\":\"https:\/\/www.africa-press.net\/cotedivoire\/politique\/ambassadeur-felix-tanon-sensibilise-pour-elections-pacifiques#primaryimage\"},\"thumbnailUrl\":\"https:\/\/static.africa-press.net\/cote\/sites\/43\/2025\/10\/sm_1760609354.039874.jpg\",\"datePublished\":\"2025-10-16T13:31:18+00:00\",\"dateModified\":\"2025-10-16T13:40:11+00:00\",\"author\":{\"@id\":\"https:\/\/www.africa-press.net\/cotedivoire\/#\/schema\/person\/2b1cf3cd81a31e3cd26889ca66d677f1\"},\"description\":\"Les ivoiriens re\u0301sidant au Benin, au Togo et au Ghana sont en train d\u2019e\u0302tre sensibilise\u0301s pour la tenue de l\u2019e\u0301lection p ...\",\"breadcrumb\":{\"@id\":\"https:\/\/www.africa-press.net\/cotedivoire\/politique\/ambassadeur-felix-tanon-sensibilise-pour-elections-pacifiques#breadcrumb\"},\"inLanguage\":\"fr-FR\",\"potentialAction\":[{\"@type\":\"ReadAction\",\"target\":[\"https:\/\/www.africa-press.net\/cotedivoire\/politique\/ambassadeur-felix-tanon-sensibilise-pour-elections-pacifiques\"]}]},{\"@type\":\"ImageObject\",\"inLanguage\":\"fr-FR\",\"@id\":\"https:\/\/www.africa-press.net\/cotedivoire\/politique\/ambassadeur-felix-tanon-sensibilise-pour-elections-pacifiques#primaryimage\",\"url\":\"https:\/\/static.africa-press.net\/cote\/sites\/43\/2025\/10\/sm_1760609354.039874.jpg\",\"contentUrl\":\"https:\/\/static.africa-press.net\/cote\/sites\/43\/2025\/10\/sm_1760609354.039874.jpg\",\"width\":720,\"height\":336,\"caption\":\"Ambassadeur F\u00e9lix Tanon Sensibilise pour \u00c9lections Pacifiques\"},{\"@type\":\"BreadcrumbList\",\"@id\":\"https:\/\/www.africa-press.net\/cotedivoire\/politique\/ambassadeur-felix-tanon-sensibilise-pour-elections-pacifiques#breadcrumb\",\"itemListElement\":[{\"@type\":\"ListItem\",\"position\":1,\"name\":\"Accueil\",\"item\":\"https:\/\/www.africa-press.net\/cotedivoire\/\"},{\"@type\":\"ListItem\",\"position\":2,\"name\":\"Ambassadeur F\u00e9lix Tanon Sensibilise pour \u00c9lections Pacifiques\"}]},{\"@type\":\"WebSite\",\"@id\":\"https:\/\/www.africa-press.net\/cotedivoire\/#website\",\"url\":\"https:\/\/www.africa-press.net\/cotedivoire\/\",\"name\":\"C\u00f4te d&#039;Ivoire\",\"description\":\"Just another Africa News Agency Sites site\",\"potentialAction\":[{\"@type\":\"SearchAction\",\"target\":{\"@type\":\"EntryPoint\",\"urlTemplate\":\"https:\/\/www.africa-press.net\/cotedivoire\/?s={search_term_string}\"},\"query-input\":{\"@type\":\"PropertyValueSpecification\",\"valueRequired\":true,\"valueName\":\"search_term_string\"}}],\"inLanguage\":\"fr-FR\"},{\"@type\":\"Person\",\"@id\":\"https:\/\/www.africa-press.net\/cotedivoire\/#\/schema\/person\/2b1cf3cd81a31e3cd26889ca66d677f1\",\"name\":\"cfeditorfr\"}]}<\/script>\n<!-- \/ Yoast SEO Premium plugin. -->","yoast_head_json":{"title":"Ambassadeur F\u00e9lix Tanon Sensibilise pour \u00c9lections Pacifiques - C\u00f4te d&#039;Ivoire","description":"Les ivoiriens re\u0301sidant au Benin, au Togo et au Ghana sont en train d\u2019e\u0302tre sensibilise\u0301s pour la tenue de l\u2019e\u0301lection p ...","robots":{"index":"index","follow":"follow","max-snippet":"max-snippet:-1","max-image-preview":"max-image-preview:large","max-video-preview":"max-video-preview:-1"},"canonical":"https:\/\/www.africa-press.net\/cotedivoire\/politique\/ambassadeur-felix-tanon-sensibilise-pour-elections-pacifiques","og_locale":"fr_FR","og_type":"article","og_title":"Ambassadeur F\u00e9lix Tanon Sensibilise pour \u00c9lections Pacifiques","og_description":"Les ivoiriens re\u0301sidant au Benin, au Togo et au Ghana sont en train d\u2019e\u0302tre sensibilise\u0301s pour la tenue de l\u2019e\u0301lection p ...","og_url":"https:\/\/www.africa-press.net\/cotedivoire\/politique\/ambassadeur-felix-tanon-sensibilise-pour-elections-pacifiques","og_site_name":"C\u00f4te d&#039;Ivoire","article_published_time":"2025-10-16T13:31:18+00:00","article_modified_time":"2025-10-16T13:40:11+00:00","og_image":[{"width":720,"height":336,"url":"https:\/\/static.africa-press.net\/cote\/sites\/43\/2025\/10\/sm_1760609354.039874.jpg","type":"image\/jpeg"}],"author":"cfeditorfr","twitter_card":"summary_large_image","twitter_misc":{"\u00c9crit par":"cfeditorfr","Dur\u00e9e de lecture estim\u00e9e":"2 minutes"},"schema":{"@context":"https:\/\/schema.org","@graph":[{"@type":"Article","@id":"https:\/\/www.africa-press.net\/cotedivoire\/politique\/ambassadeur-felix-tanon-sensibilise-pour-elections-pacifiques#article","isPartOf":{"@id":"https:\/\/www.africa-press.net\/cotedivoire\/politique\/ambassadeur-felix-tanon-sensibilise-pour-elections-pacifiques"},"author":{"name":"cfeditorfr","@id":"https:\/\/www.africa-press.net\/cotedivoire\/#\/schema\/person\/2b1cf3cd81a31e3cd26889ca66d677f1"},"headline":"Ambassadeur F\u00e9lix Tanon Sensibilise pour \u00c9lections Pacifiques","datePublished":"2025-10-16T13:31:18+00:00","dateModified":"2025-10-16T13:40:11+00:00","mainEntityOfPage":{"@id":"https:\/\/www.africa-press.net\/cotedivoire\/politique\/ambassadeur-felix-tanon-sensibilise-pour-elections-pacifiques"},"wordCount":349,"commentCount":0,"image":{"@id":"https:\/\/www.africa-press.net\/cotedivoire\/politique\/ambassadeur-felix-tanon-sensibilise-pour-elections-pacifiques#primaryimage"},"thumbnailUrl":"https:\/\/static.africa-press.net\/cote\/sites\/43\/2025\/10\/sm_1760609354.039874.jpg","keywords":["Ambassade","ambassadeur Assi\u00e9lou F\u00e9lix Tanon","B\u00e9nin","C\u00d4TE D'IVOIRE","\u00c9lection pr\u00e9sidentielle","Ghana","Ivoiriens","sensibilisation","Togo"],"articleSection":["Politique","Toutes les actualit\u00e9s"],"inLanguage":"fr-FR","potentialAction":[{"@type":"CommentAction","name":"Comment","target":["https:\/\/www.africa-press.net\/cotedivoire\/politique\/ambassadeur-felix-tanon-sensibilise-pour-elections-pacifiques#respond"]}]},{"@type":"WebPage","@id":"https:\/\/www.africa-press.net\/cotedivoire\/politique\/ambassadeur-felix-tanon-sensibilise-pour-elections-pacifiques","url":"https:\/\/www.africa-press.net\/cotedivoire\/politique\/ambassadeur-felix-tanon-sensibilise-pour-elections-pacifiques","name":"Ambassadeur F\u00e9lix Tanon Sensibilise pour \u00c9lections Pacifiques - C\u00f4te d&#039;Ivoire","isPartOf":{"@id":"https:\/\/www.africa-press.net\/cotedivoire\/#website"},"primaryImageOfPage":{"@id":"https:\/\/www.africa-press.net\/cotedivoire\/politique\/ambassadeur-felix-tanon-sensibilise-pour-elections-pacifiques#primaryimage"},"image":{"@id":"https:\/\/www.africa-press.net\/cotedivoire\/politique\/ambassadeur-felix-tanon-sensibilise-pour-elections-pacifiques#primaryimage"},"thumbnailUrl":"https:\/\/static.africa-press.net\/cote\/sites\/43\/2025\/10\/sm_1760609354.039874.jpg","datePublished":"2025-10-16T13:31:18+00:00","dateModified":"2025-10-16T13:40:11+00:00","author":{"@id":"https:\/\/www.africa-press.net\/cotedivoire\/#\/schema\/person\/2b1cf3cd81a31e3cd26889ca66d677f1"},"description":"Les ivoiriens re\u0301sidant au Benin, au Togo et au Ghana sont en train d\u2019e\u0302tre sensibilise\u0301s pour la tenue de l\u2019e\u0301lection p ...","breadcrumb":{"@id":"https:\/\/www.africa-press.net\/cotedivoire\/politique\/ambassadeur-felix-tanon-sensibilise-pour-elections-pacifiques#breadcrumb"},"inLanguage":"fr-FR","potentialAction":[{"@type":"ReadAction","target":["https:\/\/www.africa-press.net\/cotedivoire\/politique\/ambassadeur-felix-tanon-sensibilise-pour-elections-pacifiques"]}]},{"@type":"ImageObject","inLanguage":"fr-FR","@id":"https:\/\/www.africa-press.net\/cotedivoire\/politique\/ambassadeur-felix-tanon-sensibilise-pour-elections-pacifiques#primaryimage","url":"https:\/\/static.africa-press.net\/cote\/sites\/43\/2025\/10\/sm_1760609354.039874.jpg","contentUrl":"https:\/\/static.africa-press.net\/cote\/sites\/43\/2025\/10\/sm_1760609354.039874.jpg","width":720,"height":336,"caption":"Ambassadeur F\u00e9lix Tanon Sensibilise pour \u00c9lections Pacifiques"},{"@type":"BreadcrumbList","@id":"https:\/\/www.africa-press.net\/cotedivoire\/politique\/ambassadeur-felix-tanon-sensibilise-pour-elections-pacifiques#breadcrumb","itemListElement":[{"@type":"ListItem","position":1,"name":"Accueil","item":"https:\/\/www.africa-press.net\/cotedivoire\/"},{"@type":"ListItem","position":2,"name":"Ambassadeur F\u00e9lix Tanon Sensibilise pour \u00c9lections Pacifiques"}]},{"@type":"WebSite","@id":"https:\/\/www.africa-press.net\/cotedivoire\/#website","url":"https:\/\/www.africa-press.net\/cotedivoire\/","name":"C\u00f4te d&#039;Ivoire","description":"Just another Africa News Agency Sites site","potentialAction":[{"@type":"SearchAction","target":{"@type":"EntryPoint","urlTemplate":"https:\/\/www.africa-press.net\/cotedivoire\/?s={search_term_string}"},"query-input":{"@type":"PropertyValueSpecification","valueRequired":true,"valueName":"search_term_string"}}],"inLanguage":"fr-FR"},{"@type":"Person","@id":"https:\/\/www.africa-press.net\/cotedivoire\/#\/schema\/person\/2b1cf3cd81a31e3cd26889ca66d677f1","name":"cfeditorfr"}]}},"_links":{"self":[{"href":"https:\/\/www.africa-press.net\/cotedivoire\/wp-json\/wp\/v2\/posts\/106870","targetHints":{"allow":["GET"]}}],"collection":[{"href":"https:\/\/www.africa-press.net\/cotedivoire\/wp-json\/wp\/v2\/posts"}],"about":[{"href":"https:\/\/www.africa-press.net\/cotedivoire\/wp-json\/wp\/v2\/types\/post"}],"author":[{"embeddable":true,"href":"https:\/\/www.africa-press.net\/cotedivoire\/wp-json\/wp\/v2\/users\/82"}],"replies":[{"embeddable":true,"href":"https:\/\/www.africa-press.net\/cotedivoire\/wp-json\/wp\/v2\/comments?post=106870"}],"version-history":[{"count":0,"href":"https:\/\/www.africa-press.net\/cotedivoire\/wp-json\/wp\/v2\/posts\/106870\/revisions"}],"wp:featuredmedia":[{"embeddable":true,"href":"https:\/\/www.africa-press.net\/cotedivoire\/wp-json\/wp\/v2\/media\/106869"}],"wp:attachment":[{"href":"https:\/\/www.africa-press.net\/cotedivoire\/wp-json\/wp\/v2\/media?parent=106870"}],"wp:term":[{"taxonomy":"category","embeddable":true,"href":"https:\/\/www.africa-press.net\/cotedivoire\/wp-json\/wp\/v2\/categories?post=106870"},{"taxonomy":"post_tag","embeddable":true,"href":"https:\/\/www.africa-press.net\/cotedivoire\/wp-json\/wp\/v2\/tags?post=106870"}],"curies":[{"name":"wp","href":"https:\/\/api.w.org\/{rel}","templated":true}]}}