{"id":106886,"date":"2025-10-16T14:23:38","date_gmt":"2025-10-16T14:23:38","guid":{"rendered":"https:\/\/www.africa-press.net\/cotedivoire\/politique\/diaspora-rhdp-europe-mobilisee-pour-ado-en-2025"},"modified":"2025-10-16T14:48:45","modified_gmt":"2025-10-16T14:48:45","slug":"diaspora-rhdp-europe-mobilisee-pour-ado-en-2025","status":"publish","type":"post","link":"https:\/\/www.africa-press.net\/cotedivoire\/politique\/diaspora-rhdp-europe-mobilisee-pour-ado-en-2025","title":{"rendered":"Diaspora RHDP Europe Mobilis\u00e9e Pour ADO en 2025"},"content":{"rendered":"<p><span style=\"color: #ff6600\"><strong>Africa-Press &#8211; C\u00f4te d&rsquo;Ivoire. <\/strong><\/span>A\u0300 deux semaines de l\u2019e\u0301lection pre\u0301sidentielle en Co\u0302te d\u2019Ivoire, la diaspora ivoirienne en Europe affiche clairement sa de\u0301termination a\u0300 contribuer a\u0300 la re\u0301e\u0301lection du pre\u0301sident Alassane Ouattara. Sous l\u2019impulsion des ministres Le\u0301on Adom Kacou, Adama Dosso et Ouattara Dramane dit OD, respectivement Directeur central et Directeurs centraux associe\u0301s de la campagne pour la diaspora, le RHDP a lance\u0301 officiellement ses activite\u0301s de mobilisation a\u0300 l\u2019international.<\/p>\n<p>La ville de Milan, en Italie, a e\u0301te\u0301 le the\u0301a\u0302tre de ce grand lancement, marque\u0301 par une forte mobilisation des militants venus de plusieurs re\u0301gions d\u2019Italie, sous la coordination de leur De\u0301le\u0301gue\u0301 Exte\u0301rieur Pays, M. Moussa Fofana. Tous habille\u0301s aux couleurs du parti, notamment l\u2019orange, les participants ont scande\u0301 un me\u0302me mot d\u2019ordre: \u00ab\u00a0Un coup K.O. de\u0300s le premier tour pour ADO.\u00a0\u00bb<\/p>\n<p>Place\u0301e sous la coordination de M. Ange N\u2019Da Kacou, responsable de la campagne RHDP pour l\u2019Europe, la ce\u0301re\u0301monie s\u2019est de\u0301roule\u0301e dans une ambiance conviviale mais re\u0301solument engage\u0301e. Plusieurs personnalite\u0301s influentes ont honore\u0301 l\u2019e\u0301ve\u0301nement de leur pre\u0301sence, notamment Mme Nogozene Bakayoko, Ambassadrice de la Co\u0302te d\u2019Ivoire en Italie, ainsi que M. Mei\u0308te\u0301 Sindou, repre\u0301sentant le Consul Ge\u0301ne\u0301ral de Milan.<\/p>\n<p>La rencontre a e\u0301galement re\u0301uni des de\u0301le\u0301gue\u0301s venus d\u2019autres pays europe\u0301ens, renforc\u0327ant ainsi la dimension pana-europe\u0301enne de cette mobilisation. Il s&rsquo;agit de Coulibaly Conimba (Belgique), Syndou Konate\u0301 (Suisse), Tidiane Kone\u0301 (France), ifanta Bamba, Pre\u0301sidente RHDP de France et Habiba Toure\u0301, Coordonnatrice des femmes RHDP Europe.<\/p>\n<p>La ce\u0301re\u0301monie a de\u0301bute\u0301 par l\u2019hymne national ivoirien, entonne\u0301 avec ferveur par l\u2019ensemble des participants \u2014 un moment fort en e\u0301motion, symbole d\u2019unite\u0301 et de fide\u0301lite\u0301 a\u0300 la patrie. S\u2019en sont suivies plusieurs motions d\u2019engagement, dans lesquelles les militants ont exprime\u0301 leur volonte\u0301 ferme d\u2019assurer une victoire e\u0301clatante au candidat du RHDP.<\/p>\n<p>Dans son discours, Ange N\u2019Da Kacou a rappele\u0301 cinq priorite\u0301s majeures pour re\u0301ussir cette mobilisation, l&rsquo;ntensification de la communication digitale, organisation des cellules de proximite\u0301 par pays et par ville, l&rsquo;assurance d&rsquo;une veille permanente sur les re\u0301seaux sociaux, l&rsquo;engagement de la jeunesse et les femmes dans les actions de terrain et la garantie d&rsquo;une pre\u0301sence massive aux urnes et un vote utile le 25 octobre.<\/p>\n<p>\u00ab La diaspora est un levier strate\u0301gique. Notre ro\u0302le est clair: porter la voix du de\u0301veloppement, de la stabilite\u0301 et de la paix incarne\u0301e par le pre\u0301sident Ouattara. Nous devons faire bloc pour un coup K.O. de\u0300s le premier tour \u00bb, a-t-il de\u0301clare\u0301.<\/p>\n<p>Ce lancement europe\u0301en a\u0300 Milan marque une e\u0301tape importante dans la campagne pre\u0301sidentielle du RHDP. Il montre non seulement la force de mobilisation de la diaspora, mais aussi son alignement total sur la vision du Pre\u0301sident Ouattara: celle d\u2019une Co\u0302te d\u2019Ivoire moderne, stable et tourne\u0301e vers l\u2019avenir.<\/p>\n<p>Autour du mot d\u2019ordre \u201cUn coup K.O. pour Ouattara\u201d, les militants RHDP de l\u2019exte\u0301rieur entendent jouer pleinement leur partition dans la dynamique de victoire attendue le 25 octobre 2025.<\/p>\n<p><strong>Pour plus d&rsquo;informations et d&rsquo;analyses sur la <span style=\"color: #ff6600\">C\u00f4te d&rsquo;Ivoire<\/span>, suivez <span style=\"color: #ff6600\">Africa-Press<\/span><\/strong><\/p>\n","protected":false},"excerpt":{"rendered":"<p>Africa-Press &#8211; C\u00f4te d&rsquo;Ivoire. A\u0300 deux semaines de l\u2019e\u0301lection pre\u0301sidentielle en Co\u0302te d\u2019Ivoire, la diaspora ivoirienne en Europe affiche clairement sa de\u0301termination a\u0300 contribuer a\u0300 la re\u0301e\u0301lection du pre\u0301sident Alassane Ouattara. Sous l\u2019impulsion des ministres Le\u0301on Adom Kacou, Adama Dosso et Ouattara Dramane dit OD, respectivement Directeur central et Directeurs centraux associe\u0301s de la campagne [&hellip;]<\/p>\n","protected":false},"author":82,"featured_media":106885,"comment_status":"open","ping_status":"closed","sticky":false,"template":"","format":"standard","meta":{"footnotes":""},"categories":[2,10],"tags":[18824,38,29,19137,275,7257,6826,7054,371,5509],"class_list":["post-106886","post","type-post","status-publish","format-standard","has-post-thumbnail","hentry","category-politique","category-toutes-les-actualites","tag-ado-2025","tag-alassane-ouattara","tag-cote-divoire","tag-coupko","tag-diaspora","tag-ivoirienne","tag-milan","tag-mobilisation","tag-rhdp","tag-vote"],"yoast_head":"<!-- This site is optimized with the Yoast SEO Premium plugin v26.1 (Yoast SEO v27.0) - https:\/\/yoast.com\/product\/yoast-seo-premium-wordpress\/ -->\n<title>Diaspora RHDP Europe Mobilis\u00e9e Pour ADO en 2025 - C\u00f4te d&#039;Ivoire<\/title>\n<meta name=\"description\" content=\"A\u0300 deux semaines de l\u2019e\u0301lection pre\u0301sidentielle en Co\u0302te d\u2019Ivoire, la diaspora ivoirienne en Europe affiche clairement s ...\" \/>\n<meta name=\"robots\" content=\"index, follow, max-snippet:-1, max-image-preview:large, max-video-preview:-1\" \/>\n<link rel=\"canonical\" href=\"https:\/\/www.africa-press.net\/cotedivoire\/politique\/diaspora-rhdp-europe-mobilisee-pour-ado-en-2025\" \/>\n<meta property=\"og:locale\" content=\"fr_FR\" \/>\n<meta property=\"og:type\" content=\"article\" \/>\n<meta property=\"og:title\" content=\"Diaspora RHDP Europe Mobilis\u00e9e Pour ADO en 2025\" \/>\n<meta property=\"og:description\" content=\"A\u0300 deux semaines de l\u2019e\u0301lection pre\u0301sidentielle en Co\u0302te d\u2019Ivoire, la diaspora ivoirienne en Europe affiche clairement s ...\" \/>\n<meta property=\"og:url\" content=\"https:\/\/www.africa-press.net\/cotedivoire\/politique\/diaspora-rhdp-europe-mobilisee-pour-ado-en-2025\" \/>\n<meta property=\"og:site_name\" content=\"C\u00f4te d&#039;Ivoire\" \/>\n<meta property=\"article:published_time\" content=\"2025-10-16T14:23:38+00:00\" \/>\n<meta property=\"article:modified_time\" content=\"2025-10-16T14:48:45+00:00\" \/>\n<meta property=\"og:image\" content=\"https:\/\/static.africa-press.net\/cote\/sites\/43\/2025\/10\/sm_1760613465.321984.jpg\" \/>\n\t<meta property=\"og:image:width\" content=\"720\" \/>\n\t<meta property=\"og:image:height\" content=\"414\" \/>\n\t<meta property=\"og:image:type\" content=\"image\/jpeg\" \/>\n<meta name=\"author\" content=\"cfeditorfr\" \/>\n<meta name=\"twitter:card\" content=\"summary_large_image\" \/>\n<meta name=\"twitter:label1\" content=\"\u00c9crit par\" \/>\n\t<meta name=\"twitter:data1\" content=\"cfeditorfr\" \/>\n\t<meta name=\"twitter:label2\" content=\"Dur\u00e9e de lecture estim\u00e9e\" \/>\n\t<meta name=\"twitter:data2\" content=\"3 minutes\" \/>\n<script type=\"application\/ld+json\" class=\"yoast-schema-graph\">{\"@context\":\"https:\/\/schema.org\",\"@graph\":[{\"@type\":\"Article\",\"@id\":\"https:\/\/www.africa-press.net\/cotedivoire\/politique\/diaspora-rhdp-europe-mobilisee-pour-ado-en-2025#article\",\"isPartOf\":{\"@id\":\"https:\/\/www.africa-press.net\/cotedivoire\/politique\/diaspora-rhdp-europe-mobilisee-pour-ado-en-2025\"},\"author\":{\"name\":\"cfeditorfr\",\"@id\":\"https:\/\/www.africa-press.net\/cotedivoire\/#\/schema\/person\/2b1cf3cd81a31e3cd26889ca66d677f1\"},\"headline\":\"Diaspora RHDP Europe Mobilis\u00e9e Pour ADO en 2025\",\"datePublished\":\"2025-10-16T14:23:38+00:00\",\"dateModified\":\"2025-10-16T14:48:45+00:00\",\"mainEntityOfPage\":{\"@id\":\"https:\/\/www.africa-press.net\/cotedivoire\/politique\/diaspora-rhdp-europe-mobilisee-pour-ado-en-2025\"},\"wordCount\":592,\"commentCount\":0,\"image\":{\"@id\":\"https:\/\/www.africa-press.net\/cotedivoire\/politique\/diaspora-rhdp-europe-mobilisee-pour-ado-en-2025#primaryimage\"},\"thumbnailUrl\":\"https:\/\/static.africa-press.net\/cote\/sites\/43\/2025\/10\/sm_1760613465.321984.jpg\",\"keywords\":[\"ADO 2025\",\"Alassane Ouattara\",\"C\u00d4TE D'IVOIRE\",\"CoupKO\",\"DIASPORA\",\"ivoirienne\",\"Milan\",\"mobilisation\",\"RHDP\",\"Vote\"],\"articleSection\":[\"Politique\",\"Toutes les actualit\u00e9s\"],\"inLanguage\":\"fr-FR\",\"potentialAction\":[{\"@type\":\"CommentAction\",\"name\":\"Comment\",\"target\":[\"https:\/\/www.africa-press.net\/cotedivoire\/politique\/diaspora-rhdp-europe-mobilisee-pour-ado-en-2025#respond\"]}]},{\"@type\":\"WebPage\",\"@id\":\"https:\/\/www.africa-press.net\/cotedivoire\/politique\/diaspora-rhdp-europe-mobilisee-pour-ado-en-2025\",\"url\":\"https:\/\/www.africa-press.net\/cotedivoire\/politique\/diaspora-rhdp-europe-mobilisee-pour-ado-en-2025\",\"name\":\"Diaspora RHDP Europe Mobilis\u00e9e Pour ADO en 2025 - C\u00f4te d&#039;Ivoire\",\"isPartOf\":{\"@id\":\"https:\/\/www.africa-press.net\/cotedivoire\/#website\"},\"primaryImageOfPage\":{\"@id\":\"https:\/\/www.africa-press.net\/cotedivoire\/politique\/diaspora-rhdp-europe-mobilisee-pour-ado-en-2025#primaryimage\"},\"image\":{\"@id\":\"https:\/\/www.africa-press.net\/cotedivoire\/politique\/diaspora-rhdp-europe-mobilisee-pour-ado-en-2025#primaryimage\"},\"thumbnailUrl\":\"https:\/\/static.africa-press.net\/cote\/sites\/43\/2025\/10\/sm_1760613465.321984.jpg\",\"datePublished\":\"2025-10-16T14:23:38+00:00\",\"dateModified\":\"2025-10-16T14:48:45+00:00\",\"author\":{\"@id\":\"https:\/\/www.africa-press.net\/cotedivoire\/#\/schema\/person\/2b1cf3cd81a31e3cd26889ca66d677f1\"},\"description\":\"A\u0300 deux semaines de l\u2019e\u0301lection pre\u0301sidentielle en Co\u0302te d\u2019Ivoire, la diaspora ivoirienne en Europe affiche clairement s ...\",\"breadcrumb\":{\"@id\":\"https:\/\/www.africa-press.net\/cotedivoire\/politique\/diaspora-rhdp-europe-mobilisee-pour-ado-en-2025#breadcrumb\"},\"inLanguage\":\"fr-FR\",\"potentialAction\":[{\"@type\":\"ReadAction\",\"target\":[\"https:\/\/www.africa-press.net\/cotedivoire\/politique\/diaspora-rhdp-europe-mobilisee-pour-ado-en-2025\"]}]},{\"@type\":\"ImageObject\",\"inLanguage\":\"fr-FR\",\"@id\":\"https:\/\/www.africa-press.net\/cotedivoire\/politique\/diaspora-rhdp-europe-mobilisee-pour-ado-en-2025#primaryimage\",\"url\":\"https:\/\/static.africa-press.net\/cote\/sites\/43\/2025\/10\/sm_1760613465.321984.jpg\",\"contentUrl\":\"https:\/\/static.africa-press.net\/cote\/sites\/43\/2025\/10\/sm_1760613465.321984.jpg\",\"width\":720,\"height\":414,\"caption\":\"Diaspora RHDP Europe Mobilis\u00e9e Pour ADO en 2025\"},{\"@type\":\"BreadcrumbList\",\"@id\":\"https:\/\/www.africa-press.net\/cotedivoire\/politique\/diaspora-rhdp-europe-mobilisee-pour-ado-en-2025#breadcrumb\",\"itemListElement\":[{\"@type\":\"ListItem\",\"position\":1,\"name\":\"Accueil\",\"item\":\"https:\/\/www.africa-press.net\/cotedivoire\/\"},{\"@type\":\"ListItem\",\"position\":2,\"name\":\"Diaspora RHDP Europe Mobilis\u00e9e Pour ADO en 2025\"}]},{\"@type\":\"WebSite\",\"@id\":\"https:\/\/www.africa-press.net\/cotedivoire\/#website\",\"url\":\"https:\/\/www.africa-press.net\/cotedivoire\/\",\"name\":\"C\u00f4te d&#039;Ivoire\",\"description\":\"Just another Africa News Agency Sites site\",\"potentialAction\":[{\"@type\":\"SearchAction\",\"target\":{\"@type\":\"EntryPoint\",\"urlTemplate\":\"https:\/\/www.africa-press.net\/cotedivoire\/?s={search_term_string}\"},\"query-input\":{\"@type\":\"PropertyValueSpecification\",\"valueRequired\":true,\"valueName\":\"search_term_string\"}}],\"inLanguage\":\"fr-FR\"},{\"@type\":\"Person\",\"@id\":\"https:\/\/www.africa-press.net\/cotedivoire\/#\/schema\/person\/2b1cf3cd81a31e3cd26889ca66d677f1\",\"name\":\"cfeditorfr\"}]}<\/script>\n<!-- \/ Yoast SEO Premium plugin. -->","yoast_head_json":{"title":"Diaspora RHDP Europe Mobilis\u00e9e Pour ADO en 2025 - C\u00f4te d&#039;Ivoire","description":"A\u0300 deux semaines de l\u2019e\u0301lection pre\u0301sidentielle en Co\u0302te d\u2019Ivoire, la diaspora ivoirienne en Europe affiche clairement s ...","robots":{"index":"index","follow":"follow","max-snippet":"max-snippet:-1","max-image-preview":"max-image-preview:large","max-video-preview":"max-video-preview:-1"},"canonical":"https:\/\/www.africa-press.net\/cotedivoire\/politique\/diaspora-rhdp-europe-mobilisee-pour-ado-en-2025","og_locale":"fr_FR","og_type":"article","og_title":"Diaspora RHDP Europe Mobilis\u00e9e Pour ADO en 2025","og_description":"A\u0300 deux semaines de l\u2019e\u0301lection pre\u0301sidentielle en Co\u0302te d\u2019Ivoire, la diaspora ivoirienne en Europe affiche clairement s ...","og_url":"https:\/\/www.africa-press.net\/cotedivoire\/politique\/diaspora-rhdp-europe-mobilisee-pour-ado-en-2025","og_site_name":"C\u00f4te d&#039;Ivoire","article_published_time":"2025-10-16T14:23:38+00:00","article_modified_time":"2025-10-16T14:48:45+00:00","og_image":[{"width":720,"height":414,"url":"https:\/\/static.africa-press.net\/cote\/sites\/43\/2025\/10\/sm_1760613465.321984.jpg","type":"image\/jpeg"}],"author":"cfeditorfr","twitter_card":"summary_large_image","twitter_misc":{"\u00c9crit par":"cfeditorfr","Dur\u00e9e de lecture estim\u00e9e":"3 minutes"},"schema":{"@context":"https:\/\/schema.org","@graph":[{"@type":"Article","@id":"https:\/\/www.africa-press.net\/cotedivoire\/politique\/diaspora-rhdp-europe-mobilisee-pour-ado-en-2025#article","isPartOf":{"@id":"https:\/\/www.africa-press.net\/cotedivoire\/politique\/diaspora-rhdp-europe-mobilisee-pour-ado-en-2025"},"author":{"name":"cfeditorfr","@id":"https:\/\/www.africa-press.net\/cotedivoire\/#\/schema\/person\/2b1cf3cd81a31e3cd26889ca66d677f1"},"headline":"Diaspora RHDP Europe Mobilis\u00e9e Pour ADO en 2025","datePublished":"2025-10-16T14:23:38+00:00","dateModified":"2025-10-16T14:48:45+00:00","mainEntityOfPage":{"@id":"https:\/\/www.africa-press.net\/cotedivoire\/politique\/diaspora-rhdp-europe-mobilisee-pour-ado-en-2025"},"wordCount":592,"commentCount":0,"image":{"@id":"https:\/\/www.africa-press.net\/cotedivoire\/politique\/diaspora-rhdp-europe-mobilisee-pour-ado-en-2025#primaryimage"},"thumbnailUrl":"https:\/\/static.africa-press.net\/cote\/sites\/43\/2025\/10\/sm_1760613465.321984.jpg","keywords":["ADO 2025","Alassane Ouattara","C\u00d4TE D'IVOIRE","CoupKO","DIASPORA","ivoirienne","Milan","mobilisation","RHDP","Vote"],"articleSection":["Politique","Toutes les actualit\u00e9s"],"inLanguage":"fr-FR","potentialAction":[{"@type":"CommentAction","name":"Comment","target":["https:\/\/www.africa-press.net\/cotedivoire\/politique\/diaspora-rhdp-europe-mobilisee-pour-ado-en-2025#respond"]}]},{"@type":"WebPage","@id":"https:\/\/www.africa-press.net\/cotedivoire\/politique\/diaspora-rhdp-europe-mobilisee-pour-ado-en-2025","url":"https:\/\/www.africa-press.net\/cotedivoire\/politique\/diaspora-rhdp-europe-mobilisee-pour-ado-en-2025","name":"Diaspora RHDP Europe Mobilis\u00e9e Pour ADO en 2025 - C\u00f4te d&#039;Ivoire","isPartOf":{"@id":"https:\/\/www.africa-press.net\/cotedivoire\/#website"},"primaryImageOfPage":{"@id":"https:\/\/www.africa-press.net\/cotedivoire\/politique\/diaspora-rhdp-europe-mobilisee-pour-ado-en-2025#primaryimage"},"image":{"@id":"https:\/\/www.africa-press.net\/cotedivoire\/politique\/diaspora-rhdp-europe-mobilisee-pour-ado-en-2025#primaryimage"},"thumbnailUrl":"https:\/\/static.africa-press.net\/cote\/sites\/43\/2025\/10\/sm_1760613465.321984.jpg","datePublished":"2025-10-16T14:23:38+00:00","dateModified":"2025-10-16T14:48:45+00:00","author":{"@id":"https:\/\/www.africa-press.net\/cotedivoire\/#\/schema\/person\/2b1cf3cd81a31e3cd26889ca66d677f1"},"description":"A\u0300 deux semaines de l\u2019e\u0301lection pre\u0301sidentielle en Co\u0302te d\u2019Ivoire, la diaspora ivoirienne en Europe affiche clairement s ...","breadcrumb":{"@id":"https:\/\/www.africa-press.net\/cotedivoire\/politique\/diaspora-rhdp-europe-mobilisee-pour-ado-en-2025#breadcrumb"},"inLanguage":"fr-FR","potentialAction":[{"@type":"ReadAction","target":["https:\/\/www.africa-press.net\/cotedivoire\/politique\/diaspora-rhdp-europe-mobilisee-pour-ado-en-2025"]}]},{"@type":"ImageObject","inLanguage":"fr-FR","@id":"https:\/\/www.africa-press.net\/cotedivoire\/politique\/diaspora-rhdp-europe-mobilisee-pour-ado-en-2025#primaryimage","url":"https:\/\/static.africa-press.net\/cote\/sites\/43\/2025\/10\/sm_1760613465.321984.jpg","contentUrl":"https:\/\/static.africa-press.net\/cote\/sites\/43\/2025\/10\/sm_1760613465.321984.jpg","width":720,"height":414,"caption":"Diaspora RHDP Europe Mobilis\u00e9e Pour ADO en 2025"},{"@type":"BreadcrumbList","@id":"https:\/\/www.africa-press.net\/cotedivoire\/politique\/diaspora-rhdp-europe-mobilisee-pour-ado-en-2025#breadcrumb","itemListElement":[{"@type":"ListItem","position":1,"name":"Accueil","item":"https:\/\/www.africa-press.net\/cotedivoire\/"},{"@type":"ListItem","position":2,"name":"Diaspora RHDP Europe Mobilis\u00e9e Pour ADO en 2025"}]},{"@type":"WebSite","@id":"https:\/\/www.africa-press.net\/cotedivoire\/#website","url":"https:\/\/www.africa-press.net\/cotedivoire\/","name":"C\u00f4te d&#039;Ivoire","description":"Just another Africa News Agency Sites site","potentialAction":[{"@type":"SearchAction","target":{"@type":"EntryPoint","urlTemplate":"https:\/\/www.africa-press.net\/cotedivoire\/?s={search_term_string}"},"query-input":{"@type":"PropertyValueSpecification","valueRequired":true,"valueName":"search_term_string"}}],"inLanguage":"fr-FR"},{"@type":"Person","@id":"https:\/\/www.africa-press.net\/cotedivoire\/#\/schema\/person\/2b1cf3cd81a31e3cd26889ca66d677f1","name":"cfeditorfr"}]}},"_links":{"self":[{"href":"https:\/\/www.africa-press.net\/cotedivoire\/wp-json\/wp\/v2\/posts\/106886","targetHints":{"allow":["GET"]}}],"collection":[{"href":"https:\/\/www.africa-press.net\/cotedivoire\/wp-json\/wp\/v2\/posts"}],"about":[{"href":"https:\/\/www.africa-press.net\/cotedivoire\/wp-json\/wp\/v2\/types\/post"}],"author":[{"embeddable":true,"href":"https:\/\/www.africa-press.net\/cotedivoire\/wp-json\/wp\/v2\/users\/82"}],"replies":[{"embeddable":true,"href":"https:\/\/www.africa-press.net\/cotedivoire\/wp-json\/wp\/v2\/comments?post=106886"}],"version-history":[{"count":0,"href":"https:\/\/www.africa-press.net\/cotedivoire\/wp-json\/wp\/v2\/posts\/106886\/revisions"}],"wp:featuredmedia":[{"embeddable":true,"href":"https:\/\/www.africa-press.net\/cotedivoire\/wp-json\/wp\/v2\/media\/106885"}],"wp:attachment":[{"href":"https:\/\/www.africa-press.net\/cotedivoire\/wp-json\/wp\/v2\/media?parent=106886"}],"wp:term":[{"taxonomy":"category","embeddable":true,"href":"https:\/\/www.africa-press.net\/cotedivoire\/wp-json\/wp\/v2\/categories?post=106886"},{"taxonomy":"post_tag","embeddable":true,"href":"https:\/\/www.africa-press.net\/cotedivoire\/wp-json\/wp\/v2\/tags?post=106886"}],"curies":[{"name":"wp","href":"https:\/\/api.w.org\/{rel}","templated":true}]}}