{"id":106897,"date":"2025-10-16T14:27:38","date_gmt":"2025-10-16T14:27:38","guid":{"rendered":"https:\/\/www.africa-press.net\/cotedivoire\/politique\/amede-kouakou-en-campagne-pour-le-1-coup-ko-dado"},"modified":"2025-10-16T14:52:15","modified_gmt":"2025-10-16T14:52:15","slug":"amede-kouakou-en-campagne-pour-le-1-coup-ko-dado","status":"publish","type":"post","link":"https:\/\/www.africa-press.net\/cotedivoire\/politique\/amede-kouakou-en-campagne-pour-le-1-coup-ko-dado","title":{"rendered":"Am\u00e9d\u00e9 Kouakou En Campagne Pour Le \u00ab 1 Coup KO \u00bb D&rsquo;ADO"},"content":{"rendered":"<p><span style=\"color: #ff6600\"><strong>Africa-Press &#8211; C\u00f4te d&rsquo;Ivoire. <\/strong><\/span>A 9 jours de la Pre\u0301sidentielle du 25 octobre, le ministre Ame\u0301de\u0301 Kouakou, directeur re\u0301gional de campagne du pre\u0301sident Alassane Ouattara pour la re\u0301gion du Lo\u0302h-Djiboua, a effectue\u0301, hier mercredi 15 octobre 2025, une tourne\u0301e de mobilisation dans la sous-pre\u0301fecture de Divo.<\/p>\n<p>De Didoko a\u0300 Hermankono, en passant par Ne\u0301bo, l\u2019homme fort de la re\u0301gion a de\u0301livre\u0301 un message de mobilisation ge\u0301ne\u0301rale pour le \u00ab\u00a0un coup KO\u00a0\u00bb en faveur du chef de l\u2019Etat sortant, garant, selon lui, de la paix et du de\u0301veloppement. Tout au long de cette journe\u0301e de mobilisation, Ame\u0301de\u0301 Kouakou a insiste\u0301 sur l&rsquo;importance de la paix, condition essentielle a\u0300 la poursuite du de\u0301veloppement. \u00ab\u00a0Ce que nous on veut dans le pays, c\u2019est la paix d\u2019abord\u00a0\u00bb, a-t-il martele\u0301 devant les foules venues l\u2019e\u0301couter. Le ministre a de\u0301plore\u0301 les perturbations scolaires lie\u0301es a\u0300 la campagne e\u0301lectorale, appelant les enseignants a\u0300 faire leur travail et les populations a\u0300 pre\u0301server un climat serein.<\/p>\n<p>En tant que relais local de la campagne pre\u0301sidentielle, Ame\u0301de\u0301 Kouakou a mis en avant le bilan impressionnant du pre\u0301sident Alassane Ouattara dans le Lo\u0302h-Djiboua et au niveau national. En effet, plus de 600 nouveaux lyce\u0301es et colle\u0300ges ont e\u0301te\u0301 construits depuis 2011, contre seulement 300 avant son arrive\u0301e au pouvoir, et l&rsquo;extension du re\u0301seau universitaire avec 10 e\u0301tablissements contre 3 auparavant. Des chiffres qui illustrent, selon lui, la priorite\u0301 donne\u0301e a\u0300 l\u2019e\u0301ducation par le pre\u0301sident sortant.<\/p>\n<p>Il a e\u0301galement souligne\u0301 les avance\u0301es en matie\u0300re d\u2019e\u0301lectrification rurale, d\u2019acce\u0300s a\u0300 l\u2019eau potable, de routes et de formation professionnelle. \u00ab\u00a0Le pre\u0301sident travaille pour tous les Ivoiriens, me\u0302me ceux qui n\u2019ont pas fait de longues e\u0301tudes\u00a0\u00bb, a-t-il rappele\u0301 a\u0300 Hermankono.<\/p>\n<p>Une forte adhe\u0301sion populaire<\/p>\n<p>Les e\u0301tapes de la tourne\u0301e ont e\u0301te\u0301 marque\u0301es par une mobilisation massive des populations, traduisant leur soutien au ministre et a\u0300 la politique du pre\u0301sident Ouattara. A Ne\u0301bo, le chef de Ledou, Nougbo Innocent, porte-parole des 18 villages du canton Aboi\u0308ri, a promis un \u00ab\u00a0soutien inde\u0301fectible\u00a0\u00bb au candidat du RHDP. Le 1er vice-gouverneur du District du Go\u0302h-Djiboua, Loh Appolin Kouadio, a quant a\u0300 lui rassure\u0301 que \u00ab\u00a0dans le canton Abohiri, aucun bureau de vote ne sera saccage\u0301\u00a0\u00bb.<\/p>\n<p>A Hermankono, le directeur de\u0301partemental de campagne d&rsquo;Ogoudou Chiepo, Ali Badarah Konate\u0301 a salue\u0301 la mobilisation record et annonce\u0301 un objectif de 80% des suffrages pour le pre\u0301sident sortant, signe d\u2019un enracinement profond dans la re\u0301gion.<\/p>\n<p>\u00ab\u00a0Le 25 octobre, si vous ne sortez pas nombreux pour aller voter, je ne pourrais pas aller demander des choses pour vous\u00a0\u00bb, a interpelle\u0301 Ame\u0301de\u0301 Kouakou, appelant a\u0300 un vote massif pour le pre\u0301sident Ouattara.<\/p>\n<p>Avec cette tourne\u0301e dynamique et un message de rassemblement autour des re\u0301alisations du pre\u0301sident Ouattara, Ame\u0301de\u0301 Kouakou positionne le Lo\u0302h-Djiboua comme un bastion fort du RHDP en vue du scrutin pre\u0301sidentiel.<\/p>\n<p>&#8212;&#8212; SiteManager Gallery Section &#8212;&#8212; (dont remove this line)<\/p>\n<p><strong>Pour plus d&rsquo;informations et d&rsquo;analyses sur la <span style=\"color: #ff6600\">C\u00f4te d&rsquo;Ivoire<\/span>, suivez <span style=\"color: #ff6600\">Africa-Press<\/span><\/strong><\/p>\n","protected":false},"excerpt":{"rendered":"<p>Africa-Press &#8211; C\u00f4te d&rsquo;Ivoire. A 9 jours de la Pre\u0301sidentielle du 25 octobre, le ministre Ame\u0301de\u0301 Kouakou, directeur re\u0301gional de campagne du pre\u0301sident Alassane Ouattara pour la re\u0301gion du Lo\u0302h-Djiboua, a effectue\u0301, hier mercredi 15 octobre 2025, une tourne\u0301e de mobilisation dans la sous-pre\u0301fecture de Divo. De Didoko a\u0300 Hermankono, en passant par Ne\u0301bo, l\u2019homme [&hellip;]<\/p>\n","protected":false},"author":82,"featured_media":106896,"comment_status":"open","ping_status":"closed","sticky":false,"template":"","format":"standard","meta":{"footnotes":""},"categories":[2,10],"tags":[8151,1914,29,2175,5018,1965],"class_list":["post-106897","post","type-post","status-publish","format-standard","has-post-thumbnail","hentry","category-politique","category-toutes-les-actualites","tag-ado","tag-amede-kouakou","tag-cote-divoire","tag-divo","tag-loh-djiboua","tag-presidentielle-cote-divoire-2025"],"yoast_head":"<!-- This site is optimized with the Yoast SEO Premium plugin v26.1 (Yoast SEO v27.0) - https:\/\/yoast.com\/product\/yoast-seo-premium-wordpress\/ -->\n<title>Am\u00e9d\u00e9 Kouakou En Campagne Pour Le \u00ab 1 Coup KO \u00bb D&#039;ADO - C\u00f4te d&#039;Ivoire<\/title>\n<meta name=\"description\" content=\"A 9 jours de la Pre\u0301sidentielle du 25 octobre, le ministre Ame\u0301de\u0301 Kouakou, directeur re\u0301gional de campagne du pre\u0301siden ...\" \/>\n<meta name=\"robots\" content=\"index, follow, max-snippet:-1, max-image-preview:large, max-video-preview:-1\" \/>\n<link rel=\"canonical\" href=\"https:\/\/www.africa-press.net\/cotedivoire\/politique\/amede-kouakou-en-campagne-pour-le-1-coup-ko-dado\" \/>\n<meta property=\"og:locale\" content=\"fr_FR\" \/>\n<meta property=\"og:type\" content=\"article\" \/>\n<meta property=\"og:title\" content=\"Am\u00e9d\u00e9 Kouakou En Campagne Pour Le \u00ab 1 Coup KO \u00bb D&#039;ADO\" \/>\n<meta property=\"og:description\" content=\"A 9 jours de la Pre\u0301sidentielle du 25 octobre, le ministre Ame\u0301de\u0301 Kouakou, directeur re\u0301gional de campagne du pre\u0301siden ...\" \/>\n<meta property=\"og:url\" content=\"https:\/\/www.africa-press.net\/cotedivoire\/politique\/amede-kouakou-en-campagne-pour-le-1-coup-ko-dado\" \/>\n<meta property=\"og:site_name\" content=\"C\u00f4te d&#039;Ivoire\" \/>\n<meta property=\"article:published_time\" content=\"2025-10-16T14:27:38+00:00\" \/>\n<meta property=\"article:modified_time\" content=\"2025-10-16T14:52:15+00:00\" \/>\n<meta property=\"og:image\" content=\"https:\/\/static.africa-press.net\/cote\/sites\/43\/2025\/10\/sm_1760613691.541168.jpg\" \/>\n\t<meta property=\"og:image:width\" content=\"720\" \/>\n\t<meta property=\"og:image:height\" content=\"405\" \/>\n\t<meta property=\"og:image:type\" content=\"image\/jpeg\" \/>\n<meta name=\"author\" content=\"cfeditorfr\" \/>\n<meta name=\"twitter:card\" content=\"summary_large_image\" \/>\n<meta name=\"twitter:label1\" content=\"\u00c9crit par\" \/>\n\t<meta name=\"twitter:data1\" content=\"cfeditorfr\" \/>\n\t<meta name=\"twitter:label2\" content=\"Dur\u00e9e de lecture estim\u00e9e\" \/>\n\t<meta name=\"twitter:data2\" content=\"3 minutes\" \/>\n<script type=\"application\/ld+json\" class=\"yoast-schema-graph\">{\"@context\":\"https:\/\/schema.org\",\"@graph\":[{\"@type\":\"Article\",\"@id\":\"https:\/\/www.africa-press.net\/cotedivoire\/politique\/amede-kouakou-en-campagne-pour-le-1-coup-ko-dado#article\",\"isPartOf\":{\"@id\":\"https:\/\/www.africa-press.net\/cotedivoire\/politique\/amede-kouakou-en-campagne-pour-le-1-coup-ko-dado\"},\"author\":{\"name\":\"cfeditorfr\",\"@id\":\"https:\/\/www.africa-press.net\/cotedivoire\/#\/schema\/person\/2b1cf3cd81a31e3cd26889ca66d677f1\"},\"headline\":\"Am\u00e9d\u00e9 Kouakou En Campagne Pour Le \u00ab 1 Coup KO \u00bb D&rsquo;ADO\",\"datePublished\":\"2025-10-16T14:27:38+00:00\",\"dateModified\":\"2025-10-16T14:52:15+00:00\",\"mainEntityOfPage\":{\"@id\":\"https:\/\/www.africa-press.net\/cotedivoire\/politique\/amede-kouakou-en-campagne-pour-le-1-coup-ko-dado\"},\"wordCount\":560,\"commentCount\":0,\"image\":{\"@id\":\"https:\/\/www.africa-press.net\/cotedivoire\/politique\/amede-kouakou-en-campagne-pour-le-1-coup-ko-dado#primaryimage\"},\"thumbnailUrl\":\"https:\/\/static.africa-press.net\/cote\/sites\/43\/2025\/10\/sm_1760613691.541168.jpg\",\"keywords\":[\"ADO\",\"Am\u00e9d\u00e9 Kouakou\",\"C\u00d4TE D'IVOIRE\",\"Divo\",\"L\u00f4h-Djiboua\",\"Pr\u00e9sidentielle C\u00f4te d'Ivoire 2025\"],\"articleSection\":[\"Politique\",\"Toutes les actualit\u00e9s\"],\"inLanguage\":\"fr-FR\",\"potentialAction\":[{\"@type\":\"CommentAction\",\"name\":\"Comment\",\"target\":[\"https:\/\/www.africa-press.net\/cotedivoire\/politique\/amede-kouakou-en-campagne-pour-le-1-coup-ko-dado#respond\"]}]},{\"@type\":\"WebPage\",\"@id\":\"https:\/\/www.africa-press.net\/cotedivoire\/politique\/amede-kouakou-en-campagne-pour-le-1-coup-ko-dado\",\"url\":\"https:\/\/www.africa-press.net\/cotedivoire\/politique\/amede-kouakou-en-campagne-pour-le-1-coup-ko-dado\",\"name\":\"Am\u00e9d\u00e9 Kouakou En Campagne Pour Le \u00ab 1 Coup KO \u00bb D'ADO - C\u00f4te d&#039;Ivoire\",\"isPartOf\":{\"@id\":\"https:\/\/www.africa-press.net\/cotedivoire\/#website\"},\"primaryImageOfPage\":{\"@id\":\"https:\/\/www.africa-press.net\/cotedivoire\/politique\/amede-kouakou-en-campagne-pour-le-1-coup-ko-dado#primaryimage\"},\"image\":{\"@id\":\"https:\/\/www.africa-press.net\/cotedivoire\/politique\/amede-kouakou-en-campagne-pour-le-1-coup-ko-dado#primaryimage\"},\"thumbnailUrl\":\"https:\/\/static.africa-press.net\/cote\/sites\/43\/2025\/10\/sm_1760613691.541168.jpg\",\"datePublished\":\"2025-10-16T14:27:38+00:00\",\"dateModified\":\"2025-10-16T14:52:15+00:00\",\"author\":{\"@id\":\"https:\/\/www.africa-press.net\/cotedivoire\/#\/schema\/person\/2b1cf3cd81a31e3cd26889ca66d677f1\"},\"description\":\"A 9 jours de la Pre\u0301sidentielle du 25 octobre, le ministre Ame\u0301de\u0301 Kouakou, directeur re\u0301gional de campagne du pre\u0301siden ...\",\"breadcrumb\":{\"@id\":\"https:\/\/www.africa-press.net\/cotedivoire\/politique\/amede-kouakou-en-campagne-pour-le-1-coup-ko-dado#breadcrumb\"},\"inLanguage\":\"fr-FR\",\"potentialAction\":[{\"@type\":\"ReadAction\",\"target\":[\"https:\/\/www.africa-press.net\/cotedivoire\/politique\/amede-kouakou-en-campagne-pour-le-1-coup-ko-dado\"]}]},{\"@type\":\"ImageObject\",\"inLanguage\":\"fr-FR\",\"@id\":\"https:\/\/www.africa-press.net\/cotedivoire\/politique\/amede-kouakou-en-campagne-pour-le-1-coup-ko-dado#primaryimage\",\"url\":\"https:\/\/static.africa-press.net\/cote\/sites\/43\/2025\/10\/sm_1760613691.541168.jpg\",\"contentUrl\":\"https:\/\/static.africa-press.net\/cote\/sites\/43\/2025\/10\/sm_1760613691.541168.jpg\",\"width\":720,\"height\":405,\"caption\":\"Am\u00e9d\u00e9 Kouakou En Campagne Pour Le \u00ab 1 Coup KO \u00bb D'ADO\"},{\"@type\":\"BreadcrumbList\",\"@id\":\"https:\/\/www.africa-press.net\/cotedivoire\/politique\/amede-kouakou-en-campagne-pour-le-1-coup-ko-dado#breadcrumb\",\"itemListElement\":[{\"@type\":\"ListItem\",\"position\":1,\"name\":\"Accueil\",\"item\":\"https:\/\/www.africa-press.net\/cotedivoire\/\"},{\"@type\":\"ListItem\",\"position\":2,\"name\":\"Am\u00e9d\u00e9 Kouakou En Campagne Pour Le \u00ab 1 Coup KO \u00bb D&#8217;ADO\"}]},{\"@type\":\"WebSite\",\"@id\":\"https:\/\/www.africa-press.net\/cotedivoire\/#website\",\"url\":\"https:\/\/www.africa-press.net\/cotedivoire\/\",\"name\":\"C\u00f4te d&#039;Ivoire\",\"description\":\"Just another Africa News Agency Sites site\",\"potentialAction\":[{\"@type\":\"SearchAction\",\"target\":{\"@type\":\"EntryPoint\",\"urlTemplate\":\"https:\/\/www.africa-press.net\/cotedivoire\/?s={search_term_string}\"},\"query-input\":{\"@type\":\"PropertyValueSpecification\",\"valueRequired\":true,\"valueName\":\"search_term_string\"}}],\"inLanguage\":\"fr-FR\"},{\"@type\":\"Person\",\"@id\":\"https:\/\/www.africa-press.net\/cotedivoire\/#\/schema\/person\/2b1cf3cd81a31e3cd26889ca66d677f1\",\"name\":\"cfeditorfr\"}]}<\/script>\n<!-- \/ Yoast SEO Premium plugin. -->","yoast_head_json":{"title":"Am\u00e9d\u00e9 Kouakou En Campagne Pour Le \u00ab 1 Coup KO \u00bb D'ADO - C\u00f4te d&#039;Ivoire","description":"A 9 jours de la Pre\u0301sidentielle du 25 octobre, le ministre Ame\u0301de\u0301 Kouakou, directeur re\u0301gional de campagne du pre\u0301siden ...","robots":{"index":"index","follow":"follow","max-snippet":"max-snippet:-1","max-image-preview":"max-image-preview:large","max-video-preview":"max-video-preview:-1"},"canonical":"https:\/\/www.africa-press.net\/cotedivoire\/politique\/amede-kouakou-en-campagne-pour-le-1-coup-ko-dado","og_locale":"fr_FR","og_type":"article","og_title":"Am\u00e9d\u00e9 Kouakou En Campagne Pour Le \u00ab 1 Coup KO \u00bb D'ADO","og_description":"A 9 jours de la Pre\u0301sidentielle du 25 octobre, le ministre Ame\u0301de\u0301 Kouakou, directeur re\u0301gional de campagne du pre\u0301siden ...","og_url":"https:\/\/www.africa-press.net\/cotedivoire\/politique\/amede-kouakou-en-campagne-pour-le-1-coup-ko-dado","og_site_name":"C\u00f4te d&#039;Ivoire","article_published_time":"2025-10-16T14:27:38+00:00","article_modified_time":"2025-10-16T14:52:15+00:00","og_image":[{"width":720,"height":405,"url":"https:\/\/static.africa-press.net\/cote\/sites\/43\/2025\/10\/sm_1760613691.541168.jpg","type":"image\/jpeg"}],"author":"cfeditorfr","twitter_card":"summary_large_image","twitter_misc":{"\u00c9crit par":"cfeditorfr","Dur\u00e9e de lecture estim\u00e9e":"3 minutes"},"schema":{"@context":"https:\/\/schema.org","@graph":[{"@type":"Article","@id":"https:\/\/www.africa-press.net\/cotedivoire\/politique\/amede-kouakou-en-campagne-pour-le-1-coup-ko-dado#article","isPartOf":{"@id":"https:\/\/www.africa-press.net\/cotedivoire\/politique\/amede-kouakou-en-campagne-pour-le-1-coup-ko-dado"},"author":{"name":"cfeditorfr","@id":"https:\/\/www.africa-press.net\/cotedivoire\/#\/schema\/person\/2b1cf3cd81a31e3cd26889ca66d677f1"},"headline":"Am\u00e9d\u00e9 Kouakou En Campagne Pour Le \u00ab 1 Coup KO \u00bb D&rsquo;ADO","datePublished":"2025-10-16T14:27:38+00:00","dateModified":"2025-10-16T14:52:15+00:00","mainEntityOfPage":{"@id":"https:\/\/www.africa-press.net\/cotedivoire\/politique\/amede-kouakou-en-campagne-pour-le-1-coup-ko-dado"},"wordCount":560,"commentCount":0,"image":{"@id":"https:\/\/www.africa-press.net\/cotedivoire\/politique\/amede-kouakou-en-campagne-pour-le-1-coup-ko-dado#primaryimage"},"thumbnailUrl":"https:\/\/static.africa-press.net\/cote\/sites\/43\/2025\/10\/sm_1760613691.541168.jpg","keywords":["ADO","Am\u00e9d\u00e9 Kouakou","C\u00d4TE D'IVOIRE","Divo","L\u00f4h-Djiboua","Pr\u00e9sidentielle C\u00f4te d'Ivoire 2025"],"articleSection":["Politique","Toutes les actualit\u00e9s"],"inLanguage":"fr-FR","potentialAction":[{"@type":"CommentAction","name":"Comment","target":["https:\/\/www.africa-press.net\/cotedivoire\/politique\/amede-kouakou-en-campagne-pour-le-1-coup-ko-dado#respond"]}]},{"@type":"WebPage","@id":"https:\/\/www.africa-press.net\/cotedivoire\/politique\/amede-kouakou-en-campagne-pour-le-1-coup-ko-dado","url":"https:\/\/www.africa-press.net\/cotedivoire\/politique\/amede-kouakou-en-campagne-pour-le-1-coup-ko-dado","name":"Am\u00e9d\u00e9 Kouakou En Campagne Pour Le \u00ab 1 Coup KO \u00bb D'ADO - C\u00f4te d&#039;Ivoire","isPartOf":{"@id":"https:\/\/www.africa-press.net\/cotedivoire\/#website"},"primaryImageOfPage":{"@id":"https:\/\/www.africa-press.net\/cotedivoire\/politique\/amede-kouakou-en-campagne-pour-le-1-coup-ko-dado#primaryimage"},"image":{"@id":"https:\/\/www.africa-press.net\/cotedivoire\/politique\/amede-kouakou-en-campagne-pour-le-1-coup-ko-dado#primaryimage"},"thumbnailUrl":"https:\/\/static.africa-press.net\/cote\/sites\/43\/2025\/10\/sm_1760613691.541168.jpg","datePublished":"2025-10-16T14:27:38+00:00","dateModified":"2025-10-16T14:52:15+00:00","author":{"@id":"https:\/\/www.africa-press.net\/cotedivoire\/#\/schema\/person\/2b1cf3cd81a31e3cd26889ca66d677f1"},"description":"A 9 jours de la Pre\u0301sidentielle du 25 octobre, le ministre Ame\u0301de\u0301 Kouakou, directeur re\u0301gional de campagne du pre\u0301siden ...","breadcrumb":{"@id":"https:\/\/www.africa-press.net\/cotedivoire\/politique\/amede-kouakou-en-campagne-pour-le-1-coup-ko-dado#breadcrumb"},"inLanguage":"fr-FR","potentialAction":[{"@type":"ReadAction","target":["https:\/\/www.africa-press.net\/cotedivoire\/politique\/amede-kouakou-en-campagne-pour-le-1-coup-ko-dado"]}]},{"@type":"ImageObject","inLanguage":"fr-FR","@id":"https:\/\/www.africa-press.net\/cotedivoire\/politique\/amede-kouakou-en-campagne-pour-le-1-coup-ko-dado#primaryimage","url":"https:\/\/static.africa-press.net\/cote\/sites\/43\/2025\/10\/sm_1760613691.541168.jpg","contentUrl":"https:\/\/static.africa-press.net\/cote\/sites\/43\/2025\/10\/sm_1760613691.541168.jpg","width":720,"height":405,"caption":"Am\u00e9d\u00e9 Kouakou En Campagne Pour Le \u00ab 1 Coup KO \u00bb D'ADO"},{"@type":"BreadcrumbList","@id":"https:\/\/www.africa-press.net\/cotedivoire\/politique\/amede-kouakou-en-campagne-pour-le-1-coup-ko-dado#breadcrumb","itemListElement":[{"@type":"ListItem","position":1,"name":"Accueil","item":"https:\/\/www.africa-press.net\/cotedivoire\/"},{"@type":"ListItem","position":2,"name":"Am\u00e9d\u00e9 Kouakou En Campagne Pour Le \u00ab 1 Coup KO \u00bb D&#8217;ADO"}]},{"@type":"WebSite","@id":"https:\/\/www.africa-press.net\/cotedivoire\/#website","url":"https:\/\/www.africa-press.net\/cotedivoire\/","name":"C\u00f4te d&#039;Ivoire","description":"Just another Africa News Agency Sites site","potentialAction":[{"@type":"SearchAction","target":{"@type":"EntryPoint","urlTemplate":"https:\/\/www.africa-press.net\/cotedivoire\/?s={search_term_string}"},"query-input":{"@type":"PropertyValueSpecification","valueRequired":true,"valueName":"search_term_string"}}],"inLanguage":"fr-FR"},{"@type":"Person","@id":"https:\/\/www.africa-press.net\/cotedivoire\/#\/schema\/person\/2b1cf3cd81a31e3cd26889ca66d677f1","name":"cfeditorfr"}]}},"_links":{"self":[{"href":"https:\/\/www.africa-press.net\/cotedivoire\/wp-json\/wp\/v2\/posts\/106897","targetHints":{"allow":["GET"]}}],"collection":[{"href":"https:\/\/www.africa-press.net\/cotedivoire\/wp-json\/wp\/v2\/posts"}],"about":[{"href":"https:\/\/www.africa-press.net\/cotedivoire\/wp-json\/wp\/v2\/types\/post"}],"author":[{"embeddable":true,"href":"https:\/\/www.africa-press.net\/cotedivoire\/wp-json\/wp\/v2\/users\/82"}],"replies":[{"embeddable":true,"href":"https:\/\/www.africa-press.net\/cotedivoire\/wp-json\/wp\/v2\/comments?post=106897"}],"version-history":[{"count":0,"href":"https:\/\/www.africa-press.net\/cotedivoire\/wp-json\/wp\/v2\/posts\/106897\/revisions"}],"wp:featuredmedia":[{"embeddable":true,"href":"https:\/\/www.africa-press.net\/cotedivoire\/wp-json\/wp\/v2\/media\/106896"}],"wp:attachment":[{"href":"https:\/\/www.africa-press.net\/cotedivoire\/wp-json\/wp\/v2\/media?parent=106897"}],"wp:term":[{"taxonomy":"category","embeddable":true,"href":"https:\/\/www.africa-press.net\/cotedivoire\/wp-json\/wp\/v2\/categories?post=106897"},{"taxonomy":"post_tag","embeddable":true,"href":"https:\/\/www.africa-press.net\/cotedivoire\/wp-json\/wp\/v2\/tags?post=106897"}],"curies":[{"name":"wp","href":"https:\/\/api.w.org\/{rel}","templated":true}]}}