{"id":10690,"date":"2021-07-31T12:53:13","date_gmt":"2021-07-31T12:53:13","guid":{"rendered":"https:\/\/www.africa-press.net\/cotedivoire\/?p=10690"},"modified":"2021-07-31T19:07:48","modified_gmt":"2021-07-31T19:07:48","slug":"dans-le-nord-de-la-cote-divoire-contre-la-pauvrete-et-le-terrorisme-on-investit-dans-lecole","status":"publish","type":"post","link":"https:\/\/www.africa-press.net\/cotedivoire\/dossiers\/dans-le-nord-de-la-cote-divoire-contre-la-pauvrete-et-le-terrorisme-on-investit-dans-lecole","title":{"rendered":"Dans le nord de la C\u00f4te d&rsquo;Ivoire, contre la pauvret\u00e9 et le terrorisme \u00abon investit dans l&rsquo;\u00e9cole\u00bb"},"content":{"rendered":"<p><span style=\"color: #ff6600\"><strong><a href=\"https:\/\/www.africa-press.net\/\">Africa-Press<\/a> &#8211; <a href=\"https:\/\/www.africa-press.net\/cotedivoire\">C\u00f4te d&rsquo;Ivoire<\/a>. <\/strong><\/span>Tandis que la menace djihadiste tend \u00e0 s\u2019enraciner en C\u00f4te d\u2019Ivoire, en particulier dans le nord qui compte les r\u00e9gions les plus touch\u00e9es par l\u2019extr\u00eame pauvret\u00e9, l\u2019\u00e9ducation demeure assur\u00e9ment l\u2019une des meilleures options dont dispose le pays pour faire face \u00e0 la situation. Si le chantier reste vaste, sur le terrain, la volont\u00e9 existe.<\/p>\n<p>Depuis les villages environnants jusqu&rsquo;\u00e0 l&rsquo;\u00e9cole primaire publique Sodefel, perdue quelque part dans le nord de la C\u00f4te d&rsquo;Ivoire, il faut parcourir un peu plus de cinq kilom\u00e8tres en moyenne. Un trajet qu\u2019effectuent ordinairement par tout temps \u00e0 pied la quasi-totalit\u00e9 des 233 \u00e9l\u00e8ves de l\u2019\u00e9tablissement, chauss\u00e9s pour la plupart de sandales et v\u00eatus d\u2019uniformes scolaires r\u00e9sistant, cahin-caha, \u00e0 l&rsquo;\u00e9preuve du temps.<\/p>\n<p>Pourtant, c\u2019est le c\u0153ur l\u00e9ger et avec un enthousiasme sans cesse renouvel\u00e9 que ces enfants de tout \u00e2ge (cinq \u00e0 15 ans pour les plus vieux) ont arpent\u00e9 la poussi\u00e9reuse piste villageoise qui les m\u00e8ne \u00e0 leur \u00e9cole. Et pour cause, aucun d&rsquo;entre eux ne voulait se faire raconter la passionnante aventure qui avait cours en cette ann\u00e9e scolaire 2020-2021. De m\u00e9moire d&rsquo;enseignant, jamais le taux d&rsquo;absent\u00e9isme n&rsquo;aura \u00e9t\u00e9 aussi faible qu&rsquo;en cette ann\u00e9e.<\/p>\n<p><b>Un programme ludique et stimulant<\/b><\/p>\n<p>C\u2019est \u00e0 l\u2019initiative de Cap Sikan, l\u2019un des principaux employeurs agricoles de la r\u00e9gion du Tchologo, \u00e0 600 kilom\u00e8tres au nord d\u2019Abidjan, qu\u2019un programme innovant a \u00e9t\u00e9 men\u00e9 tout au long de l\u2019ann\u00e9e scolaire 2020-2021 \u00e0 l\u2019\u00e9cole Sodefel.<\/p>\n<p>\u00c9labor\u00e9 par la Maison Papyrus, une structure ivoirienne sp\u00e9cialis\u00e9e dans le renforcement des besoins \u00e9ducatifs, il a la particularit\u00e9 de dispenser des connaissances dans des domaines peu ou pas exploit\u00e9s par le syst\u00e8me \u00e9ducatif national.<\/p>\n<p>Dans le cadre de ce programme, les \u00e9l\u00e8ves ont pr\u00e9alablement \u00e9t\u00e9 soumis, selon leur niveau (cours pr\u00e9paratoire, cours \u00e9l\u00e9mentaire, cours moyen) \u00e0 un test, portant sur des \u00e9preuves de fran\u00e7ais et de math\u00e9matiques, en lien avec le programme national.<\/p>\n<p>Les conclusions de ces tests ont permis d\u2019orienter ces derniers vers l\u2019un des six ateliers disponibles \u00e0 savoir: codage, algorithmes, cr\u00e9ation litt\u00e9raire, poterie, photographie, cr\u00e9ation de motifs. Et les r\u00e9sultats ne se sont pas fait attendre.<\/p>\n<p>En effet, au fil des jours, semaines, mois, les enfants timor\u00e9s, introvertis, au langage h\u00e9sitant, ont vite laiss\u00e9 la place \u00e0 des apprenants d\u00e9gourdis, plus s\u00fbrs d&rsquo;eux et prompts \u00e0 prendre la parole.<\/p>\n<p>En les incitant \u00e0 faire des choses qu\u2019ils n\u2019avaient pas l\u2019habitude de faire, le programme a fait sortir ces \u00e9l\u00e8ves de leur zone de confort, et chemin faisant a permis d\u2019\u00e9veiller et d\u2019am\u00e9liorer leur cr\u00e9ativit\u00e9.<\/p>\n<p>La joie de manipuler pour la premi\u00e8re fois un appareil photo num\u00e9rique, la fiert\u00e9 d&rsquo;avoir r\u00e9alis\u00e9 son premier pot, aussi informe soit-il, leur a permis de d\u00e9velopper \u00e0 travers ces activit\u00e9s qui a leurs yeux n&rsquo;\u00e9taient que des jeux, des comp\u00e9tences sociales et techniques qui pourraient leur \u00eatre utiles toute leur vie.<\/p>\n<p><b>\u00abSp\u00e9cialement pens\u00e9 pour ces \u00e9l\u00e8ves, ce programme a \u00e9t\u00e9 con\u00e7u par des enseignants et assur\u00e9 par des animateurs qui ont tous suivi une formation afin que les objectifs d\u2019apprentissage soient atteints. Nous avons adapt\u00e9 les contenus pour les rendre assimilables. Par exemple, en expression artistique, les \u00e9l\u00e8ves ont suivi des cours avec les poti\u00e8res de la r\u00e9gion (r\u00e9put\u00e9es pour leur savoir-faire). Je pense que ce facteur d\u2019ancrage et de coh\u00e9rence culturelle a particip\u00e9 \u00e0 la r\u00e9ussite du programme. Nous avons pu observer tout du long une baisse de l\u2019absent\u00e9isme, un \u00e9veil de la cr\u00e9ativit\u00e9, une am\u00e9lioration de la prise de parole et de la confiance en soi, ainsi qu\u2019une am\u00e9lioration des r\u00e9sultats en math\u00e9matiques et en fran\u00e7ais\u00bb, s\u2019est r\u00e9jouie au micro de Sputnik Assia Barry, fondatrice de la Maison Papyrus.<\/b><\/p>\n<p>En d\u00e9finitive, ce programme \u00e9ducatif a constitu\u00e9 une occasion unique et inesp\u00e9r\u00e9e pour ces 233 \u00e9l\u00e8ves issus de familles \u00e0 revenus tr\u00e8s faibles, dont les r\u00e9sultats scolaires ont \u00e9t\u00e9 sensiblement am\u00e9lior\u00e9s.<\/p>\n<p><b>\u00ab\u00c9duquer\u00bb le nord, un enjeu crucial<\/b><\/p>\n<p>En 2015, le seuil de pauvret\u00e9 en C\u00f4te d\u2019Ivoire se situait \u00e0 737 francs CFA (1,12 euro). Ainsi, selon l\u2019Institut national de la statistique (INS), est consid\u00e9r\u00e9 comme pauvre celui qui a une d\u00e9pense de consommation inf\u00e9rieure \u00e0 737 francs CFA par jour, soit 269.075 francs CFA (410 euros) par an.<\/p>\n<p>Ce sont les r\u00e9gions du nord, frontali\u00e8res du Mali et du Burkina Faso, qu\u2019on retrouve au rang des plus d\u00e9munies. Le Tchologo est d\u2019ailleurs la cinqui\u00e8me r\u00e9gion ivoirienne la plus pauvre, selon l\u2019INS.<\/p>\n<p>Et comme pour l\u2019attester, cela se ressent justement sur l\u2019\u00e9cole Sodefel. En effet, compos\u00e9 de deux b\u00e2timents de trois classes chacun qui se font face, l\u2019\u00e9tablissement ne dispose ni d\u2019\u00e9lectricit\u00e9, ni d\u2019eau courante. Juste une pompe villageoise qui n\u00e9cessite de faire parler ses muscles pour m\u00e9riter son pr\u00e9cieux nectar.<\/p>\n<p>Tandis que la menace djihadiste tend insidieusement \u00e0 s\u2019enraciner dans cette partie de la C\u00f4te d\u2019Ivoire, touch\u00e9e plus que nulle autre par l\u2019extr\u00eame pauvret\u00e9, l\u2019\u00e9ducation demeure assur\u00e9ment l\u2019une des meilleures options dont dispose le pays pour faire face \u00e0 la situation.<\/p>\n<p>Comme l&rsquo;affirment r\u00e9guli\u00e8rement les organismes onusiens et de d\u00e9veloppement, elle est la meilleure arme pour lutter contre la pauvret\u00e9 et l&rsquo;extr\u00e9misme sous toutes ses formes.<\/p>\n<p><b>\u00abInvestir dans l\u2019\u00e9cole, c\u2019est lui redonner une place au c\u0153ur des communaut\u00e9s et les rendre ainsi plus fortes et moins perm\u00e9ables aux menaces ext\u00e9rieures\u00bb, a conclu Assia Barry.<\/b><\/p>\n","protected":false},"excerpt":{"rendered":"<p>Africa-Press &#8211; C\u00f4te d&rsquo;Ivoire. Tandis que la menace djihadiste tend \u00e0 s\u2019enraciner en C\u00f4te d\u2019Ivoire, en particulier dans le nord qui compte les r\u00e9gions les plus touch\u00e9es par l\u2019extr\u00eame pauvret\u00e9, l\u2019\u00e9ducation demeure assur\u00e9ment l\u2019une des meilleures options dont dispose le pays pour faire face \u00e0 la situation. Si le chantier reste vaste, sur le terrain, [&hellip;]<\/p>\n","protected":false},"author":82,"featured_media":10689,"comment_status":"open","ping_status":"closed","sticky":false,"template":"","format":"standard","meta":{"footnotes":""},"categories":[7,11,20,10],"tags":[56,63,29],"class_list":["post-10690","post","type-post","status-publish","format-standard","has-post-thumbnail","hentry","category-dossiers","category-homepage-french","category-top-nouvelles","category-toutes-les-actualites","tag-africa-press","tag-africa-press-cote-divoire","tag-cote-divoire"],"yoast_head":"<!-- This site is optimized with the Yoast SEO Premium plugin v26.1 (Yoast SEO v27.0) - https:\/\/yoast.com\/product\/yoast-seo-premium-wordpress\/ -->\n<title>Dans le nord de la C\u00f4te d&#039;Ivoire, contre la pauvret\u00e9 et le terrorisme \u00abon investit dans l&#039;\u00e9cole\u00bb - C\u00f4te d&#039;Ivoire<\/title>\n<meta name=\"description\" content=\"Tandis que la menace djihadiste tend \u00e0 s\u2019enraciner en C\u00f4te d\u2019Ivoire, en particulier dans le nord qui compte les r\u00e9gions ...\" \/>\n<meta name=\"robots\" content=\"index, follow, max-snippet:-1, max-image-preview:large, max-video-preview:-1\" \/>\n<link rel=\"canonical\" href=\"https:\/\/www.africa-press.net\/cotedivoire\/dossiers\/dans-le-nord-de-la-cote-divoire-contre-la-pauvrete-et-le-terrorisme-on-investit-dans-lecole\" \/>\n<meta property=\"og:locale\" content=\"fr_FR\" \/>\n<meta property=\"og:type\" content=\"article\" \/>\n<meta property=\"og:title\" content=\"Dans le nord de la C\u00f4te d&#039;Ivoire, contre la pauvret\u00e9 et le terrorisme \u00abon investit dans l&#039;\u00e9cole\u00bb\" \/>\n<meta property=\"og:description\" content=\"Tandis que la menace djihadiste tend \u00e0 s\u2019enraciner en C\u00f4te d\u2019Ivoire, en particulier dans le nord qui compte les r\u00e9gions ...\" \/>\n<meta property=\"og:url\" content=\"https:\/\/www.africa-press.net\/cotedivoire\/dossiers\/dans-le-nord-de-la-cote-divoire-contre-la-pauvrete-et-le-terrorisme-on-investit-dans-lecole\" \/>\n<meta property=\"og:site_name\" content=\"C\u00f4te d&#039;Ivoire\" \/>\n<meta property=\"article:published_time\" content=\"2021-07-31T12:53:13+00:00\" \/>\n<meta property=\"article:modified_time\" content=\"2021-07-31T19:07:48+00:00\" \/>\n<meta property=\"og:image\" content=\"https:\/\/static.africa-press.net\/cote\/sites\/43\/2021\/07\/img-610546f9b2411.jpg\" \/>\n\t<meta property=\"og:image:width\" content=\"720\" \/>\n\t<meta property=\"og:image:height\" content=\"382\" \/>\n\t<meta property=\"og:image:type\" content=\"image\/jpeg\" \/>\n<meta name=\"author\" content=\"cfeditorfr\" \/>\n<meta name=\"twitter:card\" content=\"summary_large_image\" \/>\n<meta name=\"twitter:label1\" content=\"\u00c9crit par\" \/>\n\t<meta name=\"twitter:data1\" content=\"cfeditorfr\" \/>\n\t<meta name=\"twitter:label2\" content=\"Dur\u00e9e de lecture estim\u00e9e\" \/>\n\t<meta name=\"twitter:data2\" content=\"5 minutes\" \/>\n<script type=\"application\/ld+json\" class=\"yoast-schema-graph\">{\"@context\":\"https:\/\/schema.org\",\"@graph\":[{\"@type\":\"Article\",\"@id\":\"https:\/\/www.africa-press.net\/cotedivoire\/dossiers\/dans-le-nord-de-la-cote-divoire-contre-la-pauvrete-et-le-terrorisme-on-investit-dans-lecole#article\",\"isPartOf\":{\"@id\":\"https:\/\/www.africa-press.net\/cotedivoire\/dossiers\/dans-le-nord-de-la-cote-divoire-contre-la-pauvrete-et-le-terrorisme-on-investit-dans-lecole\"},\"author\":{\"name\":\"cfeditorfr\",\"@id\":\"https:\/\/www.africa-press.net\/cotedivoire\/#\/schema\/person\/2b1cf3cd81a31e3cd26889ca66d677f1\"},\"headline\":\"Dans le nord de la C\u00f4te d&rsquo;Ivoire, contre la pauvret\u00e9 et le terrorisme \u00abon investit dans l&rsquo;\u00e9cole\u00bb\",\"datePublished\":\"2021-07-31T12:53:13+00:00\",\"dateModified\":\"2021-07-31T19:07:48+00:00\",\"mainEntityOfPage\":{\"@id\":\"https:\/\/www.africa-press.net\/cotedivoire\/dossiers\/dans-le-nord-de-la-cote-divoire-contre-la-pauvrete-et-le-terrorisme-on-investit-dans-lecole\"},\"wordCount\":1010,\"commentCount\":0,\"image\":{\"@id\":\"https:\/\/www.africa-press.net\/cotedivoire\/dossiers\/dans-le-nord-de-la-cote-divoire-contre-la-pauvrete-et-le-terrorisme-on-investit-dans-lecole#primaryimage\"},\"thumbnailUrl\":\"https:\/\/static.africa-press.net\/cote\/sites\/43\/2021\/07\/img-610546f9b2411.jpg\",\"keywords\":[\"Africa Press\",\"Africa Press-C\u00f4te d'Ivoire\",\"C\u00d4TE D'IVOIRE\"],\"articleSection\":[\"Dossiers\",\"homepage-french\",\"Top Nouvelles\",\"Toutes les actualit\u00e9s\"],\"inLanguage\":\"fr-FR\",\"potentialAction\":[{\"@type\":\"CommentAction\",\"name\":\"Comment\",\"target\":[\"https:\/\/www.africa-press.net\/cotedivoire\/dossiers\/dans-le-nord-de-la-cote-divoire-contre-la-pauvrete-et-le-terrorisme-on-investit-dans-lecole#respond\"]}]},{\"@type\":\"WebPage\",\"@id\":\"https:\/\/www.africa-press.net\/cotedivoire\/dossiers\/dans-le-nord-de-la-cote-divoire-contre-la-pauvrete-et-le-terrorisme-on-investit-dans-lecole\",\"url\":\"https:\/\/www.africa-press.net\/cotedivoire\/dossiers\/dans-le-nord-de-la-cote-divoire-contre-la-pauvrete-et-le-terrorisme-on-investit-dans-lecole\",\"name\":\"Dans le nord de la C\u00f4te d'Ivoire, contre la pauvret\u00e9 et le terrorisme \u00abon investit dans l'\u00e9cole\u00bb - C\u00f4te d&#039;Ivoire\",\"isPartOf\":{\"@id\":\"https:\/\/www.africa-press.net\/cotedivoire\/#website\"},\"primaryImageOfPage\":{\"@id\":\"https:\/\/www.africa-press.net\/cotedivoire\/dossiers\/dans-le-nord-de-la-cote-divoire-contre-la-pauvrete-et-le-terrorisme-on-investit-dans-lecole#primaryimage\"},\"image\":{\"@id\":\"https:\/\/www.africa-press.net\/cotedivoire\/dossiers\/dans-le-nord-de-la-cote-divoire-contre-la-pauvrete-et-le-terrorisme-on-investit-dans-lecole#primaryimage\"},\"thumbnailUrl\":\"https:\/\/static.africa-press.net\/cote\/sites\/43\/2021\/07\/img-610546f9b2411.jpg\",\"datePublished\":\"2021-07-31T12:53:13+00:00\",\"dateModified\":\"2021-07-31T19:07:48+00:00\",\"author\":{\"@id\":\"https:\/\/www.africa-press.net\/cotedivoire\/#\/schema\/person\/2b1cf3cd81a31e3cd26889ca66d677f1\"},\"description\":\"Tandis que la menace djihadiste tend \u00e0 s\u2019enraciner en C\u00f4te d\u2019Ivoire, en particulier dans le nord qui compte les r\u00e9gions ...\",\"breadcrumb\":{\"@id\":\"https:\/\/www.africa-press.net\/cotedivoire\/dossiers\/dans-le-nord-de-la-cote-divoire-contre-la-pauvrete-et-le-terrorisme-on-investit-dans-lecole#breadcrumb\"},\"inLanguage\":\"fr-FR\",\"potentialAction\":[{\"@type\":\"ReadAction\",\"target\":[\"https:\/\/www.africa-press.net\/cotedivoire\/dossiers\/dans-le-nord-de-la-cote-divoire-contre-la-pauvrete-et-le-terrorisme-on-investit-dans-lecole\"]}]},{\"@type\":\"ImageObject\",\"inLanguage\":\"fr-FR\",\"@id\":\"https:\/\/www.africa-press.net\/cotedivoire\/dossiers\/dans-le-nord-de-la-cote-divoire-contre-la-pauvrete-et-le-terrorisme-on-investit-dans-lecole#primaryimage\",\"url\":\"https:\/\/static.africa-press.net\/cote\/sites\/43\/2021\/07\/img-610546f9b2411.jpg\",\"contentUrl\":\"https:\/\/static.africa-press.net\/cote\/sites\/43\/2021\/07\/img-610546f9b2411.jpg\",\"width\":720,\"height\":382,\"caption\":\"Dans le nord de la C\u00f4te d'Ivoire, contre la pauvret\u00e9 et le terrorisme \u00abon investit dans l'\u00e9cole\u00bb\"},{\"@type\":\"BreadcrumbList\",\"@id\":\"https:\/\/www.africa-press.net\/cotedivoire\/dossiers\/dans-le-nord-de-la-cote-divoire-contre-la-pauvrete-et-le-terrorisme-on-investit-dans-lecole#breadcrumb\",\"itemListElement\":[{\"@type\":\"ListItem\",\"position\":1,\"name\":\"Accueil\",\"item\":\"https:\/\/www.africa-press.net\/cotedivoire\/\"},{\"@type\":\"ListItem\",\"position\":2,\"name\":\"Dans le nord de la C\u00f4te d&#8217;Ivoire, contre la pauvret\u00e9 et le terrorisme \u00abon investit dans l&#8217;\u00e9cole\u00bb\"}]},{\"@type\":\"WebSite\",\"@id\":\"https:\/\/www.africa-press.net\/cotedivoire\/#website\",\"url\":\"https:\/\/www.africa-press.net\/cotedivoire\/\",\"name\":\"C\u00f4te d&#039;Ivoire\",\"description\":\"Just another Africa News Agency Sites site\",\"potentialAction\":[{\"@type\":\"SearchAction\",\"target\":{\"@type\":\"EntryPoint\",\"urlTemplate\":\"https:\/\/www.africa-press.net\/cotedivoire\/?s={search_term_string}\"},\"query-input\":{\"@type\":\"PropertyValueSpecification\",\"valueRequired\":true,\"valueName\":\"search_term_string\"}}],\"inLanguage\":\"fr-FR\"},{\"@type\":\"Person\",\"@id\":\"https:\/\/www.africa-press.net\/cotedivoire\/#\/schema\/person\/2b1cf3cd81a31e3cd26889ca66d677f1\",\"name\":\"cfeditorfr\"}]}<\/script>\n<!-- \/ Yoast SEO Premium plugin. -->","yoast_head_json":{"title":"Dans le nord de la C\u00f4te d'Ivoire, contre la pauvret\u00e9 et le terrorisme \u00abon investit dans l'\u00e9cole\u00bb - C\u00f4te d&#039;Ivoire","description":"Tandis que la menace djihadiste tend \u00e0 s\u2019enraciner en C\u00f4te d\u2019Ivoire, en particulier dans le nord qui compte les r\u00e9gions ...","robots":{"index":"index","follow":"follow","max-snippet":"max-snippet:-1","max-image-preview":"max-image-preview:large","max-video-preview":"max-video-preview:-1"},"canonical":"https:\/\/www.africa-press.net\/cotedivoire\/dossiers\/dans-le-nord-de-la-cote-divoire-contre-la-pauvrete-et-le-terrorisme-on-investit-dans-lecole","og_locale":"fr_FR","og_type":"article","og_title":"Dans le nord de la C\u00f4te d'Ivoire, contre la pauvret\u00e9 et le terrorisme \u00abon investit dans l'\u00e9cole\u00bb","og_description":"Tandis que la menace djihadiste tend \u00e0 s\u2019enraciner en C\u00f4te d\u2019Ivoire, en particulier dans le nord qui compte les r\u00e9gions ...","og_url":"https:\/\/www.africa-press.net\/cotedivoire\/dossiers\/dans-le-nord-de-la-cote-divoire-contre-la-pauvrete-et-le-terrorisme-on-investit-dans-lecole","og_site_name":"C\u00f4te d&#039;Ivoire","article_published_time":"2021-07-31T12:53:13+00:00","article_modified_time":"2021-07-31T19:07:48+00:00","og_image":[{"width":720,"height":382,"url":"https:\/\/static.africa-press.net\/cote\/sites\/43\/2021\/07\/img-610546f9b2411.jpg","type":"image\/jpeg"}],"author":"cfeditorfr","twitter_card":"summary_large_image","twitter_misc":{"\u00c9crit par":"cfeditorfr","Dur\u00e9e de lecture estim\u00e9e":"5 minutes"},"schema":{"@context":"https:\/\/schema.org","@graph":[{"@type":"Article","@id":"https:\/\/www.africa-press.net\/cotedivoire\/dossiers\/dans-le-nord-de-la-cote-divoire-contre-la-pauvrete-et-le-terrorisme-on-investit-dans-lecole#article","isPartOf":{"@id":"https:\/\/www.africa-press.net\/cotedivoire\/dossiers\/dans-le-nord-de-la-cote-divoire-contre-la-pauvrete-et-le-terrorisme-on-investit-dans-lecole"},"author":{"name":"cfeditorfr","@id":"https:\/\/www.africa-press.net\/cotedivoire\/#\/schema\/person\/2b1cf3cd81a31e3cd26889ca66d677f1"},"headline":"Dans le nord de la C\u00f4te d&rsquo;Ivoire, contre la pauvret\u00e9 et le terrorisme \u00abon investit dans l&rsquo;\u00e9cole\u00bb","datePublished":"2021-07-31T12:53:13+00:00","dateModified":"2021-07-31T19:07:48+00:00","mainEntityOfPage":{"@id":"https:\/\/www.africa-press.net\/cotedivoire\/dossiers\/dans-le-nord-de-la-cote-divoire-contre-la-pauvrete-et-le-terrorisme-on-investit-dans-lecole"},"wordCount":1010,"commentCount":0,"image":{"@id":"https:\/\/www.africa-press.net\/cotedivoire\/dossiers\/dans-le-nord-de-la-cote-divoire-contre-la-pauvrete-et-le-terrorisme-on-investit-dans-lecole#primaryimage"},"thumbnailUrl":"https:\/\/static.africa-press.net\/cote\/sites\/43\/2021\/07\/img-610546f9b2411.jpg","keywords":["Africa Press","Africa Press-C\u00f4te d'Ivoire","C\u00d4TE D'IVOIRE"],"articleSection":["Dossiers","homepage-french","Top Nouvelles","Toutes les actualit\u00e9s"],"inLanguage":"fr-FR","potentialAction":[{"@type":"CommentAction","name":"Comment","target":["https:\/\/www.africa-press.net\/cotedivoire\/dossiers\/dans-le-nord-de-la-cote-divoire-contre-la-pauvrete-et-le-terrorisme-on-investit-dans-lecole#respond"]}]},{"@type":"WebPage","@id":"https:\/\/www.africa-press.net\/cotedivoire\/dossiers\/dans-le-nord-de-la-cote-divoire-contre-la-pauvrete-et-le-terrorisme-on-investit-dans-lecole","url":"https:\/\/www.africa-press.net\/cotedivoire\/dossiers\/dans-le-nord-de-la-cote-divoire-contre-la-pauvrete-et-le-terrorisme-on-investit-dans-lecole","name":"Dans le nord de la C\u00f4te d'Ivoire, contre la pauvret\u00e9 et le terrorisme \u00abon investit dans l'\u00e9cole\u00bb - C\u00f4te d&#039;Ivoire","isPartOf":{"@id":"https:\/\/www.africa-press.net\/cotedivoire\/#website"},"primaryImageOfPage":{"@id":"https:\/\/www.africa-press.net\/cotedivoire\/dossiers\/dans-le-nord-de-la-cote-divoire-contre-la-pauvrete-et-le-terrorisme-on-investit-dans-lecole#primaryimage"},"image":{"@id":"https:\/\/www.africa-press.net\/cotedivoire\/dossiers\/dans-le-nord-de-la-cote-divoire-contre-la-pauvrete-et-le-terrorisme-on-investit-dans-lecole#primaryimage"},"thumbnailUrl":"https:\/\/static.africa-press.net\/cote\/sites\/43\/2021\/07\/img-610546f9b2411.jpg","datePublished":"2021-07-31T12:53:13+00:00","dateModified":"2021-07-31T19:07:48+00:00","author":{"@id":"https:\/\/www.africa-press.net\/cotedivoire\/#\/schema\/person\/2b1cf3cd81a31e3cd26889ca66d677f1"},"description":"Tandis que la menace djihadiste tend \u00e0 s\u2019enraciner en C\u00f4te d\u2019Ivoire, en particulier dans le nord qui compte les r\u00e9gions ...","breadcrumb":{"@id":"https:\/\/www.africa-press.net\/cotedivoire\/dossiers\/dans-le-nord-de-la-cote-divoire-contre-la-pauvrete-et-le-terrorisme-on-investit-dans-lecole#breadcrumb"},"inLanguage":"fr-FR","potentialAction":[{"@type":"ReadAction","target":["https:\/\/www.africa-press.net\/cotedivoire\/dossiers\/dans-le-nord-de-la-cote-divoire-contre-la-pauvrete-et-le-terrorisme-on-investit-dans-lecole"]}]},{"@type":"ImageObject","inLanguage":"fr-FR","@id":"https:\/\/www.africa-press.net\/cotedivoire\/dossiers\/dans-le-nord-de-la-cote-divoire-contre-la-pauvrete-et-le-terrorisme-on-investit-dans-lecole#primaryimage","url":"https:\/\/static.africa-press.net\/cote\/sites\/43\/2021\/07\/img-610546f9b2411.jpg","contentUrl":"https:\/\/static.africa-press.net\/cote\/sites\/43\/2021\/07\/img-610546f9b2411.jpg","width":720,"height":382,"caption":"Dans le nord de la C\u00f4te d'Ivoire, contre la pauvret\u00e9 et le terrorisme \u00abon investit dans l'\u00e9cole\u00bb"},{"@type":"BreadcrumbList","@id":"https:\/\/www.africa-press.net\/cotedivoire\/dossiers\/dans-le-nord-de-la-cote-divoire-contre-la-pauvrete-et-le-terrorisme-on-investit-dans-lecole#breadcrumb","itemListElement":[{"@type":"ListItem","position":1,"name":"Accueil","item":"https:\/\/www.africa-press.net\/cotedivoire\/"},{"@type":"ListItem","position":2,"name":"Dans le nord de la C\u00f4te d&#8217;Ivoire, contre la pauvret\u00e9 et le terrorisme \u00abon investit dans l&#8217;\u00e9cole\u00bb"}]},{"@type":"WebSite","@id":"https:\/\/www.africa-press.net\/cotedivoire\/#website","url":"https:\/\/www.africa-press.net\/cotedivoire\/","name":"C\u00f4te d&#039;Ivoire","description":"Just another Africa News Agency Sites site","potentialAction":[{"@type":"SearchAction","target":{"@type":"EntryPoint","urlTemplate":"https:\/\/www.africa-press.net\/cotedivoire\/?s={search_term_string}"},"query-input":{"@type":"PropertyValueSpecification","valueRequired":true,"valueName":"search_term_string"}}],"inLanguage":"fr-FR"},{"@type":"Person","@id":"https:\/\/www.africa-press.net\/cotedivoire\/#\/schema\/person\/2b1cf3cd81a31e3cd26889ca66d677f1","name":"cfeditorfr"}]}},"_links":{"self":[{"href":"https:\/\/www.africa-press.net\/cotedivoire\/wp-json\/wp\/v2\/posts\/10690","targetHints":{"allow":["GET"]}}],"collection":[{"href":"https:\/\/www.africa-press.net\/cotedivoire\/wp-json\/wp\/v2\/posts"}],"about":[{"href":"https:\/\/www.africa-press.net\/cotedivoire\/wp-json\/wp\/v2\/types\/post"}],"author":[{"embeddable":true,"href":"https:\/\/www.africa-press.net\/cotedivoire\/wp-json\/wp\/v2\/users\/82"}],"replies":[{"embeddable":true,"href":"https:\/\/www.africa-press.net\/cotedivoire\/wp-json\/wp\/v2\/comments?post=10690"}],"version-history":[{"count":0,"href":"https:\/\/www.africa-press.net\/cotedivoire\/wp-json\/wp\/v2\/posts\/10690\/revisions"}],"wp:featuredmedia":[{"embeddable":true,"href":"https:\/\/www.africa-press.net\/cotedivoire\/wp-json\/wp\/v2\/media\/10689"}],"wp:attachment":[{"href":"https:\/\/www.africa-press.net\/cotedivoire\/wp-json\/wp\/v2\/media?parent=10690"}],"wp:term":[{"taxonomy":"category","embeddable":true,"href":"https:\/\/www.africa-press.net\/cotedivoire\/wp-json\/wp\/v2\/categories?post=10690"},{"taxonomy":"post_tag","embeddable":true,"href":"https:\/\/www.africa-press.net\/cotedivoire\/wp-json\/wp\/v2\/tags?post=10690"}],"curies":[{"name":"wp","href":"https:\/\/api.w.org\/{rel}","templated":true}]}}