{"id":10693,"date":"2021-07-31T13:03:42","date_gmt":"2021-07-31T13:03:42","guid":{"rendered":"https:\/\/www.africa-press.net\/cotedivoire\/?p=10693"},"modified":"2021-07-31T19:08:08","modified_gmt":"2021-07-31T19:08:08","slug":"jeux-olympiques-cote-divoire-apres-lallemagne-lespagne","status":"publish","type":"post","link":"https:\/\/www.africa-press.net\/cotedivoire\/sports\/jeux-olympiques-cote-divoire-apres-lallemagne-lespagne","title":{"rendered":"Jeux olympiques \u00a0: apr\u00e8s l\u2019Allemagne, l\u2019Espagne\u00a0?"},"content":{"rendered":"<p><span style=\"color: #ff6600\"><strong><a href=\"https:\/\/www.africa-press.net\/\">Africa-Press<\/a> &#8211; <a href=\"https:\/\/www.africa-press.net\/cotedivoire\">C\u00f4te d&rsquo;Ivoire<\/a>. <\/strong><\/span>La C\u00f4te d\u2019Ivoire s\u2019est qualifi\u00e9e pour les quarts de finale des Jeux olympiques de Tokyo, o\u00f9 elle affrontera l\u2019Espagne le 31 juillet. Les Ivoiriens, malgr\u00e9 une pr\u00e9paration compliqu\u00e9e, ont r\u00e9ussi \u00e0 \u00e9liminer l\u2019Allemagne en phase de poules.<\/p>\n<p>La France et l\u2019Argentine, pr\u00e9sent\u00e9es comme de solides pr\u00e9tendants \u00e0 une m\u00e9daille olympique, ont quitt\u00e9 le Japon la t\u00eate basse, \u00e9limin\u00e9es beaucoup plus vite qu\u2019elles ne le pensaient. Au nom de sa r\u00e9putation et de sa breloque en argent en 2016 \u00e0 Rio de Janeiro, l\u2019Allemagne s\u2019imaginait \u00e9tirer son parcours au pays du Soleil levant. Mais la Nationalmannschaft est tomb\u00e9e du haut le 28 juillet 2021, \u00e0 Rifu, apr\u00e8s son match nul conc\u00e9d\u00e9 face \u00e0 la C\u00f4te d\u2019Ivoire (1-1).<\/p>\n<p><b>Promise \u00e0 une \u00e9limination pr\u00e9coce<\/b><\/p>\n<p>Les Allemands ont repris l\u2019avion pour Berlin. Les Ivoiriens affronteront l\u2019Espagne \u00e0 Rifu, le samedi 31 juillet 2021, et ils esp\u00e8rent bien retarder le plus longtemps possible leur d\u00e9part pour Abidjan. Les joueurs du s\u00e9lectionneur olympique Soualiho Haidara, avant de tenir en \u00e9chec l\u2019Allemagne, avaient battu l\u2019Arabie Saoudite (2-1), et surtout accroch\u00e9 le Br\u00e9sil (0-0), le tenant du titre. Promis \u00e0 une \u00e9limination pr\u00e9coce apr\u00e8s le tirage au sort, perturb\u00e9s par une pr\u00e9paration compliqu\u00e9e effectu\u00e9e \u00e0 Abidjan (apr\u00e8s l\u2019annulation d\u2019une tourn\u00e9e en Asie et d\u2019un match amical en France), les Ivoiriens ont surmont\u00e9 ces obstacles pour s\u2019inviter en quarts de finale, et plus si affinit\u00e9s.<\/p>\n<p>Cela ne m\u2019\u00e9tonne pas plus que cela de les voir \u00e0 ce niveau \u00ab Cela ne m\u2019\u00e9tonne pas plus que cela de les voir \u00e0 ce niveau. Ils n\u2019\u00e9taient pas attendus, ils n\u2019avaient pas vraiment de pression, puisque tout le monde ou presque pensait qu\u2019ils seraient \u00e9limin\u00e9s d\u00e8s le premier tour \u00bb, explique le Fran\u00e7ais Michel Dussuyer, s\u00e9lectionneur de l\u2019\u00e9quipe A ivoirienne, de 2015 \u00e0 2017. \u00ab Leur but \u00e9tait de bien figurer, de prendre du plaisir face \u00e0 des adversaires de haut niveau. Et avec les r\u00e9sultats, la dynamique est venue, et ils seront habit\u00e9s par le m\u00eame \u00e9tat d\u2019esprit contre l\u2019Espagne, sachant qu\u2019ils ne seront pas favoris. \u00bb<\/p>\n<p><b>Trois joueurs de plus de 23 ans<\/b><\/p>\n<p>Conform\u00e9ment au r\u00e8glement de la FIFA, Soualiho Haidara a retenu trois joueurs de plus de 23 ans pour participer \u00e0 ces Jeux. Et pas n\u2019importe lesquels. Le technicien ivoirien a choisi le d\u00e9fenseur Eric Bailly (Manchester United, 38 s\u00e9lections avec l\u2019\u00e9quipe nationale), le milieu de terrain Franck Kessi\u00e9 (Milan AC, 48 s\u00e9lections), et l\u2019attaquant Max-Alain Gradel (Sivasspor, 86 s\u00e9lections), trois des cadres des \u00c9l\u00e9phants (Bailly et Gradel ont \u00e9t\u00e9 champions d\u2019Afrique 2015). Leur importance, au sein d\u2019un collectif majoritairement jeune, ne se d\u00e9ment pas.<\/p>\n<p>Pour bien les conna\u00eetre, je sais ce qu\u2019ils peuvent apporter sur le terrain, mais \u00e9galement en dehors, car ils sont tr\u00e8s exp\u00e9riment\u00e9s. Ce sont de vrais leaders<\/p>\n<p>\u00ab Pour bien les conna\u00eetre, je sais ce qu\u2019ils peuvent apporter sur le terrain, mais \u00e9galement en dehors, car ils sont tr\u00e8s exp\u00e9riment\u00e9s. Ce sont de vrais leaders \u00bb, poursuit Michel Dussuyer. Soualiho Haidara, oblig\u00e9 de composer avec le refus de certains clubs de lib\u00e9rer les joueurs, a convoqu\u00e9 seulement deux footballeurs locaux : Oupoh Maxime Nagoli de Sol FC et Eliezer Ira Tap\u00e9 du FC San-Pedro). Les autres sont dispers\u00e9s entre Isra\u00ebl, l\u2019Angleterre, l\u2019Italie, la France, la R\u00e9publique tch\u00e8que, le Portugal ou la Belgique. Et malgr\u00e9 un faible nombre de matches de pr\u00e9paration avant le tournoi olympique, la s\u00e9lection ivoirienne a bouscul\u00e9 les pronostics lors du premier tour.<\/p>\n<p>\u00c0 Abidjan, Bouak\u00e9 ou Yamoussoukro, les nombreux amateurs suivent avec un int\u00e9r\u00eat croissant les performances des \u00c9l\u00e9phanteaux au Japon, malgr\u00e9 le d\u00e9calage horaire. \u00ab Il y a une grande fiert\u00e9, les gens sont vraiment heureux, et ils consid\u00e8rent que l\u2019\u00e9quipe a d\u00e9j\u00e0 r\u00e9ussi son parcours. Malgr\u00e9 les difficult\u00e9s rencontr\u00e9es pour pr\u00e9parer ces JO, le s\u00e9lectionneur avait la foi, ses joueurs aussi. Ils ne se sont pas mis trop de pression, ils sont lib\u00e9r\u00e9s. Et il y a de plus en plus de supporters devant leur t\u00e9l\u00e9 \u00e0 chaque match \u00bb, confirme le journaliste sportif Cl\u00e9ment Diakit\u00e9. Ce sera encore le cas samedi, contre l\u2019Espagne. Et encore plus si les Ivoiriens se qualifient pour les demi-finales, o\u00f9 ils affronteraient, le 3 ao\u00fbt, le vainqueur du match Japon-Nouvelle-Z\u00e9lande \u00e0 Saitama\u2026<\/p>\n","protected":false},"excerpt":{"rendered":"<p>Africa-Press &#8211; C\u00f4te d&rsquo;Ivoire. La C\u00f4te d\u2019Ivoire s\u2019est qualifi\u00e9e pour les quarts de finale des Jeux olympiques de Tokyo, o\u00f9 elle affrontera l\u2019Espagne le 31 juillet. Les Ivoiriens, malgr\u00e9 une pr\u00e9paration compliqu\u00e9e, ont r\u00e9ussi \u00e0 \u00e9liminer l\u2019Allemagne en phase de poules. La France et l\u2019Argentine, pr\u00e9sent\u00e9es comme de solides pr\u00e9tendants \u00e0 une m\u00e9daille olympique, ont [&hellip;]<\/p>\n","protected":false},"author":82,"featured_media":10692,"comment_status":"open","ping_status":"closed","sticky":false,"template":"","format":"standard","meta":{"footnotes":""},"categories":[11,6,20,10],"tags":[56,63,29],"class_list":["post-10693","post","type-post","status-publish","format-standard","has-post-thumbnail","hentry","category-homepage-french","category-sports","category-top-nouvelles","category-toutes-les-actualites","tag-africa-press","tag-africa-press-cote-divoire","tag-cote-divoire"],"yoast_head":"<!-- This site is optimized with the Yoast SEO Premium plugin v26.1 (Yoast SEO v27.0) - https:\/\/yoast.com\/product\/yoast-seo-premium-wordpress\/ -->\n<title>Jeux olympiques \u00a0: apr\u00e8s l\u2019Allemagne, l\u2019Espagne\u00a0? - C\u00f4te d&#039;Ivoire<\/title>\n<meta name=\"description\" content=\"La C\u00f4te d\u2019Ivoire s\u2019est qualifi\u00e9e pour les quarts de finale des Jeux olympiques de Tokyo, o\u00f9 elle affrontera l\u2019Espagne le ...\" \/>\n<meta name=\"robots\" content=\"index, follow, max-snippet:-1, max-image-preview:large, max-video-preview:-1\" \/>\n<link rel=\"canonical\" href=\"https:\/\/www.africa-press.net\/cotedivoire\/sports\/jeux-olympiques-cote-divoire-apres-lallemagne-lespagne\" \/>\n<meta property=\"og:locale\" content=\"fr_FR\" \/>\n<meta property=\"og:type\" content=\"article\" \/>\n<meta property=\"og:title\" content=\"Jeux olympiques \u00a0: apr\u00e8s l\u2019Allemagne, l\u2019Espagne\u00a0?\" \/>\n<meta property=\"og:description\" content=\"La C\u00f4te d\u2019Ivoire s\u2019est qualifi\u00e9e pour les quarts de finale des Jeux olympiques de Tokyo, o\u00f9 elle affrontera l\u2019Espagne le ...\" \/>\n<meta property=\"og:url\" content=\"https:\/\/www.africa-press.net\/cotedivoire\/sports\/jeux-olympiques-cote-divoire-apres-lallemagne-lespagne\" \/>\n<meta property=\"og:site_name\" content=\"C\u00f4te d&#039;Ivoire\" \/>\n<meta property=\"article:published_time\" content=\"2021-07-31T13:03:42+00:00\" \/>\n<meta property=\"article:modified_time\" content=\"2021-07-31T19:08:08+00:00\" \/>\n<meta property=\"og:image\" content=\"https:\/\/static.africa-press.net\/cote\/sites\/43\/2021\/07\/img-61054754250c7.jpg\" \/>\n\t<meta property=\"og:image:width\" content=\"720\" \/>\n\t<meta property=\"og:image:height\" content=\"360\" \/>\n\t<meta property=\"og:image:type\" content=\"image\/jpeg\" \/>\n<meta name=\"author\" content=\"cfeditorfr\" \/>\n<meta name=\"twitter:card\" content=\"summary_large_image\" \/>\n<meta name=\"twitter:label1\" content=\"\u00c9crit par\" \/>\n\t<meta name=\"twitter:data1\" content=\"cfeditorfr\" \/>\n\t<meta name=\"twitter:label2\" content=\"Dur\u00e9e de lecture estim\u00e9e\" \/>\n\t<meta name=\"twitter:data2\" content=\"4 minutes\" \/>\n<script type=\"application\/ld+json\" class=\"yoast-schema-graph\">{\"@context\":\"https:\/\/schema.org\",\"@graph\":[{\"@type\":\"Article\",\"@id\":\"https:\/\/www.africa-press.net\/cotedivoire\/sports\/jeux-olympiques-cote-divoire-apres-lallemagne-lespagne#article\",\"isPartOf\":{\"@id\":\"https:\/\/www.africa-press.net\/cotedivoire\/sports\/jeux-olympiques-cote-divoire-apres-lallemagne-lespagne\"},\"author\":{\"name\":\"cfeditorfr\",\"@id\":\"https:\/\/www.africa-press.net\/cotedivoire\/#\/schema\/person\/2b1cf3cd81a31e3cd26889ca66d677f1\"},\"headline\":\"Jeux olympiques \u00a0: apr\u00e8s l\u2019Allemagne, l\u2019Espagne\u00a0?\",\"datePublished\":\"2021-07-31T13:03:42+00:00\",\"dateModified\":\"2021-07-31T19:08:08+00:00\",\"mainEntityOfPage\":{\"@id\":\"https:\/\/www.africa-press.net\/cotedivoire\/sports\/jeux-olympiques-cote-divoire-apres-lallemagne-lespagne\"},\"wordCount\":778,\"commentCount\":0,\"image\":{\"@id\":\"https:\/\/www.africa-press.net\/cotedivoire\/sports\/jeux-olympiques-cote-divoire-apres-lallemagne-lespagne#primaryimage\"},\"thumbnailUrl\":\"https:\/\/static.africa-press.net\/cote\/sites\/43\/2021\/07\/img-61054754250c7.jpg\",\"keywords\":[\"Africa Press\",\"Africa Press-C\u00f4te d'Ivoire\",\"C\u00d4TE D'IVOIRE\"],\"articleSection\":[\"homepage-french\",\"Sports\",\"Top Nouvelles\",\"Toutes les actualit\u00e9s\"],\"inLanguage\":\"fr-FR\",\"potentialAction\":[{\"@type\":\"CommentAction\",\"name\":\"Comment\",\"target\":[\"https:\/\/www.africa-press.net\/cotedivoire\/sports\/jeux-olympiques-cote-divoire-apres-lallemagne-lespagne#respond\"]}]},{\"@type\":\"WebPage\",\"@id\":\"https:\/\/www.africa-press.net\/cotedivoire\/sports\/jeux-olympiques-cote-divoire-apres-lallemagne-lespagne\",\"url\":\"https:\/\/www.africa-press.net\/cotedivoire\/sports\/jeux-olympiques-cote-divoire-apres-lallemagne-lespagne\",\"name\":\"Jeux olympiques \u00a0: apr\u00e8s l\u2019Allemagne, l\u2019Espagne\u00a0? - C\u00f4te d&#039;Ivoire\",\"isPartOf\":{\"@id\":\"https:\/\/www.africa-press.net\/cotedivoire\/#website\"},\"primaryImageOfPage\":{\"@id\":\"https:\/\/www.africa-press.net\/cotedivoire\/sports\/jeux-olympiques-cote-divoire-apres-lallemagne-lespagne#primaryimage\"},\"image\":{\"@id\":\"https:\/\/www.africa-press.net\/cotedivoire\/sports\/jeux-olympiques-cote-divoire-apres-lallemagne-lespagne#primaryimage\"},\"thumbnailUrl\":\"https:\/\/static.africa-press.net\/cote\/sites\/43\/2021\/07\/img-61054754250c7.jpg\",\"datePublished\":\"2021-07-31T13:03:42+00:00\",\"dateModified\":\"2021-07-31T19:08:08+00:00\",\"author\":{\"@id\":\"https:\/\/www.africa-press.net\/cotedivoire\/#\/schema\/person\/2b1cf3cd81a31e3cd26889ca66d677f1\"},\"description\":\"La C\u00f4te d\u2019Ivoire s\u2019est qualifi\u00e9e pour les quarts de finale des Jeux olympiques de Tokyo, o\u00f9 elle affrontera l\u2019Espagne le ...\",\"breadcrumb\":{\"@id\":\"https:\/\/www.africa-press.net\/cotedivoire\/sports\/jeux-olympiques-cote-divoire-apres-lallemagne-lespagne#breadcrumb\"},\"inLanguage\":\"fr-FR\",\"potentialAction\":[{\"@type\":\"ReadAction\",\"target\":[\"https:\/\/www.africa-press.net\/cotedivoire\/sports\/jeux-olympiques-cote-divoire-apres-lallemagne-lespagne\"]}]},{\"@type\":\"ImageObject\",\"inLanguage\":\"fr-FR\",\"@id\":\"https:\/\/www.africa-press.net\/cotedivoire\/sports\/jeux-olympiques-cote-divoire-apres-lallemagne-lespagne#primaryimage\",\"url\":\"https:\/\/static.africa-press.net\/cote\/sites\/43\/2021\/07\/img-61054754250c7.jpg\",\"contentUrl\":\"https:\/\/static.africa-press.net\/cote\/sites\/43\/2021\/07\/img-61054754250c7.jpg\",\"width\":720,\"height\":360,\"caption\":\"Jeux olympiques \u2013\u00a0C\u00f4te d\u2019Ivoire\u00a0: apr\u00e8s l\u2019Allemagne, l\u2019Espagne\u00a0?\"},{\"@type\":\"BreadcrumbList\",\"@id\":\"https:\/\/www.africa-press.net\/cotedivoire\/sports\/jeux-olympiques-cote-divoire-apres-lallemagne-lespagne#breadcrumb\",\"itemListElement\":[{\"@type\":\"ListItem\",\"position\":1,\"name\":\"Accueil\",\"item\":\"https:\/\/www.africa-press.net\/cotedivoire\/\"},{\"@type\":\"ListItem\",\"position\":2,\"name\":\"Jeux olympiques \u00a0: apr\u00e8s l\u2019Allemagne, l\u2019Espagne\u00a0?\"}]},{\"@type\":\"WebSite\",\"@id\":\"https:\/\/www.africa-press.net\/cotedivoire\/#website\",\"url\":\"https:\/\/www.africa-press.net\/cotedivoire\/\",\"name\":\"C\u00f4te d&#039;Ivoire\",\"description\":\"Just another Africa News Agency Sites site\",\"potentialAction\":[{\"@type\":\"SearchAction\",\"target\":{\"@type\":\"EntryPoint\",\"urlTemplate\":\"https:\/\/www.africa-press.net\/cotedivoire\/?s={search_term_string}\"},\"query-input\":{\"@type\":\"PropertyValueSpecification\",\"valueRequired\":true,\"valueName\":\"search_term_string\"}}],\"inLanguage\":\"fr-FR\"},{\"@type\":\"Person\",\"@id\":\"https:\/\/www.africa-press.net\/cotedivoire\/#\/schema\/person\/2b1cf3cd81a31e3cd26889ca66d677f1\",\"name\":\"cfeditorfr\"}]}<\/script>\n<!-- \/ Yoast SEO Premium plugin. -->","yoast_head_json":{"title":"Jeux olympiques \u00a0: apr\u00e8s l\u2019Allemagne, l\u2019Espagne\u00a0? - C\u00f4te d&#039;Ivoire","description":"La C\u00f4te d\u2019Ivoire s\u2019est qualifi\u00e9e pour les quarts de finale des Jeux olympiques de Tokyo, o\u00f9 elle affrontera l\u2019Espagne le ...","robots":{"index":"index","follow":"follow","max-snippet":"max-snippet:-1","max-image-preview":"max-image-preview:large","max-video-preview":"max-video-preview:-1"},"canonical":"https:\/\/www.africa-press.net\/cotedivoire\/sports\/jeux-olympiques-cote-divoire-apres-lallemagne-lespagne","og_locale":"fr_FR","og_type":"article","og_title":"Jeux olympiques \u00a0: apr\u00e8s l\u2019Allemagne, l\u2019Espagne\u00a0?","og_description":"La C\u00f4te d\u2019Ivoire s\u2019est qualifi\u00e9e pour les quarts de finale des Jeux olympiques de Tokyo, o\u00f9 elle affrontera l\u2019Espagne le ...","og_url":"https:\/\/www.africa-press.net\/cotedivoire\/sports\/jeux-olympiques-cote-divoire-apres-lallemagne-lespagne","og_site_name":"C\u00f4te d&#039;Ivoire","article_published_time":"2021-07-31T13:03:42+00:00","article_modified_time":"2021-07-31T19:08:08+00:00","og_image":[{"width":720,"height":360,"url":"https:\/\/static.africa-press.net\/cote\/sites\/43\/2021\/07\/img-61054754250c7.jpg","type":"image\/jpeg"}],"author":"cfeditorfr","twitter_card":"summary_large_image","twitter_misc":{"\u00c9crit par":"cfeditorfr","Dur\u00e9e de lecture estim\u00e9e":"4 minutes"},"schema":{"@context":"https:\/\/schema.org","@graph":[{"@type":"Article","@id":"https:\/\/www.africa-press.net\/cotedivoire\/sports\/jeux-olympiques-cote-divoire-apres-lallemagne-lespagne#article","isPartOf":{"@id":"https:\/\/www.africa-press.net\/cotedivoire\/sports\/jeux-olympiques-cote-divoire-apres-lallemagne-lespagne"},"author":{"name":"cfeditorfr","@id":"https:\/\/www.africa-press.net\/cotedivoire\/#\/schema\/person\/2b1cf3cd81a31e3cd26889ca66d677f1"},"headline":"Jeux olympiques \u00a0: apr\u00e8s l\u2019Allemagne, l\u2019Espagne\u00a0?","datePublished":"2021-07-31T13:03:42+00:00","dateModified":"2021-07-31T19:08:08+00:00","mainEntityOfPage":{"@id":"https:\/\/www.africa-press.net\/cotedivoire\/sports\/jeux-olympiques-cote-divoire-apres-lallemagne-lespagne"},"wordCount":778,"commentCount":0,"image":{"@id":"https:\/\/www.africa-press.net\/cotedivoire\/sports\/jeux-olympiques-cote-divoire-apres-lallemagne-lespagne#primaryimage"},"thumbnailUrl":"https:\/\/static.africa-press.net\/cote\/sites\/43\/2021\/07\/img-61054754250c7.jpg","keywords":["Africa Press","Africa Press-C\u00f4te d'Ivoire","C\u00d4TE D'IVOIRE"],"articleSection":["homepage-french","Sports","Top Nouvelles","Toutes les actualit\u00e9s"],"inLanguage":"fr-FR","potentialAction":[{"@type":"CommentAction","name":"Comment","target":["https:\/\/www.africa-press.net\/cotedivoire\/sports\/jeux-olympiques-cote-divoire-apres-lallemagne-lespagne#respond"]}]},{"@type":"WebPage","@id":"https:\/\/www.africa-press.net\/cotedivoire\/sports\/jeux-olympiques-cote-divoire-apres-lallemagne-lespagne","url":"https:\/\/www.africa-press.net\/cotedivoire\/sports\/jeux-olympiques-cote-divoire-apres-lallemagne-lespagne","name":"Jeux olympiques \u00a0: apr\u00e8s l\u2019Allemagne, l\u2019Espagne\u00a0? - C\u00f4te d&#039;Ivoire","isPartOf":{"@id":"https:\/\/www.africa-press.net\/cotedivoire\/#website"},"primaryImageOfPage":{"@id":"https:\/\/www.africa-press.net\/cotedivoire\/sports\/jeux-olympiques-cote-divoire-apres-lallemagne-lespagne#primaryimage"},"image":{"@id":"https:\/\/www.africa-press.net\/cotedivoire\/sports\/jeux-olympiques-cote-divoire-apres-lallemagne-lespagne#primaryimage"},"thumbnailUrl":"https:\/\/static.africa-press.net\/cote\/sites\/43\/2021\/07\/img-61054754250c7.jpg","datePublished":"2021-07-31T13:03:42+00:00","dateModified":"2021-07-31T19:08:08+00:00","author":{"@id":"https:\/\/www.africa-press.net\/cotedivoire\/#\/schema\/person\/2b1cf3cd81a31e3cd26889ca66d677f1"},"description":"La C\u00f4te d\u2019Ivoire s\u2019est qualifi\u00e9e pour les quarts de finale des Jeux olympiques de Tokyo, o\u00f9 elle affrontera l\u2019Espagne le ...","breadcrumb":{"@id":"https:\/\/www.africa-press.net\/cotedivoire\/sports\/jeux-olympiques-cote-divoire-apres-lallemagne-lespagne#breadcrumb"},"inLanguage":"fr-FR","potentialAction":[{"@type":"ReadAction","target":["https:\/\/www.africa-press.net\/cotedivoire\/sports\/jeux-olympiques-cote-divoire-apres-lallemagne-lespagne"]}]},{"@type":"ImageObject","inLanguage":"fr-FR","@id":"https:\/\/www.africa-press.net\/cotedivoire\/sports\/jeux-olympiques-cote-divoire-apres-lallemagne-lespagne#primaryimage","url":"https:\/\/static.africa-press.net\/cote\/sites\/43\/2021\/07\/img-61054754250c7.jpg","contentUrl":"https:\/\/static.africa-press.net\/cote\/sites\/43\/2021\/07\/img-61054754250c7.jpg","width":720,"height":360,"caption":"Jeux olympiques \u2013\u00a0C\u00f4te d\u2019Ivoire\u00a0: apr\u00e8s l\u2019Allemagne, l\u2019Espagne\u00a0?"},{"@type":"BreadcrumbList","@id":"https:\/\/www.africa-press.net\/cotedivoire\/sports\/jeux-olympiques-cote-divoire-apres-lallemagne-lespagne#breadcrumb","itemListElement":[{"@type":"ListItem","position":1,"name":"Accueil","item":"https:\/\/www.africa-press.net\/cotedivoire\/"},{"@type":"ListItem","position":2,"name":"Jeux olympiques \u00a0: apr\u00e8s l\u2019Allemagne, l\u2019Espagne\u00a0?"}]},{"@type":"WebSite","@id":"https:\/\/www.africa-press.net\/cotedivoire\/#website","url":"https:\/\/www.africa-press.net\/cotedivoire\/","name":"C\u00f4te d&#039;Ivoire","description":"Just another Africa News Agency Sites site","potentialAction":[{"@type":"SearchAction","target":{"@type":"EntryPoint","urlTemplate":"https:\/\/www.africa-press.net\/cotedivoire\/?s={search_term_string}"},"query-input":{"@type":"PropertyValueSpecification","valueRequired":true,"valueName":"search_term_string"}}],"inLanguage":"fr-FR"},{"@type":"Person","@id":"https:\/\/www.africa-press.net\/cotedivoire\/#\/schema\/person\/2b1cf3cd81a31e3cd26889ca66d677f1","name":"cfeditorfr"}]}},"_links":{"self":[{"href":"https:\/\/www.africa-press.net\/cotedivoire\/wp-json\/wp\/v2\/posts\/10693","targetHints":{"allow":["GET"]}}],"collection":[{"href":"https:\/\/www.africa-press.net\/cotedivoire\/wp-json\/wp\/v2\/posts"}],"about":[{"href":"https:\/\/www.africa-press.net\/cotedivoire\/wp-json\/wp\/v2\/types\/post"}],"author":[{"embeddable":true,"href":"https:\/\/www.africa-press.net\/cotedivoire\/wp-json\/wp\/v2\/users\/82"}],"replies":[{"embeddable":true,"href":"https:\/\/www.africa-press.net\/cotedivoire\/wp-json\/wp\/v2\/comments?post=10693"}],"version-history":[{"count":0,"href":"https:\/\/www.africa-press.net\/cotedivoire\/wp-json\/wp\/v2\/posts\/10693\/revisions"}],"wp:featuredmedia":[{"embeddable":true,"href":"https:\/\/www.africa-press.net\/cotedivoire\/wp-json\/wp\/v2\/media\/10692"}],"wp:attachment":[{"href":"https:\/\/www.africa-press.net\/cotedivoire\/wp-json\/wp\/v2\/media?parent=10693"}],"wp:term":[{"taxonomy":"category","embeddable":true,"href":"https:\/\/www.africa-press.net\/cotedivoire\/wp-json\/wp\/v2\/categories?post=10693"},{"taxonomy":"post_tag","embeddable":true,"href":"https:\/\/www.africa-press.net\/cotedivoire\/wp-json\/wp\/v2\/tags?post=10693"}],"curies":[{"name":"wp","href":"https:\/\/api.w.org\/{rel}","templated":true}]}}