{"id":106943,"date":"2025-10-17T16:54:47","date_gmt":"2025-10-17T16:54:47","guid":{"rendered":"https:\/\/www.africa-press.net\/cotedivoire\/politique\/opposition-denonce-derives-dictatoriales-du-pouvoir"},"modified":"2025-10-17T17:16:00","modified_gmt":"2025-10-17T17:16:00","slug":"opposition-denonce-derives-dictatoriales-du-pouvoir","status":"publish","type":"post","link":"https:\/\/www.africa-press.net\/cotedivoire\/politique\/opposition-denonce-derives-dictatoriales-du-pouvoir","title":{"rendered":"Opposition D\u00e9nonce D\u00e9rives Dictatoriales du Pouvoir"},"content":{"rendered":"<p><span style=\"color: #ff6600\"><strong>Africa-Press &#8211; C\u00f4te d&rsquo;Ivoire. <\/strong><\/span>Dans une de\u0301claration conjointe rendue publique le 16 octobre, les de\u0301pute\u0301s des principaux partis d\u2019opposition ivoiriens, le PDCI-RDA, le PPA-CI et le FPI ont vigoureusement de\u0301nonce\u0301 la re\u0301pression de la marche pacifique organise\u0301e, le 11 octobre 2025. Cette mobilisation, initie\u0301e pour re\u0301clamer des e\u0301lections inclusives, transparentes et apaise\u0301es, a e\u0301te\u0301 brutalement disperse\u0301e par les forces de se\u0301curite\u0301, selon les signataires du document.<\/p>\n<p>La marche du 11 octobre, soulignent les de\u0301pute\u0301s, e\u0301tait organise\u0301e dans le strict respect de l\u2019article 20 de la Constitution ivoirienne, qui garantit les liberte\u0301s d\u2019association, de re\u0301union et de manifestation pacifique. Ils rappellent que, dans un E\u0301tat de droit, une manifestation ne ne\u0301cessite qu\u2019une information pre\u0301alable a\u0300 l\u2019autorite\u0301 administrative, et non une autorisation.<\/p>\n<p>Malgre\u0301 ce cadre le\u0301gal, la manifestation a e\u0301te\u0301 se\u0301ve\u0300rement re\u0301prime\u0301e, alors me\u0302me que des marches similaires organise\u0301es a\u0300 Gagnoa et Korhogo par des militants du RHDP, parti au pouvoir, n\u2019ont fait l\u2019objet d\u2019aucune entrave.<\/p>\n<p>Le bilan provisoire fait e\u0301tat de pre\u0300s de 700 arrestations, de nombreux blesse\u0301s et de deux morts: un be\u0301be\u0301 de 2 ans, victime d\u2019asphyxie a\u0300 Abie\u0301 (de\u0301partement d\u2019Adzope\u0301) suite a\u0300 l\u2019usage massif de gaz lacrymoge\u0300ne, et Ernest Allouan, un jeune manifestant tue\u0301 par balle a\u0300 Bonoua. Les de\u0301pute\u0301s pre\u0301sentent leurs condole\u0301ances aux familles endeuille\u0301es et expriment leur solidarite\u0301 a\u0300 l\u2019ensemble des victimes et personnes interpelle\u0301es.<\/p>\n<p>Les auteurs de la de\u0301claration de\u0301noncent e\u0301galement des actes d\u2019intimidation ciblant des personnalite\u0301s de l\u2019opposition. Le domicile de Noe\u0308l Akossi Bendjo, vice-pre\u0301sident du PDCI-RDA, a e\u0301te\u0301 attaque\u0301 par un ve\u0301hicule blinde\u0301 et investi par des hommes arme\u0301s et cagoule\u0301s.<\/p>\n<p>Autre fait grave: Pascal Affi N\u2019Guessan, pre\u0301sident du FPI et de\u0301pute\u0301 en exercice, a e\u0301te\u0301 se\u0301questre\u0301 sans mandat pendant plus de quatre heures par des e\u0301le\u0301ments de la CRS et du GMI, en violation manifeste de son immunite\u0301 parlementaire.<\/p>\n<p>Le 15 octobre, un blocus policier et militaire a e\u0301galement e\u0301te\u0301 observe\u0301 autour du cabinet de Laurent Gbagbo, ancien pre\u0301sident de la Re\u0301publique et pre\u0301sident du PPA-CI, alors qu\u2019il pre\u0301sidait une re\u0301union de haut niveau de son parti.<\/p>\n<p>Les de\u0301pute\u0301s de\u0301noncent ce qu\u2019ils qualifient de \u00ab de\u0301rives dictatoriales \u00bb du pouvoir RHDP, qu\u2019ils tiennent pour responsable de l\u2019escalade de la violence et des violations des droits humains. Ils exigent notamment: la libe\u0301ration imme\u0301diate des personnes arre\u0302te\u0301es ; l\u2019ouverture d\u2019une enque\u0302te inde\u0301pendante sur les de\u0301ce\u0300s survenus lors de la re\u0301pression ; l\u2019arre\u0302t du processus e\u0301lectoral en cours, juge\u0301 \u00ab mortife\u0300re, antide\u0301mocratique et conflictuel \u00bb et la fin du harce\u0300lement judiciaire et des arrestations arbitraires.<\/p>\n<p>Ils appellent e\u0301galement les forces de de\u0301fense et de se\u0301curite\u0301 a\u0300 rester fide\u0300les a\u0300 leur mission re\u0301publicaine de protection de la population, et non au service d\u2019un re\u0301gime ou d\u2019un clan politique.<\/p>\n<p>Enfin, les de\u0301pute\u0301s s\u2019adressent aux leaders religieux, coutumiers et communautaires pour qu\u2019ils usent de leur influence afin de pre\u0301venir toute escalade de violence, et invitent la communaute\u0301 internationale a\u0300 s\u2019impliquer davantage dans la recherche d\u2019une solution consensuelle a\u0300 la crise e\u0301lectorale.<\/p>\n<p>Les de\u0301pute\u0301s concluent leur de\u0301claration en insistant sur la gravite\u0301 de la situation. \u00ab La Co\u0302te d\u2019Ivoire est a\u0300 la croise\u0301e des chemins: soit elle s\u2019enfonce dans la dictature, soit elle retrouve la voie de la liberte\u0301, de la justice et de la de\u0301mocratie \u00bb, affirment-ils, appelant a\u0300 un sursaut collectif et patriotique.<\/p>\n<p><strong>Pour plus d&rsquo;informations et d&rsquo;analyses sur la <span style=\"color: #ff6600\">C\u00f4te d&rsquo;Ivoire<\/span>, suivez <span style=\"color: #ff6600\">Africa-Press<\/span><\/strong><\/p>\n","protected":false},"excerpt":{"rendered":"<p>Africa-Press &#8211; C\u00f4te d&rsquo;Ivoire. Dans une de\u0301claration conjointe rendue publique le 16 octobre, les de\u0301pute\u0301s des principaux partis d\u2019opposition ivoiriens, le PDCI-RDA, le PPA-CI et le FPI ont vigoureusement de\u0301nonce\u0301 la re\u0301pression de la marche pacifique organise\u0301e, le 11 octobre 2025. Cette mobilisation, initie\u0301e pour re\u0301clamer des e\u0301lections inclusives, transparentes et apaise\u0301es, a e\u0301te\u0301 brutalement [&hellip;]<\/p>\n","protected":false},"author":82,"featured_media":106942,"comment_status":"open","ping_status":"closed","sticky":false,"template":"","format":"standard","meta":{"footnotes":""},"categories":[2,20,10],"tags":[29,19217,360,50,1375,9223,3500,9146,423,60,1952,572,371],"class_list":["post-106943","post","type-post","status-publish","format-standard","has-post-thumbnail","hentry","category-politique","category-top-nouvelles","category-toutes-les-actualites","tag-cote-divoire","tag-droits-de-lhomme-2","tag-fpi","tag-laurent-gbagbo","tag-manifestation","tag-noel-akossi-bendjo","tag-opposition","tag-pascal-affi-nguessan-3","tag-pdci","tag-politique","tag-ppa-ci","tag-repression","tag-rhdp"],"yoast_head":"<!-- This site is optimized with the Yoast SEO Premium plugin v26.1 (Yoast SEO v27.0) - https:\/\/yoast.com\/product\/yoast-seo-premium-wordpress\/ -->\n<title>Opposition D\u00e9nonce D\u00e9rives Dictatoriales du Pouvoir - C\u00f4te d&#039;Ivoire<\/title>\n<meta name=\"description\" content=\"Dans une de\u0301claration conjointe rendue publique le 16 octobre, les de\u0301pute\u0301s des principaux partis d\u2019opposition ivoirien ...\" \/>\n<meta name=\"robots\" content=\"index, follow, max-snippet:-1, max-image-preview:large, max-video-preview:-1\" \/>\n<link rel=\"canonical\" href=\"https:\/\/www.africa-press.net\/cotedivoire\/politique\/opposition-denonce-derives-dictatoriales-du-pouvoir\" \/>\n<meta property=\"og:locale\" content=\"fr_FR\" \/>\n<meta property=\"og:type\" content=\"article\" \/>\n<meta property=\"og:title\" content=\"Opposition D\u00e9nonce D\u00e9rives Dictatoriales du Pouvoir\" \/>\n<meta property=\"og:description\" content=\"Dans une de\u0301claration conjointe rendue publique le 16 octobre, les de\u0301pute\u0301s des principaux partis d\u2019opposition ivoirien ...\" \/>\n<meta property=\"og:url\" content=\"https:\/\/www.africa-press.net\/cotedivoire\/politique\/opposition-denonce-derives-dictatoriales-du-pouvoir\" \/>\n<meta property=\"og:site_name\" content=\"C\u00f4te d&#039;Ivoire\" \/>\n<meta property=\"article:published_time\" content=\"2025-10-17T16:54:47+00:00\" \/>\n<meta property=\"article:modified_time\" content=\"2025-10-17T17:16:00+00:00\" \/>\n<meta property=\"og:image\" content=\"https:\/\/static.africa-press.net\/cote\/sites\/43\/2025\/10\/sm_1760708737.146034.jpg\" \/>\n\t<meta property=\"og:image:width\" content=\"720\" \/>\n\t<meta property=\"og:image:height\" content=\"458\" \/>\n\t<meta property=\"og:image:type\" content=\"image\/jpeg\" \/>\n<meta name=\"author\" content=\"cfeditorfr\" \/>\n<meta name=\"twitter:card\" content=\"summary_large_image\" \/>\n<meta name=\"twitter:label1\" content=\"\u00c9crit par\" \/>\n\t<meta name=\"twitter:data1\" content=\"cfeditorfr\" \/>\n\t<meta name=\"twitter:label2\" content=\"Dur\u00e9e de lecture estim\u00e9e\" \/>\n\t<meta name=\"twitter:data2\" content=\"3 minutes\" \/>\n<script type=\"application\/ld+json\" class=\"yoast-schema-graph\">{\"@context\":\"https:\/\/schema.org\",\"@graph\":[{\"@type\":\"Article\",\"@id\":\"https:\/\/www.africa-press.net\/cotedivoire\/politique\/opposition-denonce-derives-dictatoriales-du-pouvoir#article\",\"isPartOf\":{\"@id\":\"https:\/\/www.africa-press.net\/cotedivoire\/politique\/opposition-denonce-derives-dictatoriales-du-pouvoir\"},\"author\":{\"name\":\"cfeditorfr\",\"@id\":\"https:\/\/www.africa-press.net\/cotedivoire\/#\/schema\/person\/2b1cf3cd81a31e3cd26889ca66d677f1\"},\"headline\":\"Opposition D\u00e9nonce D\u00e9rives Dictatoriales du Pouvoir\",\"datePublished\":\"2025-10-17T16:54:47+00:00\",\"dateModified\":\"2025-10-17T17:16:00+00:00\",\"mainEntityOfPage\":{\"@id\":\"https:\/\/www.africa-press.net\/cotedivoire\/politique\/opposition-denonce-derives-dictatoriales-du-pouvoir\"},\"wordCount\":674,\"commentCount\":0,\"image\":{\"@id\":\"https:\/\/www.africa-press.net\/cotedivoire\/politique\/opposition-denonce-derives-dictatoriales-du-pouvoir#primaryimage\"},\"thumbnailUrl\":\"https:\/\/static.africa-press.net\/cote\/sites\/43\/2025\/10\/sm_1760708737.146034.jpg\",\"keywords\":[\"C\u00d4TE D'IVOIRE\",\"droits de l\u2019homme\",\"FPI\",\"Laurent Gbagbo\",\"manifestation\",\"No\u00ebl Akossi Bendjo\",\"opposition\",\"Pascal Affi N\u2019Guessan\",\"Pdci\",\"Politique\",\"PPA-CI\",\"repression\",\"RHDP\"],\"articleSection\":[\"Politique\",\"Top Nouvelles\",\"Toutes les actualit\u00e9s\"],\"inLanguage\":\"fr-FR\",\"potentialAction\":[{\"@type\":\"CommentAction\",\"name\":\"Comment\",\"target\":[\"https:\/\/www.africa-press.net\/cotedivoire\/politique\/opposition-denonce-derives-dictatoriales-du-pouvoir#respond\"]}]},{\"@type\":\"WebPage\",\"@id\":\"https:\/\/www.africa-press.net\/cotedivoire\/politique\/opposition-denonce-derives-dictatoriales-du-pouvoir\",\"url\":\"https:\/\/www.africa-press.net\/cotedivoire\/politique\/opposition-denonce-derives-dictatoriales-du-pouvoir\",\"name\":\"Opposition D\u00e9nonce D\u00e9rives Dictatoriales du Pouvoir - C\u00f4te d&#039;Ivoire\",\"isPartOf\":{\"@id\":\"https:\/\/www.africa-press.net\/cotedivoire\/#website\"},\"primaryImageOfPage\":{\"@id\":\"https:\/\/www.africa-press.net\/cotedivoire\/politique\/opposition-denonce-derives-dictatoriales-du-pouvoir#primaryimage\"},\"image\":{\"@id\":\"https:\/\/www.africa-press.net\/cotedivoire\/politique\/opposition-denonce-derives-dictatoriales-du-pouvoir#primaryimage\"},\"thumbnailUrl\":\"https:\/\/static.africa-press.net\/cote\/sites\/43\/2025\/10\/sm_1760708737.146034.jpg\",\"datePublished\":\"2025-10-17T16:54:47+00:00\",\"dateModified\":\"2025-10-17T17:16:00+00:00\",\"author\":{\"@id\":\"https:\/\/www.africa-press.net\/cotedivoire\/#\/schema\/person\/2b1cf3cd81a31e3cd26889ca66d677f1\"},\"description\":\"Dans une de\u0301claration conjointe rendue publique le 16 octobre, les de\u0301pute\u0301s des principaux partis d\u2019opposition ivoirien ...\",\"breadcrumb\":{\"@id\":\"https:\/\/www.africa-press.net\/cotedivoire\/politique\/opposition-denonce-derives-dictatoriales-du-pouvoir#breadcrumb\"},\"inLanguage\":\"fr-FR\",\"potentialAction\":[{\"@type\":\"ReadAction\",\"target\":[\"https:\/\/www.africa-press.net\/cotedivoire\/politique\/opposition-denonce-derives-dictatoriales-du-pouvoir\"]}]},{\"@type\":\"ImageObject\",\"inLanguage\":\"fr-FR\",\"@id\":\"https:\/\/www.africa-press.net\/cotedivoire\/politique\/opposition-denonce-derives-dictatoriales-du-pouvoir#primaryimage\",\"url\":\"https:\/\/static.africa-press.net\/cote\/sites\/43\/2025\/10\/sm_1760708737.146034.jpg\",\"contentUrl\":\"https:\/\/static.africa-press.net\/cote\/sites\/43\/2025\/10\/sm_1760708737.146034.jpg\",\"width\":720,\"height\":458,\"caption\":\"Opposition D\u00e9nonce D\u00e9rives Dictatoriales du Pouvoir\"},{\"@type\":\"BreadcrumbList\",\"@id\":\"https:\/\/www.africa-press.net\/cotedivoire\/politique\/opposition-denonce-derives-dictatoriales-du-pouvoir#breadcrumb\",\"itemListElement\":[{\"@type\":\"ListItem\",\"position\":1,\"name\":\"Accueil\",\"item\":\"https:\/\/www.africa-press.net\/cotedivoire\/\"},{\"@type\":\"ListItem\",\"position\":2,\"name\":\"Opposition D\u00e9nonce D\u00e9rives Dictatoriales du Pouvoir\"}]},{\"@type\":\"WebSite\",\"@id\":\"https:\/\/www.africa-press.net\/cotedivoire\/#website\",\"url\":\"https:\/\/www.africa-press.net\/cotedivoire\/\",\"name\":\"C\u00f4te d&#039;Ivoire\",\"description\":\"Just another Africa News Agency Sites site\",\"potentialAction\":[{\"@type\":\"SearchAction\",\"target\":{\"@type\":\"EntryPoint\",\"urlTemplate\":\"https:\/\/www.africa-press.net\/cotedivoire\/?s={search_term_string}\"},\"query-input\":{\"@type\":\"PropertyValueSpecification\",\"valueRequired\":true,\"valueName\":\"search_term_string\"}}],\"inLanguage\":\"fr-FR\"},{\"@type\":\"Person\",\"@id\":\"https:\/\/www.africa-press.net\/cotedivoire\/#\/schema\/person\/2b1cf3cd81a31e3cd26889ca66d677f1\",\"name\":\"cfeditorfr\"}]}<\/script>\n<!-- \/ Yoast SEO Premium plugin. -->","yoast_head_json":{"title":"Opposition D\u00e9nonce D\u00e9rives Dictatoriales du Pouvoir - C\u00f4te d&#039;Ivoire","description":"Dans une de\u0301claration conjointe rendue publique le 16 octobre, les de\u0301pute\u0301s des principaux partis d\u2019opposition ivoirien ...","robots":{"index":"index","follow":"follow","max-snippet":"max-snippet:-1","max-image-preview":"max-image-preview:large","max-video-preview":"max-video-preview:-1"},"canonical":"https:\/\/www.africa-press.net\/cotedivoire\/politique\/opposition-denonce-derives-dictatoriales-du-pouvoir","og_locale":"fr_FR","og_type":"article","og_title":"Opposition D\u00e9nonce D\u00e9rives Dictatoriales du Pouvoir","og_description":"Dans une de\u0301claration conjointe rendue publique le 16 octobre, les de\u0301pute\u0301s des principaux partis d\u2019opposition ivoirien ...","og_url":"https:\/\/www.africa-press.net\/cotedivoire\/politique\/opposition-denonce-derives-dictatoriales-du-pouvoir","og_site_name":"C\u00f4te d&#039;Ivoire","article_published_time":"2025-10-17T16:54:47+00:00","article_modified_time":"2025-10-17T17:16:00+00:00","og_image":[{"width":720,"height":458,"url":"https:\/\/static.africa-press.net\/cote\/sites\/43\/2025\/10\/sm_1760708737.146034.jpg","type":"image\/jpeg"}],"author":"cfeditorfr","twitter_card":"summary_large_image","twitter_misc":{"\u00c9crit par":"cfeditorfr","Dur\u00e9e de lecture estim\u00e9e":"3 minutes"},"schema":{"@context":"https:\/\/schema.org","@graph":[{"@type":"Article","@id":"https:\/\/www.africa-press.net\/cotedivoire\/politique\/opposition-denonce-derives-dictatoriales-du-pouvoir#article","isPartOf":{"@id":"https:\/\/www.africa-press.net\/cotedivoire\/politique\/opposition-denonce-derives-dictatoriales-du-pouvoir"},"author":{"name":"cfeditorfr","@id":"https:\/\/www.africa-press.net\/cotedivoire\/#\/schema\/person\/2b1cf3cd81a31e3cd26889ca66d677f1"},"headline":"Opposition D\u00e9nonce D\u00e9rives Dictatoriales du Pouvoir","datePublished":"2025-10-17T16:54:47+00:00","dateModified":"2025-10-17T17:16:00+00:00","mainEntityOfPage":{"@id":"https:\/\/www.africa-press.net\/cotedivoire\/politique\/opposition-denonce-derives-dictatoriales-du-pouvoir"},"wordCount":674,"commentCount":0,"image":{"@id":"https:\/\/www.africa-press.net\/cotedivoire\/politique\/opposition-denonce-derives-dictatoriales-du-pouvoir#primaryimage"},"thumbnailUrl":"https:\/\/static.africa-press.net\/cote\/sites\/43\/2025\/10\/sm_1760708737.146034.jpg","keywords":["C\u00d4TE D'IVOIRE","droits de l\u2019homme","FPI","Laurent Gbagbo","manifestation","No\u00ebl Akossi Bendjo","opposition","Pascal Affi N\u2019Guessan","Pdci","Politique","PPA-CI","repression","RHDP"],"articleSection":["Politique","Top Nouvelles","Toutes les actualit\u00e9s"],"inLanguage":"fr-FR","potentialAction":[{"@type":"CommentAction","name":"Comment","target":["https:\/\/www.africa-press.net\/cotedivoire\/politique\/opposition-denonce-derives-dictatoriales-du-pouvoir#respond"]}]},{"@type":"WebPage","@id":"https:\/\/www.africa-press.net\/cotedivoire\/politique\/opposition-denonce-derives-dictatoriales-du-pouvoir","url":"https:\/\/www.africa-press.net\/cotedivoire\/politique\/opposition-denonce-derives-dictatoriales-du-pouvoir","name":"Opposition D\u00e9nonce D\u00e9rives Dictatoriales du Pouvoir - C\u00f4te d&#039;Ivoire","isPartOf":{"@id":"https:\/\/www.africa-press.net\/cotedivoire\/#website"},"primaryImageOfPage":{"@id":"https:\/\/www.africa-press.net\/cotedivoire\/politique\/opposition-denonce-derives-dictatoriales-du-pouvoir#primaryimage"},"image":{"@id":"https:\/\/www.africa-press.net\/cotedivoire\/politique\/opposition-denonce-derives-dictatoriales-du-pouvoir#primaryimage"},"thumbnailUrl":"https:\/\/static.africa-press.net\/cote\/sites\/43\/2025\/10\/sm_1760708737.146034.jpg","datePublished":"2025-10-17T16:54:47+00:00","dateModified":"2025-10-17T17:16:00+00:00","author":{"@id":"https:\/\/www.africa-press.net\/cotedivoire\/#\/schema\/person\/2b1cf3cd81a31e3cd26889ca66d677f1"},"description":"Dans une de\u0301claration conjointe rendue publique le 16 octobre, les de\u0301pute\u0301s des principaux partis d\u2019opposition ivoirien ...","breadcrumb":{"@id":"https:\/\/www.africa-press.net\/cotedivoire\/politique\/opposition-denonce-derives-dictatoriales-du-pouvoir#breadcrumb"},"inLanguage":"fr-FR","potentialAction":[{"@type":"ReadAction","target":["https:\/\/www.africa-press.net\/cotedivoire\/politique\/opposition-denonce-derives-dictatoriales-du-pouvoir"]}]},{"@type":"ImageObject","inLanguage":"fr-FR","@id":"https:\/\/www.africa-press.net\/cotedivoire\/politique\/opposition-denonce-derives-dictatoriales-du-pouvoir#primaryimage","url":"https:\/\/static.africa-press.net\/cote\/sites\/43\/2025\/10\/sm_1760708737.146034.jpg","contentUrl":"https:\/\/static.africa-press.net\/cote\/sites\/43\/2025\/10\/sm_1760708737.146034.jpg","width":720,"height":458,"caption":"Opposition D\u00e9nonce D\u00e9rives Dictatoriales du Pouvoir"},{"@type":"BreadcrumbList","@id":"https:\/\/www.africa-press.net\/cotedivoire\/politique\/opposition-denonce-derives-dictatoriales-du-pouvoir#breadcrumb","itemListElement":[{"@type":"ListItem","position":1,"name":"Accueil","item":"https:\/\/www.africa-press.net\/cotedivoire\/"},{"@type":"ListItem","position":2,"name":"Opposition D\u00e9nonce D\u00e9rives Dictatoriales du Pouvoir"}]},{"@type":"WebSite","@id":"https:\/\/www.africa-press.net\/cotedivoire\/#website","url":"https:\/\/www.africa-press.net\/cotedivoire\/","name":"C\u00f4te d&#039;Ivoire","description":"Just another Africa News Agency Sites site","potentialAction":[{"@type":"SearchAction","target":{"@type":"EntryPoint","urlTemplate":"https:\/\/www.africa-press.net\/cotedivoire\/?s={search_term_string}"},"query-input":{"@type":"PropertyValueSpecification","valueRequired":true,"valueName":"search_term_string"}}],"inLanguage":"fr-FR"},{"@type":"Person","@id":"https:\/\/www.africa-press.net\/cotedivoire\/#\/schema\/person\/2b1cf3cd81a31e3cd26889ca66d677f1","name":"cfeditorfr"}]}},"_links":{"self":[{"href":"https:\/\/www.africa-press.net\/cotedivoire\/wp-json\/wp\/v2\/posts\/106943","targetHints":{"allow":["GET"]}}],"collection":[{"href":"https:\/\/www.africa-press.net\/cotedivoire\/wp-json\/wp\/v2\/posts"}],"about":[{"href":"https:\/\/www.africa-press.net\/cotedivoire\/wp-json\/wp\/v2\/types\/post"}],"author":[{"embeddable":true,"href":"https:\/\/www.africa-press.net\/cotedivoire\/wp-json\/wp\/v2\/users\/82"}],"replies":[{"embeddable":true,"href":"https:\/\/www.africa-press.net\/cotedivoire\/wp-json\/wp\/v2\/comments?post=106943"}],"version-history":[{"count":0,"href":"https:\/\/www.africa-press.net\/cotedivoire\/wp-json\/wp\/v2\/posts\/106943\/revisions"}],"wp:featuredmedia":[{"embeddable":true,"href":"https:\/\/www.africa-press.net\/cotedivoire\/wp-json\/wp\/v2\/media\/106942"}],"wp:attachment":[{"href":"https:\/\/www.africa-press.net\/cotedivoire\/wp-json\/wp\/v2\/media?parent=106943"}],"wp:term":[{"taxonomy":"category","embeddable":true,"href":"https:\/\/www.africa-press.net\/cotedivoire\/wp-json\/wp\/v2\/categories?post=106943"},{"taxonomy":"post_tag","embeddable":true,"href":"https:\/\/www.africa-press.net\/cotedivoire\/wp-json\/wp\/v2\/tags?post=106943"}],"curies":[{"name":"wp","href":"https:\/\/api.w.org\/{rel}","templated":true}]}}